{"id":2844,"date":"2017-04-12T13:38:25","date_gmt":"2017-04-12T11:38:25","guid":{"rendered":"http:\/\/moja24.pl\/?p=2844"},"modified":"2017-04-12T13:38:25","modified_gmt":"2017-04-12T11:38:25","slug":"dzielnicowa-kolejny-raz-pomaga","status":"publish","type":"post","link":"https:\/\/moja24.pl\/index.php\/2017\/04\/12\/dzielnicowa-kolejny-raz-pomaga\/","title":{"rendered":"Dzielnicowa kolejny raz pomaga"},"content":{"rendered":"<p><strong>Dzielnicowa z \u017carskiej komendy sier\u017c. \u017baneta Migas nie jest oboj\u0119tna na los chorej Ani. Po s\u0142u\u017cbie po\u015bwi\u0119ca sw\u00f3j czas i wraz z mam\u0105 dziewczynki prowadzi aukcj\u0119\u00a0 na rzecz 7-latki, kt\u00f3ra jest chora na bardzo rzadk\u0105 chorob\u0119 AADC. W Polsce\u00a0 znane s\u0105 tylko dwa przypadki zachorowania. Potrzebny jest dla niej specjalistyczny w\u00f3zek za<br \/>\n17 tys. z\u0142otych.<\/strong><\/p>\n<p>Dzielnicowa dowiedzia\u0142a si\u0119 o zbi\u00f3rce na specjalistyczny w\u00f3zek, kt\u00f3ry kosztuje 17 tys. z\u0142otych przez przypadek. Wylicytowa\u0142a torebk\u0119, skontaktowa\u0142a si\u0119 z mam\u0105 dziewczynki i kiedy us\u0142ysza\u0142a histori\u0119 Ani, postanowi\u0142a pom\u00f3c. Dziewczynka jest chora na AADC, nie mo\u017ce chodzi\u0107. Tylko dwa przypadki tej rzadkiej choroby, w tym przypadek Ani, znane s\u0105 w Polsce. Aby m\u00f3c funkcjonowa\u0107,\u00a0 wyj\u015b\u0107 na spacer i cieszy\u0107 si\u0119 \u017cyciem, potrzebuje specjalistycznego w\u00f3zka. Dzielnicowa\u00a0 zach\u0119ca do ofiarowania rzeczy na aukcj\u0119<br \/>\ni licytowania. Pieni\u0105dze wp\u0142acane s\u0105 na konto fundacji ,,S\u0142oneczko\u201d.<\/p>\n<p>Pani\u0105 Dari\u0119 i sier\u017c. \u017banet\u0119 Migas mo\u017cna znale\u017a\u0107 na facebooku wpisuj\u0105c<strong> : <em><u>licytacje dla Aneczki z AADC<\/u><\/em>. Mo\u017cna odda\u0107 tak\u017ce 1 %\u00a0 podatku lub wp\u0142acaj\u0105c dowoln\u0105 kwot\u0119 na konto fundacji ,,S\u0142oneczko\u201d nr. konta : 89 8944 0003 0000 2088 2000 0010.<\/strong><\/p>\n<p><em>MK<\/em><\/p>\n","protected":false},"excerpt":{"rendered":"<p>Dzielnicowa z \u017carskiej komendy sier\u017c. \u017baneta Migas nie jest oboj\u0119tna na los chorej Ani. Po s\u0142u\u017cbie po\u015bwi\u0119ca sw\u00f3j czas i wraz z mam\u0105 dziewczynki prowadzi aukcj\u0119\u00a0 na rzecz 7-latki, kt\u00f3ra jest chora na bardzo rzadk\u0105 chorob\u0119 AADC. W Polsce\u00a0 znane s\u0105 tylko dwa przypadki zachorowania. Potrzebny jest dla niej specjalistyczny w\u00f3zek za 17 tys. z\u0142otych. [&hellip;]<\/p>\n","protected":false},"author":2,"featured_media":2846,"comment_status":"closed","ping_status":"closed","sticky":false,"template":"","format":"standard","meta":{"_monsterinsights_skip_tracking":false,"_monsterinsights_sitenote_active":false,"_monsterinsights_sitenote_note":"","_monsterinsights_sitenote_category":0,"footnotes":""},"categories":[20],"tags":[320,146,74,461,460,109,33,111,394,134,66],"class_list":["post-2844","post","type-post","status-publish","format-standard","has-post-thumbnail","hentry","category-informacje","tag-gazeta-zary","tag-informacje-powiat-zary","tag-informacje-zary","tag-komenda-policji-powaitowej-w-zarach","tag-migas-zaneta-dzielnicowa-zary","tag-moja-gazeta","tag-policja-zary","tag-tygodnik-zary","tag-wiadomosci-powiat-zary","tag-widomosci-zary","tag-zary"],"_links":{"self":[{"href":"https:\/\/moja24.pl\/index.php\/wp-json\/wp\/v2\/posts\/2844","targetHints":{"allow":["GET"]}}],"collection":[{"href":"https:\/\/moja24.pl\/index.php\/wp-json\/wp\/v2\/posts"}],"about":[{"href":"https:\/\/moja24.pl\/index.php\/wp-json\/wp\/v2\/types\/post"}],"author":[{"embeddable":true,"href":"https:\/\/moja24.pl\/index.php\/wp-json\/wp\/v2\/users\/2"}],"replies":[{"embeddable":true,"href":"https:\/\/moja24.pl\/index.php\/wp-json\/wp\/v2\/comments?post=2844"}],"version-history":[{"count":1,"href":"https:\/\/moja24.pl\/index.php\/wp-json\/wp\/v2\/posts\/2844\/revisions"}],"predecessor-version":[{"id":2845,"href":"https:\/\/moja24.pl\/index.php\/wp-json\/wp\/v2\/posts\/2844\/revisions\/2845"}],"wp:featuredmedia":[{"embeddable":true,"href":"https:\/\/moja24.pl\/index.php\/wp-json\/wp\/v2\/media\/2846"}],"wp:attachment":[{"href":"https:\/\/moja24.pl\/index.php\/wp-json\/wp\/v2\/media?parent=2844"}],"wp:term":[{"taxonomy":"category","embeddable":true,"href":"https:\/\/moja24.pl\/index.php\/wp-json\/wp\/v2\/categories?post=2844"},{"taxonomy":"post_tag","embeddable":true,"href":"https:\/\/moja24.pl\/index.php\/wp-json\/wp\/v2\/tags?post=2844"}],"curies":[{"name":"wp","href":"https:\/\/api.w.org\/{rel}","templated":true}]}}