{"id":2886,"date":"2017-04-18T14:21:37","date_gmt":"2017-04-18T12:21:37","guid":{"rendered":"http:\/\/moja24.pl\/?p=2886"},"modified":"2017-04-18T14:21:37","modified_gmt":"2017-04-18T12:21:37","slug":"dzielnicowi-z-zar-uratowali-zycie-mezczyznie","status":"publish","type":"post","link":"https:\/\/moja24.pl\/index.php\/2017\/04\/18\/dzielnicowi-z-zar-uratowali-zycie-mezczyznie\/","title":{"rendered":"Dzielnicowi z \u017bar uratowali \u017cycie m\u0119\u017cczy\u017anie"},"content":{"rendered":"<p><strong>Dzielnicowi sier\u017c. szt. Dariusz Karbowski oraz sier\u017c. Bo\u017cena S\u0142owik\u00a0 z Komendy Powiatowej Policji w \u017barach uratowali\u00a0 m\u0119\u017cczyzn\u0119, kt\u00f3ry powiesi\u0142 si\u0119 na drzewie.<\/strong><\/p>\n<p>Do zdarzenia dosz\u0142o w nocy, z pi\u0105tku na sobot\u0119 (14\/15 kwietnia). Dzielnicowi sier\u017c. szt. Dariusz Karbowski oraz sier\u017c. Bo\u017cena S\u0142owik\u00a0 pe\u0142nili s\u0142u\u017cb\u0119 na terenie \u017bar. Po zako\u0144czonej interwencji, \u00a0wsiedli do radiowozu aby pojecha\u0107 w inny rejon s\u0142u\u017cbowy. Nie odjechali jednak, poniewa\u017c w znacznej odleg\u0142o\u015bci zauwa\u017cyli m\u0119\u017cczyzn\u0119, kt\u00f3ry sta\u0142 przy drzewie i macha\u0142 r\u0119k\u0105. Policjanci postanowili \u00a0sprawdzi\u0107 co si\u0119 dzieje. Kiedy dobiegli na miejsce, m\u0119\u017cczyzna przerzuci\u0142 ju\u017c pasek od torby przez ga\u0142\u0105\u017a drzewa i powiesi\u0142 si\u0119 na nim. Dzielnicowi natychmiast rozpocz\u0119li ratowa\u0107 m\u0119\u017cczyzn\u0119.\u00a0 Dzi\u0119ki szybkiej reakcji uda\u0142o si\u0119 zdj\u0105\u0107 niedosz\u0142ego samob\u00f3jc\u0119 z drzewa. Okaza\u0142o si\u0119, \u017ce jest nim 20\u2013latek z powiatu \u017carskiego. Uratowany zosta\u0142 przetransportowany do szpitala i oddany pod specjalistyczn\u0105 opiek\u0119.<\/p>\n<p><em>MK<\/em><\/p>\n","protected":false},"excerpt":{"rendered":"<p>Dzielnicowi sier\u017c. szt. Dariusz Karbowski oraz sier\u017c. Bo\u017cena S\u0142owik\u00a0 z Komendy Powiatowej Policji w \u017barach uratowali\u00a0 m\u0119\u017cczyzn\u0119, kt\u00f3ry powiesi\u0142 si\u0119 na drzewie. Do zdarzenia dosz\u0142o w nocy, z pi\u0105tku na sobot\u0119 (14\/15 kwietnia). Dzielnicowi sier\u017c. szt. Dariusz Karbowski oraz sier\u017c. Bo\u017cena S\u0142owik\u00a0 pe\u0142nili s\u0142u\u017cb\u0119 na terenie \u017bar. Po zako\u0144czonej interwencji, \u00a0wsiedli do radiowozu aby pojecha\u0107 [&hellip;]<\/p>\n","protected":false},"author":2,"featured_media":2887,"comment_status":"closed","ping_status":"closed","sticky":false,"template":"","format":"standard","meta":{"_monsterinsights_skip_tracking":false,"_monsterinsights_sitenote_active":false,"_monsterinsights_sitenote_note":"","_monsterinsights_sitenote_category":0,"footnotes":""},"categories":[21],"tags":[320,146,74,473,357,33,475,474,111,394,134,66],"class_list":["post-2886","post","type-post","status-publish","format-standard","has-post-thumbnail","hentry","category-wypadki-przypadki","tag-gazeta-zary","tag-informacje-powiat-zary","tag-informacje-zary","tag-komenda-powiatowa-policji-w-zarach","tag-moja-gazeta-zary-zagan","tag-policja-zary","tag-proba-samobojcza-zary","tag-samobojstwo-zary","tag-tygodnik-zary","tag-wiadomosci-powiat-zary","tag-widomosci-zary","tag-zary"],"_links":{"self":[{"href":"https:\/\/moja24.pl\/index.php\/wp-json\/wp\/v2\/posts\/2886","targetHints":{"allow":["GET"]}}],"collection":[{"href":"https:\/\/moja24.pl\/index.php\/wp-json\/wp\/v2\/posts"}],"about":[{"href":"https:\/\/moja24.pl\/index.php\/wp-json\/wp\/v2\/types\/post"}],"author":[{"embeddable":true,"href":"https:\/\/moja24.pl\/index.php\/wp-json\/wp\/v2\/users\/2"}],"replies":[{"embeddable":true,"href":"https:\/\/moja24.pl\/index.php\/wp-json\/wp\/v2\/comments?post=2886"}],"version-history":[{"count":1,"href":"https:\/\/moja24.pl\/index.php\/wp-json\/wp\/v2\/posts\/2886\/revisions"}],"predecessor-version":[{"id":2888,"href":"https:\/\/moja24.pl\/index.php\/wp-json\/wp\/v2\/posts\/2886\/revisions\/2888"}],"wp:featuredmedia":[{"embeddable":true,"href":"https:\/\/moja24.pl\/index.php\/wp-json\/wp\/v2\/media\/2887"}],"wp:attachment":[{"href":"https:\/\/moja24.pl\/index.php\/wp-json\/wp\/v2\/media?parent=2886"}],"wp:term":[{"taxonomy":"category","embeddable":true,"href":"https:\/\/moja24.pl\/index.php\/wp-json\/wp\/v2\/categories?post=2886"},{"taxonomy":"post_tag","embeddable":true,"href":"https:\/\/moja24.pl\/index.php\/wp-json\/wp\/v2\/tags?post=2886"}],"curies":[{"name":"wp","href":"https:\/\/api.w.org\/{rel}","templated":true}]}}