{"id":2924,"date":"2017-04-22T23:15:07","date_gmt":"2017-04-22T21:15:07","guid":{"rendered":"http:\/\/moja24.pl\/?p=2924"},"modified":"2017-04-22T23:28:20","modified_gmt":"2017-04-22T21:28:20","slug":"zastrzezenia-do-konkursu-ofert","status":"publish","type":"post","link":"https:\/\/moja24.pl\/index.php\/2017\/04\/22\/zastrzezenia-do-konkursu-ofert\/","title":{"rendered":"Zastrze\u017cenia do konkursu ofert"},"content":{"rendered":"<p><span id=\"tekst\"> <img loading=\"lazy\" decoding=\"async\" class=\"alignleft size-medium wp-image-2928\" src=\"http:\/\/moja24.pl\/wp-content\/uploads\/2017\/04\/Szczepa\u0144ski-300x200.jpg\" alt=\"\" width=\"300\" height=\"200\" srcset=\"https:\/\/moja24.pl\/wp-content\/uploads\/2017\/04\/Szczepa\u0144ski-300x200.jpg 300w, https:\/\/moja24.pl\/wp-content\/uploads\/2017\/04\/Szczepa\u0144ski-696x463.jpg 696w, https:\/\/moja24.pl\/wp-content\/uploads\/2017\/04\/Szczepa\u0144ski-631x420.jpg 631w, https:\/\/moja24.pl\/wp-content\/uploads\/2017\/04\/Szczepa\u0144ski.jpg 700w\" sizes=\"auto, (max-width: 300px) 100vw, 300px\" \/>Arkadiusz Szczepa\u0144ski, prezes klubu sportowego Fortius ma w\u0105tpliwo\u015bci, co do konkursu ofert na sport, przeprowadzonego przez \u017carskie starostwo powiatowe. Dlatego z\u0142o\u017cy\u0142 skarg\u0119 do Regionalnej Izby Obrachunkowej.<br \/>\n<\/span><\/p>\n<p>&#8211; Dla mnie jest istotne, \u017ceby warunki stawiane stowarzyszeniom startuj\u0105cym w konkursie ofert na kultur\u0119 fizyczn\u0105 by\u0142y jasne i przejrzyste &#8211; m\u00f3wi prezes Szczepa\u0144ski. &#8211; Nie da si\u0119 nie zauwa\u017cy\u0107, \u017ce stowarzyszenie kt\u00f3re w swym zakresie jest przedsi\u0119biorc\u0105, posiada prywatn\u0105 w\u0142asno\u015b\u0107, realizuje cele z szeroko poj\u0119t\u0105 edukacj\u0105, nauk\u0105 prawa jazdy, jakim\u015b tam spawaniem, ale nie prowadzi \u017cadnych sekcji zwi\u0105zanych ze sportem i jest w spos\u00f3b dziwny zwi\u0105zane z maj\u0105tkiem starostwa powiatowego, otrzymuje bardzo du\u017ce dotacje na koordynowanie powiatowej olimpiady m\u0142odzie\u017cy.<\/p>\n<p>Prezes Szczepa\u0144ski uwa\u017ca, \u017ce udzielenie takiej dotacji narusza ustaw\u0119 o po\u017cytku publicznym i wolontariacie oraz ustaw\u0119 o finansach publicznych.<\/p>\n<p><b>Niejasne kryteria?<\/b><\/p>\n<p>&#8211; Dra\u017cni mnie to, \u017ce skoro wyra\u017anie jest powiedziane, \u017ce podmioty ubiegaj\u0105ce si\u0119 o dotacje musz\u0105 wykaza\u0107, \u017ce rozliczy\u0142y si\u0119 z poprzednich zada\u0144, a nie ma tego w karcie konkursowych ocen przeprowadzonych przez starostwo &#8211; m\u00f3wi prezes Szczepa\u0144ski. &#8211; Najwy\u017csza Izba Kontroli w dziewi\u0119\u0107dziesi\u0119ciu paru procentach wskazuje na brak przejrzysto\u015bci z\u0142o\u017conych ofert, je\u015bli chodzi o dzia\u0142alno\u015b\u0107 na rzecz sportu.<\/p>\n<p>Arkadiusz Szczepa\u0144ski sugeruje, \u017ce powiat m\u00f3g\u0142by rozpisa\u0107 konkurs na organizacj\u0119 powiatowej olimpiady m\u0142odzie\u017cy, do kt\u00f3rego mog\u0142yby przyst\u0105pi\u0107 stowarzyszenia sportowe, zamiast udziela\u0107 na to dotacji stowarzyszeniu, kt\u00f3re ma zupe\u0142nie inny profil dzia\u0142alno\u015bci.<\/p>\n<p><b>Na w\u0142asny rachunek<\/b><\/p>\n<p>&#8211; Klub, kt\u00f3ry reprezentuj\u0119, przez 30 lat nie otrzyma\u0142 ani z\u0142ot\u00f3wki od samorz\u0105du terytorialnego, a wychowa\u0142 wielu medalist\u00f3w mistrzostw Polski i reprezentant\u00f3w kraju w dyscyplinie olimpijskiej, jak\u0105 jest judo &#8211; m\u00f3wi prezes Szczepa\u0144ski. &#8211; W moim odczuciu kryteria konkurs\u00f3w nie s\u0105 jasne.<\/p>\n<p>Klubowi Fortius powiat przyzna\u0142 dofinansowanie w kwocie 1000 z\u0142. Zastrze\u017cenie by\u0142o takie, \u017ce na wszystkich drukach, koszulkach, ubiorach trzeba umie\u015bci\u0107 logo starostwa.<\/p>\n<p><b>Dziwne warunki<\/b><\/p>\n<p>Ka\u017cdy judoka posiada dwa ubiory &#8211; bia\u0142y i niebieski. Miejsca do umieszczania reklam s\u0105 \u015bci\u015ble okre\u015blone. Nie mo\u017cna po prostu przyklei\u0107 naklejki z herbem powiatu, jakikolwiek znak musi by\u0107 wyhaftowany.<\/p>\n<p>Prezes uwa\u017ca, \u017ce koszt wykonania reklam na strojach sportowych przekroczy\u0142by warto\u015b\u0107 dotacji ze starostwa.<\/p>\n<p>&#8211; Zastanawiam si\u0119, dlaczego klub posiadaj\u0105cy licencj\u0119 Polskiego Zwi\u0105zku Judo i Polskiego Zwi\u0105zku Bokserskiego, dostaje 1000 z\u0142otych na realizacj\u0119 zada\u0144 w zakresie sportu kwalifikowanego, a na koordynacj\u0119 dzia\u0142a\u0144 w zakresie organizacji powiatowej olimpiady m\u0142odzie\u017cy przekazuje si\u0119 10.000 z\u0142otych, gdzie synonim s\u0142owa &#8222;koordynacja&#8221; jest bardzo szeroki &#8211; m\u00f3wi Arkadiusz Szczepa\u0144ski. &#8211; Tym zadaniem m\u00f3g\u0142by si\u0119 zajmowa\u0107 kto\u015b ze starostwa, a nie jednostka, kt\u00f3ra uczy je\u017adzi\u0107 i spawa\u0107.<\/p>\n<p><b>Komisja odrzuca skarg\u0119<\/b><\/p>\n<p>Skarga wys\u0142ana przez klub do Regionalnej Izby Obrachunkowej przes\u0142ana zosta\u0142a do starostwa. Zaj\u0119\u0142a si\u0119 ni\u0105 komisja rewizyjna rady powiatu. Zdaniem komisji skarga jest bezzasadna i stosunkiem g\u0142os\u00f3w trzy do jednego tak zosta\u0142o postanowione. Jedynie radny Kazimierz Drozd mia\u0142 w\u0105tpliwo\u015bci, czy aby na pewno wszystko jest w porz\u0105dku.<\/p>\n<p id=\"tekst\" align=\"right\"><i>Andrzej Buczy\u0144ski<\/i><\/p>\n","protected":false},"excerpt":{"rendered":"<p>Arkadiusz Szczepa\u0144ski, prezes klubu sportowego Fortius ma w\u0105tpliwo\u015bci, co do konkursu ofert na sport, przeprowadzonego przez \u017carskie starostwo powiatowe. Dlatego z\u0142o\u017cy\u0142 skarg\u0119 do Regionalnej Izby Obrachunkowej. &#8211; Dla mnie jest istotne, \u017ceby warunki stawiane stowarzyszeniom startuj\u0105cym w konkursie ofert na kultur\u0119 fizyczn\u0105 by\u0142y jasne i przejrzyste &#8211; m\u00f3wi prezes Szczepa\u0144ski. &#8211; Nie da si\u0119 nie [&hellip;]<\/p>\n","protected":false},"author":2,"featured_media":2926,"comment_status":"closed","ping_status":"closed","sticky":false,"template":"","format":"standard","meta":{"_monsterinsights_skip_tracking":false,"_monsterinsights_sitenote_active":false,"_monsterinsights_sitenote_note":"","_monsterinsights_sitenote_category":0,"footnotes":""},"categories":[1,20,23],"tags":[320,335,146,470,478,476,448,109,350,376,135,479,471,111,405,394,122,73,349,49,66],"class_list":["post-2924","post","type-post","status-publish","format-standard","has-post-thumbnail","hentry","category-bez-kategorii","category-informacje","category-sport","tag-gazeta-zary","tag-informacje-gmina-zary","tag-informacje-powiat-zary","tag-informacje-zary-informacje-zary-zagan","tag-judo-zary","tag-kpp-zagan","tag-kpp-zary","tag-moja-gazeta","tag-moja-gazeta-tygodnik-regionalny-zary-zagan","tag-moja-gazeta-zary","tag-sport-zary","tag-sporty-walki-powiat-zary","tag-tygodnik-powiat-zary","tag-tygodnik-zary","tag-wiadomosci-gmina-zary","tag-wiadomosci-powiat-zary","tag-wiadomosci-zagan","tag-wiadomosci-zary","tag-wiadomosci-zary-zagan","tag-zagan","tag-zary"],"_links":{"self":[{"href":"https:\/\/moja24.pl\/index.php\/wp-json\/wp\/v2\/posts\/2924","targetHints":{"allow":["GET"]}}],"collection":[{"href":"https:\/\/moja24.pl\/index.php\/wp-json\/wp\/v2\/posts"}],"about":[{"href":"https:\/\/moja24.pl\/index.php\/wp-json\/wp\/v2\/types\/post"}],"author":[{"embeddable":true,"href":"https:\/\/moja24.pl\/index.php\/wp-json\/wp\/v2\/users\/2"}],"replies":[{"embeddable":true,"href":"https:\/\/moja24.pl\/index.php\/wp-json\/wp\/v2\/comments?post=2924"}],"version-history":[{"count":2,"href":"https:\/\/moja24.pl\/index.php\/wp-json\/wp\/v2\/posts\/2924\/revisions"}],"predecessor-version":[{"id":2929,"href":"https:\/\/moja24.pl\/index.php\/wp-json\/wp\/v2\/posts\/2924\/revisions\/2929"}],"wp:featuredmedia":[{"embeddable":true,"href":"https:\/\/moja24.pl\/index.php\/wp-json\/wp\/v2\/media\/2926"}],"wp:attachment":[{"href":"https:\/\/moja24.pl\/index.php\/wp-json\/wp\/v2\/media?parent=2924"}],"wp:term":[{"taxonomy":"category","embeddable":true,"href":"https:\/\/moja24.pl\/index.php\/wp-json\/wp\/v2\/categories?post=2924"},{"taxonomy":"post_tag","embeddable":true,"href":"https:\/\/moja24.pl\/index.php\/wp-json\/wp\/v2\/tags?post=2924"}],"curies":[{"name":"wp","href":"https:\/\/api.w.org\/{rel}","templated":true}]}}