{"id":2930,"date":"2017-04-22T23:21:37","date_gmt":"2017-04-22T21:21:37","guid":{"rendered":"http:\/\/moja24.pl\/?p=2930"},"modified":"2017-04-22T23:22:41","modified_gmt":"2017-04-22T21:22:41","slug":"z-zapasami-od-poczatku-wywiad-z-franciszkiem-dendewiczem","status":"publish","type":"post","link":"https:\/\/moja24.pl\/index.php\/2017\/04\/22\/z-zapasami-od-poczatku-wywiad-z-franciszkiem-dendewiczem\/","title":{"rendered":"Z zapasami od pocz\u0105tku. Wywiad z Franciszkiem Dendewiczem"},"content":{"rendered":"<figure id=\"attachment_2323\" aria-describedby=\"caption-attachment-2323\" style=\"width: 300px\" class=\"wp-caption alignleft\"><img loading=\"lazy\" decoding=\"async\" class=\"size-medium wp-image-2323\" src=\"http:\/\/moja24.pl\/wp-content\/uploads\/2017\/03\/Agros-nowy-Zarz\u0105d-2-300x200.jpg\" alt=\"\" width=\"300\" height=\"200\" srcset=\"https:\/\/moja24.pl\/wp-content\/uploads\/2017\/03\/Agros-nowy-Zarz\u0105d-2-300x200.jpg 300w, https:\/\/moja24.pl\/wp-content\/uploads\/2017\/03\/Agros-nowy-Zarz\u0105d-2-696x464.jpg 696w, https:\/\/moja24.pl\/wp-content\/uploads\/2017\/03\/Agros-nowy-Zarz\u0105d-2-630x420.jpg 630w, https:\/\/moja24.pl\/wp-content\/uploads\/2017\/03\/Agros-nowy-Zarz\u0105d-2.jpg 700w\" sizes=\"auto, (max-width: 300px) 100vw, 300px\" \/><figcaption id=\"caption-attachment-2323\" class=\"wp-caption-text\">Franciszek Dendewicz i Damian Fedorowicz<\/figcaption><\/figure>\n<p><span id=\"tekst\">Z Franciszkiem Dendewiczem o historii klubu sportowego Agros oraz \u017cyciu zwi\u0105zanym z zapasami rozmawia Andrzej Buczy\u0144ski.<br \/>\n<\/span><\/p>\n<p><b>Jak si\u0119 zacz\u0119\u0142a Pana przygoda z zapasami?<\/b><\/p>\n<p>&#8211; W 1973 roku jako m\u0142ody nauczyciel wychowania fizycznego zosta\u0142em przez w\u0142adze miejskie wys\u0142any na kurs instruktorski do Kostrzyna. Miasta rywalizowa\u0142y ze sob\u0105 w r\u00f3\u017cnych dyscyplinach. W\u00f3wczas bardzo mocne zapasy by\u0142y w\u0142a\u015bnie w Mi\u0119dzyrzeczu, Kostrzynie, Zb\u0105szynku, Sulechowie. W \u017barach tej dyscypliny w og\u00f3le nie by\u0142o. A \u017ce by\u0142em najm\u0142odszym wuefist\u0105 w \u017barach, to przez przypadek wys\u0142ano mnie na ten kurs. Po powrocie, w szkole numer 4 powsta\u0142a taka namiastka zapas\u00f3w. Mieli\u015bmy par\u0119 materacy i trenowali\u015bmy gdzie si\u0119 da\u0142o. Ch\u0119tnych przychodzi\u0142o wielu.<\/p>\n<p><b>Kiedy powsta\u0142 klub?<\/b><\/p>\n<p>&#8211; Po rozpadzie wojew\u00f3dztw, w zielonog\u00f3rskim zapasy zosta\u0142y praktycznie tylko w \u017barach. W 1976 roku do \u017bar do pracy przyszed\u0142 Marek Cie\u015blak i od tego momentu rozpocz\u0119\u0142o si\u0119 pasmo sukces\u00f3w Agrosu, kt\u00f3re kontynuuje jego wychowanek &#8211; Ryszard Dynowski. W 1978 roku razem za\u0142o\u017cyli\u015bmy klub Agros \u017bary. Wtedy by\u0142em nauczycielem w szkole numer 3, a w zwi\u0105zku z tym \u017ce klub musia\u0142 jako\u015b dzia\u0142a\u0107, postanowi\u0142em odej\u015b\u0107 ze szko\u0142y na etat klubowy. Od samego pocz\u0105tku pracowa\u0142em jako urz\u0119duj\u0105cy wiceprezes i jednocze\u015bnie jako instruktor prowadzi\u0142em sekcj\u0119 naborow\u0105. U mnie zaczynali tacy zawodnicy jak Damian Fedorowicz, Iwona Matkowska, Maciek Korochoda, Tomek Dziok, Mirek Matusiewicz. W mi\u0119dzyczasie pracowa\u0142em te\u017c na p\u00f3\u0142 etatu w szkole rolniczej, \u017ceby mie\u0107 kontakt ze szko\u0142\u0105 i z m\u0142odzie\u017c\u0105.<\/p>\n<p><b>Sk\u0105d taka nazwa?<\/b><\/p>\n<p>&#8211; Agros z \u0142aci\u0144skiego oznacza pole, grunt. Taka nazwa dlatego, \u017ce klub powsta\u0142 przy kombinacie rolnym w \u017barach. I to w\u0142a\u015bnie przez szereg pierwszych lat istnienia klubu kombinat by\u0142 naszym g\u0142\u00f3wnym sponsorem. Gdy pa\u0144stwowe gospodarstwa rolne zosta\u0142y zlikwidowane, zmienili\u015bmy nazw\u0119 na W\u0142\u00f3kniarz \u017bary przechodz\u0105c pod skrzyd\u0142a takich zak\u0142ad\u00f3w jak Dekora, We\u0142na, Bawe\u0142na, kt\u00f3re zacz\u0119\u0142y nas finansowa\u0107. Kiedy\u015b sport nie by\u0142 dotowany z bud\u017cet\u00f3w samorz\u0105d\u00f3w, tak jak to jest teraz. Nazwa klubu zmienia\u0142a si\u0119 jeszcze kilkukrotnie na Pol-Orsa, czy Hart-SM, dzi\u0119ki kt\u00f3remu powsta\u0142a te\u017c sekcja lekkoatletyczna.<\/p>\n<p><b>W \u017barach chyba wszyscy znaj\u0105 nazw\u0119 &#8222;Agros&#8221;.<\/b><\/p>\n<p>&#8211; Agros jest mark\u0105 znan\u0105 nie tylko w \u017barach, ale te\u017c w Polsce i w Europie. Mi\u0119dzy innymi &#8211; opr\u00f3cz oczywi\u015bcie zawodnik\u00f3w &#8211; dzi\u0119ki oddanym trenerom, kt\u00f3rzy pracowali i dalej pracuj\u0105 na te wyniki. Obecni trenerzy to: Ryszard Dynowski, Bogdan K\u0119pi\u0144ski, Dariusz Ko\u0142acz, Robert Kaszubski, Krzysztof Danielewski. Za lekk\u0105 atletyk\u0119 odpowiadaj\u0105 Krzysztof Skorupa i Dariusz Wisz. Wcze\u015bniej pracowali r\u00f3wnie\u017c: Marek Cie\u015blak, Miros\u0142aw Malewicz, Miros\u0142aw Sawicki, Anatol Ka\u0142asznikow, S\u0142awomir Tabaczek i Daria Rezlerska. Bo to nie dzia\u0142acze osi\u0105gaj\u0105 wyniki sportowe. Oni tylko wspomagaj\u0105, pomagaj\u0105 i zapewniaj\u0105 warunki do uprawiania sportu.<\/p>\n<p><b>Szkoli\u0142 Pan m\u0142odych zawodnik\u00f3w.<\/b><\/p>\n<p>&#8211; Do 1995 roku by\u0142em czynnym instruktorem zapas\u00f3w. Wtedy w\u0142a\u015bnie zosta\u0142em dyrektorem miejskiego o\u015brodka sportu i rekreacji i tam pracowa\u0142em przez 19 lat, a\u017c do emerytury.<\/p>\n<p>W czasie tej swojej przygody z zapasami, kt\u00f3rej zawdzi\u0119czam bardzo wiele, zdoby\u0142em uprawnienia s\u0119dziego mi\u0119dzynarodowego. Do 60 roku \u017cycia, bo d\u0142u\u017cej nie mo\u017cna, s\u0119dziowa\u0142em najwa\u017cniejsze zawody w Polsce i Europie.<\/p>\n<p><b>Na rzecz zapas\u00f3w dzia\u0142a\u0142 Pan nie tylko w \u017barach?<\/b><\/p>\n<p>&#8211; Zosta\u0142em wybrany do w\u0142adz Polskiego Zwi\u0105zku Zapa\u015bniczego. Przez pierwsze cztery lata jako cz\u0142onek odpowiada\u0142em za sprz\u0119t sportowy, a przez nast\u0119pne 8 lat pe\u0142ni\u0142em funkcj\u0119 wiceprezesa PZZ odpowiedzialnego za sport kobiecy w Polsce. W tym czasie polskie zapasy zdoby\u0142 pierwszy medal olimpijski. Jako kierownik polskiej ekipy je\u017adzi\u0142em na mistrzostwa Europy i \u015bwiata. Europ\u0119 zwiedzi\u0142em prawie ca\u0142\u0105, a najciekawszy m\u00f3j wyjazdy to chyba na Mistrzostwa \u015awiata w Tokio i na igrzyska olimpijskie do Londynu.<\/p>\n<p><b>To zapewne zosta\u0142o jako\u015b docenione?<\/b><\/p>\n<p>&#8211; Za swoj\u0105 dzia\u0142alno\u015b\u0107 otrzyma\u0142em wiele najwy\u017cszych odznacze\u0144 z Polskiego Zwi\u0105zku Zapa\u015bniczego, a tak\u017ce br\u0105zowy i srebrny Krzy\u017c Zas\u0142ugi.<\/p>\n<p><b>Ale chyba nie samym sportem si\u0119 \u017cyje?<\/b><\/p>\n<p>W \u017cyciu prywatnym r\u00f3wnie\u017c osi\u0105gn\u0105\u0142em wiele &#8211; mam dw\u00f3ch wspania\u0142ych syn\u00f3w, synowe i czw\u00f3rk\u0119 wnucz\u0105t, kt\u00f3rym po\u015bwi\u0119cam ka\u017cd\u0105 woln\u0105 chwil\u0119, a one dziadka bardzo lubi\u0105. To moje najwi\u0119ksze osi\u0105gni\u0119cie \u017cyciowe.<\/p>\n<p><b>O zapasach wie Pan chyba wszystko?<\/b><\/p>\n<p>&#8211; Przez te lata przeszed\u0142em wszystkie &#8211; nazwijmy to &#8211; stopnie zapa\u015bniczego wtajemniczenia. Opr\u00f3cz trenowania i s\u0119dziowania, przez 39 lat nieprzerwanie pe\u0142ni\u0142em funkcj\u0119 urz\u0119duj\u0105cego prezesa w Agrosie. Moje odej\u015bcie z klubu traktuj\u0119 jako pokoleniowe przekazanie pa\u0142eczki sztafetowej tym, kt\u00f3rych wcze\u015bniej wychowywa\u0142em. Kiedy odchodzi\u0142em z zarz\u0105du PZZ, moje miejsce zaj\u0105\u0142 Damian Fedorowicz, a teraz zosta\u0142 prezesem Agrosu.<\/p>\n<p><b>Nowy zarz\u0105d poradzi sobie z prowadzeniem klubu?<\/b><\/p>\n<p>&#8211; B\u0119d\u0119 si\u0119 temu przygl\u0105da\u0142. Zale\u017cy mi na tym, \u017ceby klub w dalszym ci\u0105gu si\u0119 rozwija\u0142. Takie mam zapewnienia, a jednocze\u015bnie gwarancj\u0119, \u017ce ci m\u0142odzi, kt\u00f3rzy s\u0105 teraz w zarz\u0105dzie maj\u0105 do\u015bwiadczenie. Szczeg\u00f3lnie Damian, kt\u00f3ry stworzy\u0142 Polsk\u0105 Lig\u0119 Zapa\u015bnicz\u0105. Artur Miko\u0142ajczyk jest do\u015bwiadczonym zawodnikiem, kt\u00f3ry widzia\u0142 kawa\u0142 \u015bwiata i wie, na czym zapasy polegaj\u0105. Uwa\u017cam, \u017ce przekaza\u0142em to w godne r\u0119ce. Oni wyro\u015bli st\u0105d.<\/p>\n<p><b>Tak wi\u0119c \u017carskie zapasy s\u0105 w dobrych r\u0119kach.<\/b><\/p>\n<p>&#8211; Skoro ta dyscyplina przetrwa\u0142a w \u017barach 44 lata, to znaczy, \u017ce zaszczepi\u0142a si\u0119 tu na dobre. Bardzo mi na tym zale\u017cy &#8211; jako ojcu chrzestnemu i za\u0142o\u017cycielowi, \u017ceby to wci\u0105\u017c trwa\u0142o. Jest konkurencja, bo klub\u00f3w sport\u00f3w walki mamy w \u017barach du\u017co, ale wszystko zale\u017cy od inwencji trenera, jego osobowo\u015bci i od tego, jak potrafi zach\u0119ci\u0107 m\u0142odzie\u017c do danej dyscypliny.<\/p>\n<p>My, jako starsze pokolenie &#8211; to przed siedemdziesi\u0105tk\u0105 &#8211; nie mo\u017cemy ju\u017c zaimponowa\u0107 m\u0142odzie\u017cy w taki spos\u00f3b jak ci, kt\u00f3rzy teraz przej\u0119li w\u0142adz\u0119 w klubie. S\u0105 m\u0142odzi, przystojni i maj\u0105 czym zaimponowa\u0107. Do nich nale\u017cy przysz\u0142o\u015b\u0107. Oni te\u017c swoje osi\u0105gni\u0119cia mog\u0105 przekaza\u0107 nast\u0119pnym pokoleniom. Mocno na to licz\u0119.<\/p>\n<p><b>Na dzia\u0142alno\u015b\u0107 klubow\u0105 potrzebne s\u0105 pieni\u0105dze.<\/b><\/p>\n<p>&#8211; Z finansami zawsze by\u0142o ci\u0119\u017cko, ale dawniej byli\u015bmy jednosekcyjnym klubem, w kt\u00f3rym trenowali samo ch\u0142opcy. Teraz s\u0105 i kobiety i lekkoatletyka. Za czas\u00f3w W\u0142\u00f3kniarza mieli\u015bmy w\u0142asny autobus. Mieli\u015bmy Nysk\u0119, kt\u00f3rej pierwszym kierowc\u0105 by\u0142 J\u00f3zek Tracz. Na szcz\u0119\u015bcie zawsze jakie\u015b firmy nas wspiera\u0142y. I nie by\u0142o to tak za darmo, bo klub osi\u0105ga\u0142 sukcesy, wi\u0119c sponsorzy nie mieli si\u0119 czego wstydzi\u0107. Dzi\u015b samorz\u0105d odgrywa du\u017c\u0105 rol\u0119 w dzia\u0142alno\u015bci klubu. Spora pomoc pochodzi obecnie z Kronopolu, czy Urz\u0119du Marsza\u0142kowskiego, s\u0105 te\u017c mniejsi sponsorzy. Przez te wszystkie lata chodzi\u0142o mi po g\u0142owie, sk\u0105d wzi\u0105\u0107 pieni\u0105dze na klub i czy to co jest &#8211; wystarczy. Przez ponad 40 lat klub nigdy nie zaprzesta\u0142 dzia\u0142alno\u015bci ze wzgl\u0119du na brak \u015brodk\u00f3w. Ale rozrzutno\u015bci nie by\u0142o. Troska o finanse by\u0142a zawsze tak\u0105 bol\u0105czk\u0105, z kt\u00f3r\u0105 musi zmierzy\u0107 si\u0119 tak\u017ce obecny zarz\u0105d klubu. S\u0105 tam m\u0142odzi, pr\u0119\u017cni biznesmeni, kt\u00f3rym b\u0119dzie na pewno \u0142atwiej znale\u017a\u0107 si\u0119 w tej sytuacji. Z jednej strony prowadz\u0105 swoje biznesy, a z drugiej &#8211; jako byli zawodnicy, sprawy klubowe znaj\u0105 od podszewki.<\/p>\n<p><b>Po odej\u015bciu z zarz\u0105du chyba nie zerwa\u0142 Pan kontakt\u00f3w z klubem?<\/b><\/p>\n<p>&#8211; Z Damianem jestem ca\u0142y czas w kontakcie i kiedy tylko b\u0119dzie taka potrzeba, to zawsze nowy zarz\u0105d mo\u017ce liczy\u0107 na moj\u0105 pomoc. Teraz jest ich czas. Czas nowego pokolenia. Teraz mog\u0119 ju\u017c odpocz\u0105\u0107 &#8211; i\u015b\u0107 na rybki, na grzybki i na dzia\u0142eczk\u0119. Mam na to wi\u0119cej czasu. Nale\u017c\u0119 do ko\u0142a w\u0119dkarskiego i bardzo lubi\u0119 posiedzie\u0107 z w\u0119dk\u0105 w spokoju, ciszy i pos\u0142ucha\u0107 \u015bpiewu ptak\u00f3w. Wi\u0119cej czasu po\u015bwi\u0119c\u0119 swojej niewielkiej dzia\u0142eczce, ale mam przede wszystkim wnuki, kt\u00f3rymi jeszcze bardziej mog\u0119 si\u0119 zaj\u0105\u0107 jako dziadek.<\/p>\n<p><b>W\u0142adze miasta zapowiadaj\u0105 budow\u0119 nowej sali do sport\u00f3w walki.<\/b><\/p>\n<p>&#8211; Bardzo na to liczymy. Jako dyrektor o\u015brodka sportu mog\u0142em przys\u0142u\u017cy\u0107 si\u0119 nie tylko obiektom zwi\u0105zanym z pi\u0142k\u0105 no\u017cn\u0105 czy z koszyk\u00f3wk\u0105, ale przede wszystkim z zapasami. Sala zapa\u015bnicza na Syrenie by\u0142a postawiona jako tymczasowa, na 5-10 lat. Dzi\u0119ki modernizacji, rozbudowie, przetrwa\u0142a do tej pory i b\u0119dzie s\u0142u\u017cy\u0142a do momentu, a\u017c powstanie nowy obiekt.<\/p>\n<p>W naszym obecnym budynku mo\u017cna tylko robi\u0107 zdj\u0119cia pami\u0105tkowe, a ca\u0142y najlepiej odda\u0107 do skansenu. Ale nie wiem jak to prze\u017cyj\u0119, kiedy stara sala b\u0119dzie zburzona, \u017ceby w jej miejscu powsta\u0142a nowa. Przez lata b\u0142\u0105kali\u015bmy si\u0119 po r\u00f3\u017cnych salach i nawet \u015bmiano si\u0119, \u017ce gdyby Agros m\u00f3g\u0142, to nawet w ko\u015bciele roz\u0142o\u017cy\u0142by mat\u0119. I w sumie nawet tak si\u0119 sta\u0142o, bo w sali na placu Inwalid\u00f3w, gdzie trenowali\u015bmy kiedy\u015b zapasy, p\u00f3\u017aniej powsta\u0142 ko\u015bci\u00f3\u0142.<\/p>\n<p><b>Pracowa\u0142 Pan aktywnie, nie b\u0119dzie tego Panu brakowa\u0142o?<\/b><\/p>\n<p>&#8211; Na pewno nie b\u0119d\u0119 si\u0119 nudzi\u0142, a od czasu do czasu przyjd\u0119 na trening i popatrz\u0119 jak trenuj\u0105 najm\u0142odsze pokolenia Agrosu. Tu zawsze b\u0119dzie mnie ci\u0105gn\u0119\u0142o, bo ten klub to przecie\u017c 44 lata mojego \u017cycia. A ka\u017cdy dzie\u0144 w jaki\u015b spos\u00f3b by\u0142 po\u015bwi\u0119cony zapasom.<\/p>\n<p id=\"tekst\" align=\"right\"><i>ATB<\/i><\/p>\n","protected":false},"excerpt":{"rendered":"<p>Z Franciszkiem Dendewiczem o historii klubu sportowego Agros oraz \u017cyciu zwi\u0105zanym z zapasami rozmawia Andrzej Buczy\u0144ski. Jak si\u0119 zacz\u0119\u0142a Pana przygoda z zapasami? &#8211; W 1973 roku jako m\u0142ody nauczyciel wychowania fizycznego zosta\u0142em przez w\u0142adze miejskie wys\u0142any na kurs instruktorski do Kostrzyna. Miasta rywalizowa\u0142y ze sob\u0105 w r\u00f3\u017cnych dyscyplinach. W\u00f3wczas bardzo mocne zapasy by\u0142y w\u0142a\u015bnie [&hellip;]<\/p>\n","protected":false},"author":2,"featured_media":2931,"comment_status":"closed","ping_status":"closed","sticky":false,"template":"","format":"standard","meta":{"_monsterinsights_skip_tracking":false,"_monsterinsights_sitenote_active":false,"_monsterinsights_sitenote_note":"","_monsterinsights_sitenote_category":0,"footnotes":""},"categories":[23,26],"tags":[320,335,53,146,74,421,376,342,215,135,111,405,374,73,49,66],"class_list":["post-2930","post","type-post","status-publish","format-standard","has-post-thumbnail","hentry","category-sport","category-wywiady","tag-gazeta-zary","tag-informacje-gmina-zary","tag-informacje-lubuskie","tag-informacje-powiat-zary","tag-informacje-zary","tag-moja-gazeta-tygodnik-regionalny-zary","tag-moja-gazeta-zary","tag-sport-gmina-zary","tag-sport-powiat-zary","tag-sport-zary","tag-tygodnik-zary","tag-wiadomosci-gmina-zary","tag-wiadomosci-lubuskie","tag-wiadomosci-zary","tag-zagan","tag-zary"],"_links":{"self":[{"href":"https:\/\/moja24.pl\/index.php\/wp-json\/wp\/v2\/posts\/2930","targetHints":{"allow":["GET"]}}],"collection":[{"href":"https:\/\/moja24.pl\/index.php\/wp-json\/wp\/v2\/posts"}],"about":[{"href":"https:\/\/moja24.pl\/index.php\/wp-json\/wp\/v2\/types\/post"}],"author":[{"embeddable":true,"href":"https:\/\/moja24.pl\/index.php\/wp-json\/wp\/v2\/users\/2"}],"replies":[{"embeddable":true,"href":"https:\/\/moja24.pl\/index.php\/wp-json\/wp\/v2\/comments?post=2930"}],"version-history":[{"count":1,"href":"https:\/\/moja24.pl\/index.php\/wp-json\/wp\/v2\/posts\/2930\/revisions"}],"predecessor-version":[{"id":2932,"href":"https:\/\/moja24.pl\/index.php\/wp-json\/wp\/v2\/posts\/2930\/revisions\/2932"}],"wp:featuredmedia":[{"embeddable":true,"href":"https:\/\/moja24.pl\/index.php\/wp-json\/wp\/v2\/media\/2931"}],"wp:attachment":[{"href":"https:\/\/moja24.pl\/index.php\/wp-json\/wp\/v2\/media?parent=2930"}],"wp:term":[{"taxonomy":"category","embeddable":true,"href":"https:\/\/moja24.pl\/index.php\/wp-json\/wp\/v2\/categories?post=2930"},{"taxonomy":"post_tag","embeddable":true,"href":"https:\/\/moja24.pl\/index.php\/wp-json\/wp\/v2\/tags?post=2930"}],"curies":[{"name":"wp","href":"https:\/\/api.w.org\/{rel}","templated":true}]}}