{"id":3275,"date":"2017-05-10T22:09:52","date_gmt":"2017-05-10T20:09:52","guid":{"rendered":"http:\/\/moja24.pl\/?p=3275"},"modified":"2017-05-10T22:09:52","modified_gmt":"2017-05-10T20:09:52","slug":"wnuczek-sadysta","status":"publish","type":"post","link":"https:\/\/moja24.pl\/index.php\/2017\/05\/10\/wnuczek-sadysta\/","title":{"rendered":"Wnuczek sadysta"},"content":{"rendered":"<p><strong> Prokurator Rejonowy w \u017baganiu skierowa\u0142 do s\u0105du akt oskar\u017cenia przeciwko 27 letniemu m\u0119\u017cczy\u017anie, kt\u00f3ry w okresie od stycznia 2014 r. do marca 2017 r. w Szprotawie zn\u0119ca\u0142 si\u0119 psychicznie i fizycznie nad swoj\u0105 babci\u0105.<\/strong><\/p>\n<p>Wnuczek wszczyna\u0142 \u00a0awantury domowe, wyzywa\u0142, poni\u017ca\u0142 i okrada\u0142 swoj\u0105 babci\u0119.<\/p>\n<p>Sady\u015bcie grozi kara pozbawienia wolno\u015bci od 3 miesi\u0119cy do 5 lat.<\/p>\n<p>MK<\/p>\n","protected":false},"excerpt":{"rendered":"<p>Prokurator Rejonowy w \u017baganiu skierowa\u0142 do s\u0105du akt oskar\u017cenia przeciwko 27 letniemu m\u0119\u017cczy\u017anie, kt\u00f3ry w okresie od stycznia 2014 r. do marca 2017 r. w Szprotawie zn\u0119ca\u0142 si\u0119 psychicznie i fizycznie nad swoj\u0105 babci\u0105. Wnuczek wszczyna\u0142 \u00a0awantury domowe, wyzywa\u0142, poni\u017ca\u0142 i okrada\u0142 swoj\u0105 babci\u0119. Sady\u015bcie grozi kara pozbawienia wolno\u015bci od 3 miesi\u0119cy do 5 lat. [&hellip;]<\/p>\n","protected":false},"author":2,"featured_media":2463,"comment_status":"closed","ping_status":"closed","sticky":false,"template":"","format":"standard","meta":{"_monsterinsights_skip_tracking":false,"_monsterinsights_sitenote_active":false,"_monsterinsights_sitenote_note":"","_monsterinsights_sitenote_category":0,"footnotes":""},"categories":[21],"tags":[320,335,146,470,476,448,109,350,376,477,41,40,33,471,111,405,394,122,73,349,49,66],"class_list":["post-3275","post","type-post","status-publish","format-standard","has-post-thumbnail","hentry","category-wypadki-przypadki","tag-gazeta-zary","tag-informacje-gmina-zary","tag-informacje-powiat-zary","tag-informacje-zary-informacje-zary-zagan","tag-kpp-zagan","tag-kpp-zary","tag-moja-gazeta","tag-moja-gazeta-tygodnik-regionalny-zary-zagan","tag-moja-gazeta-zary","tag-policja-gorzow","tag-policja-lubuska","tag-policja-zagan","tag-policja-zary","tag-tygodnik-powiat-zary","tag-tygodnik-zary","tag-wiadomosci-gmina-zary","tag-wiadomosci-powiat-zary","tag-wiadomosci-zagan","tag-wiadomosci-zary","tag-wiadomosci-zary-zagan","tag-zagan","tag-zary"],"_links":{"self":[{"href":"https:\/\/moja24.pl\/index.php\/wp-json\/wp\/v2\/posts\/3275","targetHints":{"allow":["GET"]}}],"collection":[{"href":"https:\/\/moja24.pl\/index.php\/wp-json\/wp\/v2\/posts"}],"about":[{"href":"https:\/\/moja24.pl\/index.php\/wp-json\/wp\/v2\/types\/post"}],"author":[{"embeddable":true,"href":"https:\/\/moja24.pl\/index.php\/wp-json\/wp\/v2\/users\/2"}],"replies":[{"embeddable":true,"href":"https:\/\/moja24.pl\/index.php\/wp-json\/wp\/v2\/comments?post=3275"}],"version-history":[{"count":1,"href":"https:\/\/moja24.pl\/index.php\/wp-json\/wp\/v2\/posts\/3275\/revisions"}],"predecessor-version":[{"id":3276,"href":"https:\/\/moja24.pl\/index.php\/wp-json\/wp\/v2\/posts\/3275\/revisions\/3276"}],"wp:featuredmedia":[{"embeddable":true,"href":"https:\/\/moja24.pl\/index.php\/wp-json\/wp\/v2\/media\/2463"}],"wp:attachment":[{"href":"https:\/\/moja24.pl\/index.php\/wp-json\/wp\/v2\/media?parent=3275"}],"wp:term":[{"taxonomy":"category","embeddable":true,"href":"https:\/\/moja24.pl\/index.php\/wp-json\/wp\/v2\/categories?post=3275"},{"taxonomy":"post_tag","embeddable":true,"href":"https:\/\/moja24.pl\/index.php\/wp-json\/wp\/v2\/tags?post=3275"}],"curies":[{"name":"wp","href":"https:\/\/api.w.org\/{rel}","templated":true}]}}