{"id":3646,"date":"2017-05-24T09:29:14","date_gmt":"2017-05-24T07:29:14","guid":{"rendered":"http:\/\/moja24.pl\/?p=3646"},"modified":"2017-05-24T09:33:02","modified_gmt":"2017-05-24T07:33:02","slug":"rodzina-jest-najwazniejsza","status":"publish","type":"post","link":"https:\/\/moja24.pl\/index.php\/2017\/05\/24\/rodzina-jest-najwazniejsza\/","title":{"rendered":"Rodzina jest najwa\u017cniejsza"},"content":{"rendered":"<p><strong>W zwi\u0105zku z obchodami Mi\u0119dzynarodowego Dnia Rodziny dnia 18.05.2017 w \u017carskiej Dw\u00f3jce odby\u0142 si\u0119 Turniej Rodzin pod has\u0142em \u201eRodzina na medal\u201d. Organizatorami imprezy by\u0142a Burmistrz Miasta \u017bary i Szko\u0142a Podstawowa Nr 2\u00a0 w \u017barach<\/strong>.<\/p>\n<p>Na uroczysto\u015b\u0107 przybyli: Pan Olaf Napi\u00f3rkowski &#8211; Wiceburmistrz Miasta, Pani Katarzyna P\u0119kala &#8211; Kierownik Miejskiego O\u015brodka Pomocy Spo\u0142ecznej, Pani Ewa Lorenc &#8211; Wicedyrektor Zespo\u0142u Szkolno-Przedszkolnego, Pani Jadwiga Szkopi\u0144ska &#8211; Dyrektor Oddzia\u0142u Rejonowego Polskiego Czerwonego Krzy\u017ca, Pani Marzena Mosakowska\u2013Wrona &#8211; Dyrektor Szko\u0142y Podstawowej nr 2. W tym roku impreza mia\u0142a nieco inny charakter, poniewa\u017c zamiast uroczystej gali odby\u0142 si\u0119 turniej \u017carskich rodzin. Dru\u017cyny sk\u0142adaj\u0105ce si\u0119 z trzech os\u00f3b wylosowa\u0142y nazwy turniejowe. Jako \u201eMocarze\u201d wyst\u0105pili: pani Kamila Marsza\u0142ek , pan Witold Janik oraz syn\u00a0 Dawid. Dru\u017cyna \u201eTygrys\u00f3w\u201d to Pa\u0144stwo Mroczkowie: pani Agnieszka, Pan Grzegorz i syn Mateusz. Rodzina Szewc\u00f3w: pani Anna, pan Grzegorz wraz z synem Dominikiem\u00a0 to turniejowe \u201ePioruny\u201d . Natomiast \u201eKomandosi\u201d to rodzina Pa\u0144stwa Piskorowskich: pani Anna, pan Jan i syn Micha\u0142. Zadania by\u0142y r\u00f3\u017cne: troch\u0119 sportu, troch\u0119 zwinno\u015bci, ta\u0144ca, kreatywno\u015bci i nieco wiedzy. Rodziny musia\u0142y wykaza\u0107 si\u0119 umiej\u0119tno\u015bci\u0105 dobrej zabawy i wsp\u00f3\u0142pracy rozwi\u0105zywania problem\u00f3w w spos\u00f3b kreatywny. Na sali by\u0142o bardzo gor\u0105co, a to za spraw\u0105 emocji zwi\u0105zanych z rywalizacj\u0105 i dzi\u0119ki \u017cywio\u0142owemu dopingowi kibic\u00f3w, kt\u00f3rzy licznie przybyli na imprez\u0119, aby wspiera\u0107 swoje rodziny. Konkurencje by\u0142y przeplatane wyst\u0119pami\u00a0 akrobatycznymi \u00a0dziewcz\u0105t z Klubu AKRO &#8211; DW\u00d3JKA pod kierownictwem pani Teresy Kosman. Uczestnicy mogli te\u017c wys\u0142ucha\u0107 pi\u0119knych utwor\u00f3w za\u015bpiewanych przez uczni\u00f3w zespo\u0142u wokalnego prowadzonego przez Pani\u0105 Dorot\u0119 Basi\u0144sk\u0105. Turniej zako\u0144czy\u0142 si\u0119 zwyci\u0119stwem \u201ePiorun\u00f3w\u201d. Drugie miejsce zaj\u0119li \u201eMocarze\u201d. Na trzecim stopniu podium uplasowa\u0142a si\u0119 rodzina \u201eKomandos\u00f3w\u201d\u00a0 i tylko o jeden punkt mniej zgromadzi\u0142a rodzina \u201eTygrys\u00f3w\u201d. Wszystkie rodziny uhonorowane zosta\u0142y z\u0142otymi medalami\u00a0 \u201eRodzina na medal\u201d. Imprez\u0119 przygotowa\u0142y panie: Anita \u015aliwa, Violetta K\u0119pi\u0144ska i Bo\u017cena Majewska.<\/p>\n<p><em>&#8211; <\/em><em>Celem imprezy by\u0142o przypomnienie, jak wa\u017cna jest r\u00f3wnowaga pomi\u0119dzy \u017cyciem zawodowym, a rodzinnym. Wsp\u00f3lne sp\u0119dzanie czasu zbli\u017ca cz\u0142onk\u00f3w rodziny i u\u015bwiadamia im, jak bardzo s\u0105 sobie bliscy. Ponadto\u00a0 taka forma zabawy uczy wsp\u00f3\u0142pracy, kreatywno\u015bci, polegania na sobie, wzajemnego zaufania <\/em>&#8211; podkre\u015bla pani Violetta K\u0119pi\u0144ska.<\/p>\n<p><em>Jolanta B\u0142a\u017ck\u00f3w<\/em><\/p>\n","protected":false},"excerpt":{"rendered":"<p>W zwi\u0105zku z obchodami Mi\u0119dzynarodowego Dnia Rodziny dnia 18.05.2017 w \u017carskiej Dw\u00f3jce odby\u0142 si\u0119 Turniej Rodzin pod has\u0142em \u201eRodzina na medal\u201d. Organizatorami imprezy by\u0142a Burmistrz Miasta \u017bary i Szko\u0142a Podstawowa Nr 2\u00a0 w \u017barach. Na uroczysto\u015b\u0107 przybyli: Pan Olaf Napi\u00f3rkowski &#8211; Wiceburmistrz Miasta, Pani Katarzyna P\u0119kala &#8211; Kierownik Miejskiego O\u015brodka Pomocy Spo\u0142ecznej, Pani Ewa Lorenc [&hellip;]<\/p>\n","protected":false},"author":2,"featured_media":3648,"comment_status":"closed","ping_status":"closed","sticky":false,"template":"","format":"standard","meta":{"_monsterinsights_skip_tracking":false,"_monsterinsights_sitenote_active":false,"_monsterinsights_sitenote_note":"","_monsterinsights_sitenote_category":0,"footnotes":""},"categories":[22,29],"tags":[320,335,146,470,542,109,350,376,541,471,111,405,394,122,73,349,49,66],"class_list":["post-3646","post","type-post","status-publish","format-standard","has-post-thumbnail","hentry","category-edukacja","category-kontakt-24","tag-gazeta-zary","tag-informacje-gmina-zary","tag-informacje-powiat-zary","tag-informacje-zary-informacje-zary-zagan","tag-miedzynarodowy-dzien-rodziny","tag-moja-gazeta","tag-moja-gazeta-tygodnik-regionalny-zary-zagan","tag-moja-gazeta-zary","tag-sp-nr-2-zary","tag-tygodnik-powiat-zary","tag-tygodnik-zary","tag-wiadomosci-gmina-zary","tag-wiadomosci-powiat-zary","tag-wiadomosci-zagan","tag-wiadomosci-zary","tag-wiadomosci-zary-zagan","tag-zagan","tag-zary"],"_links":{"self":[{"href":"https:\/\/moja24.pl\/index.php\/wp-json\/wp\/v2\/posts\/3646","targetHints":{"allow":["GET"]}}],"collection":[{"href":"https:\/\/moja24.pl\/index.php\/wp-json\/wp\/v2\/posts"}],"about":[{"href":"https:\/\/moja24.pl\/index.php\/wp-json\/wp\/v2\/types\/post"}],"author":[{"embeddable":true,"href":"https:\/\/moja24.pl\/index.php\/wp-json\/wp\/v2\/users\/2"}],"replies":[{"embeddable":true,"href":"https:\/\/moja24.pl\/index.php\/wp-json\/wp\/v2\/comments?post=3646"}],"version-history":[{"count":1,"href":"https:\/\/moja24.pl\/index.php\/wp-json\/wp\/v2\/posts\/3646\/revisions"}],"predecessor-version":[{"id":3647,"href":"https:\/\/moja24.pl\/index.php\/wp-json\/wp\/v2\/posts\/3646\/revisions\/3647"}],"wp:featuredmedia":[{"embeddable":true,"href":"https:\/\/moja24.pl\/index.php\/wp-json\/wp\/v2\/media\/3648"}],"wp:attachment":[{"href":"https:\/\/moja24.pl\/index.php\/wp-json\/wp\/v2\/media?parent=3646"}],"wp:term":[{"taxonomy":"category","embeddable":true,"href":"https:\/\/moja24.pl\/index.php\/wp-json\/wp\/v2\/categories?post=3646"},{"taxonomy":"post_tag","embeddable":true,"href":"https:\/\/moja24.pl\/index.php\/wp-json\/wp\/v2\/tags?post=3646"}],"curies":[{"name":"wp","href":"https:\/\/api.w.org\/{rel}","templated":true}]}}