{"id":498,"date":"2017-01-25T17:35:59","date_gmt":"2017-01-25T16:35:59","guid":{"rendered":"http:\/\/nowa.moja-gazeta.info\/?p=498"},"modified":"2017-01-25T17:35:59","modified_gmt":"2017-01-25T16:35:59","slug":"zagan-ze-smutkiem-zegna-miroslawa-tomicza","status":"publish","type":"post","link":"https:\/\/moja24.pl\/index.php\/2017\/01\/25\/zagan-ze-smutkiem-zegna-miroslawa-tomicza\/","title":{"rendered":"\u017baga\u0144 ze smutkiem \u017cegna Miros\u0142awa Tomicza"},"content":{"rendered":"<p>Miros\u0142aw Tomicz urodzi\u0142 si\u0119 w \u017baganiu i z tym miastem zwi\u0105zany by\u0142 przez ca\u0142e \u017cycie. By\u0142 osob\u0105 nietuzinkow\u0105 o wielorakich zainteresowaniach. Znany przede wszystkim jako aktywny dzia\u0142acz spo\u0142eczny, samorz\u0105dowy i zwi\u0105zkowy, dzia\u0142aj\u0105cy na rzecz swojego miasta i lokalnej\u00a0 spo\u0142eczno\u015bci. Szczeg\u00f3lne zainteresowania krzewione ju\u017c od czas\u00f3w szkolnych, kierowa\u0142 w stron\u0119 turystyki, krajoznawstwa i ochrony pami\u0105tek przesz\u0142o\u015bci. Za zaanga\u017cowanie w ochron\u0119 zabytk\u00f3w, jako ich spo\u0142eczny opiekun, nagrodzony by\u0142 odznakami kolejnych stopni. Dzi\u0119ki jego zaanga\u017cowaniu mieszka\u0144cy miasta, kt\u00f3re kocha\u0142,\u00a0 mog\u0105 ogl\u0105da\u0107 zabytkowe kamieniczki w Rynku, M\u0142yn\u00f3wk\u0119, czy wiele innych obiekt\u00f3w i detali zabytkowych typowanych przez \u00f3wczesne w\u0142adze do destrukcji.<\/p>\n<p>By\u0142 jednym ze wsp\u00f3\u0142za\u0142o\u017cycieli Komisji Opieki nad Zabytkami przy PTTK w \u017baganiu. Jako regionalist\u0105 posiad\u0142 wiedz\u0119 o przesz\u0142o\u015bci miasta i regionu kt\u00f3r\u0105 ch\u0119tnie dzieli\u0142 si\u0119 z mieszka\u0144cami. By\u0142 przewodnikiem PTTK, cz\u0142onkiem \u017caga\u0144skich klub\u00f3w uprawiaj\u0105cych i propaguj\u0105cych turystk\u0119 oraz krajoznawstwo. Z chwil\u0105 powstania w Powiecie Oddzia\u0142u Lubuskiego Towarzystwa Opieki nad Zabytkami zosta\u0142 cz\u0142onkiem zarz\u0105du tej organizacji.<\/p>\n<p>Od czas\u00f3w pierwszej Solidarno\u015bci, by\u0142 aktywnym dzia\u0142aczem tej organizacji zwi\u0105zkowej. W pierwszych wolnych wyborach samorz\u0105dowych zosta\u0142 wybrany do Rady Miasta.<\/p>\n<p>Pozostanie w naszej pami\u0119ci. JM foto. JM<\/p>\n","protected":false},"excerpt":{"rendered":"<p>Miros\u0142aw Tomicz urodzi\u0142 si\u0119 w \u017baganiu i z tym miastem zwi\u0105zany by\u0142 przez ca\u0142e \u017cycie. By\u0142 osob\u0105 nietuzinkow\u0105 o wielorakich zainteresowaniach. Znany przede wszystkim jako aktywny dzia\u0142acz spo\u0142eczny, samorz\u0105dowy i zwi\u0105zkowy, dzia\u0142aj\u0105cy na rzecz swojego miasta i lokalnej\u00a0 spo\u0142eczno\u015bci. Szczeg\u00f3lne zainteresowania krzewione ju\u017c od czas\u00f3w szkolnych, kierowa\u0142 w stron\u0119 turystyki, krajoznawstwa i ochrony pami\u0105tek przesz\u0142o\u015bci. [&hellip;]<\/p>\n","protected":false},"author":2,"featured_media":499,"comment_status":"open","ping_status":"open","sticky":false,"template":"","format":"standard","meta":{"_monsterinsights_skip_tracking":false,"_monsterinsights_sitenote_active":false,"_monsterinsights_sitenote_note":"","_monsterinsights_sitenote_category":0,"footnotes":""},"categories":[27],"tags":[],"class_list":["post-498","post","type-post","status-publish","format-standard","has-post-thumbnail","hentry","category-nekrologi"],"_links":{"self":[{"href":"https:\/\/moja24.pl\/index.php\/wp-json\/wp\/v2\/posts\/498","targetHints":{"allow":["GET"]}}],"collection":[{"href":"https:\/\/moja24.pl\/index.php\/wp-json\/wp\/v2\/posts"}],"about":[{"href":"https:\/\/moja24.pl\/index.php\/wp-json\/wp\/v2\/types\/post"}],"author":[{"embeddable":true,"href":"https:\/\/moja24.pl\/index.php\/wp-json\/wp\/v2\/users\/2"}],"replies":[{"embeddable":true,"href":"https:\/\/moja24.pl\/index.php\/wp-json\/wp\/v2\/comments?post=498"}],"version-history":[{"count":1,"href":"https:\/\/moja24.pl\/index.php\/wp-json\/wp\/v2\/posts\/498\/revisions"}],"predecessor-version":[{"id":500,"href":"https:\/\/moja24.pl\/index.php\/wp-json\/wp\/v2\/posts\/498\/revisions\/500"}],"wp:featuredmedia":[{"embeddable":true,"href":"https:\/\/moja24.pl\/index.php\/wp-json\/wp\/v2\/media\/499"}],"wp:attachment":[{"href":"https:\/\/moja24.pl\/index.php\/wp-json\/wp\/v2\/media?parent=498"}],"wp:term":[{"taxonomy":"category","embeddable":true,"href":"https:\/\/moja24.pl\/index.php\/wp-json\/wp\/v2\/categories?post=498"},{"taxonomy":"post_tag","embeddable":true,"href":"https:\/\/moja24.pl\/index.php\/wp-json\/wp\/v2\/tags?post=498"}],"curies":[{"name":"wp","href":"https:\/\/api.w.org\/{rel}","templated":true}]}}