{"id":702,"date":"2017-02-04T16:39:41","date_gmt":"2017-02-04T15:39:41","guid":{"rendered":"http:\/\/nowa.moja-gazeta.info\/?p=702"},"modified":"2017-02-03T18:41:29","modified_gmt":"2017-02-03T17:41:29","slug":"oddychac-lepszym-powietrzem","status":"publish","type":"post","link":"https:\/\/moja24.pl\/index.php\/2017\/02\/04\/oddychac-lepszym-powietrzem\/","title":{"rendered":"Oddycha\u0107 lepszym powietrzem"},"content":{"rendered":"<p><span id=\"tekst\"><strong>Pokazali si\u0119 radnym miejskim. Nieprzypadkowo. Maj\u0105 cel &#8211; sprawi\u0107, \u017ceby powietrze w mie\u015bcie by\u0142o lepsze. Wsp\u00f3\u0142praca z samorz\u0105dem ma tu istotne znaczenie.<\/strong><br \/>\n<\/span><\/p>\n<p>Szkodliwy dla zdrowia py\u0142 zawieszony PM10 produkujemy sami, cho\u0107 mo\u017ce nie zdajemy sobie nawet z tego sprawy. Gospodarstwa domowe s\u0105 \u017ar\u00f3d\u0142em ponad po\u0142owy tego, co trafia do powietrza. Przemys\u0142 to &#8222;zaledwie&#8221; 17 procent, a samochody &#8211; kolejne 10 procent. Musimy mie\u0107 \u015bwiadomo\u015b\u0107 tego, jak wp\u0142ywamy na otaczaj\u0105ce nas \u015brodowisko. Fundacja &#8222;Eko-Lubusz&#8221; chce u\u015bwiadamia\u0107. Wystarczy spojrze\u0107 na stacj\u0119 monitoruj\u0105c\u0105 powietrze w \u017barach &#8211; przekroczenia norm w okresie zimowym s\u0105 wielokrotne i alarmuj\u0105ce. Nie tylko du\u017ce zak\u0142ady przemys\u0142owe s\u0105 sprawc\u0105 tej sytuacji.\u00a0 To, czym palimy w piecach te\u017c przenosi si\u0119 do powietrza. Powszechnie wiadomo, \u017ce spalanie \u015bmieci jest karygodne, ale znaczenie ma r\u00f3wnie\u017c niska jako\u015b\u0107 opa\u0142u.<\/p>\n<p><b>Remigiusz Krajniak, prezes zarz\u0105du Fundacji Rozwoju Ekologicznego i Ochrony \u015arodowiska &#8222;Eko-Lubusz&#8221;:<\/b><\/p>\n<p>&#8211; Przyszli\u015bmy na sesj\u0119 rady miejskiej, \u017ceby u\u015bwiadomi\u0107 wszystkim, \u017ce problem smogu istnieje r\u00f3wnie\u017c w \u017barach. Nie tylko gdzie\u015b w Polsce. Chcemy wsp\u00f3lnie z w\u0142adzami miasta, z radnymi podejmowa\u0107 dzia\u0142ania odno\u015bnie uchwa\u0142 antysmogowych oraz poprawy jako\u015bci powietrza w \u017barach. Nied\u0142ugo rozpoczniemy kampani\u0119 &#8222;Od przedszkola do seniora &#8211; dusz\u0105cy problem niskiej emisji&#8221;. Patronat nad akcj\u0105 obj\u0119li Marsza\u0142ek Wojew\u00f3dztwa Lubuskiego i Starosta Powiatu \u017barskiego. Z t\u0105 kampani\u0105 chcemy ruszy\u0107 do spo\u0142ecze\u0144stwa &#8211; u\u015bwiadomi\u0107, czym nie powinni\u015bmy pali\u0107 w piecu &#8211; \u015bmieciami, butelkami plastikowymi, starymi kapciami, szmatami. Problem ten zmniejszy si\u0119 wraz z zako\u0144czeniem sezonu grzewczego, ale powr\u00f3ci jesieni\u0105. Chcia\u0142bym zwr\u00f3ci\u0107 uwag\u0119 jeszcze na jedn\u0105 rzecz &#8211; na statystycznego mieszka\u0144ca \u017bar przypada wi\u0119cej samochod\u00f3w, ni\u017c na mieszka\u0144ca Berlina. Rozmawiali\u015bmy o tym z burmistrz Danut\u0105 Madej. Uwa\u017camy, \u017ce komunikacja miejska powinna by\u0107 darmowa. Mog\u0142oby to zredukowa\u0107 ilo\u015b\u0107 samochod\u00f3w na ulicach w mie\u015bcie.<\/p>\n<p id=\"tekst\" align=\"right\"><i>Andrzej Buczy\u0144ski<\/i><\/p>\n","protected":false},"excerpt":{"rendered":"<p>Pokazali si\u0119 radnym miejskim. Nieprzypadkowo. Maj\u0105 cel &#8211; sprawi\u0107, \u017ceby powietrze w mie\u015bcie by\u0142o lepsze. Wsp\u00f3\u0142praca z samorz\u0105dem ma tu istotne znaczenie. Szkodliwy dla zdrowia py\u0142 zawieszony PM10 produkujemy sami, cho\u0107 mo\u017ce nie zdajemy sobie nawet z tego sprawy. Gospodarstwa domowe s\u0105 \u017ar\u00f3d\u0142em ponad po\u0142owy tego, co trafia do powietrza. Przemys\u0142 to &#8222;zaledwie&#8221; 17 procent, [&hellip;]<\/p>\n","protected":false},"author":2,"featured_media":722,"comment_status":"open","ping_status":"open","sticky":false,"template":"","format":"standard","meta":{"_monsterinsights_skip_tracking":false,"_monsterinsights_sitenote_active":false,"_monsterinsights_sitenote_note":"","_monsterinsights_sitenote_category":0,"footnotes":""},"categories":[20],"tags":[],"class_list":["post-702","post","type-post","status-publish","format-standard","has-post-thumbnail","hentry","category-informacje"],"_links":{"self":[{"href":"https:\/\/moja24.pl\/index.php\/wp-json\/wp\/v2\/posts\/702","targetHints":{"allow":["GET"]}}],"collection":[{"href":"https:\/\/moja24.pl\/index.php\/wp-json\/wp\/v2\/posts"}],"about":[{"href":"https:\/\/moja24.pl\/index.php\/wp-json\/wp\/v2\/types\/post"}],"author":[{"embeddable":true,"href":"https:\/\/moja24.pl\/index.php\/wp-json\/wp\/v2\/users\/2"}],"replies":[{"embeddable":true,"href":"https:\/\/moja24.pl\/index.php\/wp-json\/wp\/v2\/comments?post=702"}],"version-history":[{"count":1,"href":"https:\/\/moja24.pl\/index.php\/wp-json\/wp\/v2\/posts\/702\/revisions"}],"predecessor-version":[{"id":704,"href":"https:\/\/moja24.pl\/index.php\/wp-json\/wp\/v2\/posts\/702\/revisions\/704"}],"wp:featuredmedia":[{"embeddable":true,"href":"https:\/\/moja24.pl\/index.php\/wp-json\/wp\/v2\/media\/722"}],"wp:attachment":[{"href":"https:\/\/moja24.pl\/index.php\/wp-json\/wp\/v2\/media?parent=702"}],"wp:term":[{"taxonomy":"category","embeddable":true,"href":"https:\/\/moja24.pl\/index.php\/wp-json\/wp\/v2\/categories?post=702"},{"taxonomy":"post_tag","embeddable":true,"href":"https:\/\/moja24.pl\/index.php\/wp-json\/wp\/v2\/tags?post=702"}],"curies":[{"name":"wp","href":"https:\/\/api.w.org\/{rel}","templated":true}]}}